{"id":1312,"date":"2012-09-13T18:39:20","date_gmt":"2012-09-13T18:39:20","guid":{"rendered":"http:\/\/www.autonom.ro\/blog\/?p=1312"},"modified":"2021-11-03T10:57:58","modified_gmt":"2021-11-03T10:57:58","slug":"turism-autonom-prineamt","status":"publish","type":"post","link":"https:\/\/www.autonom.ro\/blog\/turism-autonom-prineamt\/","title":{"rendered":"Turism autonom #priNeamt"},"content":{"rendered":"\n<p>Dupa mai multe evenimente de succes din seria #prinorasulmeu, lansata in 2010 de Corina Georgescu, la Bucuresti, iata ca <a title=\"Toma Nicolau priNeamt\" rel=\"noopener noreferrer\" href=\"http:\/\/tomanicolau.ro\/va-astept-prineamt\/\" target=\"_blank\">Toma Nicolau<\/a> si <a title=\"Alexandru Filip Turistu priNeamt\" rel=\"noopener noreferrer\" href=\"http:\/\/turistu.ro\/\" target=\"_blank\">Alexandru Filip<\/a>, ei insisi bloggeri, se incumeta sa organizeze si in Piatra Neamt un eveniment similar, dedicat turismului: <a title=\"priNeamt\" rel=\"noopener noreferrer\" href=\"http:\/\/central-events.ro\/mot\/prin-neamt\/\" target=\"_blank\">#priNeamt<\/a>. Daca ni s-a propus sa fim parteneri? Da, si tare ne-am bucurat. Daca am acceptat? Desigur! Mai ales ca Piatra Neamt este si pentru noi un oras din suflet: doar acolo a inceput afacerea <a href=\"http:\/\/www.autonom.ro\/\">Autonom Rent a Car<\/a>, &nbsp;in ianuarie 2005. Dar sa nu ne indepartam de la subiect&#8230;<\/p>\n\n\n\n<p><strong>Ce este #priNeamt?<\/strong> Pe scurt, un week-end intreg (14-16 septembrie a.c.) dedicat turismului si promovarii acestuia in online. Concret, evenimentul include o conferinta de marketing online pentru brand-urile din turism si un tur organizat pentru bloggerii participanti, din care nu vor lipsi vizite la ateliere mestesugaresti, manastiri si cetati, o incursiune in rezervatia de zimbri si in alte locuri unice din judetul Neamt. Vedeti detalii mai jos:<\/p>\n\n\n\n<div class=\"wp-block-image\"><figure class=\"alignleft\"><a href=\"https:\/\/www.autonom.ro\/blog\/wp-content\/uploads\/2012\/09\/priNeamt.jpg\" target=\"_blank\" rel=\"noopener noreferrer\"><img loading=\"lazy\" decoding=\"async\" width=\"248\" height=\"300\" src=\"http:\/\/www.autonom.ro\/blog\/wp-content\/uploads\/2012\/09\/priNeamt-248x300.jpg\" alt=\"\" class=\"wp-image-1313\" title=\"priNeamt\" srcset=\"https:\/\/www.autonom.ro\/blog\/wp-content\/uploads\/2012\/09\/priNeamt-248x300.jpg 248w, https:\/\/www.autonom.ro\/blog\/wp-content\/uploads\/2012\/09\/priNeamt-847x1024.jpg 847w, https:\/\/www.autonom.ro\/blog\/wp-content\/uploads\/2012\/09\/priNeamt-768x929.jpg 768w, https:\/\/www.autonom.ro\/blog\/wp-content\/uploads\/2012\/09\/priNeamt.jpg 1024w\" sizes=\"auto, (max-width: 248px) 100vw, 248px\" \/><\/a><\/figure><\/div>\n\n\n\n<p>Printre participanti se numara cunostinte mai noi si mai vechi din evenimentele anterioare cu si pentru bloggeri, dar si prieteni noi (noi pentru Autonom, desigur): Cristian China alias <a title=\"Chinezu\" href=\"http:\/\/chinezu.eu\/2012\/09\/11\/caut-exemple-despre-turismul-agentiilor-de-turism-in-social-media\/\" target=\"_blank\" rel=\"noopener noreferrer\">Chinezu<\/a>, <a title=\"AlexandruNegrea.ro\" href=\"http:\/\/www.AlexandruNegrea.ro\" target=\"_blank\" rel=\"noopener noreferrer\">Alexandru Negrea<\/a>, <a title=\"SiBlondeleGandesc.ro\" href=\"http:\/\/siblondelegandesc.ro\/2012\/08\/30\/prineamt-blonda-romania\/\" target=\"_blank\" rel=\"noopener noreferrer\">Miruna Siminel<\/a>, <a title=\"RazvanPascu.ro\" href=\"http:\/\/razvanpascu.ro\/2012\/09\/03\/pe-14-septembrie-sunt-speaker-la-conferinta-marketing-online-in-turism-de-la-piatra-neamt\/\" target=\"_blank\" rel=\"noopener noreferrer\">Razvan Pascu<\/a>, <a title=\"Alex Ciuca Hoinaru\" href=\"http:\/\/www.hoinaru.ro\/2012\/09\/10\/evenimente-prineamt\/\" target=\"_blank\" rel=\"noopener noreferrer\">Alex Ciuca<\/a>, <a title=\"ImperatorTravel.ro\" href=\"http:\/\/www.imperatortravel.ro\/2012\/09\/weekendul-acesta-o-iau-prin-neamt.html\" target=\"_blank\" rel=\"noopener noreferrer\">Cezar Dumitru<\/a>, <a title=\"Sebastian Bargau\" href=\"http:\/\/www.sebastianbargau.ro\/2012\/09\/10\/inca-patru-zile-si-plecam-prineamt\/\" target=\"_blank\" rel=\"noopener noreferrer\">Sebastian Bargau<\/a>, <a title=\"Makavelis\" href=\"http:\/\/www.makavelis.com\/2012\/09\/ma-duc-la-chietrisica-uei.html\" target=\"_blank\" rel=\"noopener noreferrer\">Andrei Dobra<\/a>,&nbsp;<a title=\"AndraZaharia.ro\" href=\"http:\/\/www.andrazaharia.ro\/in-septembrie-mergem-prineamt\/\" target=\"_blank\" rel=\"noopener noreferrer\">Andra Zaharia<\/a>,&nbsp;<a title=\"TudorIacob.ro\" href=\"http:\/\/www.TudorIacob.ro\" target=\"_blank\" rel=\"noopener noreferrer\">Tudor Iacob<\/a>,&nbsp;<a title=\"Nebuloasa\" href=\"http:\/\/nebuloasa.info\/prineamt-invatam-impreuna\" target=\"_blank\" rel=\"noopener noreferrer\">Oltea Zambori<\/a>,&nbsp;<a title=\"ElenaCiric.ro\" href=\"http:\/\/elenaciric.ro\/2012\/conferinta-marketing-online-nisa-turismului.html\" target=\"_blank\" rel=\"noopener noreferrer\">Elena Ciric<\/a>, <a title=\"LumeaMare.ro\" href=\"http:\/\/lumeamare.ro\/2012\/09\/13\/niciodata-nu-poti-sa-spui-ca-ai-vazut-totul\/\" target=\"_blank\" rel=\"noopener noreferrer\">Roxana Farca<\/a>,&nbsp;<a title=\"Gaben.ro\" href=\"http:\/\/www.Gaben.ro\" target=\"_blank\" rel=\"noopener noreferrer\">Gabriel Oana<\/a>,&nbsp;<a title=\"Diana-Ribana.ro\" href=\"http:\/\/www.Diana-Ribana.ro\" target=\"_blank\" rel=\"noopener noreferrer\">Diana Ribana<\/a>,&nbsp;<a title=\"DragosAsaftei.ro\" href=\"http:\/\/www.dragosasaftei.ro\/redescopar-ce-am-cunoscut-copilarie-judetul-neamt\/\" target=\"_blank\" rel=\"noopener noreferrer\">Dragos Asaftei<\/a>,&nbsp;<a title=\"Pyuric.ro\" href=\"http:\/\/www.Pyuric.ro\" target=\"_blank\" rel=\"noopener noreferrer\">Cristina Chipurici<\/a>,&nbsp;<a title=\"AncutaLebada.ro\" href=\"http:\/\/www.ancutalebada.ro\/asocieri\" target=\"_blank\" rel=\"noopener noreferrer\">Ancuta Lebada<\/a>,&nbsp;<a title=\"AlexDima.eu\" href=\"http:\/\/alexdima.eu\/2012\/09\/descopar-judetul-neamt-prinneamt\/\" target=\"_blank\" rel=\"noopener noreferrer\">Alex Dima<\/a>, <a title=\"CeMerita.ro\" href=\"http:\/\/cemerita.ro\/am-plecat-la-marketing-online-in-turism\/\" target=\"_blank\" rel=\"noopener noreferrer\">Tudor Popa<\/a>, <a title=\"Denisuca.com\" href=\"http:\/\/denisuca.com\/prin-neamt\/\" target=\"_blank\" rel=\"noopener noreferrer\">Denisa Bargau<\/a>, <a title=\"theannemarie.ro\" href=\"http:\/\/theannemarie.ro\/prineamt-bloggeri-la-mine-acasa\/\" target=\"_blank\" rel=\"noopener noreferrer\">Anne Marie Chelariu<\/a> si, bineinteles, organizatorii mai sus-numiti, Toma Nicolau si Alexandru Filip.<\/p>\n\n\n\n<p>Cum va ziceam, noi suntem (iar) parteneri de drum lung in acest eveniment, asa ca de azi pana duminica ne veti tot vedea masinile&nbsp;#priNeamt, ca pe rotile noastre se plimba (sac!) bloggeri de soi din toate orasele tarii \ud83d\ude42 Amu, abia asteptam sa descoperim si noi&nbsp;epopeea turistica ce se prefigureaza #priNeamt.<\/p>\n\n\n\n<p>Daca v-am facut curiosi, puteti sa ne urmariti, alaturi de organizatori si bloggerii autonomi, pe Twitter, dupa hashtag-ul &#8211; ghici care? \ud83d\ude42 &#8211; #priNeamt. Sa pornim, dara!<\/p>\n\n\n\n<p><strong>UPDATE<\/strong>: Nici nu s-au intors bine bloggerii din preumblarea lor #priNeamt, ca au si inceput sa curga povestile faine:<\/p>\n\n\n\n<ul class=\"wp-block-list\"><li>Nebuloasa a scris despre <a title=\"Nebuloasa Omul sfinteste locul\" href=\"http:\/\/nebuloasa.info\/omul-sfinteste-locul-partea-a-doua\" target=\"_blank\" rel=\"noopener noreferrer\">oameni care sfintesc locul <\/a>si despre <a title=\"Pipirig sat de poveste\" href=\"http:\/\/nebuloasa.info\/pipirig-sat-de-poveste\" target=\"_blank\" rel=\"noopener noreferrer\">Pipirig &#8211; sat de poveste<\/a><\/li><li><a title=\"Gaben #priNeamt\" href=\"http:\/\/www.gaben.ro\/2012\/09\/18\/prineamt-vlog\/\" target=\"_blank\" rel=\"noopener noreferrer\">Gaben.ro a vloguit<\/a>, cum bine ii sade, si am aflat ca &#8222;a&nbsp;fost un eveniment de poveste. Foarte, dar foarte frumos.&#8221;<\/li><li>Tudor Popa <a title=\"CeMerita #priNeamt\" href=\"http:\/\/cemerita.ro\/de-ce-sa-vizitezi-neamtul\/\" target=\"_blank\" rel=\"noopener noreferrer\">ne-a dat o multime de motive<\/a> pentru care merita sa vizitam atat orasul Piatra Neamt, cat si alte obiective turistice din imprejurimi.<\/li><li>Hoinaru ne-a povestit despre ce s-a discutat la <a title=\"Hoinaru conferinta #priNeamt\" href=\"http:\/\/www.hoinaru.ro\/2012\/09\/18\/marketing-online-in-turism\/\" target=\"_blank\" rel=\"noopener noreferrer\">conferinta despre marketingul online in turism<\/a>.<\/li><li>Dragos Asaftei a facut niste <a title=\"Dragos Asaftei #priNeamt\" href=\"http:\/\/www.dragosasaftei.ro\/dupa-prima-zi-prineamt\/\" target=\"_blank\" rel=\"noopener noreferrer\">poze senzationale<\/a> &#8211; click, ca merita sa le vedeti! Ba mai mult, a dedicat un <a title=\"Dragos Asaftei Opel Astra H\" href=\"http:\/\/www.dragosasaftei.ro\/povestea-mea-cu-opel-astra-h-si-autonom\/\" target=\"_blank\" rel=\"noopener noreferrer\">articol intreg experientei la volanul Opel-ului Astra H<\/a> pe care l-a condus.<\/li><li>Cezar Dumitru alias <a title=\"Imperator Travel #priNeamt\" href=\"http:\/\/www.imperatortravel.ro\/2012\/09\/prin-neamt-in-mijloc-de-septembrie-partea-2.html\" target=\"_blank\" rel=\"noopener noreferrer\">Imperator Travel<\/a> ne-a condus virtual #priNeamt<\/li><li>Ancuta Lebada ne-a relatat despre <a title=\"Ancuta Lebada #priNeamt\" href=\"http:\/\/www.ancutalebada.ro\/prineamt-ziua-ii\" target=\"_blank\" rel=\"noopener noreferrer\">locuri si oameni cu care Moldova are de ce se mandri<\/a><\/li><li><a title=\"Adrian Ciubotaru #priNeamt\" href=\"http:\/\/www.adrianciubotaru.ro\/un-week-end-prineamt\/\" target=\"_blank\" rel=\"noopener noreferrer\">Adrian Ciubotaru<\/a> recunoaste ca&nbsp;\u021ainutul Neam\u021bului ii ascunde inca multe secrete, desi credea ca-l cunoaste.<\/li><li>Blonda Miruna Siminel a amintit <a title=\"Miruna Siminel #priNeamt\" href=\"http:\/\/siblondelegandesc.ro\/2012\/09\/18\/prineamt-in-poze\/\" target=\"_blank\" rel=\"noopener noreferrer\">laitmotivele hazlii <\/a>ale excursiei \ud83d\ude42<\/li><li>Chinezu ne-a <a title=\"Chinezu #priNeamt\" href=\"http:\/\/chinezu.eu\/2012\/09\/18\/hai-sa-va-spun-ce-face-un-blogger-prinorasulmeu-caz-concret-prineamt\/\" target=\"_blank\" rel=\"noopener noreferrer\">povestit sfatos ce face un blogger cand calatoreste #prinorasulmeu<\/a>&nbsp;&#8211; in speta, #priNeamt<\/li><li><a title=\"Makavelis #priNeamt\" href=\"http:\/\/www.makavelis.com\/2012\/09\/neamt-despre-oameni-si-locuri-prineamt.html\" target=\"_blank\" rel=\"noopener noreferrer\">Makavelis <\/a>a redat intregul farmec de &#8222;statiune&#8221; al orasului Piatra Neamt si ne-a dat un pont pretios despre un anume ghid din zona.<\/li><li>Alex Dima ne-a rasfatat si el cu <a title=\"Alex Dima #priNeamt\" href=\"http:\/\/alexdima.eu\/2012\/09\/ultima-zi-prineamt-poveste-si-fotografii\/\" target=\"_blank\" rel=\"noopener noreferrer\">povesti si fotografii<\/a><\/li><li>Cristina Chipurici a destainuit de ce a avut un <a title=\"Pyuric #priNeamt\" href=\"http:\/\/www.pyuric.ro\/2012\/09\/18\/un-weekend-de-vis-prineamt\/\" target=\"_blank\" rel=\"noopener noreferrer\">week-end de vis #priNeamt<\/a><\/li><li>LumeaMare.ro ne-a introdus cu pasiune in <a title=\"LumeaMare #priNeamt\" href=\"http:\/\/lumeamare.ro\/2012\/09\/18\/mestesuguri-pe-cale-de-disparitie-depinde-si-de-noi\/\" target=\"_blank\" rel=\"noopener noreferrer\">lumea mestesugurilor<\/a> de prin partea locului<\/li><li>Andra Zaharia ne aminteste cu lux de amanunte <a title=\"Andra Zaharia #priNeamt\" href=\"http:\/\/www.andrazaharia.ro\/ce-poti-face-prineamt\/\" target=\"_blank\" rel=\"noopener noreferrer\">cate putem face in judetul Neamt<\/a><\/li><li>Anne Marie Chelariu&nbsp;\u00eencaleca p-o \u015fa si ne povesteste cum &#8222;<a title=\"Anne Marie Chelariu #priNeamt\" href=\"http:\/\/theannemarie.ro\/turist-in-orasul-meu-partea-i\/\" target=\"_blank\" rel=\"noopener noreferrer\">plecat-au vreo treiz\u0103ci di drume\u0163i c\u0103lare pe cai Autonom<\/a>, din t\u0103ti col\u0163urili \u0163eri\u015foarei noastre c\u0103tr\u0103 Niam\u0163&#8221;<\/li><li>Denisuca ne anunta ca a avut un <a title=\"Denisuca weekend de poveste #priNeamt\" href=\"http:\/\/denisuca.com\/prin-neamt-weekend-de-poveste-1\/\" target=\"_blank\" rel=\"noopener noreferrer\">&#8222;weekend de poveste \u015fi de povestit nepo\u0163ilor&#8221;<\/a><\/li><li><a title=\"Alex Filip #priNeamt\" href=\"http:\/\/turistu.ro\/2012\/09\/un-weekend-minunat-prineamt\/\" target=\"_blank\" rel=\"noopener noreferrer\">Alex Filip<\/a>&nbsp;povesteste cum a fost #priNeamt din perspectiva organizatorilor.<\/li><\/ul>\n\n\n\n<p>Iar noi ne-am bucurat sa vedem ca si masinile noastre au fost in atentia blitz-ului \ud83d\ude00<\/p>\n\n\n\n<figure class=\"wp-block-gallery aligncenter columns-5 is-cropped wp-block-gallery-1 is-layout-flex wp-block-gallery-is-layout-flex\"><ul class=\"blocks-gallery-grid\"><li class=\"blocks-gallery-item\"><figure><a href=\"https:\/\/www.autonom.ro\/blog\/wp-content\/uploads\/2012\/09\/autonom-opel-astra-h-18-603x399-1.jpg\"><img loading=\"lazy\" decoding=\"async\" width=\"603\" height=\"399\" src=\"https:\/\/www.autonom.ro\/blog\/wp-content\/uploads\/2012\/09\/autonom-opel-astra-h-18-603x399-1.jpg\" alt=\"\" data-id=\"1359\" data-full-url=\"https:\/\/www.autonom.ro\/blog\/wp-content\/uploads\/2012\/09\/autonom-opel-astra-h-18-603x399-1.jpg\" data-link=\"https:\/\/www.autonom.ro\/blog\/turism-autonom-prineamt\/autonom-opel-astra-h-18-603x399\/\" class=\"wp-image-1359\" srcset=\"https:\/\/www.autonom.ro\/blog\/wp-content\/uploads\/2012\/09\/autonom-opel-astra-h-18-603x399-1.jpg 603w, https:\/\/www.autonom.ro\/blog\/wp-content\/uploads\/2012\/09\/autonom-opel-astra-h-18-603x399-1-300x199.jpg 300w\" sizes=\"auto, (max-width: 603px) 100vw, 603px\" \/><\/a><\/figure><\/li><li class=\"blocks-gallery-item\"><figure><a href=\"https:\/\/www.autonom.ro\/blog\/wp-content\/uploads\/2012\/09\/autonom-opel-astra-h-09.jpg\"><img loading=\"lazy\" decoding=\"async\" width=\"1000\" height=\"662\" src=\"https:\/\/www.autonom.ro\/blog\/wp-content\/uploads\/2012\/09\/autonom-opel-astra-h-09.jpg\" alt=\"\" data-id=\"1358\" data-full-url=\"https:\/\/www.autonom.ro\/blog\/wp-content\/uploads\/2012\/09\/autonom-opel-astra-h-09.jpg\" data-link=\"https:\/\/www.autonom.ro\/blog\/turism-autonom-prineamt\/autonom-opel-astra-h-09\/\" class=\"wp-image-1358\" srcset=\"https:\/\/www.autonom.ro\/blog\/wp-content\/uploads\/2012\/09\/autonom-opel-astra-h-09.jpg 1000w, https:\/\/www.autonom.ro\/blog\/wp-content\/uploads\/2012\/09\/autonom-opel-astra-h-09-300x199.jpg 300w, https:\/\/www.autonom.ro\/blog\/wp-content\/uploads\/2012\/09\/autonom-opel-astra-h-09-768x508.jpg 768w\" sizes=\"auto, (max-width: 1000px) 100vw, 1000px\" \/><\/a><\/figure><\/li><li class=\"blocks-gallery-item\"><figure><a href=\"https:\/\/www.autonom.ro\/blog\/wp-content\/uploads\/2012\/09\/tudorCemerita_priNeamt2.jpg\"><img loading=\"lazy\" decoding=\"async\" width=\"891\" height=\"591\" src=\"https:\/\/www.autonom.ro\/blog\/wp-content\/uploads\/2012\/09\/tudorCemerita_priNeamt2.jpg\" alt=\"\" data-id=\"1353\" data-full-url=\"https:\/\/www.autonom.ro\/blog\/wp-content\/uploads\/2012\/09\/tudorCemerita_priNeamt2.jpg\" data-link=\"https:\/\/www.autonom.ro\/blog\/turism-autonom-prineamt\/tudorcemerita_prineamt2\/\" class=\"wp-image-1353\" srcset=\"https:\/\/www.autonom.ro\/blog\/wp-content\/uploads\/2012\/09\/tudorCemerita_priNeamt2.jpg 891w, https:\/\/www.autonom.ro\/blog\/wp-content\/uploads\/2012\/09\/tudorCemerita_priNeamt2-300x199.jpg 300w, https:\/\/www.autonom.ro\/blog\/wp-content\/uploads\/2012\/09\/tudorCemerita_priNeamt2-768x509.jpg 768w\" sizes=\"auto, (max-width: 891px) 100vw, 891px\" \/><\/a><\/figure><\/li><li class=\"blocks-gallery-item\"><figure><a href=\"https:\/\/www.autonom.ro\/blog\/wp-content\/uploads\/2012\/09\/tudorCemerita_priNeamt.jpg\"><img loading=\"lazy\" decoding=\"async\" width=\"665\" height=\"960\" src=\"https:\/\/www.autonom.ro\/blog\/wp-content\/uploads\/2012\/09\/tudorCemerita_priNeamt.jpg\" alt=\"\" data-id=\"1352\" data-full-url=\"https:\/\/www.autonom.ro\/blog\/wp-content\/uploads\/2012\/09\/tudorCemerita_priNeamt.jpg\" data-link=\"https:\/\/www.autonom.ro\/blog\/turism-autonom-prineamt\/tudorcemerita_prineamt\/\" class=\"wp-image-1352\" srcset=\"https:\/\/www.autonom.ro\/blog\/wp-content\/uploads\/2012\/09\/tudorCemerita_priNeamt.jpg 665w, https:\/\/www.autonom.ro\/blog\/wp-content\/uploads\/2012\/09\/tudorCemerita_priNeamt-208x300.jpg 208w\" sizes=\"auto, (max-width: 665px) 100vw, 665px\" \/><\/a><\/figure><\/li><li class=\"blocks-gallery-item\"><figure><a href=\"https:\/\/www.autonom.ro\/blog\/wp-content\/uploads\/2012\/09\/opel_astra_DragosAsaftei.jpg\"><img loading=\"lazy\" decoding=\"async\" width=\"612\" height=\"612\" src=\"https:\/\/www.autonom.ro\/blog\/wp-content\/uploads\/2012\/09\/opel_astra_DragosAsaftei.jpg\" alt=\"\" data-id=\"1350\" data-full-url=\"https:\/\/www.autonom.ro\/blog\/wp-content\/uploads\/2012\/09\/opel_astra_DragosAsaftei.jpg\" data-link=\"https:\/\/www.autonom.ro\/blog\/turism-autonom-prineamt\/opel_astra_dragosasaftei\/\" class=\"wp-image-1350\" srcset=\"https:\/\/www.autonom.ro\/blog\/wp-content\/uploads\/2012\/09\/opel_astra_DragosAsaftei.jpg 612w, https:\/\/www.autonom.ro\/blog\/wp-content\/uploads\/2012\/09\/opel_astra_DragosAsaftei-300x300.jpg 300w, https:\/\/www.autonom.ro\/blog\/wp-content\/uploads\/2012\/09\/opel_astra_DragosAsaftei-150x150.jpg 150w, https:\/\/www.autonom.ro\/blog\/wp-content\/uploads\/2012\/09\/opel_astra_DragosAsaftei-100x100.jpg 100w\" sizes=\"auto, (max-width: 612px) 100vw, 612px\" \/><\/a><\/figure><\/li><li class=\"blocks-gallery-item\"><figure><a href=\"https:\/\/www.autonom.ro\/blog\/wp-content\/uploads\/2012\/09\/priNeamt_masina_nebuloasa.jpg\"><img loading=\"lazy\" decoding=\"async\" width=\"640\" height=\"380\" src=\"https:\/\/www.autonom.ro\/blog\/wp-content\/uploads\/2012\/09\/priNeamt_masina_nebuloasa.jpg\" alt=\"\" data-id=\"1351\" data-full-url=\"https:\/\/www.autonom.ro\/blog\/wp-content\/uploads\/2012\/09\/priNeamt_masina_nebuloasa.jpg\" data-link=\"https:\/\/www.autonom.ro\/blog\/turism-autonom-prineamt\/prineamt_masina_nebuloasa\/\" class=\"wp-image-1351\" srcset=\"https:\/\/www.autonom.ro\/blog\/wp-content\/uploads\/2012\/09\/priNeamt_masina_nebuloasa.jpg 640w, https:\/\/www.autonom.ro\/blog\/wp-content\/uploads\/2012\/09\/priNeamt_masina_nebuloasa-300x178.jpg 300w\" sizes=\"auto, (max-width: 640px) 100vw, 640px\" \/><\/a><\/figure><\/li><li class=\"blocks-gallery-item\"><figure><a href=\"https:\/\/www.autonom.ro\/blog\/wp-content\/uploads\/2012\/09\/alexDima_priNeamt.jpg\"><img loading=\"lazy\" decoding=\"async\" width=\"960\" height=\"628\" src=\"https:\/\/www.autonom.ro\/blog\/wp-content\/uploads\/2012\/09\/alexDima_priNeamt.jpg\" alt=\"\" data-id=\"1348\" data-full-url=\"https:\/\/www.autonom.ro\/blog\/wp-content\/uploads\/2012\/09\/alexDima_priNeamt.jpg\" data-link=\"https:\/\/www.autonom.ro\/blog\/turism-autonom-prineamt\/alexdima_prineamt\/\" class=\"wp-image-1348\" srcset=\"https:\/\/www.autonom.ro\/blog\/wp-content\/uploads\/2012\/09\/alexDima_priNeamt.jpg 960w, https:\/\/www.autonom.ro\/blog\/wp-content\/uploads\/2012\/09\/alexDima_priNeamt-300x196.jpg 300w, https:\/\/www.autonom.ro\/blog\/wp-content\/uploads\/2012\/09\/alexDima_priNeamt-768x502.jpg 768w\" sizes=\"auto, (max-width: 960px) 100vw, 960px\" \/><\/a><\/figure><\/li><li class=\"blocks-gallery-item\"><figure><a href=\"https:\/\/www.autonom.ro\/blog\/wp-content\/uploads\/2012\/09\/gaben_prineamt.jpg\"><img loading=\"lazy\" decoding=\"async\" width=\"484\" height=\"648\" src=\"https:\/\/www.autonom.ro\/blog\/wp-content\/uploads\/2012\/09\/gaben_prineamt.jpg\" alt=\"\" data-id=\"1349\" data-full-url=\"https:\/\/www.autonom.ro\/blog\/wp-content\/uploads\/2012\/09\/gaben_prineamt.jpg\" data-link=\"https:\/\/www.autonom.ro\/blog\/turism-autonom-prineamt\/gaben_prineamt\/\" class=\"wp-image-1349\" srcset=\"https:\/\/www.autonom.ro\/blog\/wp-content\/uploads\/2012\/09\/gaben_prineamt.jpg 484w, https:\/\/www.autonom.ro\/blog\/wp-content\/uploads\/2012\/09\/gaben_prineamt-224x300.jpg 224w\" sizes=\"auto, (max-width: 484px) 100vw, 484px\" \/><\/a><\/figure><\/li><li class=\"blocks-gallery-item\"><figure><a href=\"https:\/\/www.autonom.ro\/blog\/wp-content\/uploads\/2012\/09\/priNeamt.jpg\"><img loading=\"lazy\" decoding=\"async\" width=\"1024\" height=\"1238\" src=\"https:\/\/www.autonom.ro\/blog\/wp-content\/uploads\/2012\/09\/priNeamt.jpg\" alt=\"\" data-id=\"1313\" data-full-url=\"https:\/\/www.autonom.ro\/blog\/wp-content\/uploads\/2012\/09\/priNeamt.jpg\" data-link=\"https:\/\/www.autonom.ro\/blog\/turism-autonom-prineamt\/prineamt\/\" class=\"wp-image-1313\" srcset=\"https:\/\/www.autonom.ro\/blog\/wp-content\/uploads\/2012\/09\/priNeamt.jpg 1024w, https:\/\/www.autonom.ro\/blog\/wp-content\/uploads\/2012\/09\/priNeamt-248x300.jpg 248w, https:\/\/www.autonom.ro\/blog\/wp-content\/uploads\/2012\/09\/priNeamt-847x1024.jpg 847w, https:\/\/www.autonom.ro\/blog\/wp-content\/uploads\/2012\/09\/priNeamt-768x929.jpg 768w\" sizes=\"auto, (max-width: 1024px) 100vw, 1024px\" \/><\/a><\/figure><\/li><\/ul><\/figure>\n","protected":false},"excerpt":{"rendered":"<p>Dupa mai multe evenimente de succes din seria #prinorasulmeu, lansata in 2010 de Corina Georgescu, la Bucuresti, iata ca Toma Nicolau si Alexandru Filip, ei insisi bloggeri, se incumeta sa organizeze si in Piatra Neamt un eveniment similar, dedicat turismului: #priNeamt. Daca ni s-a propus sa fim parteneri? Da, si tare ne-am bucurat. Daca am [&hellip;]<\/p>\n","protected":false},"author":2,"featured_media":1313,"comment_status":"open","ping_status":"open","sticky":false,"template":"","format":"standard","meta":{"inline_featured_image":false,"footnotes":""},"categories":[1914,1911],"tags":[],"class_list":["post-1312","post","type-post","status-publish","format-standard","has-post-thumbnail","hentry","category-evenimente","category-rent-travel"],"yoast_head":"<!-- This site is optimized with the Yoast SEO plugin v27.3 - https:\/\/yoast.com\/product\/yoast-seo-wordpress\/ -->\n<title>Turism autonom #priNeamt - Blog Autonom<\/title>\n<meta name=\"robots\" content=\"index, follow, max-snippet:-1, max-image-preview:large, max-video-preview:-1\" \/>\n<link rel=\"canonical\" href=\"https:\/\/www.autonom.ro\/blog\/turism-autonom-prineamt\/\" \/>\n<meta property=\"og:locale\" content=\"ro_RO\" \/>\n<meta property=\"og:type\" content=\"article\" \/>\n<meta property=\"og:title\" content=\"Turism autonom #priNeamt - Blog Autonom\" \/>\n<meta property=\"og:description\" content=\"Dupa mai multe evenimente de succes din seria #prinorasulmeu, lansata in 2010 de Corina Georgescu, la Bucuresti, iata ca Toma Nicolau si Alexandru Filip, ei insisi bloggeri, se incumeta sa organizeze si in Piatra Neamt un eveniment similar, dedicat turismului: #priNeamt. Daca ni s-a propus sa fim parteneri? Da, si tare ne-am bucurat. Daca am [&hellip;]\" \/>\n<meta property=\"og:url\" content=\"https:\/\/www.autonom.ro\/blog\/turism-autonom-prineamt\/\" \/>\n<meta property=\"og:site_name\" content=\"Blog Autonom\" \/>\n<meta property=\"article:publisher\" content=\"https:\/\/www.facebook.com\/AutonomRomania\/\" \/>\n<meta property=\"article:published_time\" content=\"2012-09-13T18:39:20+00:00\" \/>\n<meta property=\"article:modified_time\" content=\"2021-11-03T10:57:58+00:00\" \/>\n<meta property=\"og:image\" content=\"https:\/\/www.autonom.ro\/blog\/wp-content\/uploads\/2012\/09\/priNeamt.jpg\" \/>\n\t<meta property=\"og:image:width\" content=\"1024\" \/>\n\t<meta property=\"og:image:height\" content=\"1238\" \/>\n\t<meta property=\"og:image:type\" content=\"image\/jpeg\" \/>\n<meta name=\"author\" content=\"Autonom\" \/>\n<meta name=\"twitter:card\" content=\"summary_large_image\" \/>\n<meta name=\"twitter:label1\" content=\"Scris de\" \/>\n\t<meta name=\"twitter:data1\" content=\"Autonom\" \/>\n\t<meta name=\"twitter:label2\" content=\"Timp estimat pentru citire\" \/>\n\t<meta name=\"twitter:data2\" content=\"3 minute\" \/>\n<script type=\"application\/ld+json\" class=\"yoast-schema-graph\">{\"@context\":\"https:\\\/\\\/schema.org\",\"@graph\":[{\"@type\":\"Article\",\"@id\":\"https:\\\/\\\/www.autonom.ro\\\/blog\\\/turism-autonom-prineamt\\\/#article\",\"isPartOf\":{\"@id\":\"https:\\\/\\\/www.autonom.ro\\\/blog\\\/turism-autonom-prineamt\\\/\"},\"author\":{\"name\":\"Autonom\",\"@id\":\"https:\\\/\\\/www.autonom.ro\\\/blog\\\/#\\\/schema\\\/person\\\/ea5961c2ebc8070c672571e6d52b8a78\"},\"headline\":\"Turism autonom #priNeamt\",\"datePublished\":\"2012-09-13T18:39:20+00:00\",\"dateModified\":\"2021-11-03T10:57:58+00:00\",\"mainEntityOfPage\":{\"@id\":\"https:\\\/\\\/www.autonom.ro\\\/blog\\\/turism-autonom-prineamt\\\/\"},\"wordCount\":675,\"commentCount\":0,\"publisher\":{\"@id\":\"https:\\\/\\\/www.autonom.ro\\\/blog\\\/#organization\"},\"image\":{\"@id\":\"https:\\\/\\\/www.autonom.ro\\\/blog\\\/turism-autonom-prineamt\\\/#primaryimage\"},\"thumbnailUrl\":\"https:\\\/\\\/www.autonom.ro\\\/blog\\\/wp-content\\\/uploads\\\/2012\\\/09\\\/priNeamt.jpg\",\"articleSection\":[\"Evenimente\",\"Rent &amp; Travel\"],\"inLanguage\":\"ro-RO\"},{\"@type\":\"WebPage\",\"@id\":\"https:\\\/\\\/www.autonom.ro\\\/blog\\\/turism-autonom-prineamt\\\/\",\"url\":\"https:\\\/\\\/www.autonom.ro\\\/blog\\\/turism-autonom-prineamt\\\/\",\"name\":\"Turism autonom #priNeamt - Blog Autonom\",\"isPartOf\":{\"@id\":\"https:\\\/\\\/www.autonom.ro\\\/blog\\\/#website\"},\"primaryImageOfPage\":{\"@id\":\"https:\\\/\\\/www.autonom.ro\\\/blog\\\/turism-autonom-prineamt\\\/#primaryimage\"},\"image\":{\"@id\":\"https:\\\/\\\/www.autonom.ro\\\/blog\\\/turism-autonom-prineamt\\\/#primaryimage\"},\"thumbnailUrl\":\"https:\\\/\\\/www.autonom.ro\\\/blog\\\/wp-content\\\/uploads\\\/2012\\\/09\\\/priNeamt.jpg\",\"datePublished\":\"2012-09-13T18:39:20+00:00\",\"dateModified\":\"2021-11-03T10:57:58+00:00\",\"breadcrumb\":{\"@id\":\"https:\\\/\\\/www.autonom.ro\\\/blog\\\/turism-autonom-prineamt\\\/#breadcrumb\"},\"inLanguage\":\"ro-RO\",\"potentialAction\":[{\"@type\":\"ReadAction\",\"target\":[\"https:\\\/\\\/www.autonom.ro\\\/blog\\\/turism-autonom-prineamt\\\/\"]}]},{\"@type\":\"ImageObject\",\"inLanguage\":\"ro-RO\",\"@id\":\"https:\\\/\\\/www.autonom.ro\\\/blog\\\/turism-autonom-prineamt\\\/#primaryimage\",\"url\":\"https:\\\/\\\/www.autonom.ro\\\/blog\\\/wp-content\\\/uploads\\\/2012\\\/09\\\/priNeamt.jpg\",\"contentUrl\":\"https:\\\/\\\/www.autonom.ro\\\/blog\\\/wp-content\\\/uploads\\\/2012\\\/09\\\/priNeamt.jpg\",\"width\":1024,\"height\":1238},{\"@type\":\"BreadcrumbList\",\"@id\":\"https:\\\/\\\/www.autonom.ro\\\/blog\\\/turism-autonom-prineamt\\\/#breadcrumb\",\"itemListElement\":[{\"@type\":\"ListItem\",\"position\":1,\"name\":\"Prima pagin\u0103\",\"item\":\"https:\\\/\\\/www.autonom.ro\\\/blog\\\/\"},{\"@type\":\"ListItem\",\"position\":2,\"name\":\"Turism autonom #priNeamt\"}]},{\"@type\":\"WebSite\",\"@id\":\"https:\\\/\\\/www.autonom.ro\\\/blog\\\/#website\",\"url\":\"https:\\\/\\\/www.autonom.ro\\\/blog\\\/\",\"name\":\"Blog Autonom\",\"description\":\"\",\"publisher\":{\"@id\":\"https:\\\/\\\/www.autonom.ro\\\/blog\\\/#organization\"},\"potentialAction\":[{\"@type\":\"SearchAction\",\"target\":{\"@type\":\"EntryPoint\",\"urlTemplate\":\"https:\\\/\\\/www.autonom.ro\\\/blog\\\/?s={search_term_string}\"},\"query-input\":{\"@type\":\"PropertyValueSpecification\",\"valueRequired\":true,\"valueName\":\"search_term_string\"}}],\"inLanguage\":\"ro-RO\"},{\"@type\":\"Organization\",\"@id\":\"https:\\\/\\\/www.autonom.ro\\\/blog\\\/#organization\",\"name\":\"Blog Autonom\",\"url\":\"https:\\\/\\\/www.autonom.ro\\\/blog\\\/\",\"logo\":{\"@type\":\"ImageObject\",\"inLanguage\":\"ro-RO\",\"@id\":\"https:\\\/\\\/www.autonom.ro\\\/blog\\\/#\\\/schema\\\/logo\\\/image\\\/\",\"url\":\"https:\\\/\\\/www.autonom.ro\\\/blog\\\/wp-content\\\/uploads\\\/2020\\\/10\\\/cropped-Autonom_Corporate-Logo-Color-Orizontal-RGB.png\",\"contentUrl\":\"https:\\\/\\\/www.autonom.ro\\\/blog\\\/wp-content\\\/uploads\\\/2020\\\/10\\\/cropped-Autonom_Corporate-Logo-Color-Orizontal-RGB.png\",\"width\":724,\"height\":250,\"caption\":\"Blog Autonom\"},\"image\":{\"@id\":\"https:\\\/\\\/www.autonom.ro\\\/blog\\\/#\\\/schema\\\/logo\\\/image\\\/\"},\"sameAs\":[\"https:\\\/\\\/www.facebook.com\\\/AutonomRomania\\\/\",\"http:\\\/\\\/www.instagram.com\\\/autonom.romania\\\/\",\"https:\\\/\\\/www.linkedin.com\\\/company\\\/autonom-rent-a-car\"]},{\"@type\":\"Person\",\"@id\":\"https:\\\/\\\/www.autonom.ro\\\/blog\\\/#\\\/schema\\\/person\\\/ea5961c2ebc8070c672571e6d52b8a78\",\"name\":\"Autonom\",\"image\":{\"@type\":\"ImageObject\",\"inLanguage\":\"ro-RO\",\"@id\":\"https:\\\/\\\/secure.gravatar.com\\\/avatar\\\/bd0293e675420709298b7e1b87e42729832f151e0bf4555fdbb0e351104e17ba?s=96&d=mm&r=g\",\"url\":\"https:\\\/\\\/secure.gravatar.com\\\/avatar\\\/bd0293e675420709298b7e1b87e42729832f151e0bf4555fdbb0e351104e17ba?s=96&d=mm&r=g\",\"contentUrl\":\"https:\\\/\\\/secure.gravatar.com\\\/avatar\\\/bd0293e675420709298b7e1b87e42729832f151e0bf4555fdbb0e351104e17ba?s=96&d=mm&r=g\",\"caption\":\"Autonom\"},\"url\":\"https:\\\/\\\/www.autonom.ro\\\/blog\\\/author\\\/autonom\\\/\"}]}<\/script>\n<!-- \/ Yoast SEO plugin. -->","yoast_head_json":{"title":"Turism autonom #priNeamt - Blog Autonom","robots":{"index":"index","follow":"follow","max-snippet":"max-snippet:-1","max-image-preview":"max-image-preview:large","max-video-preview":"max-video-preview:-1"},"canonical":"https:\/\/www.autonom.ro\/blog\/turism-autonom-prineamt\/","og_locale":"ro_RO","og_type":"article","og_title":"Turism autonom #priNeamt - Blog Autonom","og_description":"Dupa mai multe evenimente de succes din seria #prinorasulmeu, lansata in 2010 de Corina Georgescu, la Bucuresti, iata ca Toma Nicolau si Alexandru Filip, ei insisi bloggeri, se incumeta sa organizeze si in Piatra Neamt un eveniment similar, dedicat turismului: #priNeamt. Daca ni s-a propus sa fim parteneri? Da, si tare ne-am bucurat. Daca am [&hellip;]","og_url":"https:\/\/www.autonom.ro\/blog\/turism-autonom-prineamt\/","og_site_name":"Blog Autonom","article_publisher":"https:\/\/www.facebook.com\/AutonomRomania\/","article_published_time":"2012-09-13T18:39:20+00:00","article_modified_time":"2021-11-03T10:57:58+00:00","og_image":[{"width":1024,"height":1238,"url":"https:\/\/www.autonom.ro\/blog\/wp-content\/uploads\/2012\/09\/priNeamt.jpg","type":"image\/jpeg"}],"author":"Autonom","twitter_card":"summary_large_image","twitter_misc":{"Scris de":"Autonom","Timp estimat pentru citire":"3 minute"},"schema":{"@context":"https:\/\/schema.org","@graph":[{"@type":"Article","@id":"https:\/\/www.autonom.ro\/blog\/turism-autonom-prineamt\/#article","isPartOf":{"@id":"https:\/\/www.autonom.ro\/blog\/turism-autonom-prineamt\/"},"author":{"name":"Autonom","@id":"https:\/\/www.autonom.ro\/blog\/#\/schema\/person\/ea5961c2ebc8070c672571e6d52b8a78"},"headline":"Turism autonom #priNeamt","datePublished":"2012-09-13T18:39:20+00:00","dateModified":"2021-11-03T10:57:58+00:00","mainEntityOfPage":{"@id":"https:\/\/www.autonom.ro\/blog\/turism-autonom-prineamt\/"},"wordCount":675,"commentCount":0,"publisher":{"@id":"https:\/\/www.autonom.ro\/blog\/#organization"},"image":{"@id":"https:\/\/www.autonom.ro\/blog\/turism-autonom-prineamt\/#primaryimage"},"thumbnailUrl":"https:\/\/www.autonom.ro\/blog\/wp-content\/uploads\/2012\/09\/priNeamt.jpg","articleSection":["Evenimente","Rent &amp; Travel"],"inLanguage":"ro-RO"},{"@type":"WebPage","@id":"https:\/\/www.autonom.ro\/blog\/turism-autonom-prineamt\/","url":"https:\/\/www.autonom.ro\/blog\/turism-autonom-prineamt\/","name":"Turism autonom #priNeamt - Blog Autonom","isPartOf":{"@id":"https:\/\/www.autonom.ro\/blog\/#website"},"primaryImageOfPage":{"@id":"https:\/\/www.autonom.ro\/blog\/turism-autonom-prineamt\/#primaryimage"},"image":{"@id":"https:\/\/www.autonom.ro\/blog\/turism-autonom-prineamt\/#primaryimage"},"thumbnailUrl":"https:\/\/www.autonom.ro\/blog\/wp-content\/uploads\/2012\/09\/priNeamt.jpg","datePublished":"2012-09-13T18:39:20+00:00","dateModified":"2021-11-03T10:57:58+00:00","breadcrumb":{"@id":"https:\/\/www.autonom.ro\/blog\/turism-autonom-prineamt\/#breadcrumb"},"inLanguage":"ro-RO","potentialAction":[{"@type":"ReadAction","target":["https:\/\/www.autonom.ro\/blog\/turism-autonom-prineamt\/"]}]},{"@type":"ImageObject","inLanguage":"ro-RO","@id":"https:\/\/www.autonom.ro\/blog\/turism-autonom-prineamt\/#primaryimage","url":"https:\/\/www.autonom.ro\/blog\/wp-content\/uploads\/2012\/09\/priNeamt.jpg","contentUrl":"https:\/\/www.autonom.ro\/blog\/wp-content\/uploads\/2012\/09\/priNeamt.jpg","width":1024,"height":1238},{"@type":"BreadcrumbList","@id":"https:\/\/www.autonom.ro\/blog\/turism-autonom-prineamt\/#breadcrumb","itemListElement":[{"@type":"ListItem","position":1,"name":"Prima pagin\u0103","item":"https:\/\/www.autonom.ro\/blog\/"},{"@type":"ListItem","position":2,"name":"Turism autonom #priNeamt"}]},{"@type":"WebSite","@id":"https:\/\/www.autonom.ro\/blog\/#website","url":"https:\/\/www.autonom.ro\/blog\/","name":"Blog Autonom","description":"","publisher":{"@id":"https:\/\/www.autonom.ro\/blog\/#organization"},"potentialAction":[{"@type":"SearchAction","target":{"@type":"EntryPoint","urlTemplate":"https:\/\/www.autonom.ro\/blog\/?s={search_term_string}"},"query-input":{"@type":"PropertyValueSpecification","valueRequired":true,"valueName":"search_term_string"}}],"inLanguage":"ro-RO"},{"@type":"Organization","@id":"https:\/\/www.autonom.ro\/blog\/#organization","name":"Blog Autonom","url":"https:\/\/www.autonom.ro\/blog\/","logo":{"@type":"ImageObject","inLanguage":"ro-RO","@id":"https:\/\/www.autonom.ro\/blog\/#\/schema\/logo\/image\/","url":"https:\/\/www.autonom.ro\/blog\/wp-content\/uploads\/2020\/10\/cropped-Autonom_Corporate-Logo-Color-Orizontal-RGB.png","contentUrl":"https:\/\/www.autonom.ro\/blog\/wp-content\/uploads\/2020\/10\/cropped-Autonom_Corporate-Logo-Color-Orizontal-RGB.png","width":724,"height":250,"caption":"Blog Autonom"},"image":{"@id":"https:\/\/www.autonom.ro\/blog\/#\/schema\/logo\/image\/"},"sameAs":["https:\/\/www.facebook.com\/AutonomRomania\/","http:\/\/www.instagram.com\/autonom.romania\/","https:\/\/www.linkedin.com\/company\/autonom-rent-a-car"]},{"@type":"Person","@id":"https:\/\/www.autonom.ro\/blog\/#\/schema\/person\/ea5961c2ebc8070c672571e6d52b8a78","name":"Autonom","image":{"@type":"ImageObject","inLanguage":"ro-RO","@id":"https:\/\/secure.gravatar.com\/avatar\/bd0293e675420709298b7e1b87e42729832f151e0bf4555fdbb0e351104e17ba?s=96&d=mm&r=g","url":"https:\/\/secure.gravatar.com\/avatar\/bd0293e675420709298b7e1b87e42729832f151e0bf4555fdbb0e351104e17ba?s=96&d=mm&r=g","contentUrl":"https:\/\/secure.gravatar.com\/avatar\/bd0293e675420709298b7e1b87e42729832f151e0bf4555fdbb0e351104e17ba?s=96&d=mm&r=g","caption":"Autonom"},"url":"https:\/\/www.autonom.ro\/blog\/author\/autonom\/"}]}},"_links":{"self":[{"href":"https:\/\/www.autonom.ro\/blog\/wp-json\/wp\/v2\/posts\/1312","targetHints":{"allow":["GET"]}}],"collection":[{"href":"https:\/\/www.autonom.ro\/blog\/wp-json\/wp\/v2\/posts"}],"about":[{"href":"https:\/\/www.autonom.ro\/blog\/wp-json\/wp\/v2\/types\/post"}],"author":[{"embeddable":true,"href":"https:\/\/www.autonom.ro\/blog\/wp-json\/wp\/v2\/users\/2"}],"replies":[{"embeddable":true,"href":"https:\/\/www.autonom.ro\/blog\/wp-json\/wp\/v2\/comments?post=1312"}],"version-history":[{"count":5,"href":"https:\/\/www.autonom.ro\/blog\/wp-json\/wp\/v2\/posts\/1312\/revisions"}],"predecessor-version":[{"id":5502,"href":"https:\/\/www.autonom.ro\/blog\/wp-json\/wp\/v2\/posts\/1312\/revisions\/5502"}],"wp:featuredmedia":[{"embeddable":true,"href":"https:\/\/www.autonom.ro\/blog\/wp-json\/wp\/v2\/media\/1313"}],"wp:attachment":[{"href":"https:\/\/www.autonom.ro\/blog\/wp-json\/wp\/v2\/media?parent=1312"}],"wp:term":[{"taxonomy":"category","embeddable":true,"href":"https:\/\/www.autonom.ro\/blog\/wp-json\/wp\/v2\/categories?post=1312"},{"taxonomy":"post_tag","embeddable":true,"href":"https:\/\/www.autonom.ro\/blog\/wp-json\/wp\/v2\/tags?post=1312"}],"curies":[{"name":"wp","href":"https:\/\/api.w.org\/{rel}","templated":true}]}}