{"id":1664,"date":"2012-11-26T18:57:43","date_gmt":"2012-11-26T15:57:43","guid":{"rendered":"http:\/\/www.autonom.ro\/blog\/?p=1664"},"modified":"2020-11-10T08:40:24","modified_gmt":"2020-11-10T08:40:24","slug":"imprevizibilul-este-mediul-potrivit-pentru-cineva-care-vrea-sa-razbata-pe-cont-propriu","status":"publish","type":"post","link":"https:\/\/www.autonom.ro\/blog\/imprevizibilul-este-mediul-potrivit-pentru-cineva-care-vrea-sa-razbata-pe-cont-propriu\/","title":{"rendered":"\u201eImprevizibilul este mediul potrivit pentru cineva care vrea s\u0103 r\u0103zbat\u0103 pe cont propriu&#8221;"},"content":{"rendered":"\n<div class=\"wp-block-image\"><figure class=\"alignright size-medium\"><img loading=\"lazy\" decoding=\"async\" width=\"300\" height=\"286\" src=\"https:\/\/www.autonom.ro\/blog\/wp-content\/uploads\/2013\/06\/cifre_Autonom-300x286.jpg\" alt=\"cifre_Autonom\" class=\"wp-image-1665\" srcset=\"https:\/\/www.autonom.ro\/blog\/wp-content\/uploads\/2013\/06\/cifre_Autonom-300x286.jpg 300w, https:\/\/www.autonom.ro\/blog\/wp-content\/uploads\/2013\/06\/cifre_Autonom.jpg 635w\" sizes=\"auto, (max-width: 300px) 100vw, 300px\" \/><\/figure><\/div>\n\n\n\n<p>Ziarul Financiar ne-a dedicat un <a title=\"articol Ziarul Financiar Autonom Rent a Car Dan Stefan\" href=\"http:\/\/www.zf.ro\/companii\/imprevizibilul-este-mediul-potrivit-pentru-cineva-care-vrea-sa-razbata-pe-cont-propriu-spre-deosebire-de-tarile-asezate-din-europa-de-vest-10344470\" target=\"_blank\" rel=\"noopener noreferrer\">articol privind potentialul de dezvoltare a unei afaceri <\/a>&#8211; in speta, a noastra \ud83d\ude42 &#8211; pe piata din Romania.<\/p>\n\n\n\n<p>Dupa cum deja stiti, fratii Marius si Dan Stefan au revenit in tara si au fondat Autonom Rent a Car dupa ce studiasera la universitati prestigioase din SUA si respectiv Franta. Cum de au refuzat cariere promitatoare in tarile dezvoltate, cu medii de afaceri mai &#8222;asezate&#8221;, in favoarea celui &#8222;imprevizibil&#8221; din Romania, unde au si reusit sa puna pe roate cea mai mare companie de inchirieri masini din tara, cu o cifra de afaceri de peste 5 milioane de euro?<\/p>\n\n\n\n<p><em>&#8222;Imprevizibilul din Romania este mediul potrivit pentru cineva care vrea sa razbata pe cont propriu, spre deosebire de tarile asezate din Europa de Vest, unde exista multe domenii in care doar capitalul mai dicteaza. La noi este mult mai usor, pentru ca aici sunt multe de facut&#8221;<\/em>, raspunde Dan Stefan, director executiv al Autonom Rent a Car.<\/p>\n\n\n\n<p>Cum vede Dan viitorul si de ce criza nu-l sperie, va invitam sa cititi in articolul de pe ZF.ro<\/p>\n","protected":false},"excerpt":{"rendered":"<p>Ziarul Financiar ne-a dedicat un articol privind potentialul de dezvoltare a unei afaceri &#8211; in speta, a noastra \ud83d\ude42 &#8211; pe piata din Romania. Dupa cum deja stiti, fratii Marius si Dan Stefan au revenit in tara si au fondat Autonom Rent a Car dupa ce studiasera la universitati prestigioase din SUA si respectiv Franta. [&hellip;]<\/p>\n","protected":false},"author":2,"featured_media":1665,"comment_status":"open","ping_status":"open","sticky":false,"template":"","format":"standard","meta":{"inline_featured_image":false,"footnotes":""},"categories":[1908],"tags":[],"class_list":["post-1664","post","type-post","status-publish","format-standard","has-post-thumbnail","hentry","category-autonom-news"],"yoast_head":"<!-- This site is optimized with the Yoast SEO plugin v27.3 - https:\/\/yoast.com\/product\/yoast-seo-wordpress\/ -->\n<title>\u201eImprevizibilul este mediul potrivit pentru cineva care vrea s\u0103 r\u0103zbat\u0103 pe cont propriu&quot; - Blog Autonom<\/title>\n<meta name=\"robots\" content=\"index, follow, max-snippet:-1, max-image-preview:large, max-video-preview:-1\" \/>\n<link rel=\"canonical\" href=\"https:\/\/www.autonom.ro\/blog\/imprevizibilul-este-mediul-potrivit-pentru-cineva-care-vrea-sa-razbata-pe-cont-propriu\/\" \/>\n<meta property=\"og:locale\" content=\"ro_RO\" \/>\n<meta property=\"og:type\" content=\"article\" \/>\n<meta property=\"og:title\" content=\"\u201eImprevizibilul este mediul potrivit pentru cineva care vrea s\u0103 r\u0103zbat\u0103 pe cont propriu&quot; - Blog Autonom\" \/>\n<meta property=\"og:description\" content=\"Ziarul Financiar ne-a dedicat un articol privind potentialul de dezvoltare a unei afaceri &#8211; in speta, a noastra \ud83d\ude42 &#8211; pe piata din Romania. Dupa cum deja stiti, fratii Marius si Dan Stefan au revenit in tara si au fondat Autonom Rent a Car dupa ce studiasera la universitati prestigioase din SUA si respectiv Franta. [&hellip;]\" \/>\n<meta property=\"og:url\" content=\"https:\/\/www.autonom.ro\/blog\/imprevizibilul-este-mediul-potrivit-pentru-cineva-care-vrea-sa-razbata-pe-cont-propriu\/\" \/>\n<meta property=\"og:site_name\" content=\"Blog Autonom\" \/>\n<meta property=\"article:publisher\" content=\"https:\/\/www.facebook.com\/AutonomRomania\/\" \/>\n<meta property=\"article:published_time\" content=\"2012-11-26T15:57:43+00:00\" \/>\n<meta property=\"article:modified_time\" content=\"2020-11-10T08:40:24+00:00\" \/>\n<meta property=\"og:image\" content=\"https:\/\/www.autonom.ro\/blog\/wp-content\/uploads\/2013\/06\/cifre_Autonom.jpg\" \/>\n\t<meta property=\"og:image:width\" content=\"635\" \/>\n\t<meta property=\"og:image:height\" content=\"605\" \/>\n\t<meta property=\"og:image:type\" content=\"image\/jpeg\" \/>\n<meta name=\"author\" content=\"Autonom\" \/>\n<meta name=\"twitter:card\" content=\"summary_large_image\" \/>\n<meta name=\"twitter:label1\" content=\"Scris de\" \/>\n\t<meta name=\"twitter:data1\" content=\"Autonom\" \/>\n\t<meta name=\"twitter:label2\" content=\"Timp estimat pentru citire\" \/>\n\t<meta name=\"twitter:data2\" content=\"1 minut\" \/>\n<script type=\"application\/ld+json\" class=\"yoast-schema-graph\">{\"@context\":\"https:\\\/\\\/schema.org\",\"@graph\":[{\"@type\":\"Article\",\"@id\":\"https:\\\/\\\/www.autonom.ro\\\/blog\\\/imprevizibilul-este-mediul-potrivit-pentru-cineva-care-vrea-sa-razbata-pe-cont-propriu\\\/#article\",\"isPartOf\":{\"@id\":\"https:\\\/\\\/www.autonom.ro\\\/blog\\\/imprevizibilul-este-mediul-potrivit-pentru-cineva-care-vrea-sa-razbata-pe-cont-propriu\\\/\"},\"author\":{\"name\":\"Autonom\",\"@id\":\"https:\\\/\\\/www.autonom.ro\\\/blog\\\/#\\\/schema\\\/person\\\/ea5961c2ebc8070c672571e6d52b8a78\"},\"headline\":\"\u201eImprevizibilul este mediul potrivit pentru cineva care vrea s\u0103 r\u0103zbat\u0103 pe cont propriu&#8221;\",\"datePublished\":\"2012-11-26T15:57:43+00:00\",\"dateModified\":\"2020-11-10T08:40:24+00:00\",\"mainEntityOfPage\":{\"@id\":\"https:\\\/\\\/www.autonom.ro\\\/blog\\\/imprevizibilul-este-mediul-potrivit-pentru-cineva-care-vrea-sa-razbata-pe-cont-propriu\\\/\"},\"wordCount\":193,\"commentCount\":0,\"publisher\":{\"@id\":\"https:\\\/\\\/www.autonom.ro\\\/blog\\\/#organization\"},\"image\":{\"@id\":\"https:\\\/\\\/www.autonom.ro\\\/blog\\\/imprevizibilul-este-mediul-potrivit-pentru-cineva-care-vrea-sa-razbata-pe-cont-propriu\\\/#primaryimage\"},\"thumbnailUrl\":\"https:\\\/\\\/www.autonom.ro\\\/blog\\\/wp-content\\\/uploads\\\/2013\\\/06\\\/cifre_Autonom.jpg\",\"articleSection\":[\"Noutati Autonom\"],\"inLanguage\":\"ro-RO\"},{\"@type\":\"WebPage\",\"@id\":\"https:\\\/\\\/www.autonom.ro\\\/blog\\\/imprevizibilul-este-mediul-potrivit-pentru-cineva-care-vrea-sa-razbata-pe-cont-propriu\\\/\",\"url\":\"https:\\\/\\\/www.autonom.ro\\\/blog\\\/imprevizibilul-este-mediul-potrivit-pentru-cineva-care-vrea-sa-razbata-pe-cont-propriu\\\/\",\"name\":\"\u201eImprevizibilul este mediul potrivit pentru cineva care vrea s\u0103 r\u0103zbat\u0103 pe cont propriu\\\" - Blog Autonom\",\"isPartOf\":{\"@id\":\"https:\\\/\\\/www.autonom.ro\\\/blog\\\/#website\"},\"primaryImageOfPage\":{\"@id\":\"https:\\\/\\\/www.autonom.ro\\\/blog\\\/imprevizibilul-este-mediul-potrivit-pentru-cineva-care-vrea-sa-razbata-pe-cont-propriu\\\/#primaryimage\"},\"image\":{\"@id\":\"https:\\\/\\\/www.autonom.ro\\\/blog\\\/imprevizibilul-este-mediul-potrivit-pentru-cineva-care-vrea-sa-razbata-pe-cont-propriu\\\/#primaryimage\"},\"thumbnailUrl\":\"https:\\\/\\\/www.autonom.ro\\\/blog\\\/wp-content\\\/uploads\\\/2013\\\/06\\\/cifre_Autonom.jpg\",\"datePublished\":\"2012-11-26T15:57:43+00:00\",\"dateModified\":\"2020-11-10T08:40:24+00:00\",\"breadcrumb\":{\"@id\":\"https:\\\/\\\/www.autonom.ro\\\/blog\\\/imprevizibilul-este-mediul-potrivit-pentru-cineva-care-vrea-sa-razbata-pe-cont-propriu\\\/#breadcrumb\"},\"inLanguage\":\"ro-RO\",\"potentialAction\":[{\"@type\":\"ReadAction\",\"target\":[\"https:\\\/\\\/www.autonom.ro\\\/blog\\\/imprevizibilul-este-mediul-potrivit-pentru-cineva-care-vrea-sa-razbata-pe-cont-propriu\\\/\"]}]},{\"@type\":\"ImageObject\",\"inLanguage\":\"ro-RO\",\"@id\":\"https:\\\/\\\/www.autonom.ro\\\/blog\\\/imprevizibilul-este-mediul-potrivit-pentru-cineva-care-vrea-sa-razbata-pe-cont-propriu\\\/#primaryimage\",\"url\":\"https:\\\/\\\/www.autonom.ro\\\/blog\\\/wp-content\\\/uploads\\\/2013\\\/06\\\/cifre_Autonom.jpg\",\"contentUrl\":\"https:\\\/\\\/www.autonom.ro\\\/blog\\\/wp-content\\\/uploads\\\/2013\\\/06\\\/cifre_Autonom.jpg\",\"width\":635,\"height\":605},{\"@type\":\"BreadcrumbList\",\"@id\":\"https:\\\/\\\/www.autonom.ro\\\/blog\\\/imprevizibilul-este-mediul-potrivit-pentru-cineva-care-vrea-sa-razbata-pe-cont-propriu\\\/#breadcrumb\",\"itemListElement\":[{\"@type\":\"ListItem\",\"position\":1,\"name\":\"Prima pagin\u0103\",\"item\":\"https:\\\/\\\/www.autonom.ro\\\/blog\\\/\"},{\"@type\":\"ListItem\",\"position\":2,\"name\":\"\u201eImprevizibilul este mediul potrivit pentru cineva care vrea s\u0103 r\u0103zbat\u0103 pe cont propriu&#8221;\"}]},{\"@type\":\"WebSite\",\"@id\":\"https:\\\/\\\/www.autonom.ro\\\/blog\\\/#website\",\"url\":\"https:\\\/\\\/www.autonom.ro\\\/blog\\\/\",\"name\":\"Blog Autonom\",\"description\":\"\",\"publisher\":{\"@id\":\"https:\\\/\\\/www.autonom.ro\\\/blog\\\/#organization\"},\"potentialAction\":[{\"@type\":\"SearchAction\",\"target\":{\"@type\":\"EntryPoint\",\"urlTemplate\":\"https:\\\/\\\/www.autonom.ro\\\/blog\\\/?s={search_term_string}\"},\"query-input\":{\"@type\":\"PropertyValueSpecification\",\"valueRequired\":true,\"valueName\":\"search_term_string\"}}],\"inLanguage\":\"ro-RO\"},{\"@type\":\"Organization\",\"@id\":\"https:\\\/\\\/www.autonom.ro\\\/blog\\\/#organization\",\"name\":\"Blog Autonom\",\"url\":\"https:\\\/\\\/www.autonom.ro\\\/blog\\\/\",\"logo\":{\"@type\":\"ImageObject\",\"inLanguage\":\"ro-RO\",\"@id\":\"https:\\\/\\\/www.autonom.ro\\\/blog\\\/#\\\/schema\\\/logo\\\/image\\\/\",\"url\":\"https:\\\/\\\/www.autonom.ro\\\/blog\\\/wp-content\\\/uploads\\\/2020\\\/10\\\/cropped-Autonom_Corporate-Logo-Color-Orizontal-RGB.png\",\"contentUrl\":\"https:\\\/\\\/www.autonom.ro\\\/blog\\\/wp-content\\\/uploads\\\/2020\\\/10\\\/cropped-Autonom_Corporate-Logo-Color-Orizontal-RGB.png\",\"width\":724,\"height\":250,\"caption\":\"Blog Autonom\"},\"image\":{\"@id\":\"https:\\\/\\\/www.autonom.ro\\\/blog\\\/#\\\/schema\\\/logo\\\/image\\\/\"},\"sameAs\":[\"https:\\\/\\\/www.facebook.com\\\/AutonomRomania\\\/\",\"http:\\\/\\\/www.instagram.com\\\/autonom.romania\\\/\",\"https:\\\/\\\/www.linkedin.com\\\/company\\\/autonom-rent-a-car\"]},{\"@type\":\"Person\",\"@id\":\"https:\\\/\\\/www.autonom.ro\\\/blog\\\/#\\\/schema\\\/person\\\/ea5961c2ebc8070c672571e6d52b8a78\",\"name\":\"Autonom\",\"image\":{\"@type\":\"ImageObject\",\"inLanguage\":\"ro-RO\",\"@id\":\"https:\\\/\\\/secure.gravatar.com\\\/avatar\\\/bd0293e675420709298b7e1b87e42729832f151e0bf4555fdbb0e351104e17ba?s=96&d=mm&r=g\",\"url\":\"https:\\\/\\\/secure.gravatar.com\\\/avatar\\\/bd0293e675420709298b7e1b87e42729832f151e0bf4555fdbb0e351104e17ba?s=96&d=mm&r=g\",\"contentUrl\":\"https:\\\/\\\/secure.gravatar.com\\\/avatar\\\/bd0293e675420709298b7e1b87e42729832f151e0bf4555fdbb0e351104e17ba?s=96&d=mm&r=g\",\"caption\":\"Autonom\"},\"url\":\"https:\\\/\\\/www.autonom.ro\\\/blog\\\/author\\\/autonom\\\/\"}]}<\/script>\n<!-- \/ Yoast SEO plugin. -->","yoast_head_json":{"title":"\u201eImprevizibilul este mediul potrivit pentru cineva care vrea s\u0103 r\u0103zbat\u0103 pe cont propriu\" - Blog Autonom","robots":{"index":"index","follow":"follow","max-snippet":"max-snippet:-1","max-image-preview":"max-image-preview:large","max-video-preview":"max-video-preview:-1"},"canonical":"https:\/\/www.autonom.ro\/blog\/imprevizibilul-este-mediul-potrivit-pentru-cineva-care-vrea-sa-razbata-pe-cont-propriu\/","og_locale":"ro_RO","og_type":"article","og_title":"\u201eImprevizibilul este mediul potrivit pentru cineva care vrea s\u0103 r\u0103zbat\u0103 pe cont propriu\" - Blog Autonom","og_description":"Ziarul Financiar ne-a dedicat un articol privind potentialul de dezvoltare a unei afaceri &#8211; in speta, a noastra \ud83d\ude42 &#8211; pe piata din Romania. Dupa cum deja stiti, fratii Marius si Dan Stefan au revenit in tara si au fondat Autonom Rent a Car dupa ce studiasera la universitati prestigioase din SUA si respectiv Franta. [&hellip;]","og_url":"https:\/\/www.autonom.ro\/blog\/imprevizibilul-este-mediul-potrivit-pentru-cineva-care-vrea-sa-razbata-pe-cont-propriu\/","og_site_name":"Blog Autonom","article_publisher":"https:\/\/www.facebook.com\/AutonomRomania\/","article_published_time":"2012-11-26T15:57:43+00:00","article_modified_time":"2020-11-10T08:40:24+00:00","og_image":[{"width":635,"height":605,"url":"https:\/\/www.autonom.ro\/blog\/wp-content\/uploads\/2013\/06\/cifre_Autonom.jpg","type":"image\/jpeg"}],"author":"Autonom","twitter_card":"summary_large_image","twitter_misc":{"Scris de":"Autonom","Timp estimat pentru citire":"1 minut"},"schema":{"@context":"https:\/\/schema.org","@graph":[{"@type":"Article","@id":"https:\/\/www.autonom.ro\/blog\/imprevizibilul-este-mediul-potrivit-pentru-cineva-care-vrea-sa-razbata-pe-cont-propriu\/#article","isPartOf":{"@id":"https:\/\/www.autonom.ro\/blog\/imprevizibilul-este-mediul-potrivit-pentru-cineva-care-vrea-sa-razbata-pe-cont-propriu\/"},"author":{"name":"Autonom","@id":"https:\/\/www.autonom.ro\/blog\/#\/schema\/person\/ea5961c2ebc8070c672571e6d52b8a78"},"headline":"\u201eImprevizibilul este mediul potrivit pentru cineva care vrea s\u0103 r\u0103zbat\u0103 pe cont propriu&#8221;","datePublished":"2012-11-26T15:57:43+00:00","dateModified":"2020-11-10T08:40:24+00:00","mainEntityOfPage":{"@id":"https:\/\/www.autonom.ro\/blog\/imprevizibilul-este-mediul-potrivit-pentru-cineva-care-vrea-sa-razbata-pe-cont-propriu\/"},"wordCount":193,"commentCount":0,"publisher":{"@id":"https:\/\/www.autonom.ro\/blog\/#organization"},"image":{"@id":"https:\/\/www.autonom.ro\/blog\/imprevizibilul-este-mediul-potrivit-pentru-cineva-care-vrea-sa-razbata-pe-cont-propriu\/#primaryimage"},"thumbnailUrl":"https:\/\/www.autonom.ro\/blog\/wp-content\/uploads\/2013\/06\/cifre_Autonom.jpg","articleSection":["Noutati Autonom"],"inLanguage":"ro-RO"},{"@type":"WebPage","@id":"https:\/\/www.autonom.ro\/blog\/imprevizibilul-este-mediul-potrivit-pentru-cineva-care-vrea-sa-razbata-pe-cont-propriu\/","url":"https:\/\/www.autonom.ro\/blog\/imprevizibilul-este-mediul-potrivit-pentru-cineva-care-vrea-sa-razbata-pe-cont-propriu\/","name":"\u201eImprevizibilul este mediul potrivit pentru cineva care vrea s\u0103 r\u0103zbat\u0103 pe cont propriu\" - Blog Autonom","isPartOf":{"@id":"https:\/\/www.autonom.ro\/blog\/#website"},"primaryImageOfPage":{"@id":"https:\/\/www.autonom.ro\/blog\/imprevizibilul-este-mediul-potrivit-pentru-cineva-care-vrea-sa-razbata-pe-cont-propriu\/#primaryimage"},"image":{"@id":"https:\/\/www.autonom.ro\/blog\/imprevizibilul-este-mediul-potrivit-pentru-cineva-care-vrea-sa-razbata-pe-cont-propriu\/#primaryimage"},"thumbnailUrl":"https:\/\/www.autonom.ro\/blog\/wp-content\/uploads\/2013\/06\/cifre_Autonom.jpg","datePublished":"2012-11-26T15:57:43+00:00","dateModified":"2020-11-10T08:40:24+00:00","breadcrumb":{"@id":"https:\/\/www.autonom.ro\/blog\/imprevizibilul-este-mediul-potrivit-pentru-cineva-care-vrea-sa-razbata-pe-cont-propriu\/#breadcrumb"},"inLanguage":"ro-RO","potentialAction":[{"@type":"ReadAction","target":["https:\/\/www.autonom.ro\/blog\/imprevizibilul-este-mediul-potrivit-pentru-cineva-care-vrea-sa-razbata-pe-cont-propriu\/"]}]},{"@type":"ImageObject","inLanguage":"ro-RO","@id":"https:\/\/www.autonom.ro\/blog\/imprevizibilul-este-mediul-potrivit-pentru-cineva-care-vrea-sa-razbata-pe-cont-propriu\/#primaryimage","url":"https:\/\/www.autonom.ro\/blog\/wp-content\/uploads\/2013\/06\/cifre_Autonom.jpg","contentUrl":"https:\/\/www.autonom.ro\/blog\/wp-content\/uploads\/2013\/06\/cifre_Autonom.jpg","width":635,"height":605},{"@type":"BreadcrumbList","@id":"https:\/\/www.autonom.ro\/blog\/imprevizibilul-este-mediul-potrivit-pentru-cineva-care-vrea-sa-razbata-pe-cont-propriu\/#breadcrumb","itemListElement":[{"@type":"ListItem","position":1,"name":"Prima pagin\u0103","item":"https:\/\/www.autonom.ro\/blog\/"},{"@type":"ListItem","position":2,"name":"\u201eImprevizibilul este mediul potrivit pentru cineva care vrea s\u0103 r\u0103zbat\u0103 pe cont propriu&#8221;"}]},{"@type":"WebSite","@id":"https:\/\/www.autonom.ro\/blog\/#website","url":"https:\/\/www.autonom.ro\/blog\/","name":"Blog Autonom","description":"","publisher":{"@id":"https:\/\/www.autonom.ro\/blog\/#organization"},"potentialAction":[{"@type":"SearchAction","target":{"@type":"EntryPoint","urlTemplate":"https:\/\/www.autonom.ro\/blog\/?s={search_term_string}"},"query-input":{"@type":"PropertyValueSpecification","valueRequired":true,"valueName":"search_term_string"}}],"inLanguage":"ro-RO"},{"@type":"Organization","@id":"https:\/\/www.autonom.ro\/blog\/#organization","name":"Blog Autonom","url":"https:\/\/www.autonom.ro\/blog\/","logo":{"@type":"ImageObject","inLanguage":"ro-RO","@id":"https:\/\/www.autonom.ro\/blog\/#\/schema\/logo\/image\/","url":"https:\/\/www.autonom.ro\/blog\/wp-content\/uploads\/2020\/10\/cropped-Autonom_Corporate-Logo-Color-Orizontal-RGB.png","contentUrl":"https:\/\/www.autonom.ro\/blog\/wp-content\/uploads\/2020\/10\/cropped-Autonom_Corporate-Logo-Color-Orizontal-RGB.png","width":724,"height":250,"caption":"Blog Autonom"},"image":{"@id":"https:\/\/www.autonom.ro\/blog\/#\/schema\/logo\/image\/"},"sameAs":["https:\/\/www.facebook.com\/AutonomRomania\/","http:\/\/www.instagram.com\/autonom.romania\/","https:\/\/www.linkedin.com\/company\/autonom-rent-a-car"]},{"@type":"Person","@id":"https:\/\/www.autonom.ro\/blog\/#\/schema\/person\/ea5961c2ebc8070c672571e6d52b8a78","name":"Autonom","image":{"@type":"ImageObject","inLanguage":"ro-RO","@id":"https:\/\/secure.gravatar.com\/avatar\/bd0293e675420709298b7e1b87e42729832f151e0bf4555fdbb0e351104e17ba?s=96&d=mm&r=g","url":"https:\/\/secure.gravatar.com\/avatar\/bd0293e675420709298b7e1b87e42729832f151e0bf4555fdbb0e351104e17ba?s=96&d=mm&r=g","contentUrl":"https:\/\/secure.gravatar.com\/avatar\/bd0293e675420709298b7e1b87e42729832f151e0bf4555fdbb0e351104e17ba?s=96&d=mm&r=g","caption":"Autonom"},"url":"https:\/\/www.autonom.ro\/blog\/author\/autonom\/"}]}},"_links":{"self":[{"href":"https:\/\/www.autonom.ro\/blog\/wp-json\/wp\/v2\/posts\/1664","targetHints":{"allow":["GET"]}}],"collection":[{"href":"https:\/\/www.autonom.ro\/blog\/wp-json\/wp\/v2\/posts"}],"about":[{"href":"https:\/\/www.autonom.ro\/blog\/wp-json\/wp\/v2\/types\/post"}],"author":[{"embeddable":true,"href":"https:\/\/www.autonom.ro\/blog\/wp-json\/wp\/v2\/users\/2"}],"replies":[{"embeddable":true,"href":"https:\/\/www.autonom.ro\/blog\/wp-json\/wp\/v2\/comments?post=1664"}],"version-history":[{"count":2,"href":"https:\/\/www.autonom.ro\/blog\/wp-json\/wp\/v2\/posts\/1664\/revisions"}],"predecessor-version":[{"id":5552,"href":"https:\/\/www.autonom.ro\/blog\/wp-json\/wp\/v2\/posts\/1664\/revisions\/5552"}],"wp:featuredmedia":[{"embeddable":true,"href":"https:\/\/www.autonom.ro\/blog\/wp-json\/wp\/v2\/media\/1665"}],"wp:attachment":[{"href":"https:\/\/www.autonom.ro\/blog\/wp-json\/wp\/v2\/media?parent=1664"}],"wp:term":[{"taxonomy":"category","embeddable":true,"href":"https:\/\/www.autonom.ro\/blog\/wp-json\/wp\/v2\/categories?post=1664"},{"taxonomy":"post_tag","embeddable":true,"href":"https:\/\/www.autonom.ro\/blog\/wp-json\/wp\/v2\/tags?post=1664"}],"curies":[{"name":"wp","href":"https:\/\/api.w.org\/{rel}","templated":true}]}}