{"id":2821,"date":"2014-09-15T09:39:34","date_gmt":"2014-09-15T06:39:34","guid":{"rendered":"http:\/\/www.autonom.ro\/blog\/?p=2821"},"modified":"2020-11-10T10:38:39","modified_gmt":"2020-11-10T10:38:39","slug":"marius-stefan-manager-autonom-la-zf-live","status":"publish","type":"post","link":"https:\/\/www.autonom.ro\/blog\/marius-stefan-manager-autonom-la-zf-live\/","title":{"rendered":"Marius Stefan, manager Autonom, la ZF Live"},"content":{"rendered":"\n<p>Luni, 15 septembrie, de la ora 12:30, Marius Stefan, manager <a href=\"http:\/\/www.autonom.ro\">Autonom Rent a Car<\/a>, va dezvalui la\u00a0ZF Live\u00a0secretele propriei afaceri, care a crescut in doar cativa ani de la o singura agentie si cativa angajati in Piatra Neamt la acoperire nationala (37 de centre\u00a0\u00a0in 24 de orase ale tarii), un parc auto de peste 2000 de autoturisme noi si o cifra de afaceri de milioane de euro anual.<\/p>\n\n\n\n<p>Daca v-am starnit curiozitatea, va invitam sa il urmariti pe Marius <strong><a title=\"Marius Stefan, manager Autonom Rent a Car, la ZF Live\" href=\"http:\/\/www.zf.ro\/zf-live\/video-zf-live-a-pornit-de-la-3-masini-in-2005-si-a-ajuns-la-un-parc-auto-de-peste-2-000-de-automobile-pe-care-le-inchiriaza-13270604\" target=\"_blank\" rel=\"noopener noreferrer\">aici<\/a><\/strong>.<\/p>\n\n\n\n<p><strong>UPDATE:&nbsp;<\/strong><\/p>\n\n\n\n<p><em>\u201d\u00cen primii ani a fost o cre\u015ftere exponen\u0163ial\u0103. Este un business care are nevoie de puternice investi\u0163ii, pentru c\u0103 este bazat pe ni\u015fte active. La \u00eenceput nu ai cum s\u0103 ai cre\u015fteri doar din profit, dar s\u0103 venim \u015fi cu surse proprii. C\u00e2nd a venit criza, am \u00eenghe\u0163at salariile, am \u00eenceput s\u0103 vindem din ma\u015fini. Cea mai important\u0103 schimbare a fost la clien\u0163i: aveam 80% persoane fizice, dar \u015fi 20% companii [&#8230;] \u201dAvem o cifr\u0103 de afacere estimat\u0103 pentru acest an de 12 milioane de euro. Anul trecut am avut 10,5 milioane de euro. \u00cen ultimii trei ani am avut cre\u015ftere de peste 50%\u201d<\/em>, a declarat la ZF Live&nbsp;Marius \u015etefan.<\/p>\n\n\n\n<div class=\"wp-block-image\"><figure class=\"aligncenter\"><a href=\"https:\/\/www.autonom.ro\/blog\/wp-content\/uploads\/2014\/09\/MariusStefanZFLive.jpg\"><img loading=\"lazy\" decoding=\"async\" width=\"637\" height=\"327\" src=\"https:\/\/www.autonom.ro\/blog\/wp-content\/uploads\/2014\/09\/MariusStefanZFLive.jpg\" alt=\"MariusStefanZFLive\" class=\"wp-image-2846\" srcset=\"https:\/\/www.autonom.ro\/blog\/wp-content\/uploads\/2014\/09\/MariusStefanZFLive.jpg 637w, https:\/\/www.autonom.ro\/blog\/wp-content\/uploads\/2014\/09\/MariusStefanZFLive-300x154.jpg 300w\" sizes=\"auto, (max-width: 637px) 100vw, 637px\" \/><\/a><\/figure><\/div>\n","protected":false},"excerpt":{"rendered":"<p>Luni, 15 septembrie, de la ora 12:30, Marius Stefan, manager Autonom Rent a Car, va dezvalui la\u00a0ZF Live\u00a0secretele propriei afaceri, care a crescut in doar cativa ani de la o singura agentie si cativa angajati in Piatra Neamt la acoperire nationala (37 de centre\u00a0\u00a0in 24 de orase ale tarii), un parc auto de peste 2000 [&hellip;]<\/p>\n","protected":false},"author":2,"featured_media":2846,"comment_status":"open","ping_status":"open","sticky":false,"template":"","format":"standard","meta":{"inline_featured_image":false,"footnotes":""},"categories":[1908],"tags":[],"class_list":["post-2821","post","type-post","status-publish","format-standard","has-post-thumbnail","hentry","category-autonom-news"],"yoast_head":"<!-- This site is optimized with the Yoast SEO plugin v27.3 - https:\/\/yoast.com\/product\/yoast-seo-wordpress\/ -->\n<title>Marius Stefan, manager Autonom, la ZF Live - Blog Autonom<\/title>\n<meta name=\"robots\" content=\"index, follow, max-snippet:-1, max-image-preview:large, max-video-preview:-1\" \/>\n<link rel=\"canonical\" href=\"https:\/\/www.autonom.ro\/blog\/marius-stefan-manager-autonom-la-zf-live\/\" \/>\n<meta property=\"og:locale\" content=\"ro_RO\" \/>\n<meta property=\"og:type\" content=\"article\" \/>\n<meta property=\"og:title\" content=\"Marius Stefan, manager Autonom, la ZF Live - Blog Autonom\" \/>\n<meta property=\"og:description\" content=\"Luni, 15 septembrie, de la ora 12:30, Marius Stefan, manager Autonom Rent a Car, va dezvalui la\u00a0ZF Live\u00a0secretele propriei afaceri, care a crescut in doar cativa ani de la o singura agentie si cativa angajati in Piatra Neamt la acoperire nationala (37 de centre\u00a0\u00a0in 24 de orase ale tarii), un parc auto de peste 2000 [&hellip;]\" \/>\n<meta property=\"og:url\" content=\"https:\/\/www.autonom.ro\/blog\/marius-stefan-manager-autonom-la-zf-live\/\" \/>\n<meta property=\"og:site_name\" content=\"Blog Autonom\" \/>\n<meta property=\"article:publisher\" content=\"https:\/\/www.facebook.com\/AutonomRomania\/\" \/>\n<meta property=\"article:published_time\" content=\"2014-09-15T06:39:34+00:00\" \/>\n<meta property=\"article:modified_time\" content=\"2020-11-10T10:38:39+00:00\" \/>\n<meta property=\"og:image\" content=\"https:\/\/www.autonom.ro\/blog\/wp-content\/uploads\/2014\/09\/MariusStefanZFLive.jpg\" \/>\n\t<meta property=\"og:image:width\" content=\"637\" \/>\n\t<meta property=\"og:image:height\" content=\"327\" \/>\n\t<meta property=\"og:image:type\" content=\"image\/jpeg\" \/>\n<meta name=\"author\" content=\"Autonom\" \/>\n<meta name=\"twitter:card\" content=\"summary_large_image\" \/>\n<meta name=\"twitter:label1\" content=\"Scris de\" \/>\n\t<meta name=\"twitter:data1\" content=\"Autonom\" \/>\n\t<meta name=\"twitter:label2\" content=\"Timp estimat pentru citire\" \/>\n\t<meta name=\"twitter:data2\" content=\"1 minut\" \/>\n<script type=\"application\/ld+json\" class=\"yoast-schema-graph\">{\"@context\":\"https:\\\/\\\/schema.org\",\"@graph\":[{\"@type\":\"Article\",\"@id\":\"https:\\\/\\\/www.autonom.ro\\\/blog\\\/marius-stefan-manager-autonom-la-zf-live\\\/#article\",\"isPartOf\":{\"@id\":\"https:\\\/\\\/www.autonom.ro\\\/blog\\\/marius-stefan-manager-autonom-la-zf-live\\\/\"},\"author\":{\"name\":\"Autonom\",\"@id\":\"https:\\\/\\\/www.autonom.ro\\\/blog\\\/#\\\/schema\\\/person\\\/ea5961c2ebc8070c672571e6d52b8a78\"},\"headline\":\"Marius Stefan, manager Autonom, la ZF Live\",\"datePublished\":\"2014-09-15T06:39:34+00:00\",\"dateModified\":\"2020-11-10T10:38:39+00:00\",\"mainEntityOfPage\":{\"@id\":\"https:\\\/\\\/www.autonom.ro\\\/blog\\\/marius-stefan-manager-autonom-la-zf-live\\\/\"},\"wordCount\":203,\"commentCount\":0,\"publisher\":{\"@id\":\"https:\\\/\\\/www.autonom.ro\\\/blog\\\/#organization\"},\"image\":{\"@id\":\"https:\\\/\\\/www.autonom.ro\\\/blog\\\/marius-stefan-manager-autonom-la-zf-live\\\/#primaryimage\"},\"thumbnailUrl\":\"https:\\\/\\\/www.autonom.ro\\\/blog\\\/wp-content\\\/uploads\\\/2014\\\/09\\\/MariusStefanZFLive.jpg\",\"articleSection\":[\"Noutati Autonom\"],\"inLanguage\":\"ro-RO\"},{\"@type\":\"WebPage\",\"@id\":\"https:\\\/\\\/www.autonom.ro\\\/blog\\\/marius-stefan-manager-autonom-la-zf-live\\\/\",\"url\":\"https:\\\/\\\/www.autonom.ro\\\/blog\\\/marius-stefan-manager-autonom-la-zf-live\\\/\",\"name\":\"Marius Stefan, manager Autonom, la ZF Live - Blog Autonom\",\"isPartOf\":{\"@id\":\"https:\\\/\\\/www.autonom.ro\\\/blog\\\/#website\"},\"primaryImageOfPage\":{\"@id\":\"https:\\\/\\\/www.autonom.ro\\\/blog\\\/marius-stefan-manager-autonom-la-zf-live\\\/#primaryimage\"},\"image\":{\"@id\":\"https:\\\/\\\/www.autonom.ro\\\/blog\\\/marius-stefan-manager-autonom-la-zf-live\\\/#primaryimage\"},\"thumbnailUrl\":\"https:\\\/\\\/www.autonom.ro\\\/blog\\\/wp-content\\\/uploads\\\/2014\\\/09\\\/MariusStefanZFLive.jpg\",\"datePublished\":\"2014-09-15T06:39:34+00:00\",\"dateModified\":\"2020-11-10T10:38:39+00:00\",\"breadcrumb\":{\"@id\":\"https:\\\/\\\/www.autonom.ro\\\/blog\\\/marius-stefan-manager-autonom-la-zf-live\\\/#breadcrumb\"},\"inLanguage\":\"ro-RO\",\"potentialAction\":[{\"@type\":\"ReadAction\",\"target\":[\"https:\\\/\\\/www.autonom.ro\\\/blog\\\/marius-stefan-manager-autonom-la-zf-live\\\/\"]}]},{\"@type\":\"ImageObject\",\"inLanguage\":\"ro-RO\",\"@id\":\"https:\\\/\\\/www.autonom.ro\\\/blog\\\/marius-stefan-manager-autonom-la-zf-live\\\/#primaryimage\",\"url\":\"https:\\\/\\\/www.autonom.ro\\\/blog\\\/wp-content\\\/uploads\\\/2014\\\/09\\\/MariusStefanZFLive.jpg\",\"contentUrl\":\"https:\\\/\\\/www.autonom.ro\\\/blog\\\/wp-content\\\/uploads\\\/2014\\\/09\\\/MariusStefanZFLive.jpg\",\"width\":637,\"height\":327},{\"@type\":\"BreadcrumbList\",\"@id\":\"https:\\\/\\\/www.autonom.ro\\\/blog\\\/marius-stefan-manager-autonom-la-zf-live\\\/#breadcrumb\",\"itemListElement\":[{\"@type\":\"ListItem\",\"position\":1,\"name\":\"Prima pagin\u0103\",\"item\":\"https:\\\/\\\/www.autonom.ro\\\/blog\\\/\"},{\"@type\":\"ListItem\",\"position\":2,\"name\":\"Marius Stefan, manager Autonom, la ZF Live\"}]},{\"@type\":\"WebSite\",\"@id\":\"https:\\\/\\\/www.autonom.ro\\\/blog\\\/#website\",\"url\":\"https:\\\/\\\/www.autonom.ro\\\/blog\\\/\",\"name\":\"Blog Autonom\",\"description\":\"\",\"publisher\":{\"@id\":\"https:\\\/\\\/www.autonom.ro\\\/blog\\\/#organization\"},\"potentialAction\":[{\"@type\":\"SearchAction\",\"target\":{\"@type\":\"EntryPoint\",\"urlTemplate\":\"https:\\\/\\\/www.autonom.ro\\\/blog\\\/?s={search_term_string}\"},\"query-input\":{\"@type\":\"PropertyValueSpecification\",\"valueRequired\":true,\"valueName\":\"search_term_string\"}}],\"inLanguage\":\"ro-RO\"},{\"@type\":\"Organization\",\"@id\":\"https:\\\/\\\/www.autonom.ro\\\/blog\\\/#organization\",\"name\":\"Blog Autonom\",\"url\":\"https:\\\/\\\/www.autonom.ro\\\/blog\\\/\",\"logo\":{\"@type\":\"ImageObject\",\"inLanguage\":\"ro-RO\",\"@id\":\"https:\\\/\\\/www.autonom.ro\\\/blog\\\/#\\\/schema\\\/logo\\\/image\\\/\",\"url\":\"https:\\\/\\\/www.autonom.ro\\\/blog\\\/wp-content\\\/uploads\\\/2020\\\/10\\\/cropped-Autonom_Corporate-Logo-Color-Orizontal-RGB.png\",\"contentUrl\":\"https:\\\/\\\/www.autonom.ro\\\/blog\\\/wp-content\\\/uploads\\\/2020\\\/10\\\/cropped-Autonom_Corporate-Logo-Color-Orizontal-RGB.png\",\"width\":724,\"height\":250,\"caption\":\"Blog Autonom\"},\"image\":{\"@id\":\"https:\\\/\\\/www.autonom.ro\\\/blog\\\/#\\\/schema\\\/logo\\\/image\\\/\"},\"sameAs\":[\"https:\\\/\\\/www.facebook.com\\\/AutonomRomania\\\/\",\"http:\\\/\\\/www.instagram.com\\\/autonom.romania\\\/\",\"https:\\\/\\\/www.linkedin.com\\\/company\\\/autonom-rent-a-car\"]},{\"@type\":\"Person\",\"@id\":\"https:\\\/\\\/www.autonom.ro\\\/blog\\\/#\\\/schema\\\/person\\\/ea5961c2ebc8070c672571e6d52b8a78\",\"name\":\"Autonom\",\"image\":{\"@type\":\"ImageObject\",\"inLanguage\":\"ro-RO\",\"@id\":\"https:\\\/\\\/secure.gravatar.com\\\/avatar\\\/bd0293e675420709298b7e1b87e42729832f151e0bf4555fdbb0e351104e17ba?s=96&d=mm&r=g\",\"url\":\"https:\\\/\\\/secure.gravatar.com\\\/avatar\\\/bd0293e675420709298b7e1b87e42729832f151e0bf4555fdbb0e351104e17ba?s=96&d=mm&r=g\",\"contentUrl\":\"https:\\\/\\\/secure.gravatar.com\\\/avatar\\\/bd0293e675420709298b7e1b87e42729832f151e0bf4555fdbb0e351104e17ba?s=96&d=mm&r=g\",\"caption\":\"Autonom\"},\"url\":\"https:\\\/\\\/www.autonom.ro\\\/blog\\\/author\\\/autonom\\\/\"}]}<\/script>\n<!-- \/ Yoast SEO plugin. -->","yoast_head_json":{"title":"Marius Stefan, manager Autonom, la ZF Live - Blog Autonom","robots":{"index":"index","follow":"follow","max-snippet":"max-snippet:-1","max-image-preview":"max-image-preview:large","max-video-preview":"max-video-preview:-1"},"canonical":"https:\/\/www.autonom.ro\/blog\/marius-stefan-manager-autonom-la-zf-live\/","og_locale":"ro_RO","og_type":"article","og_title":"Marius Stefan, manager Autonom, la ZF Live - Blog Autonom","og_description":"Luni, 15 septembrie, de la ora 12:30, Marius Stefan, manager Autonom Rent a Car, va dezvalui la\u00a0ZF Live\u00a0secretele propriei afaceri, care a crescut in doar cativa ani de la o singura agentie si cativa angajati in Piatra Neamt la acoperire nationala (37 de centre\u00a0\u00a0in 24 de orase ale tarii), un parc auto de peste 2000 [&hellip;]","og_url":"https:\/\/www.autonom.ro\/blog\/marius-stefan-manager-autonom-la-zf-live\/","og_site_name":"Blog Autonom","article_publisher":"https:\/\/www.facebook.com\/AutonomRomania\/","article_published_time":"2014-09-15T06:39:34+00:00","article_modified_time":"2020-11-10T10:38:39+00:00","og_image":[{"width":637,"height":327,"url":"https:\/\/www.autonom.ro\/blog\/wp-content\/uploads\/2014\/09\/MariusStefanZFLive.jpg","type":"image\/jpeg"}],"author":"Autonom","twitter_card":"summary_large_image","twitter_misc":{"Scris de":"Autonom","Timp estimat pentru citire":"1 minut"},"schema":{"@context":"https:\/\/schema.org","@graph":[{"@type":"Article","@id":"https:\/\/www.autonom.ro\/blog\/marius-stefan-manager-autonom-la-zf-live\/#article","isPartOf":{"@id":"https:\/\/www.autonom.ro\/blog\/marius-stefan-manager-autonom-la-zf-live\/"},"author":{"name":"Autonom","@id":"https:\/\/www.autonom.ro\/blog\/#\/schema\/person\/ea5961c2ebc8070c672571e6d52b8a78"},"headline":"Marius Stefan, manager Autonom, la ZF Live","datePublished":"2014-09-15T06:39:34+00:00","dateModified":"2020-11-10T10:38:39+00:00","mainEntityOfPage":{"@id":"https:\/\/www.autonom.ro\/blog\/marius-stefan-manager-autonom-la-zf-live\/"},"wordCount":203,"commentCount":0,"publisher":{"@id":"https:\/\/www.autonom.ro\/blog\/#organization"},"image":{"@id":"https:\/\/www.autonom.ro\/blog\/marius-stefan-manager-autonom-la-zf-live\/#primaryimage"},"thumbnailUrl":"https:\/\/www.autonom.ro\/blog\/wp-content\/uploads\/2014\/09\/MariusStefanZFLive.jpg","articleSection":["Noutati Autonom"],"inLanguage":"ro-RO"},{"@type":"WebPage","@id":"https:\/\/www.autonom.ro\/blog\/marius-stefan-manager-autonom-la-zf-live\/","url":"https:\/\/www.autonom.ro\/blog\/marius-stefan-manager-autonom-la-zf-live\/","name":"Marius Stefan, manager Autonom, la ZF Live - Blog Autonom","isPartOf":{"@id":"https:\/\/www.autonom.ro\/blog\/#website"},"primaryImageOfPage":{"@id":"https:\/\/www.autonom.ro\/blog\/marius-stefan-manager-autonom-la-zf-live\/#primaryimage"},"image":{"@id":"https:\/\/www.autonom.ro\/blog\/marius-stefan-manager-autonom-la-zf-live\/#primaryimage"},"thumbnailUrl":"https:\/\/www.autonom.ro\/blog\/wp-content\/uploads\/2014\/09\/MariusStefanZFLive.jpg","datePublished":"2014-09-15T06:39:34+00:00","dateModified":"2020-11-10T10:38:39+00:00","breadcrumb":{"@id":"https:\/\/www.autonom.ro\/blog\/marius-stefan-manager-autonom-la-zf-live\/#breadcrumb"},"inLanguage":"ro-RO","potentialAction":[{"@type":"ReadAction","target":["https:\/\/www.autonom.ro\/blog\/marius-stefan-manager-autonom-la-zf-live\/"]}]},{"@type":"ImageObject","inLanguage":"ro-RO","@id":"https:\/\/www.autonom.ro\/blog\/marius-stefan-manager-autonom-la-zf-live\/#primaryimage","url":"https:\/\/www.autonom.ro\/blog\/wp-content\/uploads\/2014\/09\/MariusStefanZFLive.jpg","contentUrl":"https:\/\/www.autonom.ro\/blog\/wp-content\/uploads\/2014\/09\/MariusStefanZFLive.jpg","width":637,"height":327},{"@type":"BreadcrumbList","@id":"https:\/\/www.autonom.ro\/blog\/marius-stefan-manager-autonom-la-zf-live\/#breadcrumb","itemListElement":[{"@type":"ListItem","position":1,"name":"Prima pagin\u0103","item":"https:\/\/www.autonom.ro\/blog\/"},{"@type":"ListItem","position":2,"name":"Marius Stefan, manager Autonom, la ZF Live"}]},{"@type":"WebSite","@id":"https:\/\/www.autonom.ro\/blog\/#website","url":"https:\/\/www.autonom.ro\/blog\/","name":"Blog Autonom","description":"","publisher":{"@id":"https:\/\/www.autonom.ro\/blog\/#organization"},"potentialAction":[{"@type":"SearchAction","target":{"@type":"EntryPoint","urlTemplate":"https:\/\/www.autonom.ro\/blog\/?s={search_term_string}"},"query-input":{"@type":"PropertyValueSpecification","valueRequired":true,"valueName":"search_term_string"}}],"inLanguage":"ro-RO"},{"@type":"Organization","@id":"https:\/\/www.autonom.ro\/blog\/#organization","name":"Blog Autonom","url":"https:\/\/www.autonom.ro\/blog\/","logo":{"@type":"ImageObject","inLanguage":"ro-RO","@id":"https:\/\/www.autonom.ro\/blog\/#\/schema\/logo\/image\/","url":"https:\/\/www.autonom.ro\/blog\/wp-content\/uploads\/2020\/10\/cropped-Autonom_Corporate-Logo-Color-Orizontal-RGB.png","contentUrl":"https:\/\/www.autonom.ro\/blog\/wp-content\/uploads\/2020\/10\/cropped-Autonom_Corporate-Logo-Color-Orizontal-RGB.png","width":724,"height":250,"caption":"Blog Autonom"},"image":{"@id":"https:\/\/www.autonom.ro\/blog\/#\/schema\/logo\/image\/"},"sameAs":["https:\/\/www.facebook.com\/AutonomRomania\/","http:\/\/www.instagram.com\/autonom.romania\/","https:\/\/www.linkedin.com\/company\/autonom-rent-a-car"]},{"@type":"Person","@id":"https:\/\/www.autonom.ro\/blog\/#\/schema\/person\/ea5961c2ebc8070c672571e6d52b8a78","name":"Autonom","image":{"@type":"ImageObject","inLanguage":"ro-RO","@id":"https:\/\/secure.gravatar.com\/avatar\/bd0293e675420709298b7e1b87e42729832f151e0bf4555fdbb0e351104e17ba?s=96&d=mm&r=g","url":"https:\/\/secure.gravatar.com\/avatar\/bd0293e675420709298b7e1b87e42729832f151e0bf4555fdbb0e351104e17ba?s=96&d=mm&r=g","contentUrl":"https:\/\/secure.gravatar.com\/avatar\/bd0293e675420709298b7e1b87e42729832f151e0bf4555fdbb0e351104e17ba?s=96&d=mm&r=g","caption":"Autonom"},"url":"https:\/\/www.autonom.ro\/blog\/author\/autonom\/"}]}},"_links":{"self":[{"href":"https:\/\/www.autonom.ro\/blog\/wp-json\/wp\/v2\/posts\/2821","targetHints":{"allow":["GET"]}}],"collection":[{"href":"https:\/\/www.autonom.ro\/blog\/wp-json\/wp\/v2\/posts"}],"about":[{"href":"https:\/\/www.autonom.ro\/blog\/wp-json\/wp\/v2\/types\/post"}],"author":[{"embeddable":true,"href":"https:\/\/www.autonom.ro\/blog\/wp-json\/wp\/v2\/users\/2"}],"replies":[{"embeddable":true,"href":"https:\/\/www.autonom.ro\/blog\/wp-json\/wp\/v2\/comments?post=2821"}],"version-history":[{"count":2,"href":"https:\/\/www.autonom.ro\/blog\/wp-json\/wp\/v2\/posts\/2821\/revisions"}],"predecessor-version":[{"id":5631,"href":"https:\/\/www.autonom.ro\/blog\/wp-json\/wp\/v2\/posts\/2821\/revisions\/5631"}],"wp:featuredmedia":[{"embeddable":true,"href":"https:\/\/www.autonom.ro\/blog\/wp-json\/wp\/v2\/media\/2846"}],"wp:attachment":[{"href":"https:\/\/www.autonom.ro\/blog\/wp-json\/wp\/v2\/media?parent=2821"}],"wp:term":[{"taxonomy":"category","embeddable":true,"href":"https:\/\/www.autonom.ro\/blog\/wp-json\/wp\/v2\/categories?post=2821"},{"taxonomy":"post_tag","embeddable":true,"href":"https:\/\/www.autonom.ro\/blog\/wp-json\/wp\/v2\/tags?post=2821"}],"curies":[{"name":"wp","href":"https:\/\/api.w.org\/{rel}","templated":true}]}}