{"id":3950,"date":"2016-02-08T12:01:34","date_gmt":"2016-02-08T12:01:34","guid":{"rendered":"http:\/\/blog.autonom.ro\/?p=3950"},"modified":"2021-11-02T15:36:07","modified_gmt":"2021-11-02T15:36:07","slug":"filmul-romanesc-ilegitim-selectionat-la-berlinale","status":"publish","type":"post","link":"https:\/\/www.autonom.ro\/blog\/filmul-romanesc-ilegitim-selectionat-la-berlinale\/","title":{"rendered":"Filmul romanesc \u201cIlegitim\u201d, selectionat la Berlinale"},"content":{"rendered":"\n<div class=\"wp-block-image\"><figure class=\"alignright size-medium\"><a href=\"https:\/\/www.autonom.ro\/blog\/wp-content\/uploads\/2016\/02\/ilegitim2.jpg\" rel=\"attachment wp-att-3951\"><img loading=\"lazy\" decoding=\"async\" width=\"300\" height=\"298\" src=\"https:\/\/www.autonom.ro\/blog\/wp-content\/uploads\/2016\/02\/ilegitim2-300x298.jpg\" alt=\"ilegitim2\" class=\"wp-image-3951\" srcset=\"https:\/\/www.autonom.ro\/blog\/wp-content\/uploads\/2016\/02\/ilegitim2-300x298.jpg 300w, https:\/\/www.autonom.ro\/blog\/wp-content\/uploads\/2016\/02\/ilegitim2-150x150.jpg 150w, https:\/\/www.autonom.ro\/blog\/wp-content\/uploads\/2016\/02\/ilegitim2-100x100.jpg 100w, https:\/\/www.autonom.ro\/blog\/wp-content\/uploads\/2016\/02\/ilegitim2.jpg 503w\" sizes=\"auto, (max-width: 300px) 100vw, 300px\" \/><\/a><\/figure><\/div>\n\n\n\n<p>Intre 11 si 21 februarie a.c., va avea loc a 66-a editie a Festivalului International de Film de la Berlin. Singurul lungmetraj romanesc selectionat anul acesta este <strong><em>&#8222;Ilegitim&#8221; \/ &#8222;Illegitimate&#8221;<\/em><\/strong>, in regia lui Adrian Sitaru. Productia este inclusa in sectiunea Forum &#8211; cea mai indrazneata de la <strong>Berlinale<\/strong>, prezentand filme de avangarda, experiment, eseu, reportaj politic, cinematografii putin cunoscute.<\/p>\n\n\n\n<p>Recomandat de producatori drept unul dintre cele mai provocatoare filme din ultimii ani, \u201eIlegitim\u201d prezinta iubirea incestuoasa dintre doi frati. Un tata medic si mai multe denunturi. O familie in care limita dintre moral si legal nu a existat niciodata. Nici macar in cazul unui avort.<\/p>\n\n\n\n<p><em>&#8222;&#8216;Ilegitim&#8217; este un film in care umorul si drama se imbina intr-o tragi-comedie despre iubire (conjugala, frateasca, trupeasca), destramare a relatiilor, despre alegeri pro sau contra viata, dar si despre cea a iubirii fizice intre frati, un subiect tabu, subiect despre care se discuta foarte putin, insa exista cercetari de specialitate numeroase&#8221;<\/em>, declara regizorul Adrian Sitaru, care semneaza si scenariul productiei, impreuna cu Alina Grigore. Distributia ii include pe Adrian Titieni, Bogdan Albulescu si Alina Grigore, dar si actori neprofesionisti din cadrul scolii de actorie InLight &#8211; Robi Urs, Cristina Olteanu, Miruna Dumitrescu, Liviu Vizitiu si Mihaela Perianu.<\/p>\n\n\n\n<div class=\"wp-block-image\"><figure class=\"aligncenter is-resized\"><a href=\"https:\/\/www.autonom.ro\/blog\/wp-content\/uploads\/2016\/02\/ilegitim.jpg\" target=\"_blank\" rel=\"attachment wp-att-3952 noopener noreferrer\"><img loading=\"lazy\" decoding=\"async\" src=\"https:\/\/www.autonom.ro\/blog\/wp-content\/uploads\/2016\/02\/ilegitim.jpg\" alt=\"ilegitim\" class=\"wp-image-3952\" width=\"906\" height=\"478\" srcset=\"https:\/\/www.autonom.ro\/blog\/wp-content\/uploads\/2016\/02\/ilegitim.jpg 1811w, https:\/\/www.autonom.ro\/blog\/wp-content\/uploads\/2016\/02\/ilegitim-300x158.jpg 300w, https:\/\/www.autonom.ro\/blog\/wp-content\/uploads\/2016\/02\/ilegitim-1024x540.jpg 1024w, https:\/\/www.autonom.ro\/blog\/wp-content\/uploads\/2016\/02\/ilegitim-768x405.jpg 768w, https:\/\/www.autonom.ro\/blog\/wp-content\/uploads\/2016\/02\/ilegitim-1536x810.jpg 1536w\" sizes=\"auto, (max-width: 906px) 100vw, 906px\" \/><\/a><\/figure><\/div>\n\n\n\n<p>Acesta este cel de-al patrulea lungmetraj al lui Sitaru, dupa <em>&#8222;Pescuit sportiv&#8221;<\/em> (2008), <em>&#8222;Din dragoste cu cele mai bune intentii&#8221;<\/em> (2011) si <em>&#8222;Domestic&#8221;<\/em> (2012), toate productii premiate la festivaluri prestigioase, carora li se adauga multiple scurtmetraje: <em>&#8222;Valuri&#8221;<\/em> (2007), <em>&#8222;Lord&#8221;<\/em> (2009), <em>&#8222;Colivia&#8221;<\/em> (2010), <em>&#8222;Chefu'&#8221;<\/em> (2012), <em>&#8222;Arta&#8221;<\/em> (2014), <em>&#8222;Excursie&#8221;<\/em> (2014).<\/p>\n\n\n\n<p>\u201c<a href=\"https:\/\/www.facebook.com\/ilegitim\" target=\"_blank\" rel=\"noopener noreferrer\">Ilegitim<\/a>\u201d va avea premiera mondiala pe 13 februarie la Berlinale, iar din 18 martie va rula si pe marile ecrane din Romania. Abia asteptam sa-l vedem \ud83d\ude42 Mai ales ca, in 2014, cand se realizau filmarile, am avut sansa sa contribuim la productie cu o masina pentru logistica. Recunoastem insa ca, pe atunci, nici nu ne imaginam ca filmul va ajunge sa reprezinte Romania la Berlinale.&nbsp;Mai multe informatii pe aceasta tema puteti afla de <a href=\"http:\/\/www.mediafax.ro\/cultura-media\/ilegitim-singurul-lungmetraj-romanesc-selectat-la-berlinale-din-18-martie-in-cinematografe-14979548\" target=\"_blank\" rel=\"noopener noreferrer\">aici<\/a>.<\/p>\n\n\n\n<p>UPDATE 22 februarie 2016: Avem bucuria sa va anuntam ca filmul &#8222;Ilegitim&#8221;&nbsp;a fost distins&nbsp;cu&nbsp;Premiul C.I.C.A.E &#8211; &#8222;Conf\u00e9d\u00e9ration Internationale des Cin\u00e9mas d\u2019Art et d\u2019Essai&#8221; (Confederatia Internationala a Cinematografelor de Arta), la editia din acest an a Festivalului de Film de la Berlin.&nbsp;<span style=\"line-height: 1.5;\">Lungmetrajul&nbsp;a fost primit cu aplauze indelungi&nbsp;si cronici pozitive, facandu-se remarcat printre&nbsp;44 de productii <\/span><span style=\"line-height: 1.5;\">selectate<\/span><span style=\"line-height: 1.5;\">, dintre care 34 prezentate in premiera mondiala. Detalii puteti citi <\/span><a style=\"line-height: 1.5;\" href=\"http:\/\/www.mediafax.ro\/cultura-media\/lungmetrajul-ilegitim-de-adrian-sitaru-invingator-la-festivalul-de-film-de-la-berlin-2016-video-15081760\" target=\"_blank\" rel=\"noopener noreferrer\">aici<\/a><span style=\"line-height: 1.5;\">.&nbsp;Felicitari intregii echipe si la mai mare!<\/span><\/p>\n","protected":false},"excerpt":{"rendered":"<p>Intre 11 si 21 februarie a.c., va avea loc a 66-a editie a Festivalului International de Film de la Berlin. Singurul lungmetraj romanesc selectionat anul acesta este &#8222;Ilegitim&#8221; \/ &#8222;Illegitimate&#8221;, in regia lui Adrian Sitaru. Productia este inclusa in sectiunea Forum &#8211; cea mai indrazneata de la Berlinale, prezentand filme de avangarda, experiment, eseu, reportaj [&hellip;]<\/p>\n","protected":false},"author":2,"featured_media":3951,"comment_status":"open","ping_status":"open","sticky":false,"template":"","format":"standard","meta":{"inline_featured_image":false,"footnotes":""},"categories":[1913],"tags":[],"class_list":["post-3950","post","type-post","status-publish","format-standard","has-post-thumbnail","hentry","category-evoluam-in-fiecare-zi"],"yoast_head":"<!-- This site is optimized with the Yoast SEO plugin v27.3 - https:\/\/yoast.com\/product\/yoast-seo-wordpress\/ -->\n<title>Filmul romanesc \u201cIlegitim\u201d, selectionat la Berlinale - Blog Autonom<\/title>\n<meta name=\"robots\" content=\"index, follow, max-snippet:-1, max-image-preview:large, max-video-preview:-1\" \/>\n<link rel=\"canonical\" href=\"https:\/\/www.autonom.ro\/blog\/filmul-romanesc-ilegitim-selectionat-la-berlinale\/\" \/>\n<meta property=\"og:locale\" content=\"ro_RO\" \/>\n<meta property=\"og:type\" content=\"article\" \/>\n<meta property=\"og:title\" content=\"Filmul romanesc \u201cIlegitim\u201d, selectionat la Berlinale - Blog Autonom\" \/>\n<meta property=\"og:description\" content=\"Intre 11 si 21 februarie a.c., va avea loc a 66-a editie a Festivalului International de Film de la Berlin. Singurul lungmetraj romanesc selectionat anul acesta este &#8222;Ilegitim&#8221; \/ &#8222;Illegitimate&#8221;, in regia lui Adrian Sitaru. Productia este inclusa in sectiunea Forum &#8211; cea mai indrazneata de la Berlinale, prezentand filme de avangarda, experiment, eseu, reportaj [&hellip;]\" \/>\n<meta property=\"og:url\" content=\"https:\/\/www.autonom.ro\/blog\/filmul-romanesc-ilegitim-selectionat-la-berlinale\/\" \/>\n<meta property=\"og:site_name\" content=\"Blog Autonom\" \/>\n<meta property=\"article:publisher\" content=\"https:\/\/www.facebook.com\/AutonomRomania\/\" \/>\n<meta property=\"article:published_time\" content=\"2016-02-08T12:01:34+00:00\" \/>\n<meta property=\"article:modified_time\" content=\"2021-11-02T15:36:07+00:00\" \/>\n<meta property=\"og:image\" content=\"https:\/\/www.autonom.ro\/blog\/wp-content\/uploads\/2016\/02\/ilegitim2.jpg\" \/>\n\t<meta property=\"og:image:width\" content=\"503\" \/>\n\t<meta property=\"og:image:height\" content=\"500\" \/>\n\t<meta property=\"og:image:type\" content=\"image\/jpeg\" \/>\n<meta name=\"author\" content=\"Autonom\" \/>\n<meta name=\"twitter:card\" content=\"summary_large_image\" \/>\n<meta name=\"twitter:label1\" content=\"Scris de\" \/>\n\t<meta name=\"twitter:data1\" content=\"Autonom\" \/>\n\t<meta name=\"twitter:label2\" content=\"Timp estimat pentru citire\" \/>\n\t<meta name=\"twitter:data2\" content=\"2 minute\" \/>\n<script type=\"application\/ld+json\" class=\"yoast-schema-graph\">{\"@context\":\"https:\\\/\\\/schema.org\",\"@graph\":[{\"@type\":\"Article\",\"@id\":\"https:\\\/\\\/www.autonom.ro\\\/blog\\\/filmul-romanesc-ilegitim-selectionat-la-berlinale\\\/#article\",\"isPartOf\":{\"@id\":\"https:\\\/\\\/www.autonom.ro\\\/blog\\\/filmul-romanesc-ilegitim-selectionat-la-berlinale\\\/\"},\"author\":{\"name\":\"Autonom\",\"@id\":\"https:\\\/\\\/www.autonom.ro\\\/blog\\\/#\\\/schema\\\/person\\\/ea5961c2ebc8070c672571e6d52b8a78\"},\"headline\":\"Filmul romanesc \u201cIlegitim\u201d, selectionat la Berlinale\",\"datePublished\":\"2016-02-08T12:01:34+00:00\",\"dateModified\":\"2021-11-02T15:36:07+00:00\",\"mainEntityOfPage\":{\"@id\":\"https:\\\/\\\/www.autonom.ro\\\/blog\\\/filmul-romanesc-ilegitim-selectionat-la-berlinale\\\/\"},\"wordCount\":411,\"commentCount\":0,\"publisher\":{\"@id\":\"https:\\\/\\\/www.autonom.ro\\\/blog\\\/#organization\"},\"image\":{\"@id\":\"https:\\\/\\\/www.autonom.ro\\\/blog\\\/filmul-romanesc-ilegitim-selectionat-la-berlinale\\\/#primaryimage\"},\"thumbnailUrl\":\"https:\\\/\\\/www.autonom.ro\\\/blog\\\/wp-content\\\/uploads\\\/2016\\\/02\\\/ilegitim2.jpg\",\"articleSection\":[\"Evoluam in fiecare zi\"],\"inLanguage\":\"ro-RO\"},{\"@type\":\"WebPage\",\"@id\":\"https:\\\/\\\/www.autonom.ro\\\/blog\\\/filmul-romanesc-ilegitim-selectionat-la-berlinale\\\/\",\"url\":\"https:\\\/\\\/www.autonom.ro\\\/blog\\\/filmul-romanesc-ilegitim-selectionat-la-berlinale\\\/\",\"name\":\"Filmul romanesc \u201cIlegitim\u201d, selectionat la Berlinale - Blog Autonom\",\"isPartOf\":{\"@id\":\"https:\\\/\\\/www.autonom.ro\\\/blog\\\/#website\"},\"primaryImageOfPage\":{\"@id\":\"https:\\\/\\\/www.autonom.ro\\\/blog\\\/filmul-romanesc-ilegitim-selectionat-la-berlinale\\\/#primaryimage\"},\"image\":{\"@id\":\"https:\\\/\\\/www.autonom.ro\\\/blog\\\/filmul-romanesc-ilegitim-selectionat-la-berlinale\\\/#primaryimage\"},\"thumbnailUrl\":\"https:\\\/\\\/www.autonom.ro\\\/blog\\\/wp-content\\\/uploads\\\/2016\\\/02\\\/ilegitim2.jpg\",\"datePublished\":\"2016-02-08T12:01:34+00:00\",\"dateModified\":\"2021-11-02T15:36:07+00:00\",\"breadcrumb\":{\"@id\":\"https:\\\/\\\/www.autonom.ro\\\/blog\\\/filmul-romanesc-ilegitim-selectionat-la-berlinale\\\/#breadcrumb\"},\"inLanguage\":\"ro-RO\",\"potentialAction\":[{\"@type\":\"ReadAction\",\"target\":[\"https:\\\/\\\/www.autonom.ro\\\/blog\\\/filmul-romanesc-ilegitim-selectionat-la-berlinale\\\/\"]}]},{\"@type\":\"ImageObject\",\"inLanguage\":\"ro-RO\",\"@id\":\"https:\\\/\\\/www.autonom.ro\\\/blog\\\/filmul-romanesc-ilegitim-selectionat-la-berlinale\\\/#primaryimage\",\"url\":\"https:\\\/\\\/www.autonom.ro\\\/blog\\\/wp-content\\\/uploads\\\/2016\\\/02\\\/ilegitim2.jpg\",\"contentUrl\":\"https:\\\/\\\/www.autonom.ro\\\/blog\\\/wp-content\\\/uploads\\\/2016\\\/02\\\/ilegitim2.jpg\",\"width\":503,\"height\":500},{\"@type\":\"BreadcrumbList\",\"@id\":\"https:\\\/\\\/www.autonom.ro\\\/blog\\\/filmul-romanesc-ilegitim-selectionat-la-berlinale\\\/#breadcrumb\",\"itemListElement\":[{\"@type\":\"ListItem\",\"position\":1,\"name\":\"Prima pagin\u0103\",\"item\":\"https:\\\/\\\/www.autonom.ro\\\/blog\\\/\"},{\"@type\":\"ListItem\",\"position\":2,\"name\":\"Filmul romanesc \u201cIlegitim\u201d, selectionat la Berlinale\"}]},{\"@type\":\"WebSite\",\"@id\":\"https:\\\/\\\/www.autonom.ro\\\/blog\\\/#website\",\"url\":\"https:\\\/\\\/www.autonom.ro\\\/blog\\\/\",\"name\":\"Blog Autonom\",\"description\":\"\",\"publisher\":{\"@id\":\"https:\\\/\\\/www.autonom.ro\\\/blog\\\/#organization\"},\"potentialAction\":[{\"@type\":\"SearchAction\",\"target\":{\"@type\":\"EntryPoint\",\"urlTemplate\":\"https:\\\/\\\/www.autonom.ro\\\/blog\\\/?s={search_term_string}\"},\"query-input\":{\"@type\":\"PropertyValueSpecification\",\"valueRequired\":true,\"valueName\":\"search_term_string\"}}],\"inLanguage\":\"ro-RO\"},{\"@type\":\"Organization\",\"@id\":\"https:\\\/\\\/www.autonom.ro\\\/blog\\\/#organization\",\"name\":\"Blog Autonom\",\"url\":\"https:\\\/\\\/www.autonom.ro\\\/blog\\\/\",\"logo\":{\"@type\":\"ImageObject\",\"inLanguage\":\"ro-RO\",\"@id\":\"https:\\\/\\\/www.autonom.ro\\\/blog\\\/#\\\/schema\\\/logo\\\/image\\\/\",\"url\":\"https:\\\/\\\/www.autonom.ro\\\/blog\\\/wp-content\\\/uploads\\\/2020\\\/10\\\/cropped-Autonom_Corporate-Logo-Color-Orizontal-RGB.png\",\"contentUrl\":\"https:\\\/\\\/www.autonom.ro\\\/blog\\\/wp-content\\\/uploads\\\/2020\\\/10\\\/cropped-Autonom_Corporate-Logo-Color-Orizontal-RGB.png\",\"width\":724,\"height\":250,\"caption\":\"Blog Autonom\"},\"image\":{\"@id\":\"https:\\\/\\\/www.autonom.ro\\\/blog\\\/#\\\/schema\\\/logo\\\/image\\\/\"},\"sameAs\":[\"https:\\\/\\\/www.facebook.com\\\/AutonomRomania\\\/\",\"http:\\\/\\\/www.instagram.com\\\/autonom.romania\\\/\",\"https:\\\/\\\/www.linkedin.com\\\/company\\\/autonom-rent-a-car\"]},{\"@type\":\"Person\",\"@id\":\"https:\\\/\\\/www.autonom.ro\\\/blog\\\/#\\\/schema\\\/person\\\/ea5961c2ebc8070c672571e6d52b8a78\",\"name\":\"Autonom\",\"image\":{\"@type\":\"ImageObject\",\"inLanguage\":\"ro-RO\",\"@id\":\"https:\\\/\\\/secure.gravatar.com\\\/avatar\\\/bd0293e675420709298b7e1b87e42729832f151e0bf4555fdbb0e351104e17ba?s=96&d=mm&r=g\",\"url\":\"https:\\\/\\\/secure.gravatar.com\\\/avatar\\\/bd0293e675420709298b7e1b87e42729832f151e0bf4555fdbb0e351104e17ba?s=96&d=mm&r=g\",\"contentUrl\":\"https:\\\/\\\/secure.gravatar.com\\\/avatar\\\/bd0293e675420709298b7e1b87e42729832f151e0bf4555fdbb0e351104e17ba?s=96&d=mm&r=g\",\"caption\":\"Autonom\"},\"url\":\"https:\\\/\\\/www.autonom.ro\\\/blog\\\/author\\\/autonom\\\/\"}]}<\/script>\n<!-- \/ Yoast SEO plugin. -->","yoast_head_json":{"title":"Filmul romanesc \u201cIlegitim\u201d, selectionat la Berlinale - Blog Autonom","robots":{"index":"index","follow":"follow","max-snippet":"max-snippet:-1","max-image-preview":"max-image-preview:large","max-video-preview":"max-video-preview:-1"},"canonical":"https:\/\/www.autonom.ro\/blog\/filmul-romanesc-ilegitim-selectionat-la-berlinale\/","og_locale":"ro_RO","og_type":"article","og_title":"Filmul romanesc \u201cIlegitim\u201d, selectionat la Berlinale - Blog Autonom","og_description":"Intre 11 si 21 februarie a.c., va avea loc a 66-a editie a Festivalului International de Film de la Berlin. Singurul lungmetraj romanesc selectionat anul acesta este &#8222;Ilegitim&#8221; \/ &#8222;Illegitimate&#8221;, in regia lui Adrian Sitaru. Productia este inclusa in sectiunea Forum &#8211; cea mai indrazneata de la Berlinale, prezentand filme de avangarda, experiment, eseu, reportaj [&hellip;]","og_url":"https:\/\/www.autonom.ro\/blog\/filmul-romanesc-ilegitim-selectionat-la-berlinale\/","og_site_name":"Blog Autonom","article_publisher":"https:\/\/www.facebook.com\/AutonomRomania\/","article_published_time":"2016-02-08T12:01:34+00:00","article_modified_time":"2021-11-02T15:36:07+00:00","og_image":[{"width":503,"height":500,"url":"https:\/\/www.autonom.ro\/blog\/wp-content\/uploads\/2016\/02\/ilegitim2.jpg","type":"image\/jpeg"}],"author":"Autonom","twitter_card":"summary_large_image","twitter_misc":{"Scris de":"Autonom","Timp estimat pentru citire":"2 minute"},"schema":{"@context":"https:\/\/schema.org","@graph":[{"@type":"Article","@id":"https:\/\/www.autonom.ro\/blog\/filmul-romanesc-ilegitim-selectionat-la-berlinale\/#article","isPartOf":{"@id":"https:\/\/www.autonom.ro\/blog\/filmul-romanesc-ilegitim-selectionat-la-berlinale\/"},"author":{"name":"Autonom","@id":"https:\/\/www.autonom.ro\/blog\/#\/schema\/person\/ea5961c2ebc8070c672571e6d52b8a78"},"headline":"Filmul romanesc \u201cIlegitim\u201d, selectionat la Berlinale","datePublished":"2016-02-08T12:01:34+00:00","dateModified":"2021-11-02T15:36:07+00:00","mainEntityOfPage":{"@id":"https:\/\/www.autonom.ro\/blog\/filmul-romanesc-ilegitim-selectionat-la-berlinale\/"},"wordCount":411,"commentCount":0,"publisher":{"@id":"https:\/\/www.autonom.ro\/blog\/#organization"},"image":{"@id":"https:\/\/www.autonom.ro\/blog\/filmul-romanesc-ilegitim-selectionat-la-berlinale\/#primaryimage"},"thumbnailUrl":"https:\/\/www.autonom.ro\/blog\/wp-content\/uploads\/2016\/02\/ilegitim2.jpg","articleSection":["Evoluam in fiecare zi"],"inLanguage":"ro-RO"},{"@type":"WebPage","@id":"https:\/\/www.autonom.ro\/blog\/filmul-romanesc-ilegitim-selectionat-la-berlinale\/","url":"https:\/\/www.autonom.ro\/blog\/filmul-romanesc-ilegitim-selectionat-la-berlinale\/","name":"Filmul romanesc \u201cIlegitim\u201d, selectionat la Berlinale - Blog Autonom","isPartOf":{"@id":"https:\/\/www.autonom.ro\/blog\/#website"},"primaryImageOfPage":{"@id":"https:\/\/www.autonom.ro\/blog\/filmul-romanesc-ilegitim-selectionat-la-berlinale\/#primaryimage"},"image":{"@id":"https:\/\/www.autonom.ro\/blog\/filmul-romanesc-ilegitim-selectionat-la-berlinale\/#primaryimage"},"thumbnailUrl":"https:\/\/www.autonom.ro\/blog\/wp-content\/uploads\/2016\/02\/ilegitim2.jpg","datePublished":"2016-02-08T12:01:34+00:00","dateModified":"2021-11-02T15:36:07+00:00","breadcrumb":{"@id":"https:\/\/www.autonom.ro\/blog\/filmul-romanesc-ilegitim-selectionat-la-berlinale\/#breadcrumb"},"inLanguage":"ro-RO","potentialAction":[{"@type":"ReadAction","target":["https:\/\/www.autonom.ro\/blog\/filmul-romanesc-ilegitim-selectionat-la-berlinale\/"]}]},{"@type":"ImageObject","inLanguage":"ro-RO","@id":"https:\/\/www.autonom.ro\/blog\/filmul-romanesc-ilegitim-selectionat-la-berlinale\/#primaryimage","url":"https:\/\/www.autonom.ro\/blog\/wp-content\/uploads\/2016\/02\/ilegitim2.jpg","contentUrl":"https:\/\/www.autonom.ro\/blog\/wp-content\/uploads\/2016\/02\/ilegitim2.jpg","width":503,"height":500},{"@type":"BreadcrumbList","@id":"https:\/\/www.autonom.ro\/blog\/filmul-romanesc-ilegitim-selectionat-la-berlinale\/#breadcrumb","itemListElement":[{"@type":"ListItem","position":1,"name":"Prima pagin\u0103","item":"https:\/\/www.autonom.ro\/blog\/"},{"@type":"ListItem","position":2,"name":"Filmul romanesc \u201cIlegitim\u201d, selectionat la Berlinale"}]},{"@type":"WebSite","@id":"https:\/\/www.autonom.ro\/blog\/#website","url":"https:\/\/www.autonom.ro\/blog\/","name":"Blog Autonom","description":"","publisher":{"@id":"https:\/\/www.autonom.ro\/blog\/#organization"},"potentialAction":[{"@type":"SearchAction","target":{"@type":"EntryPoint","urlTemplate":"https:\/\/www.autonom.ro\/blog\/?s={search_term_string}"},"query-input":{"@type":"PropertyValueSpecification","valueRequired":true,"valueName":"search_term_string"}}],"inLanguage":"ro-RO"},{"@type":"Organization","@id":"https:\/\/www.autonom.ro\/blog\/#organization","name":"Blog Autonom","url":"https:\/\/www.autonom.ro\/blog\/","logo":{"@type":"ImageObject","inLanguage":"ro-RO","@id":"https:\/\/www.autonom.ro\/blog\/#\/schema\/logo\/image\/","url":"https:\/\/www.autonom.ro\/blog\/wp-content\/uploads\/2020\/10\/cropped-Autonom_Corporate-Logo-Color-Orizontal-RGB.png","contentUrl":"https:\/\/www.autonom.ro\/blog\/wp-content\/uploads\/2020\/10\/cropped-Autonom_Corporate-Logo-Color-Orizontal-RGB.png","width":724,"height":250,"caption":"Blog Autonom"},"image":{"@id":"https:\/\/www.autonom.ro\/blog\/#\/schema\/logo\/image\/"},"sameAs":["https:\/\/www.facebook.com\/AutonomRomania\/","http:\/\/www.instagram.com\/autonom.romania\/","https:\/\/www.linkedin.com\/company\/autonom-rent-a-car"]},{"@type":"Person","@id":"https:\/\/www.autonom.ro\/blog\/#\/schema\/person\/ea5961c2ebc8070c672571e6d52b8a78","name":"Autonom","image":{"@type":"ImageObject","inLanguage":"ro-RO","@id":"https:\/\/secure.gravatar.com\/avatar\/bd0293e675420709298b7e1b87e42729832f151e0bf4555fdbb0e351104e17ba?s=96&d=mm&r=g","url":"https:\/\/secure.gravatar.com\/avatar\/bd0293e675420709298b7e1b87e42729832f151e0bf4555fdbb0e351104e17ba?s=96&d=mm&r=g","contentUrl":"https:\/\/secure.gravatar.com\/avatar\/bd0293e675420709298b7e1b87e42729832f151e0bf4555fdbb0e351104e17ba?s=96&d=mm&r=g","caption":"Autonom"},"url":"https:\/\/www.autonom.ro\/blog\/author\/autonom\/"}]}},"_links":{"self":[{"href":"https:\/\/www.autonom.ro\/blog\/wp-json\/wp\/v2\/posts\/3950","targetHints":{"allow":["GET"]}}],"collection":[{"href":"https:\/\/www.autonom.ro\/blog\/wp-json\/wp\/v2\/posts"}],"about":[{"href":"https:\/\/www.autonom.ro\/blog\/wp-json\/wp\/v2\/types\/post"}],"author":[{"embeddable":true,"href":"https:\/\/www.autonom.ro\/blog\/wp-json\/wp\/v2\/users\/2"}],"replies":[{"embeddable":true,"href":"https:\/\/www.autonom.ro\/blog\/wp-json\/wp\/v2\/comments?post=3950"}],"version-history":[{"count":2,"href":"https:\/\/www.autonom.ro\/blog\/wp-json\/wp\/v2\/posts\/3950\/revisions"}],"predecessor-version":[{"id":5691,"href":"https:\/\/www.autonom.ro\/blog\/wp-json\/wp\/v2\/posts\/3950\/revisions\/5691"}],"wp:featuredmedia":[{"embeddable":true,"href":"https:\/\/www.autonom.ro\/blog\/wp-json\/wp\/v2\/media\/3951"}],"wp:attachment":[{"href":"https:\/\/www.autonom.ro\/blog\/wp-json\/wp\/v2\/media?parent=3950"}],"wp:term":[{"taxonomy":"category","embeddable":true,"href":"https:\/\/www.autonom.ro\/blog\/wp-json\/wp\/v2\/categories?post=3950"},{"taxonomy":"post_tag","embeddable":true,"href":"https:\/\/www.autonom.ro\/blog\/wp-json\/wp\/v2\/tags?post=3950"}],"curies":[{"name":"wp","href":"https:\/\/api.w.org\/{rel}","templated":true}]}}