{"id":4772,"date":"2017-10-30T18:55:51","date_gmt":"2017-10-30T18:55:51","guid":{"rendered":"http:\/\/blog.autonom.ro\/?p=4772"},"modified":"2021-11-01T13:52:55","modified_gmt":"2021-11-01T13:52:55","slug":"timisoara-business-elite","status":"publish","type":"post","link":"https:\/\/www.autonom.ro\/blog\/timisoara-business-elite\/","title":{"rendered":"Timisoara Business Elite"},"content":{"rendered":"\n<p><strong>Fil\u0103 de \u00eenceput\u2026<\/strong><\/p>\n\n\n\n<p><em>A\u0219a cum deja \u0219ti\u021bi, echipa <a href=\"http:\/\/www.mindshub.ro\/\" target=\"_blank\" rel=\"noopener noreferrer\">MindsHub <\/a>este format\u0103 din studen\u021bi, majoritatea sub 25 de ani. S\u0103 facem un exerci\u021biu de imagina\u021bie; g\u00e2nde\u0219te-te c\u0103 e\u0219ti un t\u00e2n\u0103r aspirant la o via\u021b\u0103 de succes, o via\u021b\u0103 \u00een care nu concepi s\u0103 nu ajungi pe coperta revistei Forbes sau compania ta s\u0103 fie listat\u0103 cel pu\u021bin pe locul 499 \u00een Fortune 500. Am I dreamy? Poate c\u0103 da, dar, dac\u0103 nu ne l\u0103s\u0103m s\u0103 aspir\u0103m la lucruri m\u0103re\u021be, ca viitori antreprenori sau studen\u021bi ai unei comunit\u0103\u021bi de elit\u0103 precum cea pe care MindsHub \u00eencearc\u0103 s\u0103 o formeze, cum altfel ajungem m\u0103car acolo unde PUTEM s\u0103 fim?<\/em><\/p>\n\n\n\n<p><em>\u0218i, revenind la exerci\u021biul nostru, ne-am imaginat deja acolo unde VREM s\u0103 fim, dar, ca s\u0103 ajungem unde PUTEM, c\u00e2\u021biva pa\u0219i sunt necesari. Cum ar fi s\u0103 ne \u00eenconjur\u0103m de oameni care deja sunt propulsa\u021bi pe aceast\u0103 cale, persoane din business, modele de succes, lideri ai comunit\u0103\u021bii locale. Vi se pare un drum bun de \u00eenceput, a\u0219a-i? Ei bine, \u0219i mie.<\/em><\/p>\n\n\n\n<p><em>Astfel, MindsHub a ajuns s\u0103 fie prezent la un eveniment select, dar \u201cc\u0103lduros\u201d, g\u0103zduit de Autonom, companie partener\u0103 \u0219i un important pilon \u00een promovarea \u0219i schimbarea educa\u021biei din Rom\u00e2nia, \u00eempreun\u0103 cu BCR Pensii, alt partener de-al nostru prin BCR, care face minuni pe calea educa\u021biei financiare.<\/em><\/p>\n\n\n\n<p><em>A\u0219a c\u0103, mai jos, pute\u021bi avea parte de pu\u021bin din multul cu care am plecat, entuziasma\u021bi nu de mul\u021bimea c\u0103r\u021bilor de vizit\u0103, ci de confirmarea c\u0103 MindsHub este pe drumul cel bun; c\u0103 are puterea s\u0103 devin\u0103 ceea ce se VREA a fi \u0219i nu doar ce POATE. Enjoy!<\/em><\/p>\n\n\n\n<div class=\"wp-block-image\"><figure class=\"alignright\"><img loading=\"lazy\" decoding=\"async\" width=\"200\" height=\"200\" src=\"https:\/\/www.autonom.ro\/blog\/wp-content\/uploads\/2017\/10\/AAEAAQAAAAAAAAK7AAAAJDdjNGVmZjA1LTEyOTAtNGE5Zi04MTJjLWYzMmE5YmZhNDA1Zg-1.jpg\" alt=\"\" class=\"wp-image-4774\" srcset=\"https:\/\/www.autonom.ro\/blog\/wp-content\/uploads\/2017\/10\/AAEAAQAAAAAAAAK7AAAAJDdjNGVmZjA1LTEyOTAtNGE5Zi04MTJjLWYzMmE5YmZhNDA1Zg-1.jpg 200w, https:\/\/www.autonom.ro\/blog\/wp-content\/uploads\/2017\/10\/AAEAAQAAAAAAAAK7AAAAJDdjNGVmZjA1LTEyOTAtNGE5Zi04MTJjLWYzMmE5YmZhNDA1Zg-1-150x150.jpg 150w, https:\/\/www.autonom.ro\/blog\/wp-content\/uploads\/2017\/10\/AAEAAQAAAAAAAAK7AAAAJDdjNGVmZjA1LTEyOTAtNGE5Zi04MTJjLWYzMmE5YmZhNDA1Zg-1-100x100.jpg 100w\" sizes=\"auto, (max-width: 200px) 100vw, 200px\" \/><\/figure><\/div>\n\n\n\n<p><strong>Ilinca P\u0103un<\/strong> este, \u00een prezent, Managing Partner la <a href=\"http:\/\/www.colliers.com\/ro-ro\/romania\" target=\"_blank\" rel=\"noopener noreferrer\">Colliers International Romania<\/a>, membru \u00een Bord \u0219i Profesor Expert la The Entrepreneurship Academy, profesor de Sales Psychology la Universitatea Alternativ\u0103, speaker, expeditor, mam\u0103 a 3 copii&#8230; <em>Should I tell you more?<\/em><\/p>\n\n\n\n<p>Ilinca P\u0103un ne-a vorbit despre<strong> \u201cCe mai e nou \u00een ceea ce prive\u0219te spa\u021biile de birouri\u201d<\/strong> \u00eentr-un context mult mai amplu, cel al diferen\u021bei dintre genera\u021bia X \u0219i genera\u021bia Y.<br>Un impas aduce schimbarea de paradigm\u0103. Te ajut\u0103 asta s\u0103 schimbi mediul fizic al spa\u021biului \u00een care lucrezi? Studiile arat\u0103 c\u0103 da! <strong><em>\u201dComportamentul nostru depinde foarte mult de mediul fizic.\u201d<\/em><\/strong><br><strong> \u201cGenera\u021bia X fa\u021b\u0103 de genera\u021bia Y. Li s-a modificat modul \u00een care se uit\u0103 la job.<em>\u201d<\/em><\/strong><br><strong> De ce muncesc?<\/strong><br><strong> 1. Millennials: caut\u0103 o misiune, un drive, <em>a higher purpose<\/em>, ceva deasupra mercantilit\u0103\u021bii \u0219i rutinei vie\u021bii normale, apoi bani, mediu de lucru frumos.<\/strong><br><strong> 2. Dinozaurii: caut\u0103 promovare, bani, mediu de lucru frumos \u0219i, la sf\u00e2r\u0219it, caut\u0103 \u0219i un scop. C\u0103ut\u0103m siguran\u021b\u0103 \u0219i stabilitate<\/strong>, zice Ilinca P\u0103un.<\/p>\n\n\n\n<p>C\u00e2t despre millennials, spune: <strong>\u201cFormeaz\u0103 triburi \u0219i comunit\u0103\u021bi \u00een jurul unor lideri informali, al unor mentori sau coach, ap\u0103rute ca elemente noi. Nu caut\u0103 stabilitate, ci elemente spontane, job rotation, de exemplu.\u201d<\/strong> Vorbe\u0219te mai apoi de ambient \u0219i spune c\u0103 noi, genera\u021bia Y, c\u0103ut\u0103m:<strong> \u201cSpa\u021bii accesibile, eliminarea complet\u0103 a ideii de executive floor. Nu ar trebui s\u0103 mai existe a\u0219a ceva, trebuie s\u0103 \u00eenv\u0103\u021b\u0103m c\u0103 ce scrie pe cartea mea de vizit\u0103\/salariu etc. este complet irelevant \u00een fa\u021ba judec\u0103\u021bii oamenilor mei \u0219i c\u0103 ei m\u0103 vor judeca dup\u0103 ce \u0219tiu, ce spun \u0219i ce exemplu le dau, nu dup\u0103 cum m\u0103 numesc sau c\u00e2te zerouri are contul meu \u00een banc\u0103. Oamenii mai cred c\u0103 tinerii cump\u0103r\u0103 autoritate&#8230; Schimbarea e \u00eens\u0103 major\u0103, rapid\u0103 \u0219i accelerat\u0103.\u201d<\/strong> Voi cum sim\u021bi\u021bi?<em> Is this true?<\/em><\/p>\n\n\n\n<p>P\u00e2n\u0103 c\u00e2nd g\u0103si\u021bi un r\u0103spuns la \u00eentrebarea mea, v\u0103 las cu un video pe care Ilinca Paun ni l-a recomandat tuturor,\u00a0<em><strong>World&#8217;s Greenest Office Building: The Edge.<\/strong><\/em><\/p>\n\n\n\n<figure class=\"wp-block-embed-youtube aligncenter wp-block-embed is-type-rich is-provider-inglobeaza-manipulantul wp-embed-aspect-16-9 wp-has-aspect-ratio\"><div class=\"wp-block-embed__wrapper\">\n<iframe loading=\"lazy\" title=\"World&#039;s Greenest Office Building Is Dutch: The Edge\" width=\"500\" height=\"281\" src=\"https:\/\/www.youtube.com\/embed\/JSzko-K7dzo?feature=oembed\" frameborder=\"0\" allow=\"accelerometer; autoplay; clipboard-write; encrypted-media; gyroscope; picture-in-picture; web-share\" referrerpolicy=\"strict-origin-when-cross-origin\" allowfullscreen><\/iframe>\n<\/div><\/figure>\n\n\n\n<div class=\"wp-block-image\"><figure class=\"alignleft size-medium\"><a href=\"https:\/\/www.autonom.ro\/blog\/wp-content\/uploads\/2017\/10\/02-dan-stefan-md.jpg\" target=\"_blank\" rel=\"noopener noreferrer\"><img loading=\"lazy\" decoding=\"async\" width=\"198\" height=\"300\" src=\"https:\/\/www.autonom.ro\/blog\/wp-content\/uploads\/2017\/10\/02-dan-stefan-md-198x300.jpg\" alt=\"\" class=\"wp-image-4773\" srcset=\"https:\/\/www.autonom.ro\/blog\/wp-content\/uploads\/2017\/10\/02-dan-stefan-md-198x300.jpg 198w, https:\/\/www.autonom.ro\/blog\/wp-content\/uploads\/2017\/10\/02-dan-stefan-md.jpg 638w\" sizes=\"auto, (max-width: 198px) 100vw, 198px\" \/><\/a><\/figure><\/div>\n\n\n\n<p><strong>Dan \u0218tefan<\/strong> \u0219i fratele s\u0103u, Marius \u0218tefan, sunt fondatorii Autonom. Azi cresc o companie de mobilitate, care, pentru trei ani la r\u00e2nd, a luat titlul de Best Employer.<\/p>\n\n\n\n<p>Dan \u0218tefan a discutat despre oamenii din compania Autonom: <em><strong>\u201cDe ce sunt oamenii no\u0219tri at\u00e2t de engaged?\u201d<\/strong><\/em>. C\u00e2teva informa\u021bii din ultimul studiul global referitor la engagement, <strong><em>\u201c<\/em>USA 33% engagement fa\u021b\u0103 de locul de munc\u0103, rela\u021bii tranzac\u021bionale, nu sunt motiva\u021bi, nu se identific\u0103 dec\u00e2t pur contractual. Nivel global, 13%, \u00een sc\u0103dere. \u00cen Autonom, procentul este \u00eens\u0103 de 86%\u201d.<\/strong><\/p>\n\n\n\n<p>Se discut\u0103 apoi despre autonomie \u00een ceea ce prive\u0219te ma\u0219ina viitorului: <strong><em>\u201c<\/em><\/strong><strong>S\u0103 ne imagin\u0103m ma\u0219ina ca un activ. 95% din timp, ma\u0219inile stau. Restul de 5% nu e rulaj optim, se st\u0103 \u00een trafic, se caut\u0103 locuri de parcare, e c\u00e2te o persoan\u0103 \u00een ma\u0219in\u0103, optimul e 1-2% pentru un activ care nu e tocmai ieftin.\u201d<\/strong> Asta ne duce \u00een discu\u021bia despre car sharing, despre care vom scrie poate un articol separat \ud83d\ude42<\/p>\n\n\n\n<div class=\"wp-block-image\"><figure class=\"alignright size-medium\"><a href=\"https:\/\/www.autonom.ro\/blog\/wp-content\/uploads\/2017\/10\/Adrian-Florea3-e1466580474360.jpg\" target=\"_blank\" rel=\"noopener noreferrer\"><img loading=\"lazy\" decoding=\"async\" width=\"300\" height=\"277\" src=\"https:\/\/www.autonom.ro\/blog\/wp-content\/uploads\/2017\/10\/Adrian-Florea3-e1466580474360-300x277.jpg\" alt=\"\" class=\"wp-image-4775\" srcset=\"https:\/\/www.autonom.ro\/blog\/wp-content\/uploads\/2017\/10\/Adrian-Florea3-e1466580474360-300x277.jpg 300w, https:\/\/www.autonom.ro\/blog\/wp-content\/uploads\/2017\/10\/Adrian-Florea3-e1466580474360.jpg 486w\" sizes=\"auto, (max-width: 300px) 100vw, 300px\" \/><\/a><\/figure><\/div>\n\n\n\n<p><strong>Tot sistemul acesta de management pe care \u00eel folosim, axat pe eficien\u021b\u0103,<\/strong> este oare cel mai bun? <strong>\u201cDe unde vine creativitatea, inova\u021bia? Vin mai degrab\u0103 din a l\u0103sa o mic\u0103 parte din timp pentru altceva. <\/strong>Look at Google!\u201d Modele descentralizate puse \u00een lumin\u0103, bazate pe autonomie. Autonomia e o nevoie profund umana. Asa se explica succesul acestei companii care are la baz\u0103 o ac\u021biune obi\u0219nuit\u0103, de a \u00eenchiria ma\u0219ini. Pe <a href=\"https:\/\/www.autonom.ro\/ro\/viziune\">website-ul Autonom<\/a> scrie a\u0219a: <em>&#8222;Succesul, pentru noi, este dat de mul\u021bumirea clien\u021bilor \u0219i de evolu\u021bia colegilor. Cre\u0219terea afacerii, profitabilitatea \u0219i stabilitatea financiar\u0103 sunt, toate, consecin\u021be fire\u0219ti.&#8221;<\/em><\/p>\n\n\n\n<p><strong>Adrian Florea<\/strong>, managing partner la <a rel=\"noopener noreferrer\" href=\"http:\/\/trendconsult.eu\/\" target=\"_blank\">Trend Consult<\/a>, a vorbit de cultura organiza\u021bional\u0103, de climat \u0219i de o bucla, despre care afla\u021bi mai jos.<strong> \u201cCultura unei organiza\u021bii: cum se face pe la noi? Asta este cea mai simpl\u0103 defini\u021bie a culturii unei organizatii.\u201d<\/strong> Exemplul pe care \u00eel d\u0103 se poate vedea cel mai bine in videoul de mai jos. Vedeti modelul? Ce p\u0103rere ave\u021bi despre ce se \u00eent\u00e2mpl\u0103 acolo?<\/p>\n\n\n\n<figure class=\"wp-block-embed-youtube aligncenter wp-block-embed is-type-rich is-provider-inglobeaza-manipulantul wp-embed-aspect-16-9 wp-has-aspect-ratio\"><div class=\"wp-block-embed__wrapper\">\n<iframe loading=\"lazy\" title=\"First Follower: Leadership Lessons from Dancing Guy\" width=\"500\" height=\"281\" src=\"https:\/\/www.youtube.com\/embed\/fW8amMCVAJQ?feature=oembed\" frameborder=\"0\" allow=\"accelerometer; autoplay; clipboard-write; encrypted-media; gyroscope; picture-in-picture; web-share\" referrerpolicy=\"strict-origin-when-cross-origin\" allowfullscreen><\/iframe>\n<\/div><\/figure>\n\n\n\n<p><em><span style=\"text-decoration: underline;\"><strong>Bucla &#8211; Comportament, Norm\u0103, Mediu<\/strong><\/span><\/em><br><strong>\u201dNorma este o consecin\u021b\u0103. Dac\u0103 apare liderul, normalul s-a schimbat. Nu o po\u021bi schimba pentru c\u0103 vrei, mul\u021bi manageri \u00eencearc\u0103 s\u0103 \u00ee\u0219i conving\u0103 oamenii s\u0103 \u00ee\u0219i schimbe norma prin reguli, prin decizii. NEVER, nu func\u021bioneaz\u0103.\u201d<\/strong><\/p>\n\n\n\n<div class=\"wp-block-image\"><figure class=\"aligncenter is-resized\"><a href=\"https:\/\/www.autonom.ro\/blog\/wp-content\/uploads\/2017\/10\/2017-10-25-300x181-1.jpg\" target=\"_blank\" rel=\"noopener noreferrer\"><img loading=\"lazy\" decoding=\"async\" src=\"https:\/\/www.autonom.ro\/blog\/wp-content\/uploads\/2017\/10\/2017-10-25-300x181-1.jpg\" alt=\"\" class=\"wp-image-4784\" width=\"300\" height=\"181\"\/><\/a><\/figure><\/div>\n\n\n\n<p><strong>\u201dCare este diferen\u021ba dintre cultur\u0103 \u0219i climat? Climatul este o sum\u0103 de percep\u021bii \u0219i emo\u021bii; percep sala asta ca fiind foarte mare, deci m\u0103 simt nesigur s\u0103 vorbesc. Prin urmare, \u00eentr-o organiza\u021bie cu climat pl\u0103cut, cre\u0219te\u2026 engagementul! Ceea ce determin\u0103 performan\u021ba organiza\u021biei nu e climatul, e cultura. O cultur\u0103 s\u0103n\u0103toas\u0103 genereaz\u0103 performan\u021ba economic\u0103. Combina\u021bia dintre cele dou\u0103 e idealul. Elementele sunt foarte actuale, de introducere a unor concepte psihologice \u00een conducerea afacerii, am ajuns s\u0103 vorbim despre human behavior, nu de human capital.\u201d<\/strong><\/p>\n\n\n\n<p>\u00cencheie printr-o fraz\u0103 promi\u021b\u0103toare! <strong>\u201dOrganiza\u021bia viitorului este cea care \u00een\u021belege c\u0103 este normal pentru oameni s\u0103 repete un comportament pe care \u00eel g\u0103sesc \u00eentr-un mediu gata f\u0103cut \u0219i e normal s\u0103 \u00een\u021beleag\u0103 c\u0103 ceea ce conteaz\u0103 cu adev\u0103rat, mai degrab\u0103 dec\u00e2t un climat pl\u0103cut, este un set de norme s\u0103n\u0103toase care te duc spre performan\u021b\u0103.\u201d<\/strong><\/p>\n\n\n\n<div class=\"wp-block-image\"><figure class=\"alignleft\"><a href=\"https:\/\/www.autonom.ro\/blog\/wp-content\/uploads\/2017\/10\/Radu-Craciun-e1460366281814-1.jpg\" target=\"_blank\" rel=\"noopener noreferrer\"><img loading=\"lazy\" decoding=\"async\" width=\"270\" height=\"300\" src=\"https:\/\/www.autonom.ro\/blog\/wp-content\/uploads\/2017\/10\/Radu-Craciun-e1460366281814-1-270x300.jpg\" alt=\"\" class=\"wp-image-4777\" srcset=\"https:\/\/www.autonom.ro\/blog\/wp-content\/uploads\/2017\/10\/Radu-Craciun-e1460366281814-1-270x300.jpg 270w, https:\/\/www.autonom.ro\/blog\/wp-content\/uploads\/2017\/10\/Radu-Craciun-e1460366281814-1-920x1024.jpg 920w, https:\/\/www.autonom.ro\/blog\/wp-content\/uploads\/2017\/10\/Radu-Craciun-e1460366281814-1-768x855.jpg 768w, https:\/\/www.autonom.ro\/blog\/wp-content\/uploads\/2017\/10\/Radu-Craciun-e1460366281814-1.jpg 994w\" sizes=\"auto, (max-width: 270px) 100vw, 270px\" \/><\/a><\/figure><\/div>\n\n\n\n<p><strong>Radu Cr\u0103ciun &#8211;<\/strong>&nbsp;\u00een prezent, CEO al <a href=\"https:\/\/pensiibcr.ro\/ro\/home\" target=\"_blank\" rel=\"noopener noreferrer\">BCR Pensii<\/a>, av\u00e2nd o experien\u021b\u0103 de peste dou\u0103 decenii \u00een pie\u021bele financiare &#8211; a vorbit despre capital \u0219i resursa uman\u0103. Mai multe din ideile \u0219i analizele lui Radu Cr\u0103ciun afla\u021bi pe <a href=\"http:\/\/raducraciun.ro\/\" target=\"_blank\" rel=\"noopener noreferrer\">raducraciun.ro<\/a>.<\/p>\n\n\n\n<p><strong>\u201cInvocarea constant\u0103 a trecutului pentru anticiparea viitorului este o naivitate. Practic, schimb\u0103rile de structur\u0103, deciziile luate la nivel economic fac ca viitorul s\u0103 fie o mare necunoscut\u0103, iar trecutul s\u0103 nu ne serveasc\u0103 deloc la ce se va \u00eent\u00e2mpla \u00een viitor.&#8221;<\/strong> La facultate nu te \u00eenva\u021b\u0103 a\u0219a. Se vorbe\u0219te de cicluri, de \u201crepetarea istoriei\u201d, \u201crepetarea gre\u0219elilor\u201d,<em> look back when you want to predict the future.<\/em> <strong>\u201cUnii se a\u0219teapt\u0103 ca Rom\u00e2nia s\u0103 urmeze aceea\u0219i evolutie a \u021b\u0103rilor dezvoltate, aceea\u0219i acumulare gradual\u0103 de capital etc. Rom\u00e2nia, dac\u0103 vrea s\u0103 fie o \u021bar\u0103 prosper\u0103, trebuie s\u0103 g\u0103seasc\u0103 o alt\u0103 cale. Problema noastr\u0103 se reduce la capital \u0219i for\u021b\u0103 de munc\u0103. Or, capitalul rom\u00e2nesc este sublim, nu lipse\u0219te cu des\u0103v\u00e2r\u0219ire, dar este pu\u021bin.&#8221;&nbsp;<\/strong><em>Care este cea mai de succes la nivel global, firm\u0103 rom\u00e2neasc\u0103?<\/em>&nbsp;R\u0103spuns din sal\u0103: Bitdefender &#8211; <strong>\u201cfirm\u0103 de IT, nu e intensiv\u0103 \u00een ceea ce prive\u0219te capitalul, nu e o \u00eent\u00e2mplare c\u0103 e cea mai de succes. Alt\u0103 firm\u0103 de succes, Dedeman, are o amprent\u0103 regional\u0103. Firmele rom\u00e2ne\u0219ti de mare succes nu vor fi firme care s\u0103 aib\u0103 nevoie de mult capital\u201d.<\/strong><\/p>\n\n\n\n<p>Se discut\u0103 apoi despre capitolul resursa uman\u0103: <strong>\u201cDin punct de vedere al capitalului uman, avem o problem\u0103 at\u00e2t cantitativ\u0103, c\u00e2t \u0219i calitativ\u0103. Rom\u00e2nia nu va fi niciodat\u0103 Germania sau Olanda, ci mai degrab\u0103 la fel de frumoas\u0103 \u0219i prosper\u0103 ca Italia, dar av\u00e2nd \u0219i punctele slabe ale acestei \u021b\u0103ri\u201d.<\/strong><\/p>\n\n\n\n<p><strong>\u201cE\u0219ecul major al tuturor politicilor pe care Rom\u00e2nia le-a f\u0103cut este diferen\u021ba dintre est \u0219i vest; discrepan\u021ba dezvolt\u0103rii economice. Calea \u00een ceea ce prive\u0219te factorul de munc\u0103, \u00eens\u0103, este conturat\u0103 astfel: angaja\u021bii trebuie s\u0103 fie accesa\u021bi, instrui\u021bi \u0219i motiva\u021bi.\u201d<\/strong><\/p>\n\n\n\n<p>\u00cenchei printr-o problem\u0103 pe care ne-a aruncat-o tuturor: <strong>\u201cS\u0103 renun\u021b\u0103m la legenda rom\u00e2nilor ieftini. Rom\u00e2nia nu va mai putea concura cu alte \u021b\u0103ri pe baza for\u021bei de munc\u0103 calificate, dar \u201cieftine\u201d. Ca s\u0103 fie re\u021binu\u021bi \u0219i s\u0103 nu plece va trebui s\u0103 fie bine pl\u0103ti\u021bi! Face\u021bi planuri de business cu ideea unei for\u021be de munc\u0103 scumpe.\u201d<\/strong><\/p>\n\n\n\n<p><strong>\u00cencheiere. Concluzii<\/strong><\/p>\n\n\n\n<div class=\"wp-block-image\"><figure class=\"aligncenter\"><a href=\"https:\/\/www.autonom.ro\/blog\/wp-content\/uploads\/2017\/10\/Capitalul-romanesc-este-sublim-nu-lipseste-cu-desavarsire-dar-este-putin_-Firmele-romanesti-de-mare-succes-nu-vor-fi-firme-1.png\" target=\"_blank\" rel=\"noopener noreferrer\"><img loading=\"lazy\" decoding=\"async\" width=\"800\" height=\"800\" src=\"https:\/\/www.autonom.ro\/blog\/wp-content\/uploads\/2017\/10\/Capitalul-romanesc-este-sublim-nu-lipseste-cu-desavarsire-dar-este-putin_-Firmele-romanesti-de-mare-succes-nu-vor-fi-firme-1.png\" alt=\"\" class=\"wp-image-4776\" srcset=\"https:\/\/www.autonom.ro\/blog\/wp-content\/uploads\/2017\/10\/Capitalul-romanesc-este-sublim-nu-lipseste-cu-desavarsire-dar-este-putin_-Firmele-romanesti-de-mare-succes-nu-vor-fi-firme-1.png 800w, https:\/\/www.autonom.ro\/blog\/wp-content\/uploads\/2017\/10\/Capitalul-romanesc-este-sublim-nu-lipseste-cu-desavarsire-dar-este-putin_-Firmele-romanesti-de-mare-succes-nu-vor-fi-firme-1-300x300.png 300w, https:\/\/www.autonom.ro\/blog\/wp-content\/uploads\/2017\/10\/Capitalul-romanesc-este-sublim-nu-lipseste-cu-desavarsire-dar-este-putin_-Firmele-romanesti-de-mare-succes-nu-vor-fi-firme-1-150x150.png 150w, https:\/\/www.autonom.ro\/blog\/wp-content\/uploads\/2017\/10\/Capitalul-romanesc-este-sublim-nu-lipseste-cu-desavarsire-dar-este-putin_-Firmele-romanesti-de-mare-succes-nu-vor-fi-firme-1-768x768.png 768w, https:\/\/www.autonom.ro\/blog\/wp-content\/uploads\/2017\/10\/Capitalul-romanesc-este-sublim-nu-lipseste-cu-desavarsire-dar-este-putin_-Firmele-romanesti-de-mare-succes-nu-vor-fi-firme-1-100x100.png 100w\" sizes=\"auto, (max-width: 800px) 100vw, 800px\" \/><\/a><\/figure><\/div>\n\n\n\n<p>Material realizat de Ana Maria Popa din echipa MindsHub. Multumim!<\/p>\n","protected":false},"excerpt":{"rendered":"<p>Fil\u0103 de \u00eenceput\u2026 A\u0219a cum deja \u0219ti\u021bi, echipa MindsHub este format\u0103 din studen\u021bi, majoritatea sub 25 de ani. S\u0103 facem un exerci\u021biu de imagina\u021bie; g\u00e2nde\u0219te-te c\u0103 e\u0219ti un t\u00e2n\u0103r aspirant la o via\u021b\u0103 de succes, o via\u021b\u0103 \u00een care nu concepi s\u0103 nu ajungi pe coperta revistei Forbes sau compania ta s\u0103 fie listat\u0103 cel [&hellip;]<\/p>\n","protected":false},"author":2,"featured_media":4773,"comment_status":"open","ping_status":"open","sticky":false,"template":"","format":"standard","meta":{"inline_featured_image":false,"footnotes":""},"categories":[1914,1908],"tags":[],"class_list":["post-4772","post","type-post","status-publish","format-standard","has-post-thumbnail","hentry","category-evenimente","category-autonom-news"],"yoast_head":"<!-- This site is optimized with the Yoast SEO plugin v27.5 - https:\/\/yoast.com\/product\/yoast-seo-wordpress\/ -->\n<title>Timisoara Business Elite - Blog Autonom<\/title>\n<meta name=\"robots\" content=\"index, follow, max-snippet:-1, max-image-preview:large, max-video-preview:-1\" \/>\n<link rel=\"canonical\" href=\"https:\/\/www.autonom.ro\/blog\/timisoara-business-elite\/\" \/>\n<meta property=\"og:locale\" content=\"ro_RO\" \/>\n<meta property=\"og:type\" content=\"article\" \/>\n<meta property=\"og:title\" content=\"Timisoara Business Elite - Blog Autonom\" \/>\n<meta property=\"og:description\" content=\"Fil\u0103 de \u00eenceput\u2026 A\u0219a cum deja \u0219ti\u021bi, echipa MindsHub este format\u0103 din studen\u021bi, majoritatea sub 25 de ani. S\u0103 facem un exerci\u021biu de imagina\u021bie; g\u00e2nde\u0219te-te c\u0103 e\u0219ti un t\u00e2n\u0103r aspirant la o via\u021b\u0103 de succes, o via\u021b\u0103 \u00een care nu concepi s\u0103 nu ajungi pe coperta revistei Forbes sau compania ta s\u0103 fie listat\u0103 cel [&hellip;]\" \/>\n<meta property=\"og:url\" content=\"https:\/\/www.autonom.ro\/blog\/timisoara-business-elite\/\" \/>\n<meta property=\"og:site_name\" content=\"Blog Autonom\" \/>\n<meta property=\"article:publisher\" content=\"https:\/\/www.facebook.com\/AutonomRomania\/\" \/>\n<meta property=\"article:published_time\" content=\"2017-10-30T18:55:51+00:00\" \/>\n<meta property=\"article:modified_time\" content=\"2021-11-01T13:52:55+00:00\" \/>\n<meta property=\"og:image\" content=\"https:\/\/www.autonom.ro\/blog\/wp-content\/uploads\/2017\/10\/02-dan-stefan-md.jpg\" \/>\n\t<meta property=\"og:image:width\" content=\"638\" \/>\n\t<meta property=\"og:image:height\" content=\"965\" \/>\n\t<meta property=\"og:image:type\" content=\"image\/jpeg\" \/>\n<meta name=\"author\" content=\"Autonom\" \/>\n<meta name=\"twitter:card\" content=\"summary_large_image\" \/>\n<meta name=\"twitter:label1\" content=\"Scris de\" \/>\n\t<meta name=\"twitter:data1\" content=\"Autonom\" \/>\n\t<meta name=\"twitter:label2\" content=\"Timp estimat pentru citire\" \/>\n\t<meta name=\"twitter:data2\" content=\"8 minute\" \/>\n<script type=\"application\/ld+json\" class=\"yoast-schema-graph\">{\"@context\":\"https:\\\/\\\/schema.org\",\"@graph\":[{\"@type\":\"Article\",\"@id\":\"https:\\\/\\\/www.autonom.ro\\\/blog\\\/timisoara-business-elite\\\/#article\",\"isPartOf\":{\"@id\":\"https:\\\/\\\/www.autonom.ro\\\/blog\\\/timisoara-business-elite\\\/\"},\"author\":{\"name\":\"Autonom\",\"@id\":\"https:\\\/\\\/www.autonom.ro\\\/blog\\\/#\\\/schema\\\/person\\\/ea5961c2ebc8070c672571e6d52b8a78\"},\"headline\":\"Timisoara Business Elite\",\"datePublished\":\"2017-10-30T18:55:51+00:00\",\"dateModified\":\"2021-11-01T13:52:55+00:00\",\"mainEntityOfPage\":{\"@id\":\"https:\\\/\\\/www.autonom.ro\\\/blog\\\/timisoara-business-elite\\\/\"},\"wordCount\":1662,\"commentCount\":0,\"publisher\":{\"@id\":\"https:\\\/\\\/www.autonom.ro\\\/blog\\\/#organization\"},\"image\":{\"@id\":\"https:\\\/\\\/www.autonom.ro\\\/blog\\\/timisoara-business-elite\\\/#primaryimage\"},\"thumbnailUrl\":\"https:\\\/\\\/www.autonom.ro\\\/blog\\\/wp-content\\\/uploads\\\/2017\\\/10\\\/02-dan-stefan-md.jpg\",\"articleSection\":[\"Evenimente\",\"Noutati Autonom\"],\"inLanguage\":\"ro-RO\"},{\"@type\":\"WebPage\",\"@id\":\"https:\\\/\\\/www.autonom.ro\\\/blog\\\/timisoara-business-elite\\\/\",\"url\":\"https:\\\/\\\/www.autonom.ro\\\/blog\\\/timisoara-business-elite\\\/\",\"name\":\"Timisoara Business Elite - Blog Autonom\",\"isPartOf\":{\"@id\":\"https:\\\/\\\/www.autonom.ro\\\/blog\\\/#website\"},\"primaryImageOfPage\":{\"@id\":\"https:\\\/\\\/www.autonom.ro\\\/blog\\\/timisoara-business-elite\\\/#primaryimage\"},\"image\":{\"@id\":\"https:\\\/\\\/www.autonom.ro\\\/blog\\\/timisoara-business-elite\\\/#primaryimage\"},\"thumbnailUrl\":\"https:\\\/\\\/www.autonom.ro\\\/blog\\\/wp-content\\\/uploads\\\/2017\\\/10\\\/02-dan-stefan-md.jpg\",\"datePublished\":\"2017-10-30T18:55:51+00:00\",\"dateModified\":\"2021-11-01T13:52:55+00:00\",\"breadcrumb\":{\"@id\":\"https:\\\/\\\/www.autonom.ro\\\/blog\\\/timisoara-business-elite\\\/#breadcrumb\"},\"inLanguage\":\"ro-RO\",\"potentialAction\":[{\"@type\":\"ReadAction\",\"target\":[\"https:\\\/\\\/www.autonom.ro\\\/blog\\\/timisoara-business-elite\\\/\"]}]},{\"@type\":\"ImageObject\",\"inLanguage\":\"ro-RO\",\"@id\":\"https:\\\/\\\/www.autonom.ro\\\/blog\\\/timisoara-business-elite\\\/#primaryimage\",\"url\":\"https:\\\/\\\/www.autonom.ro\\\/blog\\\/wp-content\\\/uploads\\\/2017\\\/10\\\/02-dan-stefan-md.jpg\",\"contentUrl\":\"https:\\\/\\\/www.autonom.ro\\\/blog\\\/wp-content\\\/uploads\\\/2017\\\/10\\\/02-dan-stefan-md.jpg\",\"width\":638,\"height\":965},{\"@type\":\"BreadcrumbList\",\"@id\":\"https:\\\/\\\/www.autonom.ro\\\/blog\\\/timisoara-business-elite\\\/#breadcrumb\",\"itemListElement\":[{\"@type\":\"ListItem\",\"position\":1,\"name\":\"Prima pagin\u0103\",\"item\":\"https:\\\/\\\/www.autonom.ro\\\/blog\\\/\"},{\"@type\":\"ListItem\",\"position\":2,\"name\":\"Timisoara Business Elite\"}]},{\"@type\":\"WebSite\",\"@id\":\"https:\\\/\\\/www.autonom.ro\\\/blog\\\/#website\",\"url\":\"https:\\\/\\\/www.autonom.ro\\\/blog\\\/\",\"name\":\"Blog Autonom\",\"description\":\"\",\"publisher\":{\"@id\":\"https:\\\/\\\/www.autonom.ro\\\/blog\\\/#organization\"},\"potentialAction\":[{\"@type\":\"SearchAction\",\"target\":{\"@type\":\"EntryPoint\",\"urlTemplate\":\"https:\\\/\\\/www.autonom.ro\\\/blog\\\/?s={search_term_string}\"},\"query-input\":{\"@type\":\"PropertyValueSpecification\",\"valueRequired\":true,\"valueName\":\"search_term_string\"}}],\"inLanguage\":\"ro-RO\"},{\"@type\":\"Organization\",\"@id\":\"https:\\\/\\\/www.autonom.ro\\\/blog\\\/#organization\",\"name\":\"Blog Autonom\",\"url\":\"https:\\\/\\\/www.autonom.ro\\\/blog\\\/\",\"logo\":{\"@type\":\"ImageObject\",\"inLanguage\":\"ro-RO\",\"@id\":\"https:\\\/\\\/www.autonom.ro\\\/blog\\\/#\\\/schema\\\/logo\\\/image\\\/\",\"url\":\"https:\\\/\\\/www.autonom.ro\\\/blog\\\/wp-content\\\/uploads\\\/2020\\\/10\\\/cropped-Autonom_Corporate-Logo-Color-Orizontal-RGB.png\",\"contentUrl\":\"https:\\\/\\\/www.autonom.ro\\\/blog\\\/wp-content\\\/uploads\\\/2020\\\/10\\\/cropped-Autonom_Corporate-Logo-Color-Orizontal-RGB.png\",\"width\":724,\"height\":250,\"caption\":\"Blog Autonom\"},\"image\":{\"@id\":\"https:\\\/\\\/www.autonom.ro\\\/blog\\\/#\\\/schema\\\/logo\\\/image\\\/\"},\"sameAs\":[\"https:\\\/\\\/www.facebook.com\\\/AutonomRomania\\\/\",\"http:\\\/\\\/www.instagram.com\\\/autonom.romania\\\/\",\"https:\\\/\\\/www.linkedin.com\\\/company\\\/autonom-rent-a-car\"]},{\"@type\":\"Person\",\"@id\":\"https:\\\/\\\/www.autonom.ro\\\/blog\\\/#\\\/schema\\\/person\\\/ea5961c2ebc8070c672571e6d52b8a78\",\"name\":\"Autonom\",\"image\":{\"@type\":\"ImageObject\",\"inLanguage\":\"ro-RO\",\"@id\":\"https:\\\/\\\/secure.gravatar.com\\\/avatar\\\/bd0293e675420709298b7e1b87e42729832f151e0bf4555fdbb0e351104e17ba?s=96&d=mm&r=g\",\"url\":\"https:\\\/\\\/secure.gravatar.com\\\/avatar\\\/bd0293e675420709298b7e1b87e42729832f151e0bf4555fdbb0e351104e17ba?s=96&d=mm&r=g\",\"contentUrl\":\"https:\\\/\\\/secure.gravatar.com\\\/avatar\\\/bd0293e675420709298b7e1b87e42729832f151e0bf4555fdbb0e351104e17ba?s=96&d=mm&r=g\",\"caption\":\"Autonom\"},\"url\":\"https:\\\/\\\/www.autonom.ro\\\/blog\\\/author\\\/autonom\\\/\"}]}<\/script>\n<!-- \/ Yoast SEO plugin. -->","yoast_head_json":{"title":"Timisoara Business Elite - Blog Autonom","robots":{"index":"index","follow":"follow","max-snippet":"max-snippet:-1","max-image-preview":"max-image-preview:large","max-video-preview":"max-video-preview:-1"},"canonical":"https:\/\/www.autonom.ro\/blog\/timisoara-business-elite\/","og_locale":"ro_RO","og_type":"article","og_title":"Timisoara Business Elite - Blog Autonom","og_description":"Fil\u0103 de \u00eenceput\u2026 A\u0219a cum deja \u0219ti\u021bi, echipa MindsHub este format\u0103 din studen\u021bi, majoritatea sub 25 de ani. S\u0103 facem un exerci\u021biu de imagina\u021bie; g\u00e2nde\u0219te-te c\u0103 e\u0219ti un t\u00e2n\u0103r aspirant la o via\u021b\u0103 de succes, o via\u021b\u0103 \u00een care nu concepi s\u0103 nu ajungi pe coperta revistei Forbes sau compania ta s\u0103 fie listat\u0103 cel [&hellip;]","og_url":"https:\/\/www.autonom.ro\/blog\/timisoara-business-elite\/","og_site_name":"Blog Autonom","article_publisher":"https:\/\/www.facebook.com\/AutonomRomania\/","article_published_time":"2017-10-30T18:55:51+00:00","article_modified_time":"2021-11-01T13:52:55+00:00","og_image":[{"width":638,"height":965,"url":"https:\/\/www.autonom.ro\/blog\/wp-content\/uploads\/2017\/10\/02-dan-stefan-md.jpg","type":"image\/jpeg"}],"author":"Autonom","twitter_card":"summary_large_image","twitter_misc":{"Scris de":"Autonom","Timp estimat pentru citire":"8 minute"},"schema":{"@context":"https:\/\/schema.org","@graph":[{"@type":"Article","@id":"https:\/\/www.autonom.ro\/blog\/timisoara-business-elite\/#article","isPartOf":{"@id":"https:\/\/www.autonom.ro\/blog\/timisoara-business-elite\/"},"author":{"name":"Autonom","@id":"https:\/\/www.autonom.ro\/blog\/#\/schema\/person\/ea5961c2ebc8070c672571e6d52b8a78"},"headline":"Timisoara Business Elite","datePublished":"2017-10-30T18:55:51+00:00","dateModified":"2021-11-01T13:52:55+00:00","mainEntityOfPage":{"@id":"https:\/\/www.autonom.ro\/blog\/timisoara-business-elite\/"},"wordCount":1662,"commentCount":0,"publisher":{"@id":"https:\/\/www.autonom.ro\/blog\/#organization"},"image":{"@id":"https:\/\/www.autonom.ro\/blog\/timisoara-business-elite\/#primaryimage"},"thumbnailUrl":"https:\/\/www.autonom.ro\/blog\/wp-content\/uploads\/2017\/10\/02-dan-stefan-md.jpg","articleSection":["Evenimente","Noutati Autonom"],"inLanguage":"ro-RO"},{"@type":"WebPage","@id":"https:\/\/www.autonom.ro\/blog\/timisoara-business-elite\/","url":"https:\/\/www.autonom.ro\/blog\/timisoara-business-elite\/","name":"Timisoara Business Elite - Blog Autonom","isPartOf":{"@id":"https:\/\/www.autonom.ro\/blog\/#website"},"primaryImageOfPage":{"@id":"https:\/\/www.autonom.ro\/blog\/timisoara-business-elite\/#primaryimage"},"image":{"@id":"https:\/\/www.autonom.ro\/blog\/timisoara-business-elite\/#primaryimage"},"thumbnailUrl":"https:\/\/www.autonom.ro\/blog\/wp-content\/uploads\/2017\/10\/02-dan-stefan-md.jpg","datePublished":"2017-10-30T18:55:51+00:00","dateModified":"2021-11-01T13:52:55+00:00","breadcrumb":{"@id":"https:\/\/www.autonom.ro\/blog\/timisoara-business-elite\/#breadcrumb"},"inLanguage":"ro-RO","potentialAction":[{"@type":"ReadAction","target":["https:\/\/www.autonom.ro\/blog\/timisoara-business-elite\/"]}]},{"@type":"ImageObject","inLanguage":"ro-RO","@id":"https:\/\/www.autonom.ro\/blog\/timisoara-business-elite\/#primaryimage","url":"https:\/\/www.autonom.ro\/blog\/wp-content\/uploads\/2017\/10\/02-dan-stefan-md.jpg","contentUrl":"https:\/\/www.autonom.ro\/blog\/wp-content\/uploads\/2017\/10\/02-dan-stefan-md.jpg","width":638,"height":965},{"@type":"BreadcrumbList","@id":"https:\/\/www.autonom.ro\/blog\/timisoara-business-elite\/#breadcrumb","itemListElement":[{"@type":"ListItem","position":1,"name":"Prima pagin\u0103","item":"https:\/\/www.autonom.ro\/blog\/"},{"@type":"ListItem","position":2,"name":"Timisoara Business Elite"}]},{"@type":"WebSite","@id":"https:\/\/www.autonom.ro\/blog\/#website","url":"https:\/\/www.autonom.ro\/blog\/","name":"Blog Autonom","description":"","publisher":{"@id":"https:\/\/www.autonom.ro\/blog\/#organization"},"potentialAction":[{"@type":"SearchAction","target":{"@type":"EntryPoint","urlTemplate":"https:\/\/www.autonom.ro\/blog\/?s={search_term_string}"},"query-input":{"@type":"PropertyValueSpecification","valueRequired":true,"valueName":"search_term_string"}}],"inLanguage":"ro-RO"},{"@type":"Organization","@id":"https:\/\/www.autonom.ro\/blog\/#organization","name":"Blog Autonom","url":"https:\/\/www.autonom.ro\/blog\/","logo":{"@type":"ImageObject","inLanguage":"ro-RO","@id":"https:\/\/www.autonom.ro\/blog\/#\/schema\/logo\/image\/","url":"https:\/\/www.autonom.ro\/blog\/wp-content\/uploads\/2020\/10\/cropped-Autonom_Corporate-Logo-Color-Orizontal-RGB.png","contentUrl":"https:\/\/www.autonom.ro\/blog\/wp-content\/uploads\/2020\/10\/cropped-Autonom_Corporate-Logo-Color-Orizontal-RGB.png","width":724,"height":250,"caption":"Blog Autonom"},"image":{"@id":"https:\/\/www.autonom.ro\/blog\/#\/schema\/logo\/image\/"},"sameAs":["https:\/\/www.facebook.com\/AutonomRomania\/","http:\/\/www.instagram.com\/autonom.romania\/","https:\/\/www.linkedin.com\/company\/autonom-rent-a-car"]},{"@type":"Person","@id":"https:\/\/www.autonom.ro\/blog\/#\/schema\/person\/ea5961c2ebc8070c672571e6d52b8a78","name":"Autonom","image":{"@type":"ImageObject","inLanguage":"ro-RO","@id":"https:\/\/secure.gravatar.com\/avatar\/bd0293e675420709298b7e1b87e42729832f151e0bf4555fdbb0e351104e17ba?s=96&d=mm&r=g","url":"https:\/\/secure.gravatar.com\/avatar\/bd0293e675420709298b7e1b87e42729832f151e0bf4555fdbb0e351104e17ba?s=96&d=mm&r=g","contentUrl":"https:\/\/secure.gravatar.com\/avatar\/bd0293e675420709298b7e1b87e42729832f151e0bf4555fdbb0e351104e17ba?s=96&d=mm&r=g","caption":"Autonom"},"url":"https:\/\/www.autonom.ro\/blog\/author\/autonom\/"}]}},"_links":{"self":[{"href":"https:\/\/www.autonom.ro\/blog\/wp-json\/wp\/v2\/posts\/4772","targetHints":{"allow":["GET"]}}],"collection":[{"href":"https:\/\/www.autonom.ro\/blog\/wp-json\/wp\/v2\/posts"}],"about":[{"href":"https:\/\/www.autonom.ro\/blog\/wp-json\/wp\/v2\/types\/post"}],"author":[{"embeddable":true,"href":"https:\/\/www.autonom.ro\/blog\/wp-json\/wp\/v2\/users\/2"}],"replies":[{"embeddable":true,"href":"https:\/\/www.autonom.ro\/blog\/wp-json\/wp\/v2\/comments?post=4772"}],"version-history":[{"count":3,"href":"https:\/\/www.autonom.ro\/blog\/wp-json\/wp\/v2\/posts\/4772\/revisions"}],"predecessor-version":[{"id":5851,"href":"https:\/\/www.autonom.ro\/blog\/wp-json\/wp\/v2\/posts\/4772\/revisions\/5851"}],"wp:featuredmedia":[{"embeddable":true,"href":"https:\/\/www.autonom.ro\/blog\/wp-json\/wp\/v2\/media\/4773"}],"wp:attachment":[{"href":"https:\/\/www.autonom.ro\/blog\/wp-json\/wp\/v2\/media?parent=4772"}],"wp:term":[{"taxonomy":"category","embeddable":true,"href":"https:\/\/www.autonom.ro\/blog\/wp-json\/wp\/v2\/categories?post=4772"},{"taxonomy":"post_tag","embeddable":true,"href":"https:\/\/www.autonom.ro\/blog\/wp-json\/wp\/v2\/tags?post=4772"}],"curies":[{"name":"wp","href":"https:\/\/api.w.org\/{rel}","templated":true}]}}