{"id":4987,"date":"2019-10-30T10:44:27","date_gmt":"2019-10-30T10:44:27","guid":{"rendered":"http:\/\/blog.autonom.ro\/?p=4987"},"modified":"2021-11-01T12:55:51","modified_gmt":"2021-11-01T12:55:51","slug":"autonom-rebranding","status":"publish","type":"post","link":"https:\/\/www.autonom.ro\/blog\/autonom-rebranding\/","title":{"rendered":"Autonom: o nou\u0103 \u00eenf\u0103\u021bi\u0219are, acela\u0219i partener de \u00eencredere pentru solu\u021bii moderne de mobilitate"},"content":{"rendered":"\n<div class=\"wp-block-image\"><figure class=\"aligncenter\"><a href=\"https:\/\/www.autonom.ro\/blog\/wp-content\/uploads\/2019\/10\/9d472577-5d48-4550-a4af-963bfd68242e-1.jpg\"><img loading=\"lazy\" decoding=\"async\" width=\"1275\" height=\"594\" src=\"https:\/\/www.autonom.ro\/blog\/wp-content\/uploads\/2019\/10\/9d472577-5d48-4550-a4af-963bfd68242e-1.jpg\" alt=\"\" class=\"wp-image-4999\" srcset=\"https:\/\/www.autonom.ro\/blog\/wp-content\/uploads\/2019\/10\/9d472577-5d48-4550-a4af-963bfd68242e-1.jpg 1275w, https:\/\/www.autonom.ro\/blog\/wp-content\/uploads\/2019\/10\/9d472577-5d48-4550-a4af-963bfd68242e-1-300x140.jpg 300w, https:\/\/www.autonom.ro\/blog\/wp-content\/uploads\/2019\/10\/9d472577-5d48-4550-a4af-963bfd68242e-1-1024x477.jpg 1024w, https:\/\/www.autonom.ro\/blog\/wp-content\/uploads\/2019\/10\/9d472577-5d48-4550-a4af-963bfd68242e-1-768x358.jpg 768w\" sizes=\"auto, (max-width: 1275px) 100vw, 1275px\" \/><\/a><\/figure><\/div>\n\n\n\n<p class=\"has-text-align-left\">Au trecut 14 ani de la \u00eenchirierea primei noastre ma\u0219ini, \u00een Piatra Neam\u021b. Am plecat la drum cu dorin\u021ba de a fi o companie de \u00eenchirieri onest\u0103. De-a lungul anilor, ne-am conturat viziunea de a fi un model de afaceri autentic: o afacere de familie care evolueaz\u0103 \u00een fiecare zi, prin dezvoltarea oamenilor s\u0103i \u0219i prin impactul pozitiv pe care \u00eel are \u00een societate.<\/p>\n\n\n\n<p class=\"has-text-align-left\">Acum, facem un nou pas \u00een evolu\u021bia noastr\u0103 \u0219i dorim s\u0103 \u00ee\u021bi facem cuno\u0219tin\u021b\u0103 cu <strong>noua noastr\u0103 identitate de brand<\/strong>, dezvoltat\u0103 \u00eempreun\u0103 cu Brandient. Rezultatul final reflect\u0103 dorin\u021ba noastr\u0103 de cre\u0219tere de-a lungul timpului iar \u201c<strong>Evolu\u0103m \u00een fiecare zi<\/strong>\u201d, valoarea noastr\u0103 central\u0103, devine sloganul Autonom. Astfel, ducem mai departe misiunea de a fi <strong>un furnizor integrat de solu\u021bii inovative de mobilitate \u0219i finan\u021bare.<\/strong><\/p>\n\n\n\n<div class=\"wp-block-image\"><figure class=\"aligncenter is-resized\"><a href=\"https:\/\/www.autonom.ro\/blog\/wp-content\/uploads\/2019\/10\/autonom_Corporate-Logo-RGB-orizontal-RO.png\"><img loading=\"lazy\" decoding=\"async\" src=\"https:\/\/www.autonom.ro\/blog\/wp-content\/uploads\/2019\/10\/autonom_Corporate-Logo-RGB-orizontal-RO.png\" alt=\"\" class=\"wp-image-4988\" width=\"703\" height=\"366\" srcset=\"https:\/\/www.autonom.ro\/blog\/wp-content\/uploads\/2019\/10\/autonom_Corporate-Logo-RGB-orizontal-RO.png 1405w, https:\/\/www.autonom.ro\/blog\/wp-content\/uploads\/2019\/10\/autonom_Corporate-Logo-RGB-orizontal-RO-300x156.png 300w, https:\/\/www.autonom.ro\/blog\/wp-content\/uploads\/2019\/10\/autonom_Corporate-Logo-RGB-orizontal-RO-1024x533.png 1024w, https:\/\/www.autonom.ro\/blog\/wp-content\/uploads\/2019\/10\/autonom_Corporate-Logo-RGB-orizontal-RO-768x400.png 768w\" sizes=\"auto, (max-width: 703px) 100vw, 703px\" \/><\/a><\/figure><\/div>\n\n\n\n<p class=\"has-text-align-left\">Schimbarea vine ca o urmare fireasc\u0103 a dezvolt\u0103rii sus\u021binute de care ne-am bucurat \u00een ultimii ani, at\u00e2t prin extinderea portofoliului de servicii, c\u00e2t \u0219i prin investi\u021biile \u00een alte companii &#8211; VMS, BT Operational Leasing, ProAsistta, CarCentric \u0219i Millenium Insurance Broker. Odat\u0103 cu noua \u00eenf\u0103\u021bi\u0219are, divizia de transferuri cu \u0219ofer devine Autonom Chauffeur Drive, iar compania Proasistta devine Autonom Road Assistance, al\u0103tur\u00e2ndu-se astfel celorlalte 6 linii de business din portofoliul nostru:<\/p>\n\n\n\n<div class=\"wp-block-image\"><figure class=\"alignright size-medium\"><a href=\"https:\/\/www.autonom.ro\/blog\/wp-content\/uploads\/2019\/10\/Untitled-9_v-copy-2.png\"><img loading=\"lazy\" decoding=\"async\" width=\"300\" height=\"195\" src=\"https:\/\/www.autonom.ro\/blog\/wp-content\/uploads\/2019\/10\/Untitled-9_v-copy-2-300x195.png\" alt=\"\" class=\"wp-image-5005\" srcset=\"https:\/\/www.autonom.ro\/blog\/wp-content\/uploads\/2019\/10\/Untitled-9_v-copy-2-300x195.png 300w, https:\/\/www.autonom.ro\/blog\/wp-content\/uploads\/2019\/10\/Untitled-9_v-copy-2-1024x666.png 1024w, https:\/\/www.autonom.ro\/blog\/wp-content\/uploads\/2019\/10\/Untitled-9_v-copy-2-768x499.png 768w, https:\/\/www.autonom.ro\/blog\/wp-content\/uploads\/2019\/10\/Untitled-9_v-copy-2-1536x999.png 1536w, https:\/\/www.autonom.ro\/blog\/wp-content\/uploads\/2019\/10\/Untitled-9_v-copy-2.png 1690w\" sizes=\"auto, (max-width: 300px) 100vw, 300px\" \/><\/a><\/figure><\/div>\n\n\n\n<p>Fie c\u0103 este vorba de cultura organiza\u021bional\u0103, de \u00eencurajarea dezvolt\u0103rii personale a colegilor sau de portofoliul de servicii oferite, \u00eenv\u0103\u021barea continu\u0103 va r\u0103m\u00e2ne \u00een centrul preocup\u0103rilor noastre. Totodat\u0103, vom continu\u0103 proiectele pentru sus\u021binerea educa\u021biei, \u00een care to\u021bi membrii echipei sunt implica\u021bi prin intermediul Funda\u021biei Autonom.<\/p>\n\n\n\n<p><em>&#8222;Noul program de identitate vizual\u0103 a brandului Autonom \u00ee\u0219i propune s\u0103 semnalizeze mai conving\u0103tor stadiul de cre\u0219tere \u0219i pozi\u021bia de leadership a businessului, \u00een paralel cu \u00eembun\u0103t\u0103\u021birea unor aspecte care \u021bin de vizibilitatea \u0219i consisten\u021ba brandului. Logo-ul Autonom transmite mobilitate, viziune \u0219i aspira\u021bie, \u00eentr-un tratament modern \u0219i adecvat unui brand de servicii. Am fost onora\u021bi s\u0103 desenam pentru un business rom\u00e2nesc antreprenorial at\u00e2t de ambi\u021bios \u0219i pentru o echip\u0103 de rom\u00e2ni tineri at\u00e2t de deosebit\u0103. Mul\u021bumim, Marius \u0219i Dan \u0218tefan, pentru oportunitate\u201d<\/em> a declarat Ciprian Badalan, Design Director, Brandient.<\/p>\n\n\n\n<p><em>\u201c\u00centregul parcurs al Autonom a avut la baz\u0103 dorin\u021ba noastr\u0103 de a fi un model de afaceri autentic, prin ceea ce ne propunem si, mai ales, prin ceea ce facem. Autonom, al\u0103turi de celelalte firme din grup, se consituie tot mai mult \u00eentr-un furnizor integrat de servicii de mobilitate. Credem c\u0103 \u00een pie\u021bele \u00een care activ\u0103m vor supravie\u021bui, pe termen lung, doar companiile care se adapteaz\u0103 \u0219i inoveaz\u0103, cre\u00e2nd adevarate ecosisteme. Chiar dac\u0103 afacerea noastr\u0103 cre\u0219te \u0219i devine tot mai complex\u0103, r\u0103m\u00e2ne neschimbat ata\u0219amentul nostru fa\u021b\u0103 de clien\u021bi. Ei, \u00eempreun\u0103 cu colegii no\u0219tri, sunt cei care ne motiveaz\u0103 s\u0103 evolu\u0103m \u00een fiecare zi.\u201d<\/em>, spune Dan \u0218tefan, co-fondator Autonom.<\/p>\n\n\n\n<p><em>\u201cEvolu\u021bia continu\u0103 este \u00een ADN-ul nostru, iar noua identitate este un nou capitol al dezvolt\u0103rii noastre. Autonomia, dezvoltarea personal\u0103, adaptabilitatea rapid\u0103 la schimbare \u0219i impactul pozitiv \u00een jurul nostru, cei patru piloni care au fost temelia tuturor deciziilor noastre \u00een ultimii 14 ani, r\u0103m\u00e2n valorile dup\u0103 care ne vom ghida \u00een continuare\u201d<\/em>, adaug\u0103 Marius \u0218tefan, co-fondator Autonom.<\/p>\n\n\n\n<p>V\u0103 mul\u021bumim c\u0103 sunte\u021bi al\u0103turi de noi \u0219i pentru c\u0103 ne-a\u021bi ales s\u0103 v\u0103 fim parteneri de drum!<\/p>\n\n\n\n<p>Pe cur\u00e2nd, Echipa Autonom<\/p>\n\n\n\n<div class=\"wp-block-image\"><figure class=\"aligncenter size-large\"><a href=\"https:\/\/www.autonom.ro\/blog\/wp-content\/uploads\/2019\/10\/1-01-scaled.jpg\"><img loading=\"lazy\" decoding=\"async\" width=\"1024\" height=\"420\" src=\"https:\/\/www.autonom.ro\/blog\/wp-content\/uploads\/2019\/10\/1-01-1024x420.jpg\" alt=\"\" class=\"wp-image-4990\" srcset=\"https:\/\/www.autonom.ro\/blog\/wp-content\/uploads\/2019\/10\/1-01-1024x420.jpg 1024w, https:\/\/www.autonom.ro\/blog\/wp-content\/uploads\/2019\/10\/1-01-300x123.jpg 300w, https:\/\/www.autonom.ro\/blog\/wp-content\/uploads\/2019\/10\/1-01-768x315.jpg 768w, https:\/\/www.autonom.ro\/blog\/wp-content\/uploads\/2019\/10\/1-01-1536x629.jpg 1536w, https:\/\/www.autonom.ro\/blog\/wp-content\/uploads\/2019\/10\/1-01-2048x839.jpg 2048w\" sizes=\"auto, (max-width: 1024px) 100vw, 1024px\" \/><\/a><\/figure><\/div>\n","protected":false},"excerpt":{"rendered":"<p>Au trecut 14 ani de la \u00eenchirierea primei noastre ma\u0219ini, \u00een Piatra Neam\u021b. Am plecat la drum cu dorin\u021ba de a fi o companie de \u00eenchirieri onest\u0103. De-a lungul anilor, ne-am conturat viziunea de a fi un model de afaceri autentic: o afacere de familie care evolueaz\u0103 \u00een fiecare zi, prin dezvoltarea oamenilor s\u0103i \u0219i [&hellip;]<\/p>\n","protected":false},"author":2,"featured_media":4997,"comment_status":"open","ping_status":"open","sticky":false,"template":"","format":"standard","meta":{"inline_featured_image":false,"footnotes":""},"categories":[1908],"tags":[],"class_list":["post-4987","post","type-post","status-publish","format-standard","has-post-thumbnail","hentry","category-autonom-news"],"yoast_head":"<!-- This site is optimized with the Yoast SEO plugin v27.3 - https:\/\/yoast.com\/product\/yoast-seo-wordpress\/ -->\n<title>Autonom: o nou\u0103 \u00eenf\u0103\u021bi\u0219are, acela\u0219i partener de \u00eencredere pentru solu\u021bii moderne de mobilitate - Blog Autonom<\/title>\n<meta name=\"robots\" content=\"index, follow, max-snippet:-1, max-image-preview:large, max-video-preview:-1\" \/>\n<link rel=\"canonical\" href=\"https:\/\/www.autonom.ro\/blog\/autonom-rebranding\/\" \/>\n<meta property=\"og:locale\" content=\"ro_RO\" \/>\n<meta property=\"og:type\" content=\"article\" \/>\n<meta property=\"og:title\" content=\"Autonom: o nou\u0103 \u00eenf\u0103\u021bi\u0219are, acela\u0219i partener de \u00eencredere pentru solu\u021bii moderne de mobilitate - Blog Autonom\" \/>\n<meta property=\"og:description\" content=\"Au trecut 14 ani de la \u00eenchirierea primei noastre ma\u0219ini, \u00een Piatra Neam\u021b. Am plecat la drum cu dorin\u021ba de a fi o companie de \u00eenchirieri onest\u0103. De-a lungul anilor, ne-am conturat viziunea de a fi un model de afaceri autentic: o afacere de familie care evolueaz\u0103 \u00een fiecare zi, prin dezvoltarea oamenilor s\u0103i \u0219i [&hellip;]\" \/>\n<meta property=\"og:url\" content=\"https:\/\/www.autonom.ro\/blog\/autonom-rebranding\/\" \/>\n<meta property=\"og:site_name\" content=\"Blog Autonom\" \/>\n<meta property=\"article:publisher\" content=\"https:\/\/www.facebook.com\/AutonomRomania\/\" \/>\n<meta property=\"article:published_time\" content=\"2019-10-30T10:44:27+00:00\" \/>\n<meta property=\"article:modified_time\" content=\"2021-11-01T12:55:51+00:00\" \/>\n<meta property=\"og:image\" content=\"https:\/\/www.autonom.ro\/blog\/wp-content\/uploads\/2019\/10\/9d472577-5d48-4550-a4af-963bfd68242e.jpg\" \/>\n\t<meta property=\"og:image:width\" content=\"1275\" \/>\n\t<meta property=\"og:image:height\" content=\"594\" \/>\n\t<meta property=\"og:image:type\" content=\"image\/jpeg\" \/>\n<meta name=\"author\" content=\"Autonom\" \/>\n<meta name=\"twitter:card\" content=\"summary_large_image\" \/>\n<meta name=\"twitter:label1\" content=\"Scris de\" \/>\n\t<meta name=\"twitter:data1\" content=\"Autonom\" \/>\n\t<meta name=\"twitter:label2\" content=\"Timp estimat pentru citire\" \/>\n\t<meta name=\"twitter:data2\" content=\"3 minute\" \/>\n<script type=\"application\/ld+json\" class=\"yoast-schema-graph\">{\"@context\":\"https:\\\/\\\/schema.org\",\"@graph\":[{\"@type\":\"Article\",\"@id\":\"https:\\\/\\\/www.autonom.ro\\\/blog\\\/autonom-rebranding\\\/#article\",\"isPartOf\":{\"@id\":\"https:\\\/\\\/www.autonom.ro\\\/blog\\\/autonom-rebranding\\\/\"},\"author\":{\"name\":\"Autonom\",\"@id\":\"https:\\\/\\\/www.autonom.ro\\\/blog\\\/#\\\/schema\\\/person\\\/ea5961c2ebc8070c672571e6d52b8a78\"},\"headline\":\"Autonom: o nou\u0103 \u00eenf\u0103\u021bi\u0219are, acela\u0219i partener de \u00eencredere pentru solu\u021bii moderne de mobilitate\",\"datePublished\":\"2019-10-30T10:44:27+00:00\",\"dateModified\":\"2021-11-01T12:55:51+00:00\",\"mainEntityOfPage\":{\"@id\":\"https:\\\/\\\/www.autonom.ro\\\/blog\\\/autonom-rebranding\\\/\"},\"wordCount\":598,\"commentCount\":0,\"publisher\":{\"@id\":\"https:\\\/\\\/www.autonom.ro\\\/blog\\\/#organization\"},\"image\":{\"@id\":\"https:\\\/\\\/www.autonom.ro\\\/blog\\\/autonom-rebranding\\\/#primaryimage\"},\"thumbnailUrl\":\"https:\\\/\\\/www.autonom.ro\\\/blog\\\/wp-content\\\/uploads\\\/2019\\\/10\\\/9d472577-5d48-4550-a4af-963bfd68242e.jpg\",\"articleSection\":[\"Noutati Autonom\"],\"inLanguage\":\"ro-RO\"},{\"@type\":\"WebPage\",\"@id\":\"https:\\\/\\\/www.autonom.ro\\\/blog\\\/autonom-rebranding\\\/\",\"url\":\"https:\\\/\\\/www.autonom.ro\\\/blog\\\/autonom-rebranding\\\/\",\"name\":\"Autonom: o nou\u0103 \u00eenf\u0103\u021bi\u0219are, acela\u0219i partener de \u00eencredere pentru solu\u021bii moderne de mobilitate - Blog Autonom\",\"isPartOf\":{\"@id\":\"https:\\\/\\\/www.autonom.ro\\\/blog\\\/#website\"},\"primaryImageOfPage\":{\"@id\":\"https:\\\/\\\/www.autonom.ro\\\/blog\\\/autonom-rebranding\\\/#primaryimage\"},\"image\":{\"@id\":\"https:\\\/\\\/www.autonom.ro\\\/blog\\\/autonom-rebranding\\\/#primaryimage\"},\"thumbnailUrl\":\"https:\\\/\\\/www.autonom.ro\\\/blog\\\/wp-content\\\/uploads\\\/2019\\\/10\\\/9d472577-5d48-4550-a4af-963bfd68242e.jpg\",\"datePublished\":\"2019-10-30T10:44:27+00:00\",\"dateModified\":\"2021-11-01T12:55:51+00:00\",\"breadcrumb\":{\"@id\":\"https:\\\/\\\/www.autonom.ro\\\/blog\\\/autonom-rebranding\\\/#breadcrumb\"},\"inLanguage\":\"ro-RO\",\"potentialAction\":[{\"@type\":\"ReadAction\",\"target\":[\"https:\\\/\\\/www.autonom.ro\\\/blog\\\/autonom-rebranding\\\/\"]}]},{\"@type\":\"ImageObject\",\"inLanguage\":\"ro-RO\",\"@id\":\"https:\\\/\\\/www.autonom.ro\\\/blog\\\/autonom-rebranding\\\/#primaryimage\",\"url\":\"https:\\\/\\\/www.autonom.ro\\\/blog\\\/wp-content\\\/uploads\\\/2019\\\/10\\\/9d472577-5d48-4550-a4af-963bfd68242e.jpg\",\"contentUrl\":\"https:\\\/\\\/www.autonom.ro\\\/blog\\\/wp-content\\\/uploads\\\/2019\\\/10\\\/9d472577-5d48-4550-a4af-963bfd68242e.jpg\",\"width\":1275,\"height\":594},{\"@type\":\"BreadcrumbList\",\"@id\":\"https:\\\/\\\/www.autonom.ro\\\/blog\\\/autonom-rebranding\\\/#breadcrumb\",\"itemListElement\":[{\"@type\":\"ListItem\",\"position\":1,\"name\":\"Prima pagin\u0103\",\"item\":\"https:\\\/\\\/www.autonom.ro\\\/blog\\\/\"},{\"@type\":\"ListItem\",\"position\":2,\"name\":\"Autonom: o nou\u0103 \u00eenf\u0103\u021bi\u0219are, acela\u0219i partener de \u00eencredere pentru solu\u021bii moderne de mobilitate\"}]},{\"@type\":\"WebSite\",\"@id\":\"https:\\\/\\\/www.autonom.ro\\\/blog\\\/#website\",\"url\":\"https:\\\/\\\/www.autonom.ro\\\/blog\\\/\",\"name\":\"Blog Autonom\",\"description\":\"\",\"publisher\":{\"@id\":\"https:\\\/\\\/www.autonom.ro\\\/blog\\\/#organization\"},\"potentialAction\":[{\"@type\":\"SearchAction\",\"target\":{\"@type\":\"EntryPoint\",\"urlTemplate\":\"https:\\\/\\\/www.autonom.ro\\\/blog\\\/?s={search_term_string}\"},\"query-input\":{\"@type\":\"PropertyValueSpecification\",\"valueRequired\":true,\"valueName\":\"search_term_string\"}}],\"inLanguage\":\"ro-RO\"},{\"@type\":\"Organization\",\"@id\":\"https:\\\/\\\/www.autonom.ro\\\/blog\\\/#organization\",\"name\":\"Blog Autonom\",\"url\":\"https:\\\/\\\/www.autonom.ro\\\/blog\\\/\",\"logo\":{\"@type\":\"ImageObject\",\"inLanguage\":\"ro-RO\",\"@id\":\"https:\\\/\\\/www.autonom.ro\\\/blog\\\/#\\\/schema\\\/logo\\\/image\\\/\",\"url\":\"https:\\\/\\\/www.autonom.ro\\\/blog\\\/wp-content\\\/uploads\\\/2020\\\/10\\\/cropped-Autonom_Corporate-Logo-Color-Orizontal-RGB.png\",\"contentUrl\":\"https:\\\/\\\/www.autonom.ro\\\/blog\\\/wp-content\\\/uploads\\\/2020\\\/10\\\/cropped-Autonom_Corporate-Logo-Color-Orizontal-RGB.png\",\"width\":724,\"height\":250,\"caption\":\"Blog Autonom\"},\"image\":{\"@id\":\"https:\\\/\\\/www.autonom.ro\\\/blog\\\/#\\\/schema\\\/logo\\\/image\\\/\"},\"sameAs\":[\"https:\\\/\\\/www.facebook.com\\\/AutonomRomania\\\/\",\"http:\\\/\\\/www.instagram.com\\\/autonom.romania\\\/\",\"https:\\\/\\\/www.linkedin.com\\\/company\\\/autonom-rent-a-car\"]},{\"@type\":\"Person\",\"@id\":\"https:\\\/\\\/www.autonom.ro\\\/blog\\\/#\\\/schema\\\/person\\\/ea5961c2ebc8070c672571e6d52b8a78\",\"name\":\"Autonom\",\"image\":{\"@type\":\"ImageObject\",\"inLanguage\":\"ro-RO\",\"@id\":\"https:\\\/\\\/secure.gravatar.com\\\/avatar\\\/bd0293e675420709298b7e1b87e42729832f151e0bf4555fdbb0e351104e17ba?s=96&d=mm&r=g\",\"url\":\"https:\\\/\\\/secure.gravatar.com\\\/avatar\\\/bd0293e675420709298b7e1b87e42729832f151e0bf4555fdbb0e351104e17ba?s=96&d=mm&r=g\",\"contentUrl\":\"https:\\\/\\\/secure.gravatar.com\\\/avatar\\\/bd0293e675420709298b7e1b87e42729832f151e0bf4555fdbb0e351104e17ba?s=96&d=mm&r=g\",\"caption\":\"Autonom\"},\"url\":\"https:\\\/\\\/www.autonom.ro\\\/blog\\\/author\\\/autonom\\\/\"}]}<\/script>\n<!-- \/ Yoast SEO plugin. -->","yoast_head_json":{"title":"Autonom: o nou\u0103 \u00eenf\u0103\u021bi\u0219are, acela\u0219i partener de \u00eencredere pentru solu\u021bii moderne de mobilitate - Blog Autonom","robots":{"index":"index","follow":"follow","max-snippet":"max-snippet:-1","max-image-preview":"max-image-preview:large","max-video-preview":"max-video-preview:-1"},"canonical":"https:\/\/www.autonom.ro\/blog\/autonom-rebranding\/","og_locale":"ro_RO","og_type":"article","og_title":"Autonom: o nou\u0103 \u00eenf\u0103\u021bi\u0219are, acela\u0219i partener de \u00eencredere pentru solu\u021bii moderne de mobilitate - Blog Autonom","og_description":"Au trecut 14 ani de la \u00eenchirierea primei noastre ma\u0219ini, \u00een Piatra Neam\u021b. Am plecat la drum cu dorin\u021ba de a fi o companie de \u00eenchirieri onest\u0103. De-a lungul anilor, ne-am conturat viziunea de a fi un model de afaceri autentic: o afacere de familie care evolueaz\u0103 \u00een fiecare zi, prin dezvoltarea oamenilor s\u0103i \u0219i [&hellip;]","og_url":"https:\/\/www.autonom.ro\/blog\/autonom-rebranding\/","og_site_name":"Blog Autonom","article_publisher":"https:\/\/www.facebook.com\/AutonomRomania\/","article_published_time":"2019-10-30T10:44:27+00:00","article_modified_time":"2021-11-01T12:55:51+00:00","og_image":[{"width":1275,"height":594,"url":"https:\/\/www.autonom.ro\/blog\/wp-content\/uploads\/2019\/10\/9d472577-5d48-4550-a4af-963bfd68242e.jpg","type":"image\/jpeg"}],"author":"Autonom","twitter_card":"summary_large_image","twitter_misc":{"Scris de":"Autonom","Timp estimat pentru citire":"3 minute"},"schema":{"@context":"https:\/\/schema.org","@graph":[{"@type":"Article","@id":"https:\/\/www.autonom.ro\/blog\/autonom-rebranding\/#article","isPartOf":{"@id":"https:\/\/www.autonom.ro\/blog\/autonom-rebranding\/"},"author":{"name":"Autonom","@id":"https:\/\/www.autonom.ro\/blog\/#\/schema\/person\/ea5961c2ebc8070c672571e6d52b8a78"},"headline":"Autonom: o nou\u0103 \u00eenf\u0103\u021bi\u0219are, acela\u0219i partener de \u00eencredere pentru solu\u021bii moderne de mobilitate","datePublished":"2019-10-30T10:44:27+00:00","dateModified":"2021-11-01T12:55:51+00:00","mainEntityOfPage":{"@id":"https:\/\/www.autonom.ro\/blog\/autonom-rebranding\/"},"wordCount":598,"commentCount":0,"publisher":{"@id":"https:\/\/www.autonom.ro\/blog\/#organization"},"image":{"@id":"https:\/\/www.autonom.ro\/blog\/autonom-rebranding\/#primaryimage"},"thumbnailUrl":"https:\/\/www.autonom.ro\/blog\/wp-content\/uploads\/2019\/10\/9d472577-5d48-4550-a4af-963bfd68242e.jpg","articleSection":["Noutati Autonom"],"inLanguage":"ro-RO"},{"@type":"WebPage","@id":"https:\/\/www.autonom.ro\/blog\/autonom-rebranding\/","url":"https:\/\/www.autonom.ro\/blog\/autonom-rebranding\/","name":"Autonom: o nou\u0103 \u00eenf\u0103\u021bi\u0219are, acela\u0219i partener de \u00eencredere pentru solu\u021bii moderne de mobilitate - Blog Autonom","isPartOf":{"@id":"https:\/\/www.autonom.ro\/blog\/#website"},"primaryImageOfPage":{"@id":"https:\/\/www.autonom.ro\/blog\/autonom-rebranding\/#primaryimage"},"image":{"@id":"https:\/\/www.autonom.ro\/blog\/autonom-rebranding\/#primaryimage"},"thumbnailUrl":"https:\/\/www.autonom.ro\/blog\/wp-content\/uploads\/2019\/10\/9d472577-5d48-4550-a4af-963bfd68242e.jpg","datePublished":"2019-10-30T10:44:27+00:00","dateModified":"2021-11-01T12:55:51+00:00","breadcrumb":{"@id":"https:\/\/www.autonom.ro\/blog\/autonom-rebranding\/#breadcrumb"},"inLanguage":"ro-RO","potentialAction":[{"@type":"ReadAction","target":["https:\/\/www.autonom.ro\/blog\/autonom-rebranding\/"]}]},{"@type":"ImageObject","inLanguage":"ro-RO","@id":"https:\/\/www.autonom.ro\/blog\/autonom-rebranding\/#primaryimage","url":"https:\/\/www.autonom.ro\/blog\/wp-content\/uploads\/2019\/10\/9d472577-5d48-4550-a4af-963bfd68242e.jpg","contentUrl":"https:\/\/www.autonom.ro\/blog\/wp-content\/uploads\/2019\/10\/9d472577-5d48-4550-a4af-963bfd68242e.jpg","width":1275,"height":594},{"@type":"BreadcrumbList","@id":"https:\/\/www.autonom.ro\/blog\/autonom-rebranding\/#breadcrumb","itemListElement":[{"@type":"ListItem","position":1,"name":"Prima pagin\u0103","item":"https:\/\/www.autonom.ro\/blog\/"},{"@type":"ListItem","position":2,"name":"Autonom: o nou\u0103 \u00eenf\u0103\u021bi\u0219are, acela\u0219i partener de \u00eencredere pentru solu\u021bii moderne de mobilitate"}]},{"@type":"WebSite","@id":"https:\/\/www.autonom.ro\/blog\/#website","url":"https:\/\/www.autonom.ro\/blog\/","name":"Blog Autonom","description":"","publisher":{"@id":"https:\/\/www.autonom.ro\/blog\/#organization"},"potentialAction":[{"@type":"SearchAction","target":{"@type":"EntryPoint","urlTemplate":"https:\/\/www.autonom.ro\/blog\/?s={search_term_string}"},"query-input":{"@type":"PropertyValueSpecification","valueRequired":true,"valueName":"search_term_string"}}],"inLanguage":"ro-RO"},{"@type":"Organization","@id":"https:\/\/www.autonom.ro\/blog\/#organization","name":"Blog Autonom","url":"https:\/\/www.autonom.ro\/blog\/","logo":{"@type":"ImageObject","inLanguage":"ro-RO","@id":"https:\/\/www.autonom.ro\/blog\/#\/schema\/logo\/image\/","url":"https:\/\/www.autonom.ro\/blog\/wp-content\/uploads\/2020\/10\/cropped-Autonom_Corporate-Logo-Color-Orizontal-RGB.png","contentUrl":"https:\/\/www.autonom.ro\/blog\/wp-content\/uploads\/2020\/10\/cropped-Autonom_Corporate-Logo-Color-Orizontal-RGB.png","width":724,"height":250,"caption":"Blog Autonom"},"image":{"@id":"https:\/\/www.autonom.ro\/blog\/#\/schema\/logo\/image\/"},"sameAs":["https:\/\/www.facebook.com\/AutonomRomania\/","http:\/\/www.instagram.com\/autonom.romania\/","https:\/\/www.linkedin.com\/company\/autonom-rent-a-car"]},{"@type":"Person","@id":"https:\/\/www.autonom.ro\/blog\/#\/schema\/person\/ea5961c2ebc8070c672571e6d52b8a78","name":"Autonom","image":{"@type":"ImageObject","inLanguage":"ro-RO","@id":"https:\/\/secure.gravatar.com\/avatar\/bd0293e675420709298b7e1b87e42729832f151e0bf4555fdbb0e351104e17ba?s=96&d=mm&r=g","url":"https:\/\/secure.gravatar.com\/avatar\/bd0293e675420709298b7e1b87e42729832f151e0bf4555fdbb0e351104e17ba?s=96&d=mm&r=g","contentUrl":"https:\/\/secure.gravatar.com\/avatar\/bd0293e675420709298b7e1b87e42729832f151e0bf4555fdbb0e351104e17ba?s=96&d=mm&r=g","caption":"Autonom"},"url":"https:\/\/www.autonom.ro\/blog\/author\/autonom\/"}]}},"_links":{"self":[{"href":"https:\/\/www.autonom.ro\/blog\/wp-json\/wp\/v2\/posts\/4987","targetHints":{"allow":["GET"]}}],"collection":[{"href":"https:\/\/www.autonom.ro\/blog\/wp-json\/wp\/v2\/posts"}],"about":[{"href":"https:\/\/www.autonom.ro\/blog\/wp-json\/wp\/v2\/types\/post"}],"author":[{"embeddable":true,"href":"https:\/\/www.autonom.ro\/blog\/wp-json\/wp\/v2\/users\/2"}],"replies":[{"embeddable":true,"href":"https:\/\/www.autonom.ro\/blog\/wp-json\/wp\/v2\/comments?post=4987"}],"version-history":[{"count":2,"href":"https:\/\/www.autonom.ro\/blog\/wp-json\/wp\/v2\/posts\/4987\/revisions"}],"predecessor-version":[{"id":5801,"href":"https:\/\/www.autonom.ro\/blog\/wp-json\/wp\/v2\/posts\/4987\/revisions\/5801"}],"wp:featuredmedia":[{"embeddable":true,"href":"https:\/\/www.autonom.ro\/blog\/wp-json\/wp\/v2\/media\/4997"}],"wp:attachment":[{"href":"https:\/\/www.autonom.ro\/blog\/wp-json\/wp\/v2\/media?parent=4987"}],"wp:term":[{"taxonomy":"category","embeddable":true,"href":"https:\/\/www.autonom.ro\/blog\/wp-json\/wp\/v2\/categories?post=4987"},{"taxonomy":"post_tag","embeddable":true,"href":"https:\/\/www.autonom.ro\/blog\/wp-json\/wp\/v2\/tags?post=4987"}],"curies":[{"name":"wp","href":"https:\/\/api.w.org\/{rel}","templated":true}]}}