{"id":6094,"date":"2023-01-20T09:56:00","date_gmt":"2023-01-20T07:56:00","guid":{"rendered":"https:\/\/www.autonom.ro\/blog\/?p=6094"},"modified":"2023-03-24T16:13:47","modified_gmt":"2023-03-24T14:13:47","slug":"learning-tip-of-the-week-9-succesul-si-esecul-cele-doua-fete-ale-progresului","status":"publish","type":"post","link":"https:\/\/www.autonom.ro\/blog\/learning-tip-of-the-week-9-succesul-si-esecul-cele-doua-fete-ale-progresului\/","title":{"rendered":"Succesul \u0219i e\u0219ecul: cele dou\u0103 fe\u021be ale progresului #9"},"content":{"rendered":"\n<p><strong><mark style=\"background-color:rgba(0, 0, 0, 0)\" class=\"has-inline-color has-blue-one-color\">Salutare,<\/mark><\/strong><\/p>\n\n\n\n<p>\u00cen episodul de s\u0103pt\u0103m\u00e2na aceasta povestim despre cele dou\u0103 fe\u021be ale progresului, <strong><mark style=\"background-color:rgba(0, 0, 0, 0)\" class=\"has-inline-color has-blue-one-color\">succesul \u0219i e\u0219ecul<\/mark><\/strong>, \u0219i despre cum este important s\u0103 g\u0103sim acele lucruri care ne definesc succesul personal.<\/p>\n\n\n\n<p>Spor la citit \u0219i dac\u0103 v-a pl\u0103cut sau a\u021bi dori s\u0103 abord\u0103m \u0219i alte subiecte de interes nu ezita\u021bi s\u0103 ne scrie\u021bi.<\/p>\n\n\n\n<p>Toate acestea pot fi citite \u00een Newsletterul nostru <strong><em><mark style=\"background-color:rgba(0, 0, 0, 0)\" class=\"has-inline-color has-blue-one-color\"><a href=\"https:\/\/www.autonom.ro\/blog\/categorie\/learning-tip-of-the-week\/\" target=\"_blank\" rel=\"noreferrer noopener\">Learning Tip of The Week<\/a><\/mark><\/em><\/strong>, la care v\u0103 invit\u0103m s\u0103 v\u0103 abona\u021bi fie pe platforma <strong><em><mark style=\"background-color:rgba(0, 0, 0, 0)\" class=\"has-inline-color has-blue-one-color\"><a href=\"https:\/\/www.linkedin.com\/build-relation\/newsletter-follow?entityUrn=7039697296023769088\" target=\"_blank\" rel=\"noreferrer noopener\">LinkedIn<\/a><\/mark><\/em><\/strong>, fie acces\u00e2nd pagina de mai jos:<\/p>\n\n\n\n<div class=\"wp-block-buttons is-content-justification-center is-layout-flex wp-container-core-buttons-is-layout-16018d1d wp-block-buttons-is-layout-flex\">\n<div class=\"wp-block-button is-style-outline is-style-outline--1\"><a class=\"wp-block-button__link has-blue-one-color has-text-color has-background wp-element-button\" href=\"https:\/\/autonom.us20.list-manage.com\/subscribe?u=446e96132d5404e2bf57a487c&amp;id=e8383abe98\" style=\"background-color:#ecebf7\" target=\"_blank\" rel=\"noreferrer noopener\"><strong>Abonare Newsletter<\/strong><\/a><\/div>\n<\/div>\n\n\n\n<hr class=\"wp-block-separator has-text-color has-alpha-channel-opacity has-background is-style-default\" style=\"background-color:#b8d7f1;color:#b8d7f1\"\/>\n\n\n\n<h2 class=\"has-text-align-center wp-block-heading\"><strong><mark style=\"background-color:rgba(0, 0, 0, 0)\" class=\"has-inline-color has-blue-one-color\"><em>#LeadingYourProgress by Funda\u021bia Leaders<\/em><\/mark><\/strong><\/h2>\n\n\n<div class=\"wp-block-image\">\n<figure class=\"aligncenter size-full is-resized\"><img decoding=\"async\" src=\"https:\/\/www.autonom.ro\/blog\/wp-content\/uploads\/2023\/03\/1080x1080-Newsletter-Header-2.png\" alt=\"\" class=\"wp-image-6099\" width=\"600\" srcset=\"https:\/\/www.autonom.ro\/blog\/wp-content\/uploads\/2023\/03\/1080x1080-Newsletter-Header-2.png 1080w, https:\/\/www.autonom.ro\/blog\/wp-content\/uploads\/2023\/03\/1080x1080-Newsletter-Header-2-300x300.png 300w, https:\/\/www.autonom.ro\/blog\/wp-content\/uploads\/2023\/03\/1080x1080-Newsletter-Header-2-1024x1024.png 1024w, https:\/\/www.autonom.ro\/blog\/wp-content\/uploads\/2023\/03\/1080x1080-Newsletter-Header-2-150x150.png 150w, https:\/\/www.autonom.ro\/blog\/wp-content\/uploads\/2023\/03\/1080x1080-Newsletter-Header-2-768x768.png 768w, https:\/\/www.autonom.ro\/blog\/wp-content\/uploads\/2023\/03\/1080x1080-Newsletter-Header-2-100x100.png 100w\" sizes=\"(max-width: 1080px) 100vw, 1080px\" \/><\/figure>\n<\/div>\n\n\n<p>E\u0219ecul, prin defini\u021bia sa din dic\u021bionar, \u00eenseamn\u0103 \u00eenfr\u00e2ngere, insucces, neizb\u00e2nd\u0103, nereu\u0219it\u0103 \u00eentr-o ac\u021biune. Consider\u0103m c\u0103 prima \u0219i a treia variant\u0103 pot fi l\u0103sate deoparte, av\u00e2nd o not\u0103 u\u0219or prea dramatic\u0103 pentru viziunea mea asupra e\u0219ecului. Astfel, r\u0103m\u00e2nem cu dou\u0103 explica\u021bii mai apropiate de lumea \u00een care tr\u0103im:<\/p>\n\n\n\n<ul class=\"wp-block-list\">\n<li><strong><mark style=\"background-color:rgba(0, 0, 0, 0)\" class=\"has-inline-color has-blue-one-color\">Nereu\u0219it\u0103 \u00eentr-o ac\u021biune<\/mark><\/strong>, ce poate fi generat\u0103 de lipsa unei ac\u021biuni provocat\u0103 de un blocaj (mental, creativ, fizic) sau din cauza unei complexit\u0103\u021bi mult prea mari.<\/li>\n\n\n\n<li><strong><mark style=\"background-color:rgba(0, 0, 0, 0)\" class=\"has-inline-color has-blue-one-color\">Insucces<\/mark><\/strong> ce implic\u0103 un cumul de ac\u021biuni nereu\u0219ite.<\/li>\n<\/ul>\n\n\n\n<p>\u00cen viziunea mea de lider, \u00een care conduc de 2 ani o echip\u0103 de tineri project manageri \u0219i, \u00een cadrul c\u0103reia, e\u0219ecul apare zilnic, am s\u0103 exemplific c\u00e2teva modalit\u0103\u021bi de abordare a e\u0219ecului, at\u00e2t din perspectiva leadershipului personal, c\u00e2t \u0219i a celui de oameni.<\/p>\n\n\n\n<p><img loading=\"lazy\" decoding=\"async\" width=\"30\" height=\"30\" class=\"wp-image-5902\" style=\"width: 30px;\" src=\"https:\/\/www.autonom.ro\/blog\/wp-content\/uploads\/2023\/03\/newsletter-elements_1-albastru-inchis.png\" alt=\"\" srcset=\"https:\/\/www.autonom.ro\/blog\/wp-content\/uploads\/2023\/03\/newsletter-elements_1-albastru-inchis.png 163w, https:\/\/www.autonom.ro\/blog\/wp-content\/uploads\/2023\/03\/newsletter-elements_1-albastru-inchis-150x150.png 150w, https:\/\/www.autonom.ro\/blog\/wp-content\/uploads\/2023\/03\/newsletter-elements_1-albastru-inchis-100x100.png 100w\" sizes=\"auto, (max-width: 30px) 100vw, 30px\" \/>&nbsp; &nbsp; &nbsp;<strong><mark style=\"background-color:rgba(0, 0, 0, 0)\" class=\"has-inline-color has-blue-one-color\">C\u00e2nd setezi un obiectiv<\/mark><\/strong> (al t\u0103u sau al echipei), <strong><mark style=\"background-color:rgba(0, 0, 0, 0)\" class=\"has-inline-color has-blue-one-color\">concentreaz\u0103-te s\u0103 fie c\u00e2t mai realist, ancorat cu experien\u021be similare anterioare.<\/mark><\/strong> Progresul implic\u0103 un pic de for\u021bare (un pic mai mult\u0103 munc\u0103 \u0219i\/ sau creativitate). A\u0219adar, for\u021barea ar trebui p\u0103strat\u0103 \u00een ni\u0219te limite (a\u0219 zice nu mai mult de 120%). Dac\u0103 tu alergi de regul\u0103 5 km lega\u021bi, cum te a\u0219tep\u021bi ca m\u00e2ine s\u0103 alergi 10 km lega\u021bi? O for\u021bare de 200% aduce cu sine riscuri mari.<\/p>\n\n\n\n<p><img loading=\"lazy\" decoding=\"async\" width=\"30\" height=\"30\" class=\"wp-image-5916\" style=\"width: 30px;\" src=\"https:\/\/www.autonom.ro\/blog\/wp-content\/uploads\/2023\/03\/newsletter-elements_2-albastru-inchis.png\" alt=\"\" srcset=\"https:\/\/www.autonom.ro\/blog\/wp-content\/uploads\/2023\/03\/newsletter-elements_2-albastru-inchis.png 163w, https:\/\/www.autonom.ro\/blog\/wp-content\/uploads\/2023\/03\/newsletter-elements_2-albastru-inchis-150x150.png 150w, https:\/\/www.autonom.ro\/blog\/wp-content\/uploads\/2023\/03\/newsletter-elements_2-albastru-inchis-100x100.png 100w\" sizes=\"auto, (max-width: 30px) 100vw, 30px\" \/>&nbsp; &nbsp; &nbsp;<strong><mark style=\"background-color:rgba(0, 0, 0, 0)\" class=\"has-inline-color has-blue-one-color\">Con\u0219tientizarea dimensiunii universului fiec\u0103rui om.<\/mark><\/strong> Ceva ce pentru o coleg\u0103 cu mai pu\u021bin\u0103 experien\u021b\u0103 poate p\u0103rea un insucces masiv pentru mine poate p\u0103rea o \u00eent\u00e2mplare obi\u0219nuit\u0103, prin care am trecut de multe ori. Rolul meu de lider este s\u0103 con\u0219tientizez c\u0103 universul colegei \u0219i percep\u021bia pe care o are asupra lucrurilor poate fi diferit\u0103. Ce fac este s\u0103-i prezint imaginea de ansamblu, s\u0103 \u00eei ofer din universul meu prin cuno\u0219tin\u021be, experien\u021be \u0219i perspectiva mea asupra faptului \u00een cauz\u0103. Cu timpul, universul acesteia se va schimba \u0219i abordarea ei asupra e\u0219ecului va fi din ce \u00een ce mai bl\u00e2nd\u0103.<\/p>\n\n\n\n<p><img loading=\"lazy\" decoding=\"async\" width=\"30\" height=\"30\" class=\"wp-image-5917\" style=\"width: 30px;\" src=\"https:\/\/www.autonom.ro\/blog\/wp-content\/uploads\/2023\/03\/newsletter-elements_3-albastru-inchis.png\" alt=\"\" srcset=\"https:\/\/www.autonom.ro\/blog\/wp-content\/uploads\/2023\/03\/newsletter-elements_3-albastru-inchis.png 163w, https:\/\/www.autonom.ro\/blog\/wp-content\/uploads\/2023\/03\/newsletter-elements_3-albastru-inchis-150x150.png 150w, https:\/\/www.autonom.ro\/blog\/wp-content\/uploads\/2023\/03\/newsletter-elements_3-albastru-inchis-100x100.png 100w\" sizes=\"auto, (max-width: 30px) 100vw, 30px\" \/>&nbsp; &nbsp; &nbsp;<strong><mark style=\"background-color:rgba(0, 0, 0, 0)\" class=\"has-inline-color has-blue-one-color\">Fii lider cu tine cum e\u0219ti lider cu al\u021bii.<\/mark><\/strong> Dac\u0103 pare mai simplu s\u0103 ai aceast\u0103 abordare c\u00e2nd vine vorba de altcineva, comparativ cu atunci c\u00e2nd vine vorba de tine, atunci te invit \u00eenspre un joc de rol. Dac\u0103 am o abordare at\u00e2t de s\u0103n\u0103toas\u0103 cu privire la e\u0219ecul altcuiva, ce-ar fi s\u0103 aplic aceea\u0219i strategie \u0219i \u00een ceea ce prive\u0219te universul meu.<\/p>\n\n\n\n<p><img loading=\"lazy\" decoding=\"async\" width=\"30\" height=\"30\" class=\"wp-image-6044\" style=\"width: 30px;\" src=\"https:\/\/www.autonom.ro\/blog\/wp-content\/uploads\/2022\/12\/newsletter-elements_4-albastru-inchis.png\" alt=\"\" srcset=\"https:\/\/www.autonom.ro\/blog\/wp-content\/uploads\/2022\/12\/newsletter-elements_4-albastru-inchis.png 163w, https:\/\/www.autonom.ro\/blog\/wp-content\/uploads\/2022\/12\/newsletter-elements_4-albastru-inchis-150x150.png 150w, https:\/\/www.autonom.ro\/blog\/wp-content\/uploads\/2022\/12\/newsletter-elements_4-albastru-inchis-100x100.png 100w\" sizes=\"auto, (max-width: 30px) 100vw, 30px\" \/>&nbsp; &nbsp; &nbsp;<strong><mark style=\"background-color:rgba(0, 0, 0, 0)\" class=\"has-inline-color has-blue-one-color\">Cum putem trata nereu\u0219ita unei ac\u021biuni?<\/mark><\/strong> \u00cencep printr-o pauz\u0103, care \u00eemi d\u0103 timp s\u0103 reflectez, s\u0103 con\u0219tientizez \u00een care dintre cazurile de mai sus sunt, \u00eemi ofer\u0103 timp s\u0103 ventilez, s\u0103 iau oxigen, oxigen care ajunge \u00een creier \u0219i-l pune \u00een mi\u0219care. Odihna rezultat\u0103 m\u0103 ajut\u0103 mereu s\u0103 \u00eemi schimb perspectiva, s\u0103 \u00eemi re\u00eemprosp\u0103tez mintea creativ\u0103 \u0219i s\u0103 m\u0103 apuc de treab\u0103.<\/p>\n\n\n\n<p>E\u0219ecul poate fi mai mic, sau mai mare, dar, de regul\u0103, este mai mic dec\u00e2t ni se pare nou\u0103. Cu aceast\u0103 perspectiv\u0103 \u00een vedere, invit pe oricine se confrunt\u0103 cu e\u0219ecul s\u0103 ia o pauz\u0103, un moment de odihn\u0103 \u0219i s\u0103-\u0219i schimbe perspectiva. Abordarea nou\u0103 va veni de la sine.\u201d &#8211; <strong><a href=\"https:\/\/www.linkedin.com\/in\/stefan-vasilica-364b0711b\/\" target=\"_blank\" rel=\"noreferrer noopener\"><em><mark style=\"background-color:rgba(0, 0, 0, 0)\" class=\"has-inline-color has-blue-one-color\">\u0218tefan Vasilic\u0103<\/mark><\/em><\/a><\/strong>, Director de Programe din cadrul Funda\u021biei Leaders.<\/p>\n\n\n\n<hr class=\"wp-block-separator has-text-color has-alpha-channel-opacity has-background is-style-default\" style=\"background-color:#b8d7f1;color:#b8d7f1\"\/>\n\n\n\n<h2 class=\"has-text-align-center wp-block-heading\"><strong><mark style=\"background-color:rgba(0, 0, 0, 0)\" class=\"has-inline-color has-blue-one-color\"><em>#DozaDeLectur\u0103<\/em><\/mark><\/strong><\/h2>\n\n\n\n<div class=\"wp-block-media-text alignwide is-stacked-on-mobile\" style=\"grid-template-columns:20% auto\"><figure class=\"wp-block-media-text__media\"><a href=\"https:\/\/esecuridesucces.ro\" target=\"_blank\" rel=\"noreferrer noopener\"><img loading=\"lazy\" decoding=\"async\" width=\"684\" height=\"684\" src=\"https:\/\/www.autonom.ro\/blog\/wp-content\/uploads\/2023\/03\/Vlad-Mocanu-Esecuri-de-succes-Vol-2.png\" alt=\"\" class=\"wp-image-6100 size-full\" srcset=\"https:\/\/www.autonom.ro\/blog\/wp-content\/uploads\/2023\/03\/Vlad-Mocanu-Esecuri-de-succes-Vol-2.png 684w, https:\/\/www.autonom.ro\/blog\/wp-content\/uploads\/2023\/03\/Vlad-Mocanu-Esecuri-de-succes-Vol-2-300x300.png 300w, https:\/\/www.autonom.ro\/blog\/wp-content\/uploads\/2023\/03\/Vlad-Mocanu-Esecuri-de-succes-Vol-2-150x150.png 150w, https:\/\/www.autonom.ro\/blog\/wp-content\/uploads\/2023\/03\/Vlad-Mocanu-Esecuri-de-succes-Vol-2-100x100.png 100w\" sizes=\"auto, (max-width: 684px) 100vw, 684px\" \/><\/a><\/figure><div class=\"wp-block-media-text__content\">\n<p>V\u0103 invit\u0103m s\u0103 v\u0103 l\u0103sa\u021bi inspira\u021bi de 52 de pove\u0219ti de via\u021b\u0103 \u0219i afaceri ale celor care au atins succesul \u00een mediul de business din Rom\u00e2nia, adunate de <strong><mark style=\"background-color:rgba(0, 0, 0, 0)\" class=\"has-inline-color has-purple-color\">Vlad Mocanu<\/mark><\/strong> \u00een volumul 2 al c\u0103r\u021bii <strong><em><mark style=\"background-color:rgba(0, 0, 0, 0)\" class=\"has-inline-color has-purple-color\">E\u0219ecuri de succes<\/mark><\/em><\/strong>.<\/p>\n<\/div><\/div>\n\n\n\n<p><img loading=\"lazy\" decoding=\"async\" width=\"30\" height=\"30\" class=\"wp-image-5920\" style=\"width: 30px;\" src=\"https:\/\/www.autonom.ro\/blog\/wp-content\/uploads\/2023\/03\/newsletter-elements_1-mov.png\" alt=\"\" srcset=\"https:\/\/www.autonom.ro\/blog\/wp-content\/uploads\/2023\/03\/newsletter-elements_1-mov.png 163w, https:\/\/www.autonom.ro\/blog\/wp-content\/uploads\/2023\/03\/newsletter-elements_1-mov-150x150.png 150w, https:\/\/www.autonom.ro\/blog\/wp-content\/uploads\/2023\/03\/newsletter-elements_1-mov-100x100.png 100w\" sizes=\"auto, (max-width: 30px) 100vw, 30px\" \/>&nbsp; &nbsp; &nbsp;<strong><mark style=\"background-color:rgba(0, 0, 0, 0)\" class=\"has-inline-color has-purple-color\">Obstacolul este calea \u0219i p\u0103rin\u021bii succesului au devenit ini\u021biativa \u0219i itera\u021biile.<\/mark><\/strong> \u201eCel mai greu, dar \u0219i cel mai important este s\u0103 te apuci \u2026\u0219i s\u0103 schimbi parcursul. Succesul depinde mai mult de proces dec\u00e2t de talent, majoritatea ideilor bune a\u0219teapt\u0103 s\u0103 fie descoperite \u0219i valorizate printr-o metodologie adecvat\u0103 \u0219i \u0219ansa este \u00eembl\u00e2nzit\u0103 prin munc\u0103.\u201d \u2013 <strong><mark style=\"background-color:rgba(0, 0, 0, 0)\" class=\"has-inline-color has-purple-color\"><em>Dan \u0218tefan, Autonom<\/em><\/mark><\/strong><\/p>\n\n\n\n<p><img loading=\"lazy\" decoding=\"async\" width=\"30\" height=\"30\" class=\"wp-image-5921\" style=\"width: 30px;\" src=\"https:\/\/www.autonom.ro\/blog\/wp-content\/uploads\/2023\/03\/newsletter-elements_2-mov.png\" alt=\"\" srcset=\"https:\/\/www.autonom.ro\/blog\/wp-content\/uploads\/2023\/03\/newsletter-elements_2-mov.png 163w, https:\/\/www.autonom.ro\/blog\/wp-content\/uploads\/2023\/03\/newsletter-elements_2-mov-150x150.png 150w, https:\/\/www.autonom.ro\/blog\/wp-content\/uploads\/2023\/03\/newsletter-elements_2-mov-100x100.png 100w\" sizes=\"auto, (max-width: 30px) 100vw, 30px\" \/>&nbsp; &nbsp; &nbsp;<strong><mark style=\"background-color:rgba(0, 0, 0, 0)\" class=\"has-inline-color has-purple-color\">Un business se face \u00een echip\u0103.<\/mark><\/strong> \u201eAm avut multe gre\u0219eli personale prin faptul c\u0103 nu \u00eemp\u0103rt\u0103\u0219eam toat\u0103 greutatea asta cu colegii mei \u0219i nu \u0219tiam s\u0103 deleg deloc. Nici nu voiam. Nu \u00eemi imaginam c\u0103 un business se poate face cu echipa. Eu credeam c\u0103 trebuie s\u0103 fiu zbir, s\u0103 urlu, c\u0103 toate lucrurile trebuie s\u0103 treac\u0103 pe la mine. C\u00e2nd \u00eenve\u021bi pe banii t\u0103i, \u00eenve\u021bi al dracu de repede, \u00eentotdeauna.\u201d \u2013 <strong><mark style=\"background-color:rgba(0, 0, 0, 0)\" class=\"has-inline-color has-purple-color\"><em>Felix P\u0103tr\u0103\u0219canu, Fan Courier<\/em><\/mark><\/strong><\/p>\n\n\n\n<p><img loading=\"lazy\" decoding=\"async\" width=\"30\" height=\"30\" class=\"wp-image-5922\" style=\"width: 30px;\" src=\"https:\/\/www.autonom.ro\/blog\/wp-content\/uploads\/2023\/03\/newsletter-elements_3-mov.png\" alt=\"\" srcset=\"https:\/\/www.autonom.ro\/blog\/wp-content\/uploads\/2023\/03\/newsletter-elements_3-mov.png 163w, https:\/\/www.autonom.ro\/blog\/wp-content\/uploads\/2023\/03\/newsletter-elements_3-mov-150x150.png 150w, https:\/\/www.autonom.ro\/blog\/wp-content\/uploads\/2023\/03\/newsletter-elements_3-mov-100x100.png 100w\" sizes=\"auto, (max-width: 30px) 100vw, 30px\" \/>&nbsp; &nbsp; &nbsp;<strong><mark style=\"background-color:rgba(0, 0, 0, 0)\" class=\"has-inline-color has-purple-color\">Ego este o capcan\u0103 de evitat.<\/mark><\/strong> \u201eAm \u00eenv\u0103\u021bat c\u0103 este important s\u0103 nu te iei foarte \u00een serios. Ia lucrurile pe care le faci \u00een serios, dar pe tine, personal, nu. Prinde bine pu\u021bin\u0103 autoironie. Defini\u021bia succesului este foarte personal\u0103 \u0219i nu exist\u0103 o re\u021bet\u0103 universal valabil\u0103. E mai bine s\u0103 nu alergi pe culoarul altcuiva, s\u0103 g\u0103se\u0219ti acele lucruri care definesc succesul personal.\u201d \u2013 <strong><mark style=\"background-color:rgba(0, 0, 0, 0)\" class=\"has-inline-color has-purple-color\"><em>Sergiu Negu\u021b, Fintechos<\/em><\/mark><\/strong><\/p>\n\n\n\n<p><img loading=\"lazy\" decoding=\"async\" width=\"30\" height=\"30\" class=\"wp-image-5923\" style=\"width: 30px;\" src=\"https:\/\/www.autonom.ro\/blog\/wp-content\/uploads\/2023\/03\/newsletter-elements_4-mov.png\" alt=\"\" srcset=\"https:\/\/www.autonom.ro\/blog\/wp-content\/uploads\/2023\/03\/newsletter-elements_4-mov.png 163w, https:\/\/www.autonom.ro\/blog\/wp-content\/uploads\/2023\/03\/newsletter-elements_4-mov-150x150.png 150w, https:\/\/www.autonom.ro\/blog\/wp-content\/uploads\/2023\/03\/newsletter-elements_4-mov-100x100.png 100w\" sizes=\"auto, (max-width: 30px) 100vw, 30px\" \/>&nbsp; &nbsp; &nbsp;<strong><mark style=\"background-color:rgba(0, 0, 0, 0)\" class=\"has-inline-color has-purple-color\">Ghideaz\u0103-te dup\u0103 propriile valori<\/mark><\/strong>. \u201c\u00centreab\u0103-te cine e\u0219ti, care \u00ee\u021bi sunt nevoile, ce te ajut\u0103 \u0219i ce \u00ee\u021bi place. Cred c\u0103 antreprenoriatul este despre a genera lucruri de valoare. Dac\u0103 nu e\u0219ti m\u00e2ndru la final de ceea ce ai realizat, totul este o pierdere enorm\u0103.\u201d \u2013 <strong><em><mark style=\"background-color:rgba(0, 0, 0, 0)\" class=\"has-inline-color has-purple-color\">R\u0103zvan Cri\u0219an, Kane Group<\/mark><\/em><\/strong><\/p>\n\n\n\n<hr class=\"wp-block-separator has-text-color has-alpha-channel-opacity has-background is-style-default\" style=\"background-color:#b8d7f1;color:#b8d7f1\"\/>\n\n\n\n<h2 class=\"has-text-align-center wp-block-heading\"><mark style=\"background-color:rgba(0, 0, 0, 0)\" class=\"has-inline-color has-blue-one-color\"><strong><em>#\u00eentreb\u0103ricusens din Jocul Autonom<\/em><\/strong><\/mark><\/h2>\n\n\n\n<p class=\"has-text-align-center\"><strong><em><mark style=\"background-color:rgba(0, 0, 0, 0)\" class=\"has-inline-color has-blue-two-color\">Ce \u00eenseamn\u0103 succesul pentru tine?<\/mark><\/em><\/strong><\/p>\n\n\n\n<hr class=\"wp-block-separator has-text-color has-alpha-channel-opacity has-background is-style-default\" style=\"background-color:#b8d7f1;color:#b8d7f1\"\/>\n\n\n\n<h3 class=\"has-text-align-center wp-block-heading\"><mark style=\"background-color:rgba(0, 0, 0, 0)\" class=\"has-inline-color has-blue-one-color\">Pe data viitoare!<\/mark><\/h3>\n","protected":false},"excerpt":{"rendered":"<p>Salutare, \u00cen episodul de s\u0103pt\u0103m\u00e2na aceasta povestim despre cele dou\u0103 fe\u021be ale progresului, succesul \u0219i e\u0219ecul, \u0219i despre cum este important s\u0103 g\u0103sim acele lucruri care ne definesc succesul personal. Spor la citit \u0219i dac\u0103 v-a pl\u0103cut sau a\u021bi dori s\u0103 abord\u0103m \u0219i alte subiecte de interes nu ezita\u021bi s\u0103 ne scrie\u021bi. Toate acestea pot [&hellip;]<\/p>\n","protected":false},"author":4,"featured_media":6006,"comment_status":"closed","ping_status":"closed","sticky":false,"template":"","format":"standard","meta":{"inline_featured_image":false,"footnotes":""},"categories":[1923],"tags":[],"class_list":["post-6094","post","type-post","status-publish","format-standard","has-post-thumbnail","hentry","category-learning-tip-of-the-week"],"yoast_head":"<!-- This site is optimized with the Yoast SEO plugin v27.3 - https:\/\/yoast.com\/product\/yoast-seo-wordpress\/ -->\n<title>Succesul \u0219i e\u0219ecul: cele dou\u0103 fe\u021be ale progresului - Blog Autonom<\/title>\n<meta name=\"robots\" content=\"index, follow, max-snippet:-1, max-image-preview:large, max-video-preview:-1\" \/>\n<link rel=\"canonical\" href=\"https:\/\/www.autonom.ro\/blog\/learning-tip-of-the-week-9-succesul-si-esecul-cele-doua-fete-ale-progresului\/\" \/>\n<meta property=\"og:locale\" content=\"ro_RO\" \/>\n<meta property=\"og:type\" content=\"article\" \/>\n<meta property=\"og:title\" content=\"Succesul \u0219i e\u0219ecul: cele dou\u0103 fe\u021be ale progresului - Blog Autonom\" \/>\n<meta property=\"og:description\" content=\"Salutare, \u00cen episodul de s\u0103pt\u0103m\u00e2na aceasta povestim despre cele dou\u0103 fe\u021be ale progresului, succesul \u0219i e\u0219ecul, \u0219i despre cum este important s\u0103 g\u0103sim acele lucruri care ne definesc succesul personal. Spor la citit \u0219i dac\u0103 v-a pl\u0103cut sau a\u021bi dori s\u0103 abord\u0103m \u0219i alte subiecte de interes nu ezita\u021bi s\u0103 ne scrie\u021bi. Toate acestea pot [&hellip;]\" \/>\n<meta property=\"og:url\" content=\"https:\/\/www.autonom.ro\/blog\/learning-tip-of-the-week-9-succesul-si-esecul-cele-doua-fete-ale-progresului\/\" \/>\n<meta property=\"og:site_name\" content=\"Blog Autonom\" \/>\n<meta property=\"article:publisher\" content=\"https:\/\/www.facebook.com\/AutonomRomania\/\" \/>\n<meta property=\"article:published_time\" content=\"2023-01-20T07:56:00+00:00\" \/>\n<meta property=\"article:modified_time\" content=\"2023-03-24T14:13:47+00:00\" \/>\n<meta property=\"og:image\" content=\"https:\/\/www.autonom.ro\/blog\/wp-content\/uploads\/2022\/11\/newsletter-elements_Social-Card.jpg\" \/>\n\t<meta property=\"og:image:width\" content=\"1200\" \/>\n\t<meta property=\"og:image:height\" content=\"630\" \/>\n\t<meta property=\"og:image:type\" content=\"image\/jpeg\" \/>\n<meta name=\"author\" content=\"Sorina Volerat\" \/>\n<meta name=\"twitter:card\" content=\"summary_large_image\" \/>\n<meta name=\"twitter:label1\" content=\"Scris de\" \/>\n\t<meta name=\"twitter:data1\" content=\"Sorina Volerat\" \/>\n\t<meta name=\"twitter:label2\" content=\"Timp estimat pentru citire\" \/>\n\t<meta name=\"twitter:data2\" content=\"7 minute\" \/>\n<script type=\"application\/ld+json\" class=\"yoast-schema-graph\">{\"@context\":\"https:\\\/\\\/schema.org\",\"@graph\":[{\"@type\":\"Article\",\"@id\":\"https:\\\/\\\/www.autonom.ro\\\/blog\\\/learning-tip-of-the-week-9-succesul-si-esecul-cele-doua-fete-ale-progresului\\\/#article\",\"isPartOf\":{\"@id\":\"https:\\\/\\\/www.autonom.ro\\\/blog\\\/learning-tip-of-the-week-9-succesul-si-esecul-cele-doua-fete-ale-progresului\\\/\"},\"author\":{\"name\":\"Sorina Volerat\",\"@id\":\"https:\\\/\\\/www.autonom.ro\\\/blog\\\/#\\\/schema\\\/person\\\/969476990feb32c04946c9f242c3210e\"},\"headline\":\"Succesul \u0219i e\u0219ecul: cele dou\u0103 fe\u021be ale progresului #9\",\"datePublished\":\"2023-01-20T07:56:00+00:00\",\"dateModified\":\"2023-03-24T14:13:47+00:00\",\"mainEntityOfPage\":{\"@id\":\"https:\\\/\\\/www.autonom.ro\\\/blog\\\/learning-tip-of-the-week-9-succesul-si-esecul-cele-doua-fete-ale-progresului\\\/\"},\"wordCount\":1033,\"publisher\":{\"@id\":\"https:\\\/\\\/www.autonom.ro\\\/blog\\\/#organization\"},\"image\":{\"@id\":\"https:\\\/\\\/www.autonom.ro\\\/blog\\\/learning-tip-of-the-week-9-succesul-si-esecul-cele-doua-fete-ale-progresului\\\/#primaryimage\"},\"thumbnailUrl\":\"https:\\\/\\\/www.autonom.ro\\\/blog\\\/wp-content\\\/uploads\\\/2022\\\/11\\\/newsletter-elements_Social-Card.jpg\",\"articleSection\":[\"Learning Tip of the Week\"],\"inLanguage\":\"ro-RO\"},{\"@type\":\"WebPage\",\"@id\":\"https:\\\/\\\/www.autonom.ro\\\/blog\\\/learning-tip-of-the-week-9-succesul-si-esecul-cele-doua-fete-ale-progresului\\\/\",\"url\":\"https:\\\/\\\/www.autonom.ro\\\/blog\\\/learning-tip-of-the-week-9-succesul-si-esecul-cele-doua-fete-ale-progresului\\\/\",\"name\":\"Succesul \u0219i e\u0219ecul: cele dou\u0103 fe\u021be ale progresului - Blog Autonom\",\"isPartOf\":{\"@id\":\"https:\\\/\\\/www.autonom.ro\\\/blog\\\/#website\"},\"primaryImageOfPage\":{\"@id\":\"https:\\\/\\\/www.autonom.ro\\\/blog\\\/learning-tip-of-the-week-9-succesul-si-esecul-cele-doua-fete-ale-progresului\\\/#primaryimage\"},\"image\":{\"@id\":\"https:\\\/\\\/www.autonom.ro\\\/blog\\\/learning-tip-of-the-week-9-succesul-si-esecul-cele-doua-fete-ale-progresului\\\/#primaryimage\"},\"thumbnailUrl\":\"https:\\\/\\\/www.autonom.ro\\\/blog\\\/wp-content\\\/uploads\\\/2022\\\/11\\\/newsletter-elements_Social-Card.jpg\",\"datePublished\":\"2023-01-20T07:56:00+00:00\",\"dateModified\":\"2023-03-24T14:13:47+00:00\",\"breadcrumb\":{\"@id\":\"https:\\\/\\\/www.autonom.ro\\\/blog\\\/learning-tip-of-the-week-9-succesul-si-esecul-cele-doua-fete-ale-progresului\\\/#breadcrumb\"},\"inLanguage\":\"ro-RO\",\"potentialAction\":[{\"@type\":\"ReadAction\",\"target\":[\"https:\\\/\\\/www.autonom.ro\\\/blog\\\/learning-tip-of-the-week-9-succesul-si-esecul-cele-doua-fete-ale-progresului\\\/\"]}]},{\"@type\":\"ImageObject\",\"inLanguage\":\"ro-RO\",\"@id\":\"https:\\\/\\\/www.autonom.ro\\\/blog\\\/learning-tip-of-the-week-9-succesul-si-esecul-cele-doua-fete-ale-progresului\\\/#primaryimage\",\"url\":\"https:\\\/\\\/www.autonom.ro\\\/blog\\\/wp-content\\\/uploads\\\/2022\\\/11\\\/newsletter-elements_Social-Card.jpg\",\"contentUrl\":\"https:\\\/\\\/www.autonom.ro\\\/blog\\\/wp-content\\\/uploads\\\/2022\\\/11\\\/newsletter-elements_Social-Card.jpg\",\"width\":1200,\"height\":630,\"caption\":\"Dup\u0103 o scurt\u0103 pauz\u0103 am revenit cu recomand\u0103rile de resurse de \u00eenv\u0103\u021bare.\"},{\"@type\":\"BreadcrumbList\",\"@id\":\"https:\\\/\\\/www.autonom.ro\\\/blog\\\/learning-tip-of-the-week-9-succesul-si-esecul-cele-doua-fete-ale-progresului\\\/#breadcrumb\",\"itemListElement\":[{\"@type\":\"ListItem\",\"position\":1,\"name\":\"Prima pagin\u0103\",\"item\":\"https:\\\/\\\/www.autonom.ro\\\/blog\\\/\"},{\"@type\":\"ListItem\",\"position\":2,\"name\":\"Succesul \u0219i e\u0219ecul: cele dou\u0103 fe\u021be ale progresului #9\"}]},{\"@type\":\"WebSite\",\"@id\":\"https:\\\/\\\/www.autonom.ro\\\/blog\\\/#website\",\"url\":\"https:\\\/\\\/www.autonom.ro\\\/blog\\\/\",\"name\":\"Blog Autonom\",\"description\":\"\",\"publisher\":{\"@id\":\"https:\\\/\\\/www.autonom.ro\\\/blog\\\/#organization\"},\"potentialAction\":[{\"@type\":\"SearchAction\",\"target\":{\"@type\":\"EntryPoint\",\"urlTemplate\":\"https:\\\/\\\/www.autonom.ro\\\/blog\\\/?s={search_term_string}\"},\"query-input\":{\"@type\":\"PropertyValueSpecification\",\"valueRequired\":true,\"valueName\":\"search_term_string\"}}],\"inLanguage\":\"ro-RO\"},{\"@type\":\"Organization\",\"@id\":\"https:\\\/\\\/www.autonom.ro\\\/blog\\\/#organization\",\"name\":\"Blog Autonom\",\"url\":\"https:\\\/\\\/www.autonom.ro\\\/blog\\\/\",\"logo\":{\"@type\":\"ImageObject\",\"inLanguage\":\"ro-RO\",\"@id\":\"https:\\\/\\\/www.autonom.ro\\\/blog\\\/#\\\/schema\\\/logo\\\/image\\\/\",\"url\":\"https:\\\/\\\/www.autonom.ro\\\/blog\\\/wp-content\\\/uploads\\\/2020\\\/10\\\/cropped-Autonom_Corporate-Logo-Color-Orizontal-RGB.png\",\"contentUrl\":\"https:\\\/\\\/www.autonom.ro\\\/blog\\\/wp-content\\\/uploads\\\/2020\\\/10\\\/cropped-Autonom_Corporate-Logo-Color-Orizontal-RGB.png\",\"width\":724,\"height\":250,\"caption\":\"Blog Autonom\"},\"image\":{\"@id\":\"https:\\\/\\\/www.autonom.ro\\\/blog\\\/#\\\/schema\\\/logo\\\/image\\\/\"},\"sameAs\":[\"https:\\\/\\\/www.facebook.com\\\/AutonomRomania\\\/\",\"http:\\\/\\\/www.instagram.com\\\/autonom.romania\\\/\",\"https:\\\/\\\/www.linkedin.com\\\/company\\\/autonom-rent-a-car\"]},{\"@type\":\"Person\",\"@id\":\"https:\\\/\\\/www.autonom.ro\\\/blog\\\/#\\\/schema\\\/person\\\/969476990feb32c04946c9f242c3210e\",\"name\":\"Sorina Volerat\",\"image\":{\"@type\":\"ImageObject\",\"inLanguage\":\"ro-RO\",\"@id\":\"https:\\\/\\\/secure.gravatar.com\\\/avatar\\\/5221880dfa47580a11a0ddaf1f3f28ac8589c9aa842cf5defb698776cde8960a?s=96&d=mm&r=g\",\"url\":\"https:\\\/\\\/secure.gravatar.com\\\/avatar\\\/5221880dfa47580a11a0ddaf1f3f28ac8589c9aa842cf5defb698776cde8960a?s=96&d=mm&r=g\",\"contentUrl\":\"https:\\\/\\\/secure.gravatar.com\\\/avatar\\\/5221880dfa47580a11a0ddaf1f3f28ac8589c9aa842cf5defb698776cde8960a?s=96&d=mm&r=g\",\"caption\":\"Sorina Volerat\"},\"url\":\"https:\\\/\\\/www.autonom.ro\\\/blog\\\/author\\\/sorinavolerat\\\/\"}]}<\/script>\n<!-- \/ Yoast SEO plugin. -->","yoast_head_json":{"title":"Succesul \u0219i e\u0219ecul: cele dou\u0103 fe\u021be ale progresului - Blog Autonom","robots":{"index":"index","follow":"follow","max-snippet":"max-snippet:-1","max-image-preview":"max-image-preview:large","max-video-preview":"max-video-preview:-1"},"canonical":"https:\/\/www.autonom.ro\/blog\/learning-tip-of-the-week-9-succesul-si-esecul-cele-doua-fete-ale-progresului\/","og_locale":"ro_RO","og_type":"article","og_title":"Succesul \u0219i e\u0219ecul: cele dou\u0103 fe\u021be ale progresului - Blog Autonom","og_description":"Salutare, \u00cen episodul de s\u0103pt\u0103m\u00e2na aceasta povestim despre cele dou\u0103 fe\u021be ale progresului, succesul \u0219i e\u0219ecul, \u0219i despre cum este important s\u0103 g\u0103sim acele lucruri care ne definesc succesul personal. Spor la citit \u0219i dac\u0103 v-a pl\u0103cut sau a\u021bi dori s\u0103 abord\u0103m \u0219i alte subiecte de interes nu ezita\u021bi s\u0103 ne scrie\u021bi. Toate acestea pot [&hellip;]","og_url":"https:\/\/www.autonom.ro\/blog\/learning-tip-of-the-week-9-succesul-si-esecul-cele-doua-fete-ale-progresului\/","og_site_name":"Blog Autonom","article_publisher":"https:\/\/www.facebook.com\/AutonomRomania\/","article_published_time":"2023-01-20T07:56:00+00:00","article_modified_time":"2023-03-24T14:13:47+00:00","og_image":[{"width":1200,"height":630,"url":"https:\/\/www.autonom.ro\/blog\/wp-content\/uploads\/2022\/11\/newsletter-elements_Social-Card.jpg","type":"image\/jpeg"}],"author":"Sorina Volerat","twitter_card":"summary_large_image","twitter_misc":{"Scris de":"Sorina Volerat","Timp estimat pentru citire":"7 minute"},"schema":{"@context":"https:\/\/schema.org","@graph":[{"@type":"Article","@id":"https:\/\/www.autonom.ro\/blog\/learning-tip-of-the-week-9-succesul-si-esecul-cele-doua-fete-ale-progresului\/#article","isPartOf":{"@id":"https:\/\/www.autonom.ro\/blog\/learning-tip-of-the-week-9-succesul-si-esecul-cele-doua-fete-ale-progresului\/"},"author":{"name":"Sorina Volerat","@id":"https:\/\/www.autonom.ro\/blog\/#\/schema\/person\/969476990feb32c04946c9f242c3210e"},"headline":"Succesul \u0219i e\u0219ecul: cele dou\u0103 fe\u021be ale progresului #9","datePublished":"2023-01-20T07:56:00+00:00","dateModified":"2023-03-24T14:13:47+00:00","mainEntityOfPage":{"@id":"https:\/\/www.autonom.ro\/blog\/learning-tip-of-the-week-9-succesul-si-esecul-cele-doua-fete-ale-progresului\/"},"wordCount":1033,"publisher":{"@id":"https:\/\/www.autonom.ro\/blog\/#organization"},"image":{"@id":"https:\/\/www.autonom.ro\/blog\/learning-tip-of-the-week-9-succesul-si-esecul-cele-doua-fete-ale-progresului\/#primaryimage"},"thumbnailUrl":"https:\/\/www.autonom.ro\/blog\/wp-content\/uploads\/2022\/11\/newsletter-elements_Social-Card.jpg","articleSection":["Learning Tip of the Week"],"inLanguage":"ro-RO"},{"@type":"WebPage","@id":"https:\/\/www.autonom.ro\/blog\/learning-tip-of-the-week-9-succesul-si-esecul-cele-doua-fete-ale-progresului\/","url":"https:\/\/www.autonom.ro\/blog\/learning-tip-of-the-week-9-succesul-si-esecul-cele-doua-fete-ale-progresului\/","name":"Succesul \u0219i e\u0219ecul: cele dou\u0103 fe\u021be ale progresului - Blog Autonom","isPartOf":{"@id":"https:\/\/www.autonom.ro\/blog\/#website"},"primaryImageOfPage":{"@id":"https:\/\/www.autonom.ro\/blog\/learning-tip-of-the-week-9-succesul-si-esecul-cele-doua-fete-ale-progresului\/#primaryimage"},"image":{"@id":"https:\/\/www.autonom.ro\/blog\/learning-tip-of-the-week-9-succesul-si-esecul-cele-doua-fete-ale-progresului\/#primaryimage"},"thumbnailUrl":"https:\/\/www.autonom.ro\/blog\/wp-content\/uploads\/2022\/11\/newsletter-elements_Social-Card.jpg","datePublished":"2023-01-20T07:56:00+00:00","dateModified":"2023-03-24T14:13:47+00:00","breadcrumb":{"@id":"https:\/\/www.autonom.ro\/blog\/learning-tip-of-the-week-9-succesul-si-esecul-cele-doua-fete-ale-progresului\/#breadcrumb"},"inLanguage":"ro-RO","potentialAction":[{"@type":"ReadAction","target":["https:\/\/www.autonom.ro\/blog\/learning-tip-of-the-week-9-succesul-si-esecul-cele-doua-fete-ale-progresului\/"]}]},{"@type":"ImageObject","inLanguage":"ro-RO","@id":"https:\/\/www.autonom.ro\/blog\/learning-tip-of-the-week-9-succesul-si-esecul-cele-doua-fete-ale-progresului\/#primaryimage","url":"https:\/\/www.autonom.ro\/blog\/wp-content\/uploads\/2022\/11\/newsletter-elements_Social-Card.jpg","contentUrl":"https:\/\/www.autonom.ro\/blog\/wp-content\/uploads\/2022\/11\/newsletter-elements_Social-Card.jpg","width":1200,"height":630,"caption":"Dup\u0103 o scurt\u0103 pauz\u0103 am revenit cu recomand\u0103rile de resurse de \u00eenv\u0103\u021bare."},{"@type":"BreadcrumbList","@id":"https:\/\/www.autonom.ro\/blog\/learning-tip-of-the-week-9-succesul-si-esecul-cele-doua-fete-ale-progresului\/#breadcrumb","itemListElement":[{"@type":"ListItem","position":1,"name":"Prima pagin\u0103","item":"https:\/\/www.autonom.ro\/blog\/"},{"@type":"ListItem","position":2,"name":"Succesul \u0219i e\u0219ecul: cele dou\u0103 fe\u021be ale progresului #9"}]},{"@type":"WebSite","@id":"https:\/\/www.autonom.ro\/blog\/#website","url":"https:\/\/www.autonom.ro\/blog\/","name":"Blog Autonom","description":"","publisher":{"@id":"https:\/\/www.autonom.ro\/blog\/#organization"},"potentialAction":[{"@type":"SearchAction","target":{"@type":"EntryPoint","urlTemplate":"https:\/\/www.autonom.ro\/blog\/?s={search_term_string}"},"query-input":{"@type":"PropertyValueSpecification","valueRequired":true,"valueName":"search_term_string"}}],"inLanguage":"ro-RO"},{"@type":"Organization","@id":"https:\/\/www.autonom.ro\/blog\/#organization","name":"Blog Autonom","url":"https:\/\/www.autonom.ro\/blog\/","logo":{"@type":"ImageObject","inLanguage":"ro-RO","@id":"https:\/\/www.autonom.ro\/blog\/#\/schema\/logo\/image\/","url":"https:\/\/www.autonom.ro\/blog\/wp-content\/uploads\/2020\/10\/cropped-Autonom_Corporate-Logo-Color-Orizontal-RGB.png","contentUrl":"https:\/\/www.autonom.ro\/blog\/wp-content\/uploads\/2020\/10\/cropped-Autonom_Corporate-Logo-Color-Orizontal-RGB.png","width":724,"height":250,"caption":"Blog Autonom"},"image":{"@id":"https:\/\/www.autonom.ro\/blog\/#\/schema\/logo\/image\/"},"sameAs":["https:\/\/www.facebook.com\/AutonomRomania\/","http:\/\/www.instagram.com\/autonom.romania\/","https:\/\/www.linkedin.com\/company\/autonom-rent-a-car"]},{"@type":"Person","@id":"https:\/\/www.autonom.ro\/blog\/#\/schema\/person\/969476990feb32c04946c9f242c3210e","name":"Sorina Volerat","image":{"@type":"ImageObject","inLanguage":"ro-RO","@id":"https:\/\/secure.gravatar.com\/avatar\/5221880dfa47580a11a0ddaf1f3f28ac8589c9aa842cf5defb698776cde8960a?s=96&d=mm&r=g","url":"https:\/\/secure.gravatar.com\/avatar\/5221880dfa47580a11a0ddaf1f3f28ac8589c9aa842cf5defb698776cde8960a?s=96&d=mm&r=g","contentUrl":"https:\/\/secure.gravatar.com\/avatar\/5221880dfa47580a11a0ddaf1f3f28ac8589c9aa842cf5defb698776cde8960a?s=96&d=mm&r=g","caption":"Sorina Volerat"},"url":"https:\/\/www.autonom.ro\/blog\/author\/sorinavolerat\/"}]}},"_links":{"self":[{"href":"https:\/\/www.autonom.ro\/blog\/wp-json\/wp\/v2\/posts\/6094","targetHints":{"allow":["GET"]}}],"collection":[{"href":"https:\/\/www.autonom.ro\/blog\/wp-json\/wp\/v2\/posts"}],"about":[{"href":"https:\/\/www.autonom.ro\/blog\/wp-json\/wp\/v2\/types\/post"}],"author":[{"embeddable":true,"href":"https:\/\/www.autonom.ro\/blog\/wp-json\/wp\/v2\/users\/4"}],"replies":[{"embeddable":true,"href":"https:\/\/www.autonom.ro\/blog\/wp-json\/wp\/v2\/comments?post=6094"}],"version-history":[{"count":7,"href":"https:\/\/www.autonom.ro\/blog\/wp-json\/wp\/v2\/posts\/6094\/revisions"}],"predecessor-version":[{"id":6289,"href":"https:\/\/www.autonom.ro\/blog\/wp-json\/wp\/v2\/posts\/6094\/revisions\/6289"}],"wp:featuredmedia":[{"embeddable":true,"href":"https:\/\/www.autonom.ro\/blog\/wp-json\/wp\/v2\/media\/6006"}],"wp:attachment":[{"href":"https:\/\/www.autonom.ro\/blog\/wp-json\/wp\/v2\/media?parent=6094"}],"wp:term":[{"taxonomy":"category","embeddable":true,"href":"https:\/\/www.autonom.ro\/blog\/wp-json\/wp\/v2\/categories?post=6094"},{"taxonomy":"post_tag","embeddable":true,"href":"https:\/\/www.autonom.ro\/blog\/wp-json\/wp\/v2\/tags?post=6094"}],"curies":[{"name":"wp","href":"https:\/\/api.w.org\/{rel}","templated":true}]}}