{"id":6246,"date":"2023-03-17T11:55:14","date_gmt":"2023-03-17T09:55:14","guid":{"rendered":"https:\/\/www.autonom.ro\/blog\/?p=6246"},"modified":"2023-03-24T16:16:06","modified_gmt":"2023-03-24T14:16:06","slug":"learning-tip-of-the-week-17-trasaturile-culturale-reprezinta-bagajul-nostru","status":"publish","type":"post","link":"https:\/\/www.autonom.ro\/blog\/learning-tip-of-the-week-17-trasaturile-culturale-reprezinta-bagajul-nostru\/","title":{"rendered":"Tr\u0103s\u0103turile culturale reprezint\u0103 bagajul nostru #17"},"content":{"rendered":"\n<p><strong><mark style=\"background-color:rgba(0, 0, 0, 0)\" class=\"has-inline-color has-blue-one-color\">Salutare,<\/mark><\/strong><\/p>\n\n\n\n<p>\u00cen episodul de ast\u0103zi vorbim despre cum suntem purt\u0103torii unor modele de g\u00e2ndire, sim\u021bire \u0219i manifest\u0103ri poten\u021biale dob\u00e2ndite de-a lungul vie\u021bii \u0219i despre cum ne influen\u021beaz\u0103 de fapt, caracteristicile culturale modalitatea \u00een care lucr\u0103m.<\/p>\n\n\n\n<p>Cultura se \u00eenva\u021b\u0103 din mediul social \u0219i profesorul <a href=\"https:\/\/geerthofstede.com\/training-consulting\/online-lectures\/\" target=\"_blank\" rel=\"noreferrer noopener\">Geert Hofstede<\/a> identific\u0103 cinci dimensiuni fundamentale de caracterizare. <a href=\"https:\/\/www.hofstede-insights.com\/country-comparison\/romania\/\" target=\"_blank\" rel=\"noreferrer noopener\">\u00cen cultura noastr\u0103<\/a> rezultatele arat\u0103 c\u0103 avem un grad ridicat la dimensiunile legate de disconfortul \u00een starea de incertitudine \u0219i ecartul puterii, grad moderat la masculinitate vs feminitate \u0219i grad sc\u0103zut la colectivism vs individualism. Altfel spus, pentru fiecare dimensiune analizat\u0103, ne lipsesc elemente importante care s\u0103 ne determine evolu\u021bia \u0219i dezvoltarea rapid\u0103 \u0219i care, s\u0103 ne antreneze un mindset antreprenorial.<\/p>\n\n\n\n<p>Spre exemplu, \u00een cazul st\u0103rii de incertitudine, este u\u0219or de observat c\u0103 suntem crescu\u021bi \u0219i educa\u021bi \u00eentr-o cultur\u0103 a r\u0103spunsurilor memorate \u00een \u0219coal\u0103 \u0219i chestionarea legat\u0103 de starea de fapt nu este cultivat\u0103. Avem nevoie de curiozitate, de capacitate de a \u00eenv\u0103\u021ba rapid \u0219i de a ne pune \u00eentreb\u0103ri clare.<\/p>\n\n\n\n<p>Toate acestea pot fi citite \u00een newsletterul nostru <strong><em><a href=\"https:\/\/www.autonom.ro\/blog\/categorie\/learning-tip-of-the-week\/\" target=\"_blank\" rel=\"noreferrer noopener\"><mark style=\"background-color:rgba(0, 0, 0, 0)\" class=\"has-inline-color has-blue-one-color\">Learning Tip of The Week<\/mark><\/a><\/em><\/strong>, la care v\u0103 invit\u0103m s\u0103 v\u0103 abona\u021bi fie pe platforma <strong><em><a href=\"https:\/\/www.linkedin.com\/build-relation\/newsletter-follow?entityUrn=7039697296023769088\" target=\"_blank\" rel=\"noreferrer noopener\"><mark style=\"background-color:rgba(0, 0, 0, 0)\" class=\"has-inline-color has-blue-one-color\">LinkedIn<\/mark><\/a><\/em><\/strong>, fie acces\u00e2nd pagina de mai jos:<\/p>\n\n\n\n<div class=\"wp-block-buttons is-content-justification-center is-layout-flex wp-container-core-buttons-is-layout-16018d1d wp-block-buttons-is-layout-flex\">\n<div class=\"wp-block-button is-style-outline is-style-outline--1\"><a class=\"wp-block-button__link has-blue-one-color has-text-color has-background wp-element-button\" href=\"https:\/\/autonom.us20.list-manage.com\/subscribe?u=446e96132d5404e2bf57a487c&amp;id=e8383abe98\" style=\"background-color:#ecebf7\" target=\"_blank\" rel=\"noreferrer noopener\"><strong>Abonare Newsletter<\/strong><\/a><\/div>\n<\/div>\n\n\n\n<p>Spor la citit \u0219i dac\u0103 v-a pl\u0103cut sau a\u021bi dori s\u0103 abord\u0103m \u0219i alte subiecte de interes nu ezita\u021bi s\u0103 ne scrie\u021bi.<\/p>\n\n\n\n<hr class=\"wp-block-separator has-text-color has-alpha-channel-opacity has-background is-style-default\" style=\"background-color:#b8d7f1;color:#b8d7f1\"\/>\n\n\n\n<h2 class=\"has-text-align-center wp-block-heading\"><strong><em><mark style=\"background-color:rgba(0, 0, 0, 0)\" class=\"has-inline-color has-blue-one-color\">#LeadingYourProgress by Funda\u021bia Leaders<\/mark><\/em><\/strong><\/h2>\n\n\n<div class=\"wp-block-image\">\n<figure class=\"aligncenter size-full is-resized\"><a href=\"https:\/\/leaders.ro\" target=\"_blank\" rel=\"noreferrer noopener\"><img decoding=\"async\" src=\"https:\/\/www.autonom.ro\/blog\/wp-content\/uploads\/2023\/03\/1080x1080-Newsletter-Header-5.png\" alt=\"The Leadership Tip of the Week - Fundatia Leaders - Descoperim impreuna cu Elena Paslaru Hubati valentele leadersip-ului: de la valori definitorii la manifestari comportamentale\" class=\"wp-image-6247\" width=\"600\" srcset=\"https:\/\/www.autonom.ro\/blog\/wp-content\/uploads\/2023\/03\/1080x1080-Newsletter-Header-5.png 1080w, https:\/\/www.autonom.ro\/blog\/wp-content\/uploads\/2023\/03\/1080x1080-Newsletter-Header-5-300x300.png 300w, https:\/\/www.autonom.ro\/blog\/wp-content\/uploads\/2023\/03\/1080x1080-Newsletter-Header-5-1024x1024.png 1024w, https:\/\/www.autonom.ro\/blog\/wp-content\/uploads\/2023\/03\/1080x1080-Newsletter-Header-5-150x150.png 150w, https:\/\/www.autonom.ro\/blog\/wp-content\/uploads\/2023\/03\/1080x1080-Newsletter-Header-5-768x768.png 768w, https:\/\/www.autonom.ro\/blog\/wp-content\/uploads\/2023\/03\/1080x1080-Newsletter-Header-5-100x100.png 100w\" sizes=\"(max-width: 1080px) 100vw, 1080px\" \/><\/a><\/figure>\n<\/div>\n\n\n<p><strong><em><mark style=\"background-color:rgba(0, 0, 0, 0)\" class=\"has-inline-color has-blue-one-color\">Leadershipul nu este feminin sau masculin, ci con\u021bine ambele raport\u0103ri<\/mark><\/em><\/strong>, un text de <strong><mark style=\"background-color:rgba(0, 0, 0, 0)\" class=\"has-inline-color has-blue-one-color\"><a href=\"https:\/\/www.linkedin.com\/in\/elenapaslaru\/\" target=\"_blank\" rel=\"noreferrer noopener\">Elena P\u00e2slaru Hubati<\/a><\/mark><\/strong>, trainer Leaders.<\/p>\n\n\n\n<blockquote class=\"wp-block-quote is-layout-flow wp-block-quote-is-layout-flow\">\n<p>C\u00e2nd \u00een traininguri avem discu\u021bii despre <strong><mark style=\"background-color:rgba(0, 0, 0, 0)\" class=\"has-inline-color has-blue-one-color\">valori sau convingeri limitative<\/mark><\/strong>, aduc \u00een discu\u021bie c\u00e2te o expresie precum \u201cfemeile nu \u0219tiu s\u0103 conduc\u0103\u201d, \u201cfemeile ar trebui s\u0103 stea la crati\u021b\u0103\u201d, dar \u0219i \u201cb\u0103rba\u021bii sunt\u2026\u201d, \u00een func\u021bie de c\u00e2t de energic r\u0103spund sau c\u00e2t de repede reac\u021bioneaz\u0103 vizibil participan\u021bii, \u00eemi dau seama cam spre ce duce subiectul. \u0218i realizez c\u0103 \u00eenc\u0103 \u00een 2023, mul\u021bi oameni simt visceral, ceva intens cu privire la a fi b\u0103rbat sau a fi femeie, dar nu \u00eentr-un mod pozitiv \u0219i echilibrat.<\/p>\n\n\n\n<p>Am ales pentru exemplificare <strong><mark style=\"background-color:rgba(0, 0, 0, 0)\" class=\"has-inline-color has-blue-one-color\">teoria lui Hofstede<\/mark><\/strong>, care define\u0219te \u0219i <strong><mark style=\"background-color:rgba(0, 0, 0, 0)\" class=\"has-inline-color has-blue-one-color\">diferen\u021biaz\u0103 valorile mai degrab\u0103 ca roluri emo\u021bionale<\/mark><\/strong>, f\u0103r\u0103 a le atribui pe cele feminine doar femeilor \u0219i pe cele masculine doar b\u0103rba\u021bilor. Totu\u0219i, din punct de vedere statistic, b\u0103rba\u021bii vor prezenta mai degrab\u0103 valori masculine, iar femeile mai degrab\u0103 valori feminine \u0219i deci, manifestarea leadershipului este impregnat\u0103 de aceast\u0103 dinamic\u0103 interioar\u0103.<\/p>\n\n\n\n<p><img loading=\"lazy\" decoding=\"async\" width=\"30\" height=\"30\" class=\"wp-image-5902\" style=\"width: 30px;\" src=\"https:\/\/www.autonom.ro\/blog\/wp-content\/uploads\/2023\/03\/newsletter-elements_1-albastru-inchis.png\" alt=\"\" srcset=\"https:\/\/www.autonom.ro\/blog\/wp-content\/uploads\/2023\/03\/newsletter-elements_1-albastru-inchis.png 163w, https:\/\/www.autonom.ro\/blog\/wp-content\/uploads\/2023\/03\/newsletter-elements_1-albastru-inchis-150x150.png 150w, https:\/\/www.autonom.ro\/blog\/wp-content\/uploads\/2023\/03\/newsletter-elements_1-albastru-inchis-100x100.png 100w\" sizes=\"auto, (max-width: 30px) 100vw, 30px\" \/>     <strong><mark style=\"background-color:rgba(0, 0, 0, 0)\" class=\"has-inline-color has-blue-one-color\">Feminin vs masculin sau preferin\u021ba pentru competitivitate \u0219i promovare \u00een detrimentul cooper\u0103rii \u0219i armonie sau invers.<\/mark><\/strong> O cultur\u0103 masculin\u0103 va fi orientat\u0103 mai degrab\u0103 spre competi\u021bie, realizare \u0219i succes (acesta fiind definit ca cel mai bun c\u00e2\u0219tig\u0103), iar o cultur\u0103 feminin\u0103 este una \u00een care grija fa\u021b\u0103 de ceilal\u021bi \u0219i calitatea vie\u021bii ca fiind importante, iar a ie\u0219i din mul\u021bime nu e neap\u0103rat ceva de dorit. Aici succesul se concentreaz\u0103 \u00eenspre ce \u00ee\u021bi place s\u0103 faci. Conform acestuia printre valorile \u0219i atributele considerate feminine ar fi: iubirea, intui\u021bia, colaborarea, cooperarea, toleran\u021ba, acceptarea, exprimarea, bl\u00e2nde\u021bea, grija etc., iar valorile \u0219i atributele masculine: competitivitatea, afirmarea de sine, ini\u021biativ\u0103, controlul, competi\u021bia, structura, ra\u021bionalitatea etc. Cu alte cuvinte, at\u00e2t b\u0103rba\u021bii, c\u00e2t \u0219i femeile le pot manifesta pe acestea, \u00een func\u021bie de cerin\u021bele domeniului sau activit\u0103\u021bi.<\/p>\n\n\n\n<p><img loading=\"lazy\" decoding=\"async\" width=\"30\" height=\"30\" class=\"wp-image-5916\" style=\"width: 30px;\" src=\"https:\/\/www.autonom.ro\/blog\/wp-content\/uploads\/2023\/03\/newsletter-elements_2-albastru-inchis.png\" alt=\"\" srcset=\"https:\/\/www.autonom.ro\/blog\/wp-content\/uploads\/2023\/03\/newsletter-elements_2-albastru-inchis.png 163w, https:\/\/www.autonom.ro\/blog\/wp-content\/uploads\/2023\/03\/newsletter-elements_2-albastru-inchis-150x150.png 150w, https:\/\/www.autonom.ro\/blog\/wp-content\/uploads\/2023\/03\/newsletter-elements_2-albastru-inchis-100x100.png 100w\" sizes=\"auto, (max-width: 30px) 100vw, 30px\" \/>     <strong><mark style=\"background-color:rgba(0, 0, 0, 0)\" class=\"has-inline-color has-blue-one-color\">\u00cen ceea ce prive\u0219te Rom\u00e2nia, autorul studiului consider\u0103 c\u0103 este o societate relativ feminin\u0103, \u00een care accentul este pus pe \u201ca lucra pentru a tr\u0103i\u201d<\/mark><\/strong>, oamenii pre\u021buind egalitatea, solidaritatea \u0219i calitatea vie\u021bii profesionale, conflictele rezolv\u00e2ndu-se prin compromis \u0219i negociere, iar stimulente organiza\u021bionale fiind mai degrab\u0103 timpul liber \u0219i flexibilitatea.<\/p>\n\n\n\n<p><img loading=\"lazy\" decoding=\"async\" width=\"30\" height=\"30\" class=\"wp-image-5917\" style=\"width: 30px;\" src=\"https:\/\/www.autonom.ro\/blog\/wp-content\/uploads\/2023\/03\/newsletter-elements_3-albastru-inchis.png\" alt=\"\" srcset=\"https:\/\/www.autonom.ro\/blog\/wp-content\/uploads\/2023\/03\/newsletter-elements_3-albastru-inchis.png 163w, https:\/\/www.autonom.ro\/blog\/wp-content\/uploads\/2023\/03\/newsletter-elements_3-albastru-inchis-150x150.png 150w, https:\/\/www.autonom.ro\/blog\/wp-content\/uploads\/2023\/03\/newsletter-elements_3-albastru-inchis-100x100.png 100w\" sizes=\"auto, (max-width: 30px) 100vw, 30px\" \/>     <strong><mark style=\"background-color:rgba(0, 0, 0, 0)\" class=\"has-inline-color has-blue-one-color\">\u00cenaintarea \u00een v\u00e2rst\u0103 este un element important, care determin\u0103 descre\u0219terea nivelului de masculinitate<\/mark><\/strong>, adic\u0103 cu c\u00e2t v\u00e2rsta subiec\u021bilor este mai mare, cu at\u00e2t prefer\u0103 valori mai feminine, legate de cooperare \u0219i calitatea vie\u021bii. \u00centr-o lume \u00eemb\u0103tr\u00e2nit\u0103 ca cea \u00een care tr\u0103im, valorile feminine devin mai importante. Hofstede consider\u0103 c\u0103 popula\u021bia globului se \u00eendreapt\u0103 spre valori feminine mai ales pentru c\u0103 slujbele care erau f\u0103cute \u00een mod tradi\u021bional de b\u0103rba\u021bi au fost \u00eenlocuite de ma\u0219ini \u0219i cele care au r\u0103mas (legate de servicii \u0219i orientate c\u0103tre oameni) necesit\u0103 valori mai feminine.<\/p>\n<\/blockquote>\n\n\n\n<hr class=\"wp-block-separator has-text-color has-alpha-channel-opacity has-background is-style-default\" style=\"background-color:#b8d7f1;color:#b8d7f1\"\/>\n\n\n\n<h2 class=\"has-text-align-center wp-block-heading\"><strong><em><mark style=\"background-color:rgba(0, 0, 0, 0)\" class=\"has-inline-color has-blue-one-color\">#DozaDeLectur\u0103<\/mark><\/em><\/strong><\/h2>\n\n\n\n<div class=\"wp-block-media-text alignwide is-stacked-on-mobile\" style=\"grid-template-columns:20% auto\"><figure class=\"wp-block-media-text__media\"><a href=\"https:\/\/www.publica.ro\/daniel-kahneman-gandire-rapida-gandire-lenta.html\" target=\"_blank\" rel=\"noreferrer noopener\"><img loading=\"lazy\" decoding=\"async\" width=\"433\" height=\"570\" src=\"https:\/\/www.autonom.ro\/blog\/wp-content\/uploads\/2023\/03\/Daniel-Kahneman-Gandire-rapida-gandire-lenta.jpg\" alt=\"Daniel Kahneman - Gandire rapida, gandire lenta - Editura Publica\" class=\"wp-image-6248 size-full\" srcset=\"https:\/\/www.autonom.ro\/blog\/wp-content\/uploads\/2023\/03\/Daniel-Kahneman-Gandire-rapida-gandire-lenta.jpg 433w, https:\/\/www.autonom.ro\/blog\/wp-content\/uploads\/2023\/03\/Daniel-Kahneman-Gandire-rapida-gandire-lenta-228x300.jpg 228w\" sizes=\"auto, (max-width: 433px) 100vw, 433px\" \/><\/a><\/figure><div class=\"wp-block-media-text__content\">\n<p>\u0218i pentru c\u0103 am vorbit de incertitudine \u0219i rezisten\u021ba la idei noi, recomandarea de s\u0103pt\u0103m\u00e2na aceasta merge c\u0103tre o carte excep\u021bional\u0103 despre mecanismele g\u00e2ndirii, scris\u0103 de <strong><mark style=\"background-color:rgba(0, 0, 0, 0)\" class=\"has-inline-color has-purple-color\">Daniel Kahneman<\/mark><\/strong>, <strong><em><mark style=\"background-color:rgba(0, 0, 0, 0)\" class=\"has-inline-color has-purple-color\">G\u00e2ndirea rapid\u0103, g\u00e2ndirea lent\u0103<\/mark><\/em><\/strong>. Acesta a primit Nobelul pentru economie comportamental\u0103 \u0219i formulat ceea ce acum sunt cunoscute ca biasuri cognitive, adic\u0103 predispozi\u021biile care determin\u0103 modul \u00een care lu\u0103m decizii \u00een situa\u021bii care comport\u0103 riscuri.<\/p>\n<\/div><\/div>\n\n\n\n<p><img loading=\"lazy\" decoding=\"async\" width=\"30\" height=\"30\" class=\"wp-image-5920\" style=\"width: 30px;\" src=\"https:\/\/www.autonom.ro\/blog\/wp-content\/uploads\/2023\/03\/newsletter-elements_1-mov.png\" alt=\"\" srcset=\"https:\/\/www.autonom.ro\/blog\/wp-content\/uploads\/2023\/03\/newsletter-elements_1-mov.png 163w, https:\/\/www.autonom.ro\/blog\/wp-content\/uploads\/2023\/03\/newsletter-elements_1-mov-150x150.png 150w, https:\/\/www.autonom.ro\/blog\/wp-content\/uploads\/2023\/03\/newsletter-elements_1-mov-100x100.png 100w\" sizes=\"auto, (max-width: 30px) 100vw, 30px\" \/>     <strong><mark style=\"background-color:rgba(0, 0, 0, 0)\" class=\"has-inline-color has-purple-color\">G\u00e2ndirea intuitiv\u0103 este cea care ne poate juca feste uneori \u0219i putem s\u0103 \u00eenv\u0103\u021b\u0103m care sunt limitele percep\u021bie.<\/mark><\/strong> Reu\u0219im de cele mai multe ori s\u0103 ne \u00een\u0219el\u0103m, pentru c\u0103 facem presupuneri despre lucruri. \u201cLumea din capul nostru nu este o reproducere fidel\u0103 a realit\u0103\u021bii; a\u0219tept\u0103rile noastre fa\u021b\u0103 de frecven\u021ba evenimentelor sunt distorsionate de prevalen\u021ba \u0219i intensitatea emo\u021bional\u0103 a mesajelor la care suntem expu\u0219i\u201d.<\/p>\n\n\n\n<p><img loading=\"lazy\" decoding=\"async\" width=\"30\" height=\"30\" class=\"wp-image-5921\" style=\"width: 30px;\" src=\"https:\/\/www.autonom.ro\/blog\/wp-content\/uploads\/2023\/03\/newsletter-elements_2-mov.png\" alt=\"\" srcset=\"https:\/\/www.autonom.ro\/blog\/wp-content\/uploads\/2023\/03\/newsletter-elements_2-mov.png 163w, https:\/\/www.autonom.ro\/blog\/wp-content\/uploads\/2023\/03\/newsletter-elements_2-mov-150x150.png 150w, https:\/\/www.autonom.ro\/blog\/wp-content\/uploads\/2023\/03\/newsletter-elements_2-mov-100x100.png 100w\" sizes=\"auto, (max-width: 30px) 100vw, 30px\" \/>     <strong><mark style=\"background-color:rgba(0, 0, 0, 0)\" class=\"has-inline-color has-purple-color\">Avem dou\u0103 sisteme de baza c\u0103ruia func\u021bioneaz\u0103 mintea noastr\u0103: intuitiv \u0219i ra\u021bional.<\/mark><\/strong> Primul este g\u00e2ndirea rapid\u0103, asociativ\u0103, cea care determin\u0103 un comportament automatic, formeaz\u0103 scurt\u0103turi mentale \u0219i care implic\u0103 forma de r\u0103spuns \u00een scurt timp, f\u0103r\u0103 efort. Cel de-al doilea este g\u00e2ndirea lent\u0103, deliberat\u0103, presupune un comportament con\u0219tient \u0219i necesit\u0103 o analiz\u0103 mai \u00een am\u0103nunt.<\/p>\n\n\n\n<p><img loading=\"lazy\" decoding=\"async\" width=\"30\" height=\"30\" class=\"wp-image-5922\" style=\"width: 30px;\" src=\"https:\/\/www.autonom.ro\/blog\/wp-content\/uploads\/2023\/03\/newsletter-elements_3-mov.png\" alt=\"\" srcset=\"https:\/\/www.autonom.ro\/blog\/wp-content\/uploads\/2023\/03\/newsletter-elements_3-mov.png 163w, https:\/\/www.autonom.ro\/blog\/wp-content\/uploads\/2023\/03\/newsletter-elements_3-mov-150x150.png 150w, https:\/\/www.autonom.ro\/blog\/wp-content\/uploads\/2023\/03\/newsletter-elements_3-mov-100x100.png 100w\" sizes=\"auto, (max-width: 30px) 100vw, 30px\" \/>     <strong><mark style=\"background-color:rgba(0, 0, 0, 0)\" class=\"has-inline-color has-purple-color\">Esen\u021ba euristicii intuitive este c\u0103 atunci c\u00e2nd ne confrunt\u0103m cu o \u00eentrebare dificil\u0103, r\u0103spundem adesea la o alta mai u\u0219oar\u0103<\/mark><\/strong>, f\u0103r\u0103 a observa \u00eenlocuirea sau a o con\u0219tientiza. \u0218i acest lucru se \u00eent\u00e2mpl\u0103 pentru c\u0103 men\u021binerea \u00eentr-o stare de \u00eendoial\u0103 implic\u0103 mai mult efort \u0219i este un proces mai complicat dec\u00e2t s\u0103 alunec\u0103m spre certitudini.<\/p>\n\n\n\n<p><img loading=\"lazy\" decoding=\"async\" width=\"30\" height=\"30\" class=\"wp-image-5923\" style=\"width: 30px;\" src=\"https:\/\/www.autonom.ro\/blog\/wp-content\/uploads\/2023\/03\/newsletter-elements_4-mov.png\" alt=\"\" srcset=\"https:\/\/www.autonom.ro\/blog\/wp-content\/uploads\/2023\/03\/newsletter-elements_4-mov.png 163w, https:\/\/www.autonom.ro\/blog\/wp-content\/uploads\/2023\/03\/newsletter-elements_4-mov-150x150.png 150w, https:\/\/www.autonom.ro\/blog\/wp-content\/uploads\/2023\/03\/newsletter-elements_4-mov-100x100.png 100w\" sizes=\"auto, (max-width: 30px) 100vw, 30px\" \/>     <strong><mark style=\"background-color:rgba(0, 0, 0, 0)\" class=\"has-inline-color has-purple-color\">Exist\u0103 o distinc\u021bie \u00eentre sinele care \u00ee\u0219i aminte\u0219te (the remembering self) \u0219i sinele care tr\u0103ie\u0219te (the experiencing self).<\/mark><\/strong> Inteligen\u021ba nu este doar capacitatea de a ra\u021biona ci \u0219i despre capacitatea de a g\u0103si materiale, relevante \u00een memorie asupra c\u0103rora trebuie s\u0103 fie atras\u0103 aten\u021bia. Oamenii \u00ee\u0219i creeaz\u0103 nara\u021biuni cu privire la via\u021ba lor, iar aceste episoade narative sunt diferite fa\u021b\u0103 de ceea ce este tr\u0103it. De fapt ne amintim v\u00e2rful emo\u021bional \u0219i modul \u00een care s-a sf\u00e2r\u0219it momentul din via\u021ba noastr\u0103, iar evalu\u0103rile ulterioare se vor baza pe aceste amintiri \u0219i nu pe toat\u0103 experien\u021ba.<\/p>\n\n\n\n<hr class=\"wp-block-separator has-text-color has-alpha-channel-opacity has-background is-style-default\" style=\"background-color:#b8d7f1;color:#b8d7f1\"\/>\n\n\n\n<h2 class=\"has-text-align-center wp-block-heading\"><em><strong><mark style=\"background-color:rgba(0, 0, 0, 0)\" class=\"has-inline-color has-blue-one-color\">#\u00centreb\u0103riCuSens din Jocul Autonom<\/mark><\/strong><\/em><\/h2>\n\n\n\n<p class=\"has-text-align-center\"><strong><em><mark style=\"background-color:rgba(0, 0, 0, 0)\" class=\"has-inline-color has-blue-two-color\">Dac\u0103 ai fi profesor, care ar fi regula pe care ai crea-o pentru to\u021bi elevii\/studen\u021bii din clasa ta?<\/mark><\/em><\/strong><\/p>\n\n\n\n<hr class=\"wp-block-separator has-text-color has-alpha-channel-opacity has-background is-style-default\" style=\"background-color:#b8d7f1;color:#b8d7f1\"\/>\n\n\n\n<h2 class=\"has-text-align-center wp-block-heading\"><strong><em><mark style=\"background-color:rgba(0, 0, 0, 0)\" class=\"has-inline-color has-blue-one-color\">#DeAscultat<\/mark><\/em><\/strong><\/h2>\n\n\n\n<div class=\"wp-block-media-text alignwide is-stacked-on-mobile\" style=\"grid-template-columns:30% auto\"><figure class=\"wp-block-media-text__media\"><a href=\"https:\/\/geerthofstede.com\/training-consulting\/online-lectures\/\" target=\"_blank\" rel=\"noreferrer noopener\"><img loading=\"lazy\" decoding=\"async\" width=\"600\" height=\"448\" src=\"https:\/\/www.autonom.ro\/blog\/wp-content\/uploads\/2023\/03\/Geert-Hofstede.jpg\" alt=\"Geert Hofstede\" class=\"wp-image-6250 size-full\" srcset=\"https:\/\/www.autonom.ro\/blog\/wp-content\/uploads\/2023\/03\/Geert-Hofstede.jpg 600w, https:\/\/www.autonom.ro\/blog\/wp-content\/uploads\/2023\/03\/Geert-Hofstede-300x224.jpg 300w\" sizes=\"auto, (max-width: 600px) 100vw, 600px\" \/><\/a><\/figure><div class=\"wp-block-media-text__content\">\n<p>V\u0103 recomand\u0103m s\u0103 urm\u0103ri\u021bi cele 6 filmule\u021be, dedicate fiec\u0103rui dimensiune identificat\u0103 de profesorul Geert Hofstede \u00een cercetarea sa.<\/p>\n\n\n\n<p>Le po\u021bi g\u0103si <a href=\"https:\/\/geerthofstede.com\/training-consulting\/online-lectures\/\" target=\"_blank\" rel=\"noreferrer noopener\">aici<\/a>.<\/p>\n<\/div><\/div>\n\n\n\n<hr class=\"wp-block-separator has-text-color has-alpha-channel-opacity has-background is-style-default\" style=\"background-color:#b8d7f1;color:#b8d7f1\"\/>\n\n\n\n<h3 class=\"has-text-align-center wp-block-heading\"><strong><mark style=\"background-color:rgba(0, 0, 0, 0)\" class=\"has-inline-color has-blue-one-color\">Pe data viitoare!<\/mark><\/strong><\/h3>\n","protected":false},"excerpt":{"rendered":"<p>Salutare, \u00cen episodul de ast\u0103zi vorbim despre cum suntem purt\u0103torii unor modele de g\u00e2ndire, sim\u021bire \u0219i manifest\u0103ri poten\u021biale dob\u00e2ndite de-a lungul vie\u021bii \u0219i despre cum ne influen\u021beaz\u0103 de fapt, caracteristicile culturale modalitatea \u00een care lucr\u0103m. Cultura se \u00eenva\u021b\u0103 din mediul social \u0219i profesorul Geert Hofstede identific\u0103 cinci dimensiuni fundamentale de caracterizare. \u00cen cultura noastr\u0103 rezultatele [&hellip;]<\/p>\n","protected":false},"author":4,"featured_media":6006,"comment_status":"closed","ping_status":"closed","sticky":false,"template":"","format":"standard","meta":{"inline_featured_image":false,"footnotes":""},"categories":[1923],"tags":[],"class_list":["post-6246","post","type-post","status-publish","format-standard","has-post-thumbnail","hentry","category-learning-tip-of-the-week"],"yoast_head":"<!-- This site is optimized with the Yoast SEO plugin v27.3 - https:\/\/yoast.com\/product\/yoast-seo-wordpress\/ -->\n<title>Tr\u0103s\u0103turile culturale reprezint\u0103 bagajul nostru - Blog Autonom<\/title>\n<meta name=\"robots\" content=\"index, follow, max-snippet:-1, max-image-preview:large, max-video-preview:-1\" \/>\n<link rel=\"canonical\" href=\"https:\/\/www.autonom.ro\/blog\/learning-tip-of-the-week-17-trasaturile-culturale-reprezinta-bagajul-nostru\/\" \/>\n<meta property=\"og:locale\" content=\"ro_RO\" \/>\n<meta property=\"og:type\" content=\"article\" \/>\n<meta property=\"og:title\" content=\"Tr\u0103s\u0103turile culturale reprezint\u0103 bagajul nostru - Blog Autonom\" \/>\n<meta property=\"og:description\" content=\"Salutare, \u00cen episodul de ast\u0103zi vorbim despre cum suntem purt\u0103torii unor modele de g\u00e2ndire, sim\u021bire \u0219i manifest\u0103ri poten\u021biale dob\u00e2ndite de-a lungul vie\u021bii \u0219i despre cum ne influen\u021beaz\u0103 de fapt, caracteristicile culturale modalitatea \u00een care lucr\u0103m. Cultura se \u00eenva\u021b\u0103 din mediul social \u0219i profesorul Geert Hofstede identific\u0103 cinci dimensiuni fundamentale de caracterizare. \u00cen cultura noastr\u0103 rezultatele [&hellip;]\" \/>\n<meta property=\"og:url\" content=\"https:\/\/www.autonom.ro\/blog\/learning-tip-of-the-week-17-trasaturile-culturale-reprezinta-bagajul-nostru\/\" \/>\n<meta property=\"og:site_name\" content=\"Blog Autonom\" \/>\n<meta property=\"article:publisher\" content=\"https:\/\/www.facebook.com\/AutonomRomania\/\" \/>\n<meta property=\"article:published_time\" content=\"2023-03-17T09:55:14+00:00\" \/>\n<meta property=\"article:modified_time\" content=\"2023-03-24T14:16:06+00:00\" \/>\n<meta property=\"og:image\" content=\"https:\/\/www.autonom.ro\/blog\/wp-content\/uploads\/2022\/11\/newsletter-elements_Social-Card.jpg\" \/>\n\t<meta property=\"og:image:width\" content=\"1200\" \/>\n\t<meta property=\"og:image:height\" content=\"630\" \/>\n\t<meta property=\"og:image:type\" content=\"image\/jpeg\" \/>\n<meta name=\"author\" content=\"Sorina Volerat\" \/>\n<meta name=\"twitter:card\" content=\"summary_large_image\" \/>\n<meta name=\"twitter:label1\" content=\"Scris de\" \/>\n\t<meta name=\"twitter:data1\" content=\"Sorina Volerat\" \/>\n\t<meta name=\"twitter:label2\" content=\"Timp estimat pentru citire\" \/>\n\t<meta name=\"twitter:data2\" content=\"8 minute\" \/>\n<script type=\"application\/ld+json\" class=\"yoast-schema-graph\">{\"@context\":\"https:\\\/\\\/schema.org\",\"@graph\":[{\"@type\":\"Article\",\"@id\":\"https:\\\/\\\/www.autonom.ro\\\/blog\\\/learning-tip-of-the-week-17-trasaturile-culturale-reprezinta-bagajul-nostru\\\/#article\",\"isPartOf\":{\"@id\":\"https:\\\/\\\/www.autonom.ro\\\/blog\\\/learning-tip-of-the-week-17-trasaturile-culturale-reprezinta-bagajul-nostru\\\/\"},\"author\":{\"name\":\"Sorina Volerat\",\"@id\":\"https:\\\/\\\/www.autonom.ro\\\/blog\\\/#\\\/schema\\\/person\\\/969476990feb32c04946c9f242c3210e\"},\"headline\":\"Tr\u0103s\u0103turile culturale reprezint\u0103 bagajul nostru #17\",\"datePublished\":\"2023-03-17T09:55:14+00:00\",\"dateModified\":\"2023-03-24T14:16:06+00:00\",\"mainEntityOfPage\":{\"@id\":\"https:\\\/\\\/www.autonom.ro\\\/blog\\\/learning-tip-of-the-week-17-trasaturile-culturale-reprezinta-bagajul-nostru\\\/\"},\"wordCount\":1216,\"publisher\":{\"@id\":\"https:\\\/\\\/www.autonom.ro\\\/blog\\\/#organization\"},\"image\":{\"@id\":\"https:\\\/\\\/www.autonom.ro\\\/blog\\\/learning-tip-of-the-week-17-trasaturile-culturale-reprezinta-bagajul-nostru\\\/#primaryimage\"},\"thumbnailUrl\":\"https:\\\/\\\/www.autonom.ro\\\/blog\\\/wp-content\\\/uploads\\\/2022\\\/11\\\/newsletter-elements_Social-Card.jpg\",\"articleSection\":[\"Learning Tip of the Week\"],\"inLanguage\":\"ro-RO\"},{\"@type\":\"WebPage\",\"@id\":\"https:\\\/\\\/www.autonom.ro\\\/blog\\\/learning-tip-of-the-week-17-trasaturile-culturale-reprezinta-bagajul-nostru\\\/\",\"url\":\"https:\\\/\\\/www.autonom.ro\\\/blog\\\/learning-tip-of-the-week-17-trasaturile-culturale-reprezinta-bagajul-nostru\\\/\",\"name\":\"Tr\u0103s\u0103turile culturale reprezint\u0103 bagajul nostru - Blog Autonom\",\"isPartOf\":{\"@id\":\"https:\\\/\\\/www.autonom.ro\\\/blog\\\/#website\"},\"primaryImageOfPage\":{\"@id\":\"https:\\\/\\\/www.autonom.ro\\\/blog\\\/learning-tip-of-the-week-17-trasaturile-culturale-reprezinta-bagajul-nostru\\\/#primaryimage\"},\"image\":{\"@id\":\"https:\\\/\\\/www.autonom.ro\\\/blog\\\/learning-tip-of-the-week-17-trasaturile-culturale-reprezinta-bagajul-nostru\\\/#primaryimage\"},\"thumbnailUrl\":\"https:\\\/\\\/www.autonom.ro\\\/blog\\\/wp-content\\\/uploads\\\/2022\\\/11\\\/newsletter-elements_Social-Card.jpg\",\"datePublished\":\"2023-03-17T09:55:14+00:00\",\"dateModified\":\"2023-03-24T14:16:06+00:00\",\"breadcrumb\":{\"@id\":\"https:\\\/\\\/www.autonom.ro\\\/blog\\\/learning-tip-of-the-week-17-trasaturile-culturale-reprezinta-bagajul-nostru\\\/#breadcrumb\"},\"inLanguage\":\"ro-RO\",\"potentialAction\":[{\"@type\":\"ReadAction\",\"target\":[\"https:\\\/\\\/www.autonom.ro\\\/blog\\\/learning-tip-of-the-week-17-trasaturile-culturale-reprezinta-bagajul-nostru\\\/\"]}]},{\"@type\":\"ImageObject\",\"inLanguage\":\"ro-RO\",\"@id\":\"https:\\\/\\\/www.autonom.ro\\\/blog\\\/learning-tip-of-the-week-17-trasaturile-culturale-reprezinta-bagajul-nostru\\\/#primaryimage\",\"url\":\"https:\\\/\\\/www.autonom.ro\\\/blog\\\/wp-content\\\/uploads\\\/2022\\\/11\\\/newsletter-elements_Social-Card.jpg\",\"contentUrl\":\"https:\\\/\\\/www.autonom.ro\\\/blog\\\/wp-content\\\/uploads\\\/2022\\\/11\\\/newsletter-elements_Social-Card.jpg\",\"width\":1200,\"height\":630,\"caption\":\"Dup\u0103 o scurt\u0103 pauz\u0103 am revenit cu recomand\u0103rile de resurse de \u00eenv\u0103\u021bare.\"},{\"@type\":\"BreadcrumbList\",\"@id\":\"https:\\\/\\\/www.autonom.ro\\\/blog\\\/learning-tip-of-the-week-17-trasaturile-culturale-reprezinta-bagajul-nostru\\\/#breadcrumb\",\"itemListElement\":[{\"@type\":\"ListItem\",\"position\":1,\"name\":\"Prima pagin\u0103\",\"item\":\"https:\\\/\\\/www.autonom.ro\\\/blog\\\/\"},{\"@type\":\"ListItem\",\"position\":2,\"name\":\"Tr\u0103s\u0103turile culturale reprezint\u0103 bagajul nostru #17\"}]},{\"@type\":\"WebSite\",\"@id\":\"https:\\\/\\\/www.autonom.ro\\\/blog\\\/#website\",\"url\":\"https:\\\/\\\/www.autonom.ro\\\/blog\\\/\",\"name\":\"Blog Autonom\",\"description\":\"\",\"publisher\":{\"@id\":\"https:\\\/\\\/www.autonom.ro\\\/blog\\\/#organization\"},\"potentialAction\":[{\"@type\":\"SearchAction\",\"target\":{\"@type\":\"EntryPoint\",\"urlTemplate\":\"https:\\\/\\\/www.autonom.ro\\\/blog\\\/?s={search_term_string}\"},\"query-input\":{\"@type\":\"PropertyValueSpecification\",\"valueRequired\":true,\"valueName\":\"search_term_string\"}}],\"inLanguage\":\"ro-RO\"},{\"@type\":\"Organization\",\"@id\":\"https:\\\/\\\/www.autonom.ro\\\/blog\\\/#organization\",\"name\":\"Blog Autonom\",\"url\":\"https:\\\/\\\/www.autonom.ro\\\/blog\\\/\",\"logo\":{\"@type\":\"ImageObject\",\"inLanguage\":\"ro-RO\",\"@id\":\"https:\\\/\\\/www.autonom.ro\\\/blog\\\/#\\\/schema\\\/logo\\\/image\\\/\",\"url\":\"https:\\\/\\\/www.autonom.ro\\\/blog\\\/wp-content\\\/uploads\\\/2020\\\/10\\\/cropped-Autonom_Corporate-Logo-Color-Orizontal-RGB.png\",\"contentUrl\":\"https:\\\/\\\/www.autonom.ro\\\/blog\\\/wp-content\\\/uploads\\\/2020\\\/10\\\/cropped-Autonom_Corporate-Logo-Color-Orizontal-RGB.png\",\"width\":724,\"height\":250,\"caption\":\"Blog Autonom\"},\"image\":{\"@id\":\"https:\\\/\\\/www.autonom.ro\\\/blog\\\/#\\\/schema\\\/logo\\\/image\\\/\"},\"sameAs\":[\"https:\\\/\\\/www.facebook.com\\\/AutonomRomania\\\/\",\"http:\\\/\\\/www.instagram.com\\\/autonom.romania\\\/\",\"https:\\\/\\\/www.linkedin.com\\\/company\\\/autonom-rent-a-car\"]},{\"@type\":\"Person\",\"@id\":\"https:\\\/\\\/www.autonom.ro\\\/blog\\\/#\\\/schema\\\/person\\\/969476990feb32c04946c9f242c3210e\",\"name\":\"Sorina Volerat\",\"image\":{\"@type\":\"ImageObject\",\"inLanguage\":\"ro-RO\",\"@id\":\"https:\\\/\\\/secure.gravatar.com\\\/avatar\\\/5221880dfa47580a11a0ddaf1f3f28ac8589c9aa842cf5defb698776cde8960a?s=96&d=mm&r=g\",\"url\":\"https:\\\/\\\/secure.gravatar.com\\\/avatar\\\/5221880dfa47580a11a0ddaf1f3f28ac8589c9aa842cf5defb698776cde8960a?s=96&d=mm&r=g\",\"contentUrl\":\"https:\\\/\\\/secure.gravatar.com\\\/avatar\\\/5221880dfa47580a11a0ddaf1f3f28ac8589c9aa842cf5defb698776cde8960a?s=96&d=mm&r=g\",\"caption\":\"Sorina Volerat\"},\"url\":\"https:\\\/\\\/www.autonom.ro\\\/blog\\\/author\\\/sorinavolerat\\\/\"}]}<\/script>\n<!-- \/ Yoast SEO plugin. -->","yoast_head_json":{"title":"Tr\u0103s\u0103turile culturale reprezint\u0103 bagajul nostru - Blog Autonom","robots":{"index":"index","follow":"follow","max-snippet":"max-snippet:-1","max-image-preview":"max-image-preview:large","max-video-preview":"max-video-preview:-1"},"canonical":"https:\/\/www.autonom.ro\/blog\/learning-tip-of-the-week-17-trasaturile-culturale-reprezinta-bagajul-nostru\/","og_locale":"ro_RO","og_type":"article","og_title":"Tr\u0103s\u0103turile culturale reprezint\u0103 bagajul nostru - Blog Autonom","og_description":"Salutare, \u00cen episodul de ast\u0103zi vorbim despre cum suntem purt\u0103torii unor modele de g\u00e2ndire, sim\u021bire \u0219i manifest\u0103ri poten\u021biale dob\u00e2ndite de-a lungul vie\u021bii \u0219i despre cum ne influen\u021beaz\u0103 de fapt, caracteristicile culturale modalitatea \u00een care lucr\u0103m. Cultura se \u00eenva\u021b\u0103 din mediul social \u0219i profesorul Geert Hofstede identific\u0103 cinci dimensiuni fundamentale de caracterizare. \u00cen cultura noastr\u0103 rezultatele [&hellip;]","og_url":"https:\/\/www.autonom.ro\/blog\/learning-tip-of-the-week-17-trasaturile-culturale-reprezinta-bagajul-nostru\/","og_site_name":"Blog Autonom","article_publisher":"https:\/\/www.facebook.com\/AutonomRomania\/","article_published_time":"2023-03-17T09:55:14+00:00","article_modified_time":"2023-03-24T14:16:06+00:00","og_image":[{"width":1200,"height":630,"url":"https:\/\/www.autonom.ro\/blog\/wp-content\/uploads\/2022\/11\/newsletter-elements_Social-Card.jpg","type":"image\/jpeg"}],"author":"Sorina Volerat","twitter_card":"summary_large_image","twitter_misc":{"Scris de":"Sorina Volerat","Timp estimat pentru citire":"8 minute"},"schema":{"@context":"https:\/\/schema.org","@graph":[{"@type":"Article","@id":"https:\/\/www.autonom.ro\/blog\/learning-tip-of-the-week-17-trasaturile-culturale-reprezinta-bagajul-nostru\/#article","isPartOf":{"@id":"https:\/\/www.autonom.ro\/blog\/learning-tip-of-the-week-17-trasaturile-culturale-reprezinta-bagajul-nostru\/"},"author":{"name":"Sorina Volerat","@id":"https:\/\/www.autonom.ro\/blog\/#\/schema\/person\/969476990feb32c04946c9f242c3210e"},"headline":"Tr\u0103s\u0103turile culturale reprezint\u0103 bagajul nostru #17","datePublished":"2023-03-17T09:55:14+00:00","dateModified":"2023-03-24T14:16:06+00:00","mainEntityOfPage":{"@id":"https:\/\/www.autonom.ro\/blog\/learning-tip-of-the-week-17-trasaturile-culturale-reprezinta-bagajul-nostru\/"},"wordCount":1216,"publisher":{"@id":"https:\/\/www.autonom.ro\/blog\/#organization"},"image":{"@id":"https:\/\/www.autonom.ro\/blog\/learning-tip-of-the-week-17-trasaturile-culturale-reprezinta-bagajul-nostru\/#primaryimage"},"thumbnailUrl":"https:\/\/www.autonom.ro\/blog\/wp-content\/uploads\/2022\/11\/newsletter-elements_Social-Card.jpg","articleSection":["Learning Tip of the Week"],"inLanguage":"ro-RO"},{"@type":"WebPage","@id":"https:\/\/www.autonom.ro\/blog\/learning-tip-of-the-week-17-trasaturile-culturale-reprezinta-bagajul-nostru\/","url":"https:\/\/www.autonom.ro\/blog\/learning-tip-of-the-week-17-trasaturile-culturale-reprezinta-bagajul-nostru\/","name":"Tr\u0103s\u0103turile culturale reprezint\u0103 bagajul nostru - Blog Autonom","isPartOf":{"@id":"https:\/\/www.autonom.ro\/blog\/#website"},"primaryImageOfPage":{"@id":"https:\/\/www.autonom.ro\/blog\/learning-tip-of-the-week-17-trasaturile-culturale-reprezinta-bagajul-nostru\/#primaryimage"},"image":{"@id":"https:\/\/www.autonom.ro\/blog\/learning-tip-of-the-week-17-trasaturile-culturale-reprezinta-bagajul-nostru\/#primaryimage"},"thumbnailUrl":"https:\/\/www.autonom.ro\/blog\/wp-content\/uploads\/2022\/11\/newsletter-elements_Social-Card.jpg","datePublished":"2023-03-17T09:55:14+00:00","dateModified":"2023-03-24T14:16:06+00:00","breadcrumb":{"@id":"https:\/\/www.autonom.ro\/blog\/learning-tip-of-the-week-17-trasaturile-culturale-reprezinta-bagajul-nostru\/#breadcrumb"},"inLanguage":"ro-RO","potentialAction":[{"@type":"ReadAction","target":["https:\/\/www.autonom.ro\/blog\/learning-tip-of-the-week-17-trasaturile-culturale-reprezinta-bagajul-nostru\/"]}]},{"@type":"ImageObject","inLanguage":"ro-RO","@id":"https:\/\/www.autonom.ro\/blog\/learning-tip-of-the-week-17-trasaturile-culturale-reprezinta-bagajul-nostru\/#primaryimage","url":"https:\/\/www.autonom.ro\/blog\/wp-content\/uploads\/2022\/11\/newsletter-elements_Social-Card.jpg","contentUrl":"https:\/\/www.autonom.ro\/blog\/wp-content\/uploads\/2022\/11\/newsletter-elements_Social-Card.jpg","width":1200,"height":630,"caption":"Dup\u0103 o scurt\u0103 pauz\u0103 am revenit cu recomand\u0103rile de resurse de \u00eenv\u0103\u021bare."},{"@type":"BreadcrumbList","@id":"https:\/\/www.autonom.ro\/blog\/learning-tip-of-the-week-17-trasaturile-culturale-reprezinta-bagajul-nostru\/#breadcrumb","itemListElement":[{"@type":"ListItem","position":1,"name":"Prima pagin\u0103","item":"https:\/\/www.autonom.ro\/blog\/"},{"@type":"ListItem","position":2,"name":"Tr\u0103s\u0103turile culturale reprezint\u0103 bagajul nostru #17"}]},{"@type":"WebSite","@id":"https:\/\/www.autonom.ro\/blog\/#website","url":"https:\/\/www.autonom.ro\/blog\/","name":"Blog Autonom","description":"","publisher":{"@id":"https:\/\/www.autonom.ro\/blog\/#organization"},"potentialAction":[{"@type":"SearchAction","target":{"@type":"EntryPoint","urlTemplate":"https:\/\/www.autonom.ro\/blog\/?s={search_term_string}"},"query-input":{"@type":"PropertyValueSpecification","valueRequired":true,"valueName":"search_term_string"}}],"inLanguage":"ro-RO"},{"@type":"Organization","@id":"https:\/\/www.autonom.ro\/blog\/#organization","name":"Blog Autonom","url":"https:\/\/www.autonom.ro\/blog\/","logo":{"@type":"ImageObject","inLanguage":"ro-RO","@id":"https:\/\/www.autonom.ro\/blog\/#\/schema\/logo\/image\/","url":"https:\/\/www.autonom.ro\/blog\/wp-content\/uploads\/2020\/10\/cropped-Autonom_Corporate-Logo-Color-Orizontal-RGB.png","contentUrl":"https:\/\/www.autonom.ro\/blog\/wp-content\/uploads\/2020\/10\/cropped-Autonom_Corporate-Logo-Color-Orizontal-RGB.png","width":724,"height":250,"caption":"Blog Autonom"},"image":{"@id":"https:\/\/www.autonom.ro\/blog\/#\/schema\/logo\/image\/"},"sameAs":["https:\/\/www.facebook.com\/AutonomRomania\/","http:\/\/www.instagram.com\/autonom.romania\/","https:\/\/www.linkedin.com\/company\/autonom-rent-a-car"]},{"@type":"Person","@id":"https:\/\/www.autonom.ro\/blog\/#\/schema\/person\/969476990feb32c04946c9f242c3210e","name":"Sorina Volerat","image":{"@type":"ImageObject","inLanguage":"ro-RO","@id":"https:\/\/secure.gravatar.com\/avatar\/5221880dfa47580a11a0ddaf1f3f28ac8589c9aa842cf5defb698776cde8960a?s=96&d=mm&r=g","url":"https:\/\/secure.gravatar.com\/avatar\/5221880dfa47580a11a0ddaf1f3f28ac8589c9aa842cf5defb698776cde8960a?s=96&d=mm&r=g","contentUrl":"https:\/\/secure.gravatar.com\/avatar\/5221880dfa47580a11a0ddaf1f3f28ac8589c9aa842cf5defb698776cde8960a?s=96&d=mm&r=g","caption":"Sorina Volerat"},"url":"https:\/\/www.autonom.ro\/blog\/author\/sorinavolerat\/"}]}},"_links":{"self":[{"href":"https:\/\/www.autonom.ro\/blog\/wp-json\/wp\/v2\/posts\/6246","targetHints":{"allow":["GET"]}}],"collection":[{"href":"https:\/\/www.autonom.ro\/blog\/wp-json\/wp\/v2\/posts"}],"about":[{"href":"https:\/\/www.autonom.ro\/blog\/wp-json\/wp\/v2\/types\/post"}],"author":[{"embeddable":true,"href":"https:\/\/www.autonom.ro\/blog\/wp-json\/wp\/v2\/users\/4"}],"replies":[{"embeddable":true,"href":"https:\/\/www.autonom.ro\/blog\/wp-json\/wp\/v2\/comments?post=6246"}],"version-history":[{"count":4,"href":"https:\/\/www.autonom.ro\/blog\/wp-json\/wp\/v2\/posts\/6246\/revisions"}],"predecessor-version":[{"id":6257,"href":"https:\/\/www.autonom.ro\/blog\/wp-json\/wp\/v2\/posts\/6246\/revisions\/6257"}],"wp:featuredmedia":[{"embeddable":true,"href":"https:\/\/www.autonom.ro\/blog\/wp-json\/wp\/v2\/media\/6006"}],"wp:attachment":[{"href":"https:\/\/www.autonom.ro\/blog\/wp-json\/wp\/v2\/media?parent=6246"}],"wp:term":[{"taxonomy":"category","embeddable":true,"href":"https:\/\/www.autonom.ro\/blog\/wp-json\/wp\/v2\/categories?post=6246"},{"taxonomy":"post_tag","embeddable":true,"href":"https:\/\/www.autonom.ro\/blog\/wp-json\/wp\/v2\/tags?post=6246"}],"curies":[{"name":"wp","href":"https:\/\/api.w.org\/{rel}","templated":true}]}}