{"id":6318,"date":"2023-04-14T10:00:00","date_gmt":"2023-04-14T07:00:00","guid":{"rendered":"https:\/\/www.autonom.ro\/blog\/?p=6318"},"modified":"2023-04-13T21:11:26","modified_gmt":"2023-04-13T18:11:26","slug":"learninig-tip-of-the-week-21-despre-rezilienta-si-evolutie-rapida","status":"publish","type":"post","link":"https:\/\/www.autonom.ro\/blog\/learninig-tip-of-the-week-21-despre-rezilienta-si-evolutie-rapida\/","title":{"rendered":"Despre rezilien\u021b\u0103 \u0219i evolu\u021bie rapid\u0103 #21"},"content":{"rendered":"\n<p><strong><mark style=\"background-color:rgba(0, 0, 0, 0)\" class=\"has-inline-color has-blue-one-color\">Salutare,<\/mark><\/strong><\/p>\n\n\n\n<p>\u00cencepem prin a v\u0103 ura s\u0103rb\u0103tori cu lini\u0219te \u0219i lumin\u0103 al\u0103turi de cei dragi!<\/p>\n\n\n\n<p>\u00cen episodul de ast\u0103zi povestim despre rezilien\u021b\u0103, despre capacitatea de a trece \u0219i a ne adapta la momentele dificile, de a ie\u0219i din zona de confort \u0219i a crea diversitate \u00een via\u021ba noastr\u0103. \u0218ocurile sunt cele care determin\u0103 lucrurile s\u0103 \u00eenfloreasc\u0103, deoarece dificultatea este cea care treze\u0219te geniul.<\/p>\n\n\n\n<p>Toate acestea pot fi citite \u00een newsletterul nostru <a href=\"https:\/\/www.autonom.ro\/blog\/categorie\/learning-tip-of-the-week\/\" target=\"_blank\" rel=\"noreferrer noopener\"><em><strong><mark style=\"background-color:rgba(0, 0, 0, 0)\" class=\"has-inline-color has-blue-one-color\">Learning Tip of The Week<\/mark><\/strong><\/em><\/a>, la care v\u0103 invit\u0103m s\u0103 v\u0103 abona\u021bi fie pe platforma <a href=\"https:\/\/www.linkedin.com\/build-relation\/newsletter-follow?entityUrn=7039697296023769088\" target=\"_blank\" rel=\"noreferrer noopener\"><em><strong><mark style=\"background-color:rgba(0, 0, 0, 0)\" class=\"has-inline-color has-blue-one-color\">LinkedIn<\/mark><\/strong><\/em><\/a>, fie acces\u00e2nd pagina de mai jos:<\/p>\n\n\n\n<div class=\"wp-block-buttons is-content-justification-center is-layout-flex wp-container-core-buttons-is-layout-16018d1d wp-block-buttons-is-layout-flex\">\n<div class=\"wp-block-button is-style-outline is-style-outline--1\"><a class=\"wp-block-button__link has-blue-one-color has-text-color has-background wp-element-button\" href=\"https:\/\/autonom.us20.list-manage.com\/subscribe?u=446e96132d5404e2bf57a487c&amp;id=e8383abe98\" style=\"background-color:#ecebf7\" target=\"_blank\" rel=\"noreferrer noopener\"><strong>Abonare Newsletter<\/strong><\/a><\/div>\n<\/div>\n\n\n\n<hr class=\"wp-block-separator has-text-color has-alpha-channel-opacity has-background is-style-default\" style=\"background-color:#b8d7f1;color:#b8d7f1\"\/>\n\n\n\n<h2 class=\"has-text-align-center wp-block-heading\"><strong><em><mark style=\"background-color:rgba(0, 0, 0, 0)\" class=\"has-inline-color has-blue-one-color\">#LeadingYourProgress by Funda\u021bia Leaders<\/mark><\/em><\/strong><\/h2>\n\n\n<div class=\"wp-block-image\">\n<figure class=\"aligncenter size-full is-resized\"><img decoding=\"async\" src=\"https:\/\/www.autonom.ro\/blog\/wp-content\/uploads\/2023\/04\/Episod-14-aprilie.png\" alt=\"Leaders - Robert \u021aop\u00e2rlea - Rezilien\u021ba \u2013 individual\u0103 sau de grup\" class=\"wp-image-6321\" width=\"600\" srcset=\"https:\/\/www.autonom.ro\/blog\/wp-content\/uploads\/2023\/04\/Episod-14-aprilie.png 1080w, https:\/\/www.autonom.ro\/blog\/wp-content\/uploads\/2023\/04\/Episod-14-aprilie-300x300.png 300w, https:\/\/www.autonom.ro\/blog\/wp-content\/uploads\/2023\/04\/Episod-14-aprilie-1024x1024.png 1024w, https:\/\/www.autonom.ro\/blog\/wp-content\/uploads\/2023\/04\/Episod-14-aprilie-150x150.png 150w, https:\/\/www.autonom.ro\/blog\/wp-content\/uploads\/2023\/04\/Episod-14-aprilie-768x768.png 768w, https:\/\/www.autonom.ro\/blog\/wp-content\/uploads\/2023\/04\/Episod-14-aprilie-100x100.png 100w\" sizes=\"(max-width: 1080px) 100vw, 1080px\" \/><\/figure>\n<\/div>\n\n\n<p><strong><em><mark style=\"background-color:rgba(0, 0, 0, 0)\" class=\"has-inline-color has-blue-one-color\">Rezilien\u021ba \u2013 individual\u0103 sau de grup<\/mark><\/em><\/strong>, un text preg\u0103tit de <strong><mark style=\"background-color:rgba(0, 0, 0, 0)\" class=\"has-inline-color has-blue-two-color\"><a href=\"https:\/\/www.linkedin.com\/in\/robert-\u021bop\u00e2rlea-60788612b\/\" target=\"_blank\" rel=\"noreferrer noopener\">Robert Top\u00e2rlea<\/a><\/mark><\/strong>, Director de Comunicare.<\/p>\n\n\n\n<blockquote class=\"wp-block-quote is-layout-flow wp-block-quote-is-layout-flow\">\n<p>Colegii mei m-au provocat s\u0103 reflectez asupra termenului de rezilien\u021b\u0103 cu impact \u00een formarea liderilor. \u00cen programele LEADERS dedicate tinerilor profesioni\u0219ti adres\u0103m rezilien\u021ba psihologic\u0103 ca fiind o competen\u021b\u0103 esen\u021bial\u0103 \u00een ceea ce prive\u0219te leadershipul personal, poate \u0219i pentru c\u0103, \u00een istoricul nostru organiza\u021bional, au fost c\u00e2teva momente de criz\u0103 prin care am trecut \u0219i reprezint\u0103 ceva care ne define\u0219te.<\/p>\n\n\n\n<p><strong><mark style=\"background-color:rgba(0, 0, 0, 0)\" class=\"has-inline-color has-blue-one-color\">Ne<\/mark><\/strong>-ul acesta este esen\u021bial. De ce? Pentru c\u0103 sunt dou\u0103 perspective spre care ne putem uita atunci c\u00e2nd vorbim despre rezilien\u021b\u0103:<\/p>\n\n\n\n<p><img loading=\"lazy\" decoding=\"async\" width=\"30\" height=\"30\" class=\"wp-image-5902\" style=\"width: 30px;\" src=\"https:\/\/www.autonom.ro\/blog\/wp-content\/uploads\/2023\/03\/newsletter-elements_1-albastru-inchis.png\" alt=\"\" srcset=\"https:\/\/www.autonom.ro\/blog\/wp-content\/uploads\/2023\/03\/newsletter-elements_1-albastru-inchis.png 163w, https:\/\/www.autonom.ro\/blog\/wp-content\/uploads\/2023\/03\/newsletter-elements_1-albastru-inchis-150x150.png 150w, https:\/\/www.autonom.ro\/blog\/wp-content\/uploads\/2023\/03\/newsletter-elements_1-albastru-inchis-100x100.png 100w\" sizes=\"auto, (max-width: 30px) 100vw, 30px\" \/> <strong><mark style=\"background-color:rgba(0, 0, 0, 0)\" class=\"has-inline-color has-blue-one-color\">Rezilien\u021ba individual\u0103 (eu)<\/mark><\/strong> reprezint\u0103 capacitatea indivizilor de a trece \u0219i de a se adapta \u00een fa\u021ba adversit\u0103\u021bii, a momentelor dificile din via\u021b\u0103 precum suferin\u021be, traume, \u0219ocuri etc. Sunt mul\u021bi factori care coreleaz\u0103 cu rezilien\u021ba psihologic\u0103, precum: suportul rela\u021bional, convingerile pozitive despre sine, \u00een sensul \u00eencrederii c\u0103 individul poate gestiona provocarea, optimism \u0219i un sentiment de control asupra propriei vie\u021bi, dar \u0219i adaptarea la schimbare \u0219i situa\u021bii incerte prin identificarea de solu\u021bii la probleme, mai ales \u00een situa\u021biile stresante.<\/p>\n\n\n\n<p><strong><mark style=\"background-color:rgba(0, 0, 0, 0)\" class=\"has-inline-color has-blue-one-color\">Cum construim rezilien\u021ba individual\u0103, dac\u0103 \u00eenc\u0103 nu am dob\u00e2ndit-o?<\/mark><\/strong> O direc\u021bie este oferit\u0103 de Manfred Kets de Vries, care pune accent pe autoreflec\u021bie, ca fiind esen\u021bial\u0103 \u00een procesul de leadership. Discu\u021bia cu sine \u00eel apropie pe individ de cine este el, adic\u0103 de nevoile, dorin\u021bele \u0219i putin\u021bele sale care devin con\u0219tiente pentru sine \u0219i, astfel, oamenii pot lua decizii mai s\u0103n\u0103toase. Alt\u0103 direc\u021bie este oferit\u0103 de Jordan Peterson, cunoscutul psiholog clinician canadian, \u00een cartea sa \u201e12 Reguli de Via\u021b\u0103: un antidot pentru haos\u201d, unde consider\u0103 c\u0103 asumarea responsabilit\u0103\u021bii pentru propria via\u021b\u0103 a fiec\u0103rui individ \u00een parte, disciplina \u0219i dezvoltarea punctelor forte pentru a dep\u0103\u0219i provoc\u0103rile sunt aspecte esen\u021biale \u00een construirea rezilien\u021bei.<\/p>\n\n\n\n<p><img loading=\"lazy\" decoding=\"async\" width=\"30\" height=\"30\" class=\"wp-image-5916\" style=\"width: 30px;\" src=\"https:\/\/www.autonom.ro\/blog\/wp-content\/uploads\/2023\/03\/newsletter-elements_2-albastru-inchis.png\" alt=\"\" srcset=\"https:\/\/www.autonom.ro\/blog\/wp-content\/uploads\/2023\/03\/newsletter-elements_2-albastru-inchis.png 163w, https:\/\/www.autonom.ro\/blog\/wp-content\/uploads\/2023\/03\/newsletter-elements_2-albastru-inchis-150x150.png 150w, https:\/\/www.autonom.ro\/blog\/wp-content\/uploads\/2023\/03\/newsletter-elements_2-albastru-inchis-100x100.png 100w\" sizes=\"auto, (max-width: 30px) 100vw, 30px\" \/> <strong><mark style=\"background-color:rgba(0, 0, 0, 0)\" class=\"has-inline-color has-blue-one-color\">Rezilien\u021ba organiza\u021bional\u0103 (noi)<\/mark><\/strong> se refer\u0103 la capacitatea unei organiza\u021bii de a se adapta \u0219i de a prospera \u00een fa\u021ba unor factori adver\u0219i, precum recesiunile economice, dezastrele naturale sau alte evenimente neprev\u0103zute. Diferen\u021ba dintre cele dou\u0103 const\u0103 \u00een existen\u021ba unor sisteme sau procese de backup, ce asigur\u0103 continuitatea \u00een cazul unor perturb\u0103ri, iar termenul tradus \u00eentr-o competen\u021b\u0103 de leadership ar fi Change Management (competen\u021b\u0103 pe care \u0219i noi o avem \u00een programul Leaders Challenge, dedicat tinerilor manageri). Manfred Kets de Vries, psihologul organiza\u021bional men\u021bionat anterior, subliniaz\u0103 importan\u021ba construirii unor echipe de conducere puternice, crearea unei culturi a inova\u021biei \u0219i asum\u0103rii de riscuri \u0219i investirea \u00een dezvoltarea \u0219i formarea angaja\u021bilor.<\/p>\n\n\n\n<p>\u00cen ceea ce ne \u0219i m\u0103 prive\u0219te, suntem \u00een asentimentul lui Kets de Vries \u0219i consider c\u0103 investi\u021bia \u00een formarea oamenilor este esen\u021bial\u0103 pentru o organiza\u021bie care se dore\u0219te a fi rezistent\u0103 \u00een fa\u021ba adversit\u0103\u021bii.<\/p>\n<\/blockquote>\n\n\n\n<hr class=\"wp-block-separator has-text-color has-alpha-channel-opacity has-background is-style-default\" style=\"background-color:#b8d7f1;color:#b8d7f1\"\/>\n\n\n\n<h2 class=\"has-text-align-center wp-block-heading\"><strong><em><mark style=\"background-color:rgba(0, 0, 0, 0)\" class=\"has-inline-color has-blue-one-color\">#DozaDeLectur\u0103<\/mark><\/em><\/strong><\/h2>\n\n\n\n<div class=\"wp-block-media-text alignwide is-stacked-on-mobile\" style=\"grid-template-columns:20% auto\"><figure class=\"wp-block-media-text__media\"><img loading=\"lazy\" decoding=\"async\" width=\"663\" height=\"1024\" src=\"https:\/\/www.autonom.ro\/blog\/wp-content\/uploads\/2023\/04\/Nassim-Taleb-Antifragil-663x1024.png\" alt=\"Nassim Taleb - Antifragil - Editura Publica\" class=\"wp-image-6322 size-full\" srcset=\"https:\/\/www.autonom.ro\/blog\/wp-content\/uploads\/2023\/04\/Nassim-Taleb-Antifragil-663x1024.png 663w, https:\/\/www.autonom.ro\/blog\/wp-content\/uploads\/2023\/04\/Nassim-Taleb-Antifragil-194x300.png 194w, https:\/\/www.autonom.ro\/blog\/wp-content\/uploads\/2023\/04\/Nassim-Taleb-Antifragil-768x1186.png 768w, https:\/\/www.autonom.ro\/blog\/wp-content\/uploads\/2023\/04\/Nassim-Taleb-Antifragil.png 800w\" sizes=\"auto, (max-width: 663px) 100vw, 663px\" \/><\/figure><div class=\"wp-block-media-text__content\">\n<p>Recomand\u0103m un must read pentru antreprenori \u0219i nu numai, o carte care nu ar trebui s\u0103 lipseasc\u0103 din bibliotecile personale, o carte despre \u00eembr\u0103\u021bi\u0219area incertitudinii \u0219i avantajele de a fi supus la tensiune \u0219i stres, dar ca modalitate de a deveni mai pu\u021bin fragili \u00een ceea ce prive\u0219te via\u021ba. <strong><mark style=\"background-color:rgba(0, 0, 0, 0)\" class=\"has-inline-color has-purple-color\">Nassim Taleb<\/mark><\/strong> spune despre <strong><em><mark style=\"background-color:rgba(0, 0, 0, 0)\" class=\"has-inline-color has-purple-color\">Antifragil<\/mark><\/em><\/strong> c\u0103 reprezint\u0103 un ghid despre \u201ccum s\u0103 tr\u0103ie\u0219ti \u00eentr-o lume pe care nu o \u00een\u021belegi\u201d.<\/p>\n<\/div><\/div>\n\n\n\n<p><img loading=\"lazy\" decoding=\"async\" width=\"30\" height=\"30\" class=\"wp-image-5920\" style=\"width: 30px;\" src=\"https:\/\/www.autonom.ro\/blog\/wp-content\/uploads\/2023\/03\/newsletter-elements_1-mov.png\" alt=\"\" srcset=\"https:\/\/www.autonom.ro\/blog\/wp-content\/uploads\/2023\/03\/newsletter-elements_1-mov.png 163w, https:\/\/www.autonom.ro\/blog\/wp-content\/uploads\/2023\/03\/newsletter-elements_1-mov-150x150.png 150w, https:\/\/www.autonom.ro\/blog\/wp-content\/uploads\/2023\/03\/newsletter-elements_1-mov-100x100.png 100w\" sizes=\"auto, (max-width: 30px) 100vw, 30px\" \/> <strong><mark style=\"background-color:rgba(0, 0, 0, 0)\" class=\"has-inline-color has-purple-color\">Noi, oamenii \u201efacem, \u00een mod naiv, toate sistemele mult mai fragile, protej\u00e2ndu-le. Cu alte cuvinte, faptul c\u0103 evit\u0103m gre\u0219elile mici le face pe cele mari mult mai severe.\u201d<\/mark><\/strong> Procesul din spate subsumeaz\u0103 multe ore de munc\u0103, fiind pres\u0103rat cu erori multe dar care, fac parte din procesul de \u00eenv\u0103\u021bare mult mai rapid \u0219i care, prin succes \u0219i perseveren\u021b\u0103, ne asigur\u0103 calea c\u0103tre performan\u021b\u0103. \u201cOamenii care fac o mul\u021bime de gre\u0219eli, sunt mult mai de \u00eencredere dec\u00e2t cei care n-au f\u0103cut vreodat\u0103 una.\u201d Gre\u0219eala este cea care ne transform\u0103 \u0219i ne \u00eenva\u021b\u0103 s\u0103 ne adapt\u0103m \u0219i s\u0103 supravie\u021buim. De aceea antreprenorii sunt obi\u0219nui\u021bi cu riscurile \u0219i sunt mai pu\u021bin fragili.<\/p>\n\n\n\n<p><img loading=\"lazy\" decoding=\"async\" width=\"30\" height=\"30\" class=\"wp-image-5921\" style=\"width: 30px;\" src=\"https:\/\/www.autonom.ro\/blog\/wp-content\/uploads\/2023\/03\/newsletter-elements_2-mov.png\" alt=\"\" srcset=\"https:\/\/www.autonom.ro\/blog\/wp-content\/uploads\/2023\/03\/newsletter-elements_2-mov.png 163w, https:\/\/www.autonom.ro\/blog\/wp-content\/uploads\/2023\/03\/newsletter-elements_2-mov-150x150.png 150w, https:\/\/www.autonom.ro\/blog\/wp-content\/uploads\/2023\/03\/newsletter-elements_2-mov-100x100.png 100w\" sizes=\"auto, (max-width: 30px) 100vw, 30px\" \/> <strong><mark style=\"background-color:rgba(0, 0, 0, 0)\" class=\"has-inline-color has-purple-color\">Antifragilitatea dep\u0103\u0219e\u0219te rezisten\u021ba sau robuste\u021bea prin expunerea la volatilitate, factori aleatorii, tulbur\u0103rilor \u0219i factorilor stresan\u021bi. <\/mark><\/strong>\u201eFragile sunt acele sisteme c\u0103rora nu le place volatilitatea, \u00eent\u00e2mplarea, incertitudinea, dezordinea, erorile\u201d \u0219i creeaz\u0103 extra capacitate atunci c\u00e2nd sunt supuse stresului. \u0218ocurile determin\u0103 lucrurile s\u0103 \u00eenfloreasc\u0103. Dac\u0103 rezilientul rezist\u0103 \u0219ocurilor \u0219i r\u0103m\u00e2ne la fel, antifragilul se \u00eembun\u0103t\u0103\u021be\u0219te \u0219i acest lucru st\u0103 \u00een spatele evolu\u021biei lucrurilor care s-au schimbat de-a lungul timpului. V\u00e2ntul stinge lum\u00e2narea dar intensific\u0103 focul, deci este de dorit s\u0103 fim focul \u0219i s\u0103 ne dorim s\u0103 bat\u0103 v\u00e2ntul.<\/p>\n\n\n\n<p><img loading=\"lazy\" decoding=\"async\" width=\"30\" height=\"30\" class=\"wp-image-5922\" style=\"width: 30px;\" src=\"https:\/\/www.autonom.ro\/blog\/wp-content\/uploads\/2023\/03\/newsletter-elements_3-mov.png\" alt=\"\" srcset=\"https:\/\/www.autonom.ro\/blog\/wp-content\/uploads\/2023\/03\/newsletter-elements_3-mov.png 163w, https:\/\/www.autonom.ro\/blog\/wp-content\/uploads\/2023\/03\/newsletter-elements_3-mov-150x150.png 150w, https:\/\/www.autonom.ro\/blog\/wp-content\/uploads\/2023\/03\/newsletter-elements_3-mov-100x100.png 100w\" sizes=\"auto, (max-width: 30px) 100vw, 30px\" \/> <strong><mark style=\"background-color:rgba(0, 0, 0, 0)\" class=\"has-inline-color has-purple-color\">Fragilitatea poate fi m\u0103surat\u0103, pe c\u00e2nd riscul nu este m\u0103surabil.<\/mark><\/strong> Putem mai u\u0219or s\u0103 identific\u0103m dac\u0103 ceva este fragil, dec\u00e2t s\u0103 estim\u0103m ce s-ar putea \u00eent\u00e2mpla ca acel lucru s\u0103 nu func\u021bioneze. Este imposibil s\u0103 calcul\u0103m de fapt riscurile unor evenimente semnificative rare.<\/p>\n\n\n\n<p><img loading=\"lazy\" decoding=\"async\" width=\"30\" height=\"30\" class=\"wp-image-5923\" style=\"width: 30px;\" src=\"https:\/\/www.autonom.ro\/blog\/wp-content\/uploads\/2023\/03\/newsletter-elements_4-mov.png\" alt=\"\" srcset=\"https:\/\/www.autonom.ro\/blog\/wp-content\/uploads\/2023\/03\/newsletter-elements_4-mov.png 163w, https:\/\/www.autonom.ro\/blog\/wp-content\/uploads\/2023\/03\/newsletter-elements_4-mov-150x150.png 150w, https:\/\/www.autonom.ro\/blog\/wp-content\/uploads\/2023\/03\/newsletter-elements_4-mov-100x100.png 100w\" sizes=\"auto, (max-width: 30px) 100vw, 30px\" \/> <strong><mark style=\"background-color:rgba(0, 0, 0, 0)\" class=\"has-inline-color has-purple-color\">Succesul creeaz\u0103 o asimetrie, \u00een sensul c\u0103 avem mai mult de pierdut dec\u00e2t de c\u00e2\u0219tigat. <\/mark><\/strong>Seneca a dezvoltat o metod\u0103 de a combate aceast\u0103 fragilitate ce const\u0103 \u00een exerci\u021bii mentale, de renun\u021bare la averea sa, pentru a nu sim\u021bi durere, dac\u0103 se \u00eent\u00e2mpl\u0103 s\u0103 o piard\u0103.<\/p>\n\n\n\n<p><img loading=\"lazy\" decoding=\"async\" width=\"30\" height=\"30\" class=\"wp-image-6012\" style=\"width: 30px;\" src=\"https:\/\/www.autonom.ro\/blog\/wp-content\/uploads\/2023\/03\/newsletter-elements_5-mov.png\" alt=\"\" srcset=\"https:\/\/www.autonom.ro\/blog\/wp-content\/uploads\/2023\/03\/newsletter-elements_5-mov.png 163w, https:\/\/www.autonom.ro\/blog\/wp-content\/uploads\/2023\/03\/newsletter-elements_5-mov-150x150.png 150w, https:\/\/www.autonom.ro\/blog\/wp-content\/uploads\/2023\/03\/newsletter-elements_5-mov-100x100.png 100w\" sizes=\"auto, (max-width: 30px) 100vw, 30px\" \/> <strong><mark style=\"background-color:rgba(0, 0, 0, 0)\" class=\"has-inline-color has-purple-color\">Dificultatea este ceea ce treze\u0219te geniul.<\/mark><\/strong> Este important s\u0103 nu r\u0103m\u00e2nem \u00eentr-o bul\u0103 \u0219i s\u0103 p\u0103r\u0103sim zona de confort, pentru a crea diversitate \u00een via\u021ba noastr\u0103. Acolo unde evolu\u021bia acesteia este rapid\u0103 \u0219i flexibilitatea noastr\u0103 cre\u0219te. Acela\u0219i mediu \u00eenseamn\u0103 omogenitate \u0219i stagnare.<\/p>\n\n\n\n<hr class=\"wp-block-separator has-text-color has-alpha-channel-opacity has-background is-style-default\" style=\"background-color:#b8d7f1;color:#b8d7f1\"\/>\n\n\n\n<h2 class=\"has-text-align-center wp-block-heading\"><strong><em><mark style=\"background-color:rgba(0, 0, 0, 0)\" class=\"has-inline-color has-blue-one-color\">#\u00eentreb\u0103ricusens din Jocul Autonom<\/mark><\/em><\/strong><\/h2>\n\n\n\n<p class=\"has-text-align-center\"><strong><em><mark style=\"background-color:rgba(0, 0, 0, 0)\" class=\"has-inline-color has-blue-two-color\">Ce ai alege: s\u0103 fii cel mai slab juc\u0103tor \u00eentr-o echip\u0103 care c\u00e2\u0219tig\u0103 sau cel mai bun juc\u0103tor \u00eentr-o echipa care pierde?<\/mark><\/em><\/strong><\/p>\n\n\n\n<hr class=\"wp-block-separator has-text-color has-alpha-channel-opacity has-background is-style-default\" style=\"background-color:#b8d7f1;color:#b8d7f1\"\/>\n\n\n\n<h2 class=\"has-text-align-center wp-block-heading\"><strong><em><mark style=\"background-color:rgba(0, 0, 0, 0)\" class=\"has-inline-color has-blue-one-color\">#DeAscultat<\/mark><\/em><\/strong><\/h2>\n\n\n\n<p>V\u0103 invit\u0103m s\u0103 asculta\u021bi Podcastul The James Altucher Show \u00een episodul \u00een care l-a avut ca invitat pe Nassim Taleb.<\/p>\n\n\n\n<div class=\"wp-block-buttons is-content-justification-center is-layout-flex wp-container-core-buttons-is-layout-16018d1d wp-block-buttons-is-layout-flex\">\n<div class=\"wp-block-button\"><a class=\"wp-block-button__link has-white-color has-green-background-color has-text-color has-background wp-element-button\" href=\"https:\/\/jamesaltucher.com\/blog\/nassim-taleb\/#\" target=\"_blank\" rel=\"noreferrer noopener\"><strong>Ascult\u0103 podcastul<\/strong><\/a><\/div>\n<\/div>\n\n\n\n<hr class=\"wp-block-separator has-text-color has-alpha-channel-opacity has-background is-style-default\" style=\"background-color:#b8d7f1;color:#b8d7f1\"\/>\n\n\n\n<p class=\"has-text-align-center\"><strong><em><mark style=\"background-color:rgba(0, 0, 0, 0)\" class=\"has-inline-color has-blue-one-color\">Pe data viitoare!<\/mark><\/em><\/strong><\/p>\n","protected":false},"excerpt":{"rendered":"<p>Salutare, \u00cencepem prin a v\u0103 ura s\u0103rb\u0103tori cu lini\u0219te \u0219i lumin\u0103 al\u0103turi de cei dragi! \u00cen episodul de ast\u0103zi povestim despre rezilien\u021b\u0103, despre capacitatea de a trece \u0219i a ne adapta la momentele dificile, de a ie\u0219i din zona de confort \u0219i a crea diversitate \u00een via\u021ba noastr\u0103. \u0218ocurile sunt cele care determin\u0103 lucrurile s\u0103 [&hellip;]<\/p>\n","protected":false},"author":4,"featured_media":6006,"comment_status":"closed","ping_status":"closed","sticky":false,"template":"","format":"standard","meta":{"inline_featured_image":false,"footnotes":""},"categories":[1923],"tags":[],"class_list":["post-6318","post","type-post","status-publish","format-standard","has-post-thumbnail","hentry","category-learning-tip-of-the-week"],"yoast_head":"<!-- This site is optimized with the Yoast SEO plugin v27.3 - https:\/\/yoast.com\/product\/yoast-seo-wordpress\/ -->\n<title>Despre rezilien\u021b\u0103 \u0219i evolu\u021bie rapid\u0103 - Blog Autonom<\/title>\n<meta name=\"robots\" content=\"index, follow, max-snippet:-1, max-image-preview:large, max-video-preview:-1\" \/>\n<link rel=\"canonical\" href=\"https:\/\/www.autonom.ro\/blog\/learninig-tip-of-the-week-21-despre-rezilienta-si-evolutie-rapida\/\" \/>\n<meta property=\"og:locale\" content=\"ro_RO\" \/>\n<meta property=\"og:type\" content=\"article\" \/>\n<meta property=\"og:title\" content=\"Learning Tip of the Week by Autonom\" \/>\n<meta property=\"og:description\" content=\"\u00cen episodul de ast\u0103zi povestim despre rezilien\u021b\u0103, despre capacitatea de a trece \u0219i a ne adapta la momentele dificile, de a ie\u0219i din zona de confort \u0219i a crea diversitate \u00een via\u021ba noastr\u0103. \u0218ocurile sunt cele care determin\u0103 lucrurile s\u0103 \u00eenfloreasc\u0103, deoarece dificultatea este cea care treze\u0219te geniul.\" \/>\n<meta property=\"og:url\" content=\"https:\/\/www.autonom.ro\/blog\/learninig-tip-of-the-week-21-despre-rezilienta-si-evolutie-rapida\/\" \/>\n<meta property=\"og:site_name\" content=\"Blog Autonom\" \/>\n<meta property=\"article:publisher\" content=\"https:\/\/www.facebook.com\/AutonomRomania\/\" \/>\n<meta property=\"article:published_time\" content=\"2023-04-14T07:00:00+00:00\" \/>\n<meta property=\"og:image\" content=\"https:\/\/www.autonom.ro\/blog\/wp-content\/uploads\/2022\/11\/newsletter-elements_Social-Card.jpg\" \/>\n\t<meta property=\"og:image:width\" content=\"1200\" \/>\n\t<meta property=\"og:image:height\" content=\"630\" \/>\n\t<meta property=\"og:image:type\" content=\"image\/jpeg\" \/>\n<meta name=\"author\" content=\"Sorina Volerat\" \/>\n<meta name=\"twitter:card\" content=\"summary_large_image\" \/>\n<meta name=\"twitter:label1\" content=\"Scris de\" \/>\n\t<meta name=\"twitter:data1\" content=\"Sorina Volerat\" \/>\n\t<meta name=\"twitter:label2\" content=\"Timp estimat pentru citire\" \/>\n\t<meta name=\"twitter:data2\" content=\"8 minute\" \/>\n<script type=\"application\/ld+json\" class=\"yoast-schema-graph\">{\"@context\":\"https:\\\/\\\/schema.org\",\"@graph\":[{\"@type\":\"Article\",\"@id\":\"https:\\\/\\\/www.autonom.ro\\\/blog\\\/learninig-tip-of-the-week-21-despre-rezilienta-si-evolutie-rapida\\\/#article\",\"isPartOf\":{\"@id\":\"https:\\\/\\\/www.autonom.ro\\\/blog\\\/learninig-tip-of-the-week-21-despre-rezilienta-si-evolutie-rapida\\\/\"},\"author\":{\"name\":\"Sorina Volerat\",\"@id\":\"https:\\\/\\\/www.autonom.ro\\\/blog\\\/#\\\/schema\\\/person\\\/969476990feb32c04946c9f242c3210e\"},\"headline\":\"Despre rezilien\u021b\u0103 \u0219i evolu\u021bie rapid\u0103 #21\",\"datePublished\":\"2023-04-14T07:00:00+00:00\",\"mainEntityOfPage\":{\"@id\":\"https:\\\/\\\/www.autonom.ro\\\/blog\\\/learninig-tip-of-the-week-21-despre-rezilienta-si-evolutie-rapida\\\/\"},\"wordCount\":1130,\"publisher\":{\"@id\":\"https:\\\/\\\/www.autonom.ro\\\/blog\\\/#organization\"},\"image\":{\"@id\":\"https:\\\/\\\/www.autonom.ro\\\/blog\\\/learninig-tip-of-the-week-21-despre-rezilienta-si-evolutie-rapida\\\/#primaryimage\"},\"thumbnailUrl\":\"https:\\\/\\\/www.autonom.ro\\\/blog\\\/wp-content\\\/uploads\\\/2022\\\/11\\\/newsletter-elements_Social-Card.jpg\",\"articleSection\":[\"Learning Tip of the Week\"],\"inLanguage\":\"ro-RO\"},{\"@type\":\"WebPage\",\"@id\":\"https:\\\/\\\/www.autonom.ro\\\/blog\\\/learninig-tip-of-the-week-21-despre-rezilienta-si-evolutie-rapida\\\/\",\"url\":\"https:\\\/\\\/www.autonom.ro\\\/blog\\\/learninig-tip-of-the-week-21-despre-rezilienta-si-evolutie-rapida\\\/\",\"name\":\"Despre rezilien\u021b\u0103 \u0219i evolu\u021bie rapid\u0103 - Blog Autonom\",\"isPartOf\":{\"@id\":\"https:\\\/\\\/www.autonom.ro\\\/blog\\\/#website\"},\"primaryImageOfPage\":{\"@id\":\"https:\\\/\\\/www.autonom.ro\\\/blog\\\/learninig-tip-of-the-week-21-despre-rezilienta-si-evolutie-rapida\\\/#primaryimage\"},\"image\":{\"@id\":\"https:\\\/\\\/www.autonom.ro\\\/blog\\\/learninig-tip-of-the-week-21-despre-rezilienta-si-evolutie-rapida\\\/#primaryimage\"},\"thumbnailUrl\":\"https:\\\/\\\/www.autonom.ro\\\/blog\\\/wp-content\\\/uploads\\\/2022\\\/11\\\/newsletter-elements_Social-Card.jpg\",\"datePublished\":\"2023-04-14T07:00:00+00:00\",\"breadcrumb\":{\"@id\":\"https:\\\/\\\/www.autonom.ro\\\/blog\\\/learninig-tip-of-the-week-21-despre-rezilienta-si-evolutie-rapida\\\/#breadcrumb\"},\"inLanguage\":\"ro-RO\",\"potentialAction\":[{\"@type\":\"ReadAction\",\"target\":[\"https:\\\/\\\/www.autonom.ro\\\/blog\\\/learninig-tip-of-the-week-21-despre-rezilienta-si-evolutie-rapida\\\/\"]}]},{\"@type\":\"ImageObject\",\"inLanguage\":\"ro-RO\",\"@id\":\"https:\\\/\\\/www.autonom.ro\\\/blog\\\/learninig-tip-of-the-week-21-despre-rezilienta-si-evolutie-rapida\\\/#primaryimage\",\"url\":\"https:\\\/\\\/www.autonom.ro\\\/blog\\\/wp-content\\\/uploads\\\/2022\\\/11\\\/newsletter-elements_Social-Card.jpg\",\"contentUrl\":\"https:\\\/\\\/www.autonom.ro\\\/blog\\\/wp-content\\\/uploads\\\/2022\\\/11\\\/newsletter-elements_Social-Card.jpg\",\"width\":1200,\"height\":630,\"caption\":\"Dup\u0103 o scurt\u0103 pauz\u0103 am revenit cu recomand\u0103rile de resurse de \u00eenv\u0103\u021bare.\"},{\"@type\":\"BreadcrumbList\",\"@id\":\"https:\\\/\\\/www.autonom.ro\\\/blog\\\/learninig-tip-of-the-week-21-despre-rezilienta-si-evolutie-rapida\\\/#breadcrumb\",\"itemListElement\":[{\"@type\":\"ListItem\",\"position\":1,\"name\":\"Prima pagin\u0103\",\"item\":\"https:\\\/\\\/www.autonom.ro\\\/blog\\\/\"},{\"@type\":\"ListItem\",\"position\":2,\"name\":\"Despre rezilien\u021b\u0103 \u0219i evolu\u021bie rapid\u0103 #21\"}]},{\"@type\":\"WebSite\",\"@id\":\"https:\\\/\\\/www.autonom.ro\\\/blog\\\/#website\",\"url\":\"https:\\\/\\\/www.autonom.ro\\\/blog\\\/\",\"name\":\"Blog Autonom\",\"description\":\"\",\"publisher\":{\"@id\":\"https:\\\/\\\/www.autonom.ro\\\/blog\\\/#organization\"},\"potentialAction\":[{\"@type\":\"SearchAction\",\"target\":{\"@type\":\"EntryPoint\",\"urlTemplate\":\"https:\\\/\\\/www.autonom.ro\\\/blog\\\/?s={search_term_string}\"},\"query-input\":{\"@type\":\"PropertyValueSpecification\",\"valueRequired\":true,\"valueName\":\"search_term_string\"}}],\"inLanguage\":\"ro-RO\"},{\"@type\":\"Organization\",\"@id\":\"https:\\\/\\\/www.autonom.ro\\\/blog\\\/#organization\",\"name\":\"Blog Autonom\",\"url\":\"https:\\\/\\\/www.autonom.ro\\\/blog\\\/\",\"logo\":{\"@type\":\"ImageObject\",\"inLanguage\":\"ro-RO\",\"@id\":\"https:\\\/\\\/www.autonom.ro\\\/blog\\\/#\\\/schema\\\/logo\\\/image\\\/\",\"url\":\"https:\\\/\\\/www.autonom.ro\\\/blog\\\/wp-content\\\/uploads\\\/2020\\\/10\\\/cropped-Autonom_Corporate-Logo-Color-Orizontal-RGB.png\",\"contentUrl\":\"https:\\\/\\\/www.autonom.ro\\\/blog\\\/wp-content\\\/uploads\\\/2020\\\/10\\\/cropped-Autonom_Corporate-Logo-Color-Orizontal-RGB.png\",\"width\":724,\"height\":250,\"caption\":\"Blog Autonom\"},\"image\":{\"@id\":\"https:\\\/\\\/www.autonom.ro\\\/blog\\\/#\\\/schema\\\/logo\\\/image\\\/\"},\"sameAs\":[\"https:\\\/\\\/www.facebook.com\\\/AutonomRomania\\\/\",\"http:\\\/\\\/www.instagram.com\\\/autonom.romania\\\/\",\"https:\\\/\\\/www.linkedin.com\\\/company\\\/autonom-rent-a-car\"]},{\"@type\":\"Person\",\"@id\":\"https:\\\/\\\/www.autonom.ro\\\/blog\\\/#\\\/schema\\\/person\\\/969476990feb32c04946c9f242c3210e\",\"name\":\"Sorina Volerat\",\"image\":{\"@type\":\"ImageObject\",\"inLanguage\":\"ro-RO\",\"@id\":\"https:\\\/\\\/secure.gravatar.com\\\/avatar\\\/5221880dfa47580a11a0ddaf1f3f28ac8589c9aa842cf5defb698776cde8960a?s=96&d=mm&r=g\",\"url\":\"https:\\\/\\\/secure.gravatar.com\\\/avatar\\\/5221880dfa47580a11a0ddaf1f3f28ac8589c9aa842cf5defb698776cde8960a?s=96&d=mm&r=g\",\"contentUrl\":\"https:\\\/\\\/secure.gravatar.com\\\/avatar\\\/5221880dfa47580a11a0ddaf1f3f28ac8589c9aa842cf5defb698776cde8960a?s=96&d=mm&r=g\",\"caption\":\"Sorina Volerat\"},\"url\":\"https:\\\/\\\/www.autonom.ro\\\/blog\\\/author\\\/sorinavolerat\\\/\"}]}<\/script>\n<!-- \/ Yoast SEO plugin. -->","yoast_head_json":{"title":"Despre rezilien\u021b\u0103 \u0219i evolu\u021bie rapid\u0103 - Blog Autonom","robots":{"index":"index","follow":"follow","max-snippet":"max-snippet:-1","max-image-preview":"max-image-preview:large","max-video-preview":"max-video-preview:-1"},"canonical":"https:\/\/www.autonom.ro\/blog\/learninig-tip-of-the-week-21-despre-rezilienta-si-evolutie-rapida\/","og_locale":"ro_RO","og_type":"article","og_title":"Learning Tip of the Week by Autonom","og_description":"\u00cen episodul de ast\u0103zi povestim despre rezilien\u021b\u0103, despre capacitatea de a trece \u0219i a ne adapta la momentele dificile, de a ie\u0219i din zona de confort \u0219i a crea diversitate \u00een via\u021ba noastr\u0103. \u0218ocurile sunt cele care determin\u0103 lucrurile s\u0103 \u00eenfloreasc\u0103, deoarece dificultatea este cea care treze\u0219te geniul.","og_url":"https:\/\/www.autonom.ro\/blog\/learninig-tip-of-the-week-21-despre-rezilienta-si-evolutie-rapida\/","og_site_name":"Blog Autonom","article_publisher":"https:\/\/www.facebook.com\/AutonomRomania\/","article_published_time":"2023-04-14T07:00:00+00:00","og_image":[{"width":1200,"height":630,"url":"https:\/\/www.autonom.ro\/blog\/wp-content\/uploads\/2022\/11\/newsletter-elements_Social-Card.jpg","type":"image\/jpeg"}],"author":"Sorina Volerat","twitter_card":"summary_large_image","twitter_misc":{"Scris de":"Sorina Volerat","Timp estimat pentru citire":"8 minute"},"schema":{"@context":"https:\/\/schema.org","@graph":[{"@type":"Article","@id":"https:\/\/www.autonom.ro\/blog\/learninig-tip-of-the-week-21-despre-rezilienta-si-evolutie-rapida\/#article","isPartOf":{"@id":"https:\/\/www.autonom.ro\/blog\/learninig-tip-of-the-week-21-despre-rezilienta-si-evolutie-rapida\/"},"author":{"name":"Sorina Volerat","@id":"https:\/\/www.autonom.ro\/blog\/#\/schema\/person\/969476990feb32c04946c9f242c3210e"},"headline":"Despre rezilien\u021b\u0103 \u0219i evolu\u021bie rapid\u0103 #21","datePublished":"2023-04-14T07:00:00+00:00","mainEntityOfPage":{"@id":"https:\/\/www.autonom.ro\/blog\/learninig-tip-of-the-week-21-despre-rezilienta-si-evolutie-rapida\/"},"wordCount":1130,"publisher":{"@id":"https:\/\/www.autonom.ro\/blog\/#organization"},"image":{"@id":"https:\/\/www.autonom.ro\/blog\/learninig-tip-of-the-week-21-despre-rezilienta-si-evolutie-rapida\/#primaryimage"},"thumbnailUrl":"https:\/\/www.autonom.ro\/blog\/wp-content\/uploads\/2022\/11\/newsletter-elements_Social-Card.jpg","articleSection":["Learning Tip of the Week"],"inLanguage":"ro-RO"},{"@type":"WebPage","@id":"https:\/\/www.autonom.ro\/blog\/learninig-tip-of-the-week-21-despre-rezilienta-si-evolutie-rapida\/","url":"https:\/\/www.autonom.ro\/blog\/learninig-tip-of-the-week-21-despre-rezilienta-si-evolutie-rapida\/","name":"Despre rezilien\u021b\u0103 \u0219i evolu\u021bie rapid\u0103 - Blog Autonom","isPartOf":{"@id":"https:\/\/www.autonom.ro\/blog\/#website"},"primaryImageOfPage":{"@id":"https:\/\/www.autonom.ro\/blog\/learninig-tip-of-the-week-21-despre-rezilienta-si-evolutie-rapida\/#primaryimage"},"image":{"@id":"https:\/\/www.autonom.ro\/blog\/learninig-tip-of-the-week-21-despre-rezilienta-si-evolutie-rapida\/#primaryimage"},"thumbnailUrl":"https:\/\/www.autonom.ro\/blog\/wp-content\/uploads\/2022\/11\/newsletter-elements_Social-Card.jpg","datePublished":"2023-04-14T07:00:00+00:00","breadcrumb":{"@id":"https:\/\/www.autonom.ro\/blog\/learninig-tip-of-the-week-21-despre-rezilienta-si-evolutie-rapida\/#breadcrumb"},"inLanguage":"ro-RO","potentialAction":[{"@type":"ReadAction","target":["https:\/\/www.autonom.ro\/blog\/learninig-tip-of-the-week-21-despre-rezilienta-si-evolutie-rapida\/"]}]},{"@type":"ImageObject","inLanguage":"ro-RO","@id":"https:\/\/www.autonom.ro\/blog\/learninig-tip-of-the-week-21-despre-rezilienta-si-evolutie-rapida\/#primaryimage","url":"https:\/\/www.autonom.ro\/blog\/wp-content\/uploads\/2022\/11\/newsletter-elements_Social-Card.jpg","contentUrl":"https:\/\/www.autonom.ro\/blog\/wp-content\/uploads\/2022\/11\/newsletter-elements_Social-Card.jpg","width":1200,"height":630,"caption":"Dup\u0103 o scurt\u0103 pauz\u0103 am revenit cu recomand\u0103rile de resurse de \u00eenv\u0103\u021bare."},{"@type":"BreadcrumbList","@id":"https:\/\/www.autonom.ro\/blog\/learninig-tip-of-the-week-21-despre-rezilienta-si-evolutie-rapida\/#breadcrumb","itemListElement":[{"@type":"ListItem","position":1,"name":"Prima pagin\u0103","item":"https:\/\/www.autonom.ro\/blog\/"},{"@type":"ListItem","position":2,"name":"Despre rezilien\u021b\u0103 \u0219i evolu\u021bie rapid\u0103 #21"}]},{"@type":"WebSite","@id":"https:\/\/www.autonom.ro\/blog\/#website","url":"https:\/\/www.autonom.ro\/blog\/","name":"Blog Autonom","description":"","publisher":{"@id":"https:\/\/www.autonom.ro\/blog\/#organization"},"potentialAction":[{"@type":"SearchAction","target":{"@type":"EntryPoint","urlTemplate":"https:\/\/www.autonom.ro\/blog\/?s={search_term_string}"},"query-input":{"@type":"PropertyValueSpecification","valueRequired":true,"valueName":"search_term_string"}}],"inLanguage":"ro-RO"},{"@type":"Organization","@id":"https:\/\/www.autonom.ro\/blog\/#organization","name":"Blog Autonom","url":"https:\/\/www.autonom.ro\/blog\/","logo":{"@type":"ImageObject","inLanguage":"ro-RO","@id":"https:\/\/www.autonom.ro\/blog\/#\/schema\/logo\/image\/","url":"https:\/\/www.autonom.ro\/blog\/wp-content\/uploads\/2020\/10\/cropped-Autonom_Corporate-Logo-Color-Orizontal-RGB.png","contentUrl":"https:\/\/www.autonom.ro\/blog\/wp-content\/uploads\/2020\/10\/cropped-Autonom_Corporate-Logo-Color-Orizontal-RGB.png","width":724,"height":250,"caption":"Blog Autonom"},"image":{"@id":"https:\/\/www.autonom.ro\/blog\/#\/schema\/logo\/image\/"},"sameAs":["https:\/\/www.facebook.com\/AutonomRomania\/","http:\/\/www.instagram.com\/autonom.romania\/","https:\/\/www.linkedin.com\/company\/autonom-rent-a-car"]},{"@type":"Person","@id":"https:\/\/www.autonom.ro\/blog\/#\/schema\/person\/969476990feb32c04946c9f242c3210e","name":"Sorina Volerat","image":{"@type":"ImageObject","inLanguage":"ro-RO","@id":"https:\/\/secure.gravatar.com\/avatar\/5221880dfa47580a11a0ddaf1f3f28ac8589c9aa842cf5defb698776cde8960a?s=96&d=mm&r=g","url":"https:\/\/secure.gravatar.com\/avatar\/5221880dfa47580a11a0ddaf1f3f28ac8589c9aa842cf5defb698776cde8960a?s=96&d=mm&r=g","contentUrl":"https:\/\/secure.gravatar.com\/avatar\/5221880dfa47580a11a0ddaf1f3f28ac8589c9aa842cf5defb698776cde8960a?s=96&d=mm&r=g","caption":"Sorina Volerat"},"url":"https:\/\/www.autonom.ro\/blog\/author\/sorinavolerat\/"}]}},"_links":{"self":[{"href":"https:\/\/www.autonom.ro\/blog\/wp-json\/wp\/v2\/posts\/6318","targetHints":{"allow":["GET"]}}],"collection":[{"href":"https:\/\/www.autonom.ro\/blog\/wp-json\/wp\/v2\/posts"}],"about":[{"href":"https:\/\/www.autonom.ro\/blog\/wp-json\/wp\/v2\/types\/post"}],"author":[{"embeddable":true,"href":"https:\/\/www.autonom.ro\/blog\/wp-json\/wp\/v2\/users\/4"}],"replies":[{"embeddable":true,"href":"https:\/\/www.autonom.ro\/blog\/wp-json\/wp\/v2\/comments?post=6318"}],"version-history":[{"count":4,"href":"https:\/\/www.autonom.ro\/blog\/wp-json\/wp\/v2\/posts\/6318\/revisions"}],"predecessor-version":[{"id":6328,"href":"https:\/\/www.autonom.ro\/blog\/wp-json\/wp\/v2\/posts\/6318\/revisions\/6328"}],"wp:featuredmedia":[{"embeddable":true,"href":"https:\/\/www.autonom.ro\/blog\/wp-json\/wp\/v2\/media\/6006"}],"wp:attachment":[{"href":"https:\/\/www.autonom.ro\/blog\/wp-json\/wp\/v2\/media?parent=6318"}],"wp:term":[{"taxonomy":"category","embeddable":true,"href":"https:\/\/www.autonom.ro\/blog\/wp-json\/wp\/v2\/categories?post=6318"},{"taxonomy":"post_tag","embeddable":true,"href":"https:\/\/www.autonom.ro\/blog\/wp-json\/wp\/v2\/tags?post=6318"}],"curies":[{"name":"wp","href":"https:\/\/api.w.org\/{rel}","templated":true}]}}