{"id":6337,"date":"2023-04-21T10:00:00","date_gmt":"2023-04-21T07:00:00","guid":{"rendered":"https:\/\/www.autonom.ro\/blog\/?p=6337"},"modified":"2023-04-28T11:37:01","modified_gmt":"2023-04-28T08:37:01","slug":"learning-tip-of-the-week-22-despre-gasirea-sensului-in-propria-viata","status":"publish","type":"post","link":"https:\/\/www.autonom.ro\/blog\/learning-tip-of-the-week-22-despre-gasirea-sensului-in-propria-viata\/","title":{"rendered":"Despre g\u0103sirea sensului \u00een propria\u00a0via\u021b\u0103 #22"},"content":{"rendered":"\n<p><strong><mark style=\"background-color:rgba(0, 0, 0, 0)\" class=\"has-inline-color has-blue-one-color\">Salutare,<\/mark><\/strong><\/p>\n\n\n\n<p>\u00cen episodul de ast\u0103zi povestim despre oameni, lume \u0219i via\u021b\u0103, despre ce descoperim \u0219i \u00eenv\u0103\u021b\u0103m dincolo de grani\u021bele cunoscute \u0219i confortabile \u0219i despre g\u0103sirea propriului sens.<\/p>\n\n\n\n<p>Toate acestea pot fi citite \u00een newsletterul nostru <a href=\"https:\/\/www.autonom.ro\/blog\/categorie\/learning-tip-of-the-week\/\" target=\"_blank\" rel=\"noreferrer noopener\"><em><strong><mark style=\"background-color:rgba(0, 0, 0, 0)\" class=\"has-inline-color has-blue-one-color\">Learning Tip of The Week<\/mark><\/strong><\/em><\/a>, la care v\u0103 invit\u0103m s\u0103 v\u0103 abona\u021bi fie pe platforma <a href=\"https:\/\/www.linkedin.com\/build-relation\/newsletter-follow?entityUrn=7039697296023769088\" target=\"_blank\" rel=\"noreferrer noopener\"><em><strong><mark style=\"background-color:rgba(0, 0, 0, 0)\" class=\"has-inline-color has-blue-one-color\">LinkedIn<\/mark><\/strong><\/em><\/a>, fie acces\u00e2nd pagina de mai jos:<\/p>\n\n\n\n<div class=\"wp-block-buttons is-content-justification-center is-layout-flex wp-container-core-buttons-is-layout-16018d1d wp-block-buttons-is-layout-flex\">\n<div class=\"wp-block-button is-style-outline is-style-outline--1\"><a class=\"wp-block-button__link has-blue-one-color has-text-color has-background wp-element-button\" href=\"https:\/\/autonom.us20.list-manage.com\/subscribe?u=446e96132d5404e2bf57a487c&amp;id=e8383abe98\" style=\"background-color:#ecebf7\" target=\"_blank\" rel=\"noreferrer noopener\"><strong>Abonare Newsletter<\/strong><\/a><\/div>\n<\/div>\n\n\n\n<hr class=\"wp-block-separator has-text-color has-alpha-channel-opacity has-background is-style-default\" style=\"background-color:#b8d7f1;color:#b8d7f1\"\/>\n\n\n\n<h2 class=\"has-text-align-center wp-block-heading\"><strong><em><mark style=\"background-color:rgba(0, 0, 0, 0)\" class=\"has-inline-color has-blue-one-color\"><em>#aerproasp\u0103tpentruminte by Andreea Ro\u0219ca<\/em><\/mark><\/em><\/strong><\/h2>\n\n\n<div class=\"wp-block-image\">\n<figure class=\"aligncenter size-full is-resized\"><img decoding=\"async\" src=\"https:\/\/www.autonom.ro\/blog\/wp-content\/uploads\/2023\/04\/The-Vast-and-the-Curious-Alexandru-Stermin.png\" alt=\"The Vast and the Curious - Alexandru Stermin\" class=\"wp-image-6338\" width=\"600\" srcset=\"https:\/\/www.autonom.ro\/blog\/wp-content\/uploads\/2023\/04\/The-Vast-and-the-Curious-Alexandru-Stermin.png 5000w, https:\/\/www.autonom.ro\/blog\/wp-content\/uploads\/2023\/04\/The-Vast-and-the-Curious-Alexandru-Stermin-300x254.png 300w, https:\/\/www.autonom.ro\/blog\/wp-content\/uploads\/2023\/04\/The-Vast-and-the-Curious-Alexandru-Stermin-1024x868.png 1024w, https:\/\/www.autonom.ro\/blog\/wp-content\/uploads\/2023\/04\/The-Vast-and-the-Curious-Alexandru-Stermin-768x651.png 768w, https:\/\/www.autonom.ro\/blog\/wp-content\/uploads\/2023\/04\/The-Vast-and-the-Curious-Alexandru-Stermin-1536x1302.png 1536w, https:\/\/www.autonom.ro\/blog\/wp-content\/uploads\/2023\/04\/The-Vast-and-the-Curious-Alexandru-Stermin-2048x1736.png 2048w\" sizes=\"(max-width: 5000px) 100vw, 5000px\" \/><\/figure>\n<\/div>\n\n\n<p>\u00cen martie 2023, conversa\u021biile live <a href=\"https:\/\/www.andreearosca.ro\/vast-curious\/\" target=\"_blank\" rel=\"noreferrer noopener\"><u><strong><mark style=\"background-color:rgba(0, 0, 0, 0)\" class=\"has-inline-color has-blue-two-color\">The Vast &amp; The Curious<\/mark><\/strong><\/u><\/a> au avut un invitat mai special: <em><strong><mark style=\"background-color:rgba(0, 0, 0, 0)\" class=\"has-inline-color has-blue-one-color\">Alexandru Stermin<\/mark><\/strong><\/em>, explorator, biolog \u0219i profesor. Are studii de filozofie, religie \u0219i psihologie pozitiv\u0103.<\/p>\n\n\n\n<p>A vorbit cu <a href=\"http:\/\/linkedin.com\/in\/andreearosca\" target=\"_blank\" rel=\"noreferrer noopener\"><mark style=\"background-color:rgba(0, 0, 0, 0)\" class=\"has-inline-color has-blue-two-color\"><strong>Andreea Ro\u0219ca<\/strong><\/mark><\/a> despre ce r\u0103spunsuri a descoperit c\u0103l\u0103torind din jungla Amazonului \u00een pustiul Siberiei, \u0219i de la Carnavalul de la Rio la Beijing. <strong><mark style=\"background-color:rgba(0, 0, 0, 0)\" class=\"has-inline-color has-blue-one-color\">Alexandru crede c\u0103, explor\u00e2nd lumea, descoperim geografia fiin\u021bei noastre, cu continentele ei luminoase sau \u00eentunecate.<\/mark><\/strong><\/p>\n\n\n\n<p>Ca partener strategic al acestei serii de conversa\u021bii, Autonom v\u0103 prezint\u0103 trei idei esen\u021biale din acest interviu:<\/p>\n\n\n\n<p><img loading=\"lazy\" decoding=\"async\" width=\"30\" height=\"30\" class=\"wp-image-5902\" style=\"width: 30px;\" src=\"https:\/\/www.autonom.ro\/blog\/wp-content\/uploads\/2023\/03\/newsletter-elements_1-albastru-inchis.png\" alt=\"\" srcset=\"https:\/\/www.autonom.ro\/blog\/wp-content\/uploads\/2023\/03\/newsletter-elements_1-albastru-inchis.png 163w, https:\/\/www.autonom.ro\/blog\/wp-content\/uploads\/2023\/03\/newsletter-elements_1-albastru-inchis-150x150.png 150w, https:\/\/www.autonom.ro\/blog\/wp-content\/uploads\/2023\/03\/newsletter-elements_1-albastru-inchis-100x100.png 100w\" sizes=\"auto, (max-width: 30px) 100vw, 30px\" \/> <strong><mark style=\"background-color:rgba(0, 0, 0, 0)\" class=\"has-inline-color has-blue-one-color\">Cum faci o c\u0103l\u0103torie extraordinar\u0103?<\/mark><\/strong> Fiecare c\u0103l\u0103torie e f\u0103cut\u0103 din pa\u0219i. Dac\u0103 \u00ee\u021bi stabile\u0219ti o destina\u021bie, lucrurile se \u00eent\u00e2mpl\u0103 dac\u0103 faci constant pa\u0219i \u00een direc\u021bia ei. Disciplina aceasta are, \u00eens\u0103, nevoie de foarte mult spa\u021biu pentru neprev\u0103zut \u0219i surpriz\u0103.<\/p>\n\n\n\n<p><img loading=\"lazy\" decoding=\"async\" width=\"30\" height=\"30\" class=\"wp-image-5916\" style=\"width: 30px;\" src=\"https:\/\/www.autonom.ro\/blog\/wp-content\/uploads\/2023\/03\/newsletter-elements_2-albastru-inchis.png\" alt=\"\" srcset=\"https:\/\/www.autonom.ro\/blog\/wp-content\/uploads\/2023\/03\/newsletter-elements_2-albastru-inchis.png 163w, https:\/\/www.autonom.ro\/blog\/wp-content\/uploads\/2023\/03\/newsletter-elements_2-albastru-inchis-150x150.png 150w, https:\/\/www.autonom.ro\/blog\/wp-content\/uploads\/2023\/03\/newsletter-elements_2-albastru-inchis-100x100.png 100w\" sizes=\"auto, (max-width: 30px) 100vw, 30px\" \/> <mark style=\"background-color:rgba(0, 0, 0, 0)\" class=\"has-inline-color has-blue-one-color\"><strong>Teme-te de pericolele de care te po\u021bi feri.<\/strong> <\/mark>Pericolele de care ne putem feri sunt cele \u00een leg\u0103tur\u0103 cu care putem face ceva. Trebuie s\u0103 ne g\u00e2ndim \u0219i s\u0103 ne concentr\u0103m doar pe ceea ce putem noi controla, pe ceea ce \u021bine de noi. Teama de pericolele de care nu ne putem feri este un consum inutil de energie, pentru c\u0103 nu putem influen\u021ba lucrurile \u00een niciun fel.<\/p>\n\n\n\n<p><img loading=\"lazy\" decoding=\"async\" width=\"30\" height=\"30\" class=\"wp-image-5917\" style=\"width: 30px;\" src=\"https:\/\/www.autonom.ro\/blog\/wp-content\/uploads\/2023\/03\/newsletter-elements_3-albastru-inchis.png\" alt=\"\" srcset=\"https:\/\/www.autonom.ro\/blog\/wp-content\/uploads\/2023\/03\/newsletter-elements_3-albastru-inchis.png 163w, https:\/\/www.autonom.ro\/blog\/wp-content\/uploads\/2023\/03\/newsletter-elements_3-albastru-inchis-150x150.png 150w, https:\/\/www.autonom.ro\/blog\/wp-content\/uploads\/2023\/03\/newsletter-elements_3-albastru-inchis-100x100.png 100w\" sizes=\"auto, (max-width: 30px) 100vw, 30px\" \/> <strong><mark style=\"background-color:rgba(0, 0, 0, 0)\" class=\"has-inline-color has-blue-one-color\">Idealuri \u00een locul obiectivelor.<\/mark><\/strong> S\u0103 lu\u0103m deciziile \u00een func\u021bie de idealuri ne poate salva. Dac\u0103 ne facem agenda zilnic\u0103 \u00een func\u021bie de obiective, ne putem g\u00e2ndi c\u0103 am ratat dac\u0103, la finalul zilei, nu le-am atins. Dac\u0103 ne facem agenda \u00een func\u021bie de idealuri, \u0219tim c\u0103 nu le putem atinge, dar dau un sens pozitiv vie\u021bii.<\/p>\n\n\n\n<hr class=\"wp-block-separator has-text-color has-alpha-channel-opacity has-background is-style-default\" style=\"background-color:#b8d7f1;color:#b8d7f1\"\/>\n\n\n\n<h2 class=\"has-text-align-center wp-block-heading\"><strong><em><mark style=\"background-color:rgba(0, 0, 0, 0)\" class=\"has-inline-color has-blue-one-color\">#DozaDeLectur\u0103<\/mark><\/em><\/strong><\/h2>\n\n\n\n<div class=\"wp-block-media-text alignwide is-stacked-on-mobile\" style=\"grid-template-columns:20% auto\"><figure class=\"wp-block-media-text__media\"><img loading=\"lazy\" decoding=\"async\" width=\"669\" height=\"1024\" src=\"https:\/\/www.autonom.ro\/blog\/wp-content\/uploads\/2023\/04\/207307488-1-669x1024.jpeg\" alt=\"Omul \u00een c\u0103utarea sensului vie\u021bii de Viktor E. Frankl\" class=\"wp-image-6339 size-full\" srcset=\"https:\/\/www.autonom.ro\/blog\/wp-content\/uploads\/2023\/04\/207307488-1-669x1024.jpeg 669w, https:\/\/www.autonom.ro\/blog\/wp-content\/uploads\/2023\/04\/207307488-1-196x300.jpeg 196w, https:\/\/www.autonom.ro\/blog\/wp-content\/uploads\/2023\/04\/207307488-1-768x1176.jpeg 768w, https:\/\/www.autonom.ro\/blog\/wp-content\/uploads\/2023\/04\/207307488-1-1003x1536.jpeg 1003w, https:\/\/www.autonom.ro\/blog\/wp-content\/uploads\/2023\/04\/207307488-1-1337x2048.jpeg 1337w, https:\/\/www.autonom.ro\/blog\/wp-content\/uploads\/2023\/04\/207307488-1.jpeg 1542w\" sizes=\"auto, (max-width: 669px) 100vw, 669px\" \/><\/figure><div class=\"wp-block-media-text__content\">\n<p>Recomand\u0103m pentru s\u0103pt\u0103m\u00e2na aceasta <mark style=\"background-color:rgba(0, 0, 0, 0)\" class=\"has-inline-color has-purple-color\"><em><strong>Omul \u00een c\u0103utarea sensului vie\u021bii,<\/strong><\/em> <\/mark>de<strong> <\/strong><mark style=\"background-color:rgba(0, 0, 0, 0)\" class=\"has-inline-color has-purple-color\"><strong>Viktor E. Frankl<\/strong>,<\/mark> o carte scris\u0103 \u00eentr-un mod absolut captivant, \u00een care sim\u021bi \u0219i tr\u0103ie\u0219ti intens.<br>Aceasta este o poveste despre supravie\u021buire prin str\u0103dania de a da sens vie\u021bii, chiar \u0219i \u00een situa\u021bia unor \u00eent\u00e2mpl\u0103ri extreme pe care via\u021ba le aduce \u00een calea noastr\u0103.&nbsp;<\/p>\n<\/div><\/div>\n\n\n\n<p><img loading=\"lazy\" decoding=\"async\" width=\"30\" height=\"30\" class=\"wp-image-5920\" style=\"width: 30px;\" src=\"https:\/\/www.autonom.ro\/blog\/wp-content\/uploads\/2023\/03\/newsletter-elements_1-mov.png\" alt=\"\" srcset=\"https:\/\/www.autonom.ro\/blog\/wp-content\/uploads\/2023\/03\/newsletter-elements_1-mov.png 163w, https:\/\/www.autonom.ro\/blog\/wp-content\/uploads\/2023\/03\/newsletter-elements_1-mov-150x150.png 150w, https:\/\/www.autonom.ro\/blog\/wp-content\/uploads\/2023\/03\/newsletter-elements_1-mov-100x100.png 100w\" sizes=\"auto, (max-width: 30px) 100vw, 30px\" \/> <strong><mark style=\"background-color:rgba(0, 0, 0, 0)\" class=\"has-inline-color has-purple-color\">Fiecare om are capacitatea de a-\u0219i schimba comportamentul \u0219i atitudinea \u00een orice situa\u021bie, iar un scop al vie\u021bii ne ajut\u0103 s\u0103 dep\u0103\u0219im orice fel de dificult\u0103\u021bi.<\/mark><\/strong>&nbsp;Cei care au un \u201ede ce\u201d pentru a tr\u0103i, pot trece peste aproape orice \u201ecum\u201d.&nbsp;<\/p>\n\n\n\n<p><img loading=\"lazy\" decoding=\"async\" width=\"30\" height=\"30\" class=\"wp-image-5921\" style=\"width: 30px;\" src=\"https:\/\/www.autonom.ro\/blog\/wp-content\/uploads\/2023\/03\/newsletter-elements_2-mov.png\" alt=\"\" srcset=\"https:\/\/www.autonom.ro\/blog\/wp-content\/uploads\/2023\/03\/newsletter-elements_2-mov.png 163w, https:\/\/www.autonom.ro\/blog\/wp-content\/uploads\/2023\/03\/newsletter-elements_2-mov-150x150.png 150w, https:\/\/www.autonom.ro\/blog\/wp-content\/uploads\/2023\/03\/newsletter-elements_2-mov-100x100.png 100w\" sizes=\"auto, (max-width: 30px) 100vw, 30px\" \/> <strong><mark style=\"background-color:rgba(0, 0, 0, 0)\" class=\"has-inline-color has-purple-color\">Omul poate pierde orice, \u00een afar\u0103 de libertatea de alegere a modalit\u0103\u021bii proprii de a reac\u021biona.<\/mark><\/strong> \u201eOrice \u00eei poate fi luat unui om, cu excep\u021bia unui singur lucru: ultima libertate uman\u0103 \u2013 aceea de a-\u0219i alege atitudinea \u00eentr-o anumit\u0103 circumstan\u021b\u0103, de a-\u0219i alege propria cale.\u201d Experien\u021bele povestite din lag\u0103re reprezint\u0103 dovezile capacit\u0103\u021bii umane de a-\u0219i p\u0103stra libertatea spiritual\u0103, \u00een mod independent de condi\u021biile \u00eent\u00e2mpinate.<\/p>\n\n\n\n<p><img loading=\"lazy\" decoding=\"async\" width=\"30\" height=\"30\" class=\"wp-image-5922\" style=\"width: 30px;\" src=\"https:\/\/www.autonom.ro\/blog\/wp-content\/uploads\/2023\/03\/newsletter-elements_3-mov.png\" alt=\"\" srcset=\"https:\/\/www.autonom.ro\/blog\/wp-content\/uploads\/2023\/03\/newsletter-elements_3-mov.png 163w, https:\/\/www.autonom.ro\/blog\/wp-content\/uploads\/2023\/03\/newsletter-elements_3-mov-150x150.png 150w, https:\/\/www.autonom.ro\/blog\/wp-content\/uploads\/2023\/03\/newsletter-elements_3-mov-100x100.png 100w\" sizes=\"auto, (max-width: 30px) 100vw, 30px\" \/> <strong><mark style=\"background-color:rgba(0, 0, 0, 0)\" class=\"has-inline-color has-purple-color\">Nu trebuie c\u0103utat un sens abstract al vie\u021bii, fiecare din noi are voca\u021bia sa specific\u0103 \u0219i misiunea \u00eendeplinirii unor sarcini particulare.<\/mark><\/strong> Teoria lui Frankl se centreaz\u0103 pe sens (\u201elogos\u201d, \u00een limba greac\u0103), mai precis pe voin\u021ba de sens a omului, \u00een contrast cu voin\u021ba de pl\u0103cere din psihanaliza freudian\u0103 \u0219i cu voin\u021ba de putere din psihologia adlerian\u0103. Logoterapia sus\u021bine existen\u021ba a trei modalit\u0103\u021bi de identificare a sensului vie\u021bii: prin crea\u021bie \u0219i ac\u021biune, prin experimentarea a ceva sau \u00eent\u00e2lnirea cu cineva \u0219i prin atitudinea \u00een fa\u021ba suferin\u021bei inevitabile.<\/p>\n\n\n\n<p><img loading=\"lazy\" decoding=\"async\" width=\"30\" height=\"30\" class=\"wp-image-5923\" style=\"width: 30px;\" src=\"https:\/\/www.autonom.ro\/blog\/wp-content\/uploads\/2023\/03\/newsletter-elements_4-mov.png\" alt=\"\" srcset=\"https:\/\/www.autonom.ro\/blog\/wp-content\/uploads\/2023\/03\/newsletter-elements_4-mov.png 163w, https:\/\/www.autonom.ro\/blog\/wp-content\/uploads\/2023\/03\/newsletter-elements_4-mov-150x150.png 150w, https:\/\/www.autonom.ro\/blog\/wp-content\/uploads\/2023\/03\/newsletter-elements_4-mov-100x100.png 100w\" sizes=\"auto, (max-width: 30px) 100vw, 30px\" \/> <strong><mark style=\"background-color:rgba(0, 0, 0, 0)\" class=\"has-inline-color has-purple-color\">Dorin\u021ba este tata g\u00e2ndului \u0219i frica este mama \u00eent\u00e2mpl\u0103rilor.<\/mark><\/strong><\/p>\n\n\n\n<p><img loading=\"lazy\" decoding=\"async\" width=\"30\" height=\"30\" class=\"wp-image-6012\" style=\"width: 30px;\" src=\"https:\/\/www.autonom.ro\/blog\/wp-content\/uploads\/2023\/03\/newsletter-elements_5-mov.png\" alt=\"\" srcset=\"https:\/\/www.autonom.ro\/blog\/wp-content\/uploads\/2023\/03\/newsletter-elements_5-mov.png 163w, https:\/\/www.autonom.ro\/blog\/wp-content\/uploads\/2023\/03\/newsletter-elements_5-mov-150x150.png 150w, https:\/\/www.autonom.ro\/blog\/wp-content\/uploads\/2023\/03\/newsletter-elements_5-mov-100x100.png 100w\" sizes=\"auto, (max-width: 30px) 100vw, 30px\" \/> <strong><mark style=\"background-color:rgba(0, 0, 0, 0)\" class=\"has-inline-color has-purple-color\">Umorul este o modalitate de a trece mai u\u0219or peste situa\u021bii<\/mark><\/strong> \u0219i chiar ne poate ajuta s\u0103 supravie\u021buim.<\/p>\n\n\n\n<hr class=\"wp-block-separator has-text-color has-alpha-channel-opacity has-background is-style-default\" style=\"background-color:#b8d7f1;color:#b8d7f1\"\/>\n\n\n\n<h2 class=\"has-text-align-center wp-block-heading\"><strong><em><mark style=\"background-color:rgba(0, 0, 0, 0)\" class=\"has-inline-color has-blue-one-color\">#\u00eentreb\u0103ricusens din Jocul Autonom<\/mark><\/em><\/strong><\/h2>\n\n\n\n<p class=\"has-text-align-center\"><strong><em><mark style=\"background-color:rgba(0, 0, 0, 0)\" class=\"has-inline-color has-blue-two-color\">Dac\u0103 cineva ar trebui s\u0103 povesteasc\u0103 via\u021ba ta, cine ai vrea s\u0103 fie povestitorul?<\/mark><\/em><\/strong><\/p>\n\n\n\n<hr class=\"wp-block-separator has-text-color has-alpha-channel-opacity has-background is-style-default\" style=\"background-color:#b8d7f1;color:#b8d7f1\"\/>\n\n\n\n<h2 class=\"has-text-align-center wp-block-heading\"><strong><em><mark style=\"background-color:rgba(0, 0, 0, 0)\" class=\"has-inline-color has-blue-one-color\">#DeAscultat<\/mark><\/em><\/strong><\/h2>\n\n\n\n<p>Pentru inspira\u021bia din c\u0103\u0219ti am ales episodul <strong><em><mark style=\"background-color:rgba(0, 0, 0, 0)\" class=\"has-inline-color has-blue-one-color\">Ce sens are via\u021ba noastr\u0103, o perspectiv\u0103 neuro \u0219tiin\u021bific\u0103<\/mark><\/em><\/strong>, din seria 4 al podcastului <a href=\"http:\/\/www.mindarchitect.ro\" target=\"_blank\" rel=\"noreferrer noopener\"><strong><mark style=\"background-color:rgba(0, 0, 0, 0)\" class=\"has-inline-color has-blue-two-color\">Mind Architect<\/mark><\/strong><\/a>, realizat de <strong><mark style=\"background-color:rgba(0, 0, 0, 0)\" class=\"has-inline-color has-blue-one-color\">Paul Olteanu.<\/mark><\/strong><\/p>\n\n\n\n<figure class=\"wp-block-embed aligncenter is-type-video is-provider-youtube wp-block-embed-youtube wp-embed-aspect-16-9 wp-has-aspect-ratio\"><div class=\"wp-block-embed__wrapper\">\n<iframe loading=\"lazy\" title=\"S04 Ep09 - Ce sens are via\u021ba noastr\u0103, o perspectiv\u0103 neuro\u0219tiin\u021bific\u0103\" width=\"500\" height=\"281\" src=\"https:\/\/www.youtube.com\/embed\/UUi8W_JyJDM?feature=oembed\" frameborder=\"0\" allow=\"accelerometer; autoplay; clipboard-write; encrypted-media; gyroscope; picture-in-picture; web-share\" referrerpolicy=\"strict-origin-when-cross-origin\" allowfullscreen><\/iframe>\n<\/div><\/figure>\n\n\n\n<div class=\"wp-block-buttons is-content-justification-center is-layout-flex wp-container-core-buttons-is-layout-16018d1d wp-block-buttons-is-layout-flex\"><\/div>\n\n\n\n<hr class=\"wp-block-separator has-text-color has-alpha-channel-opacity has-background is-style-default\" style=\"background-color:#b8d7f1;color:#b8d7f1\"\/>\n\n\n\n<p class=\"has-text-align-center\"><strong><em><mark style=\"background-color:rgba(0, 0, 0, 0)\" class=\"has-inline-color has-blue-one-color\">Pe data viitoare!<\/mark><\/em><\/strong><\/p>\n","protected":false},"excerpt":{"rendered":"<p>Salutare, \u00cen episodul de ast\u0103zi povestim despre oameni, lume \u0219i via\u021b\u0103, despre ce descoperim \u0219i \u00eenv\u0103\u021b\u0103m dincolo de grani\u021bele cunoscute \u0219i confortabile \u0219i despre g\u0103sirea propriului sens. Toate acestea pot fi citite \u00een newsletterul nostru Learning Tip of The Week, la care v\u0103 invit\u0103m s\u0103 v\u0103 abona\u021bi fie pe platforma LinkedIn, fie acces\u00e2nd pagina de [&hellip;]<\/p>\n","protected":false},"author":4,"featured_media":6006,"comment_status":"closed","ping_status":"closed","sticky":false,"template":"","format":"standard","meta":{"inline_featured_image":false,"footnotes":""},"categories":[1923],"tags":[],"class_list":["post-6337","post","type-post","status-publish","format-standard","has-post-thumbnail","hentry","category-learning-tip-of-the-week"],"yoast_head":"<!-- This site is optimized with the Yoast SEO plugin v27.3 - https:\/\/yoast.com\/product\/yoast-seo-wordpress\/ -->\n<title>Despre g\u0103sirea sensului \u00een propria\u00a0via\u021b\u0103 #22 - Blog Autonom<\/title>\n<meta name=\"robots\" content=\"index, follow, max-snippet:-1, max-image-preview:large, max-video-preview:-1\" \/>\n<link rel=\"canonical\" href=\"https:\/\/www.autonom.ro\/blog\/learning-tip-of-the-week-22-despre-gasirea-sensului-in-propria-viata\/\" \/>\n<meta property=\"og:locale\" content=\"ro_RO\" \/>\n<meta property=\"og:type\" content=\"article\" \/>\n<meta property=\"og:title\" content=\"Despre g\u0103sirea sensului \u00een propria\u00a0via\u021b\u0103 #22 - Blog Autonom\" \/>\n<meta property=\"og:description\" content=\"Salutare, \u00cen episodul de ast\u0103zi povestim despre oameni, lume \u0219i via\u021b\u0103, despre ce descoperim \u0219i \u00eenv\u0103\u021b\u0103m dincolo de grani\u021bele cunoscute \u0219i confortabile \u0219i despre g\u0103sirea propriului sens. Toate acestea pot fi citite \u00een newsletterul nostru Learning Tip of The Week, la care v\u0103 invit\u0103m s\u0103 v\u0103 abona\u021bi fie pe platforma LinkedIn, fie acces\u00e2nd pagina de [&hellip;]\" \/>\n<meta property=\"og:url\" content=\"https:\/\/www.autonom.ro\/blog\/learning-tip-of-the-week-22-despre-gasirea-sensului-in-propria-viata\/\" \/>\n<meta property=\"og:site_name\" content=\"Blog Autonom\" \/>\n<meta property=\"article:publisher\" content=\"https:\/\/www.facebook.com\/AutonomRomania\/\" \/>\n<meta property=\"article:published_time\" content=\"2023-04-21T07:00:00+00:00\" \/>\n<meta property=\"article:modified_time\" content=\"2023-04-28T08:37:01+00:00\" \/>\n<meta property=\"og:image\" content=\"https:\/\/www.autonom.ro\/blog\/wp-content\/uploads\/2022\/11\/newsletter-elements_Social-Card.jpg\" \/>\n\t<meta property=\"og:image:width\" content=\"1200\" \/>\n\t<meta property=\"og:image:height\" content=\"630\" \/>\n\t<meta property=\"og:image:type\" content=\"image\/jpeg\" \/>\n<meta name=\"author\" content=\"Sorina Volerat\" \/>\n<meta name=\"twitter:card\" content=\"summary_large_image\" \/>\n<meta name=\"twitter:label1\" content=\"Scris de\" \/>\n\t<meta name=\"twitter:data1\" content=\"Sorina Volerat\" \/>\n\t<meta name=\"twitter:label2\" content=\"Timp estimat pentru citire\" \/>\n\t<meta name=\"twitter:data2\" content=\"6 minute\" \/>\n<script type=\"application\/ld+json\" class=\"yoast-schema-graph\">{\"@context\":\"https:\\\/\\\/schema.org\",\"@graph\":[{\"@type\":\"Article\",\"@id\":\"https:\\\/\\\/www.autonom.ro\\\/blog\\\/learning-tip-of-the-week-22-despre-gasirea-sensului-in-propria-viata\\\/#article\",\"isPartOf\":{\"@id\":\"https:\\\/\\\/www.autonom.ro\\\/blog\\\/learning-tip-of-the-week-22-despre-gasirea-sensului-in-propria-viata\\\/\"},\"author\":{\"name\":\"Sorina Volerat\",\"@id\":\"https:\\\/\\\/www.autonom.ro\\\/blog\\\/#\\\/schema\\\/person\\\/969476990feb32c04946c9f242c3210e\"},\"headline\":\"Despre g\u0103sirea sensului \u00een propria\u00a0via\u021b\u0103 #22\",\"datePublished\":\"2023-04-21T07:00:00+00:00\",\"dateModified\":\"2023-04-28T08:37:01+00:00\",\"mainEntityOfPage\":{\"@id\":\"https:\\\/\\\/www.autonom.ro\\\/blog\\\/learning-tip-of-the-week-22-despre-gasirea-sensului-in-propria-viata\\\/\"},\"wordCount\":758,\"publisher\":{\"@id\":\"https:\\\/\\\/www.autonom.ro\\\/blog\\\/#organization\"},\"image\":{\"@id\":\"https:\\\/\\\/www.autonom.ro\\\/blog\\\/learning-tip-of-the-week-22-despre-gasirea-sensului-in-propria-viata\\\/#primaryimage\"},\"thumbnailUrl\":\"https:\\\/\\\/www.autonom.ro\\\/blog\\\/wp-content\\\/uploads\\\/2022\\\/11\\\/newsletter-elements_Social-Card.jpg\",\"articleSection\":[\"Learning Tip of the Week\"],\"inLanguage\":\"ro-RO\"},{\"@type\":\"WebPage\",\"@id\":\"https:\\\/\\\/www.autonom.ro\\\/blog\\\/learning-tip-of-the-week-22-despre-gasirea-sensului-in-propria-viata\\\/\",\"url\":\"https:\\\/\\\/www.autonom.ro\\\/blog\\\/learning-tip-of-the-week-22-despre-gasirea-sensului-in-propria-viata\\\/\",\"name\":\"Despre g\u0103sirea sensului \u00een propria\u00a0via\u021b\u0103 #22 - Blog Autonom\",\"isPartOf\":{\"@id\":\"https:\\\/\\\/www.autonom.ro\\\/blog\\\/#website\"},\"primaryImageOfPage\":{\"@id\":\"https:\\\/\\\/www.autonom.ro\\\/blog\\\/learning-tip-of-the-week-22-despre-gasirea-sensului-in-propria-viata\\\/#primaryimage\"},\"image\":{\"@id\":\"https:\\\/\\\/www.autonom.ro\\\/blog\\\/learning-tip-of-the-week-22-despre-gasirea-sensului-in-propria-viata\\\/#primaryimage\"},\"thumbnailUrl\":\"https:\\\/\\\/www.autonom.ro\\\/blog\\\/wp-content\\\/uploads\\\/2022\\\/11\\\/newsletter-elements_Social-Card.jpg\",\"datePublished\":\"2023-04-21T07:00:00+00:00\",\"dateModified\":\"2023-04-28T08:37:01+00:00\",\"breadcrumb\":{\"@id\":\"https:\\\/\\\/www.autonom.ro\\\/blog\\\/learning-tip-of-the-week-22-despre-gasirea-sensului-in-propria-viata\\\/#breadcrumb\"},\"inLanguage\":\"ro-RO\",\"potentialAction\":[{\"@type\":\"ReadAction\",\"target\":[\"https:\\\/\\\/www.autonom.ro\\\/blog\\\/learning-tip-of-the-week-22-despre-gasirea-sensului-in-propria-viata\\\/\"]}]},{\"@type\":\"ImageObject\",\"inLanguage\":\"ro-RO\",\"@id\":\"https:\\\/\\\/www.autonom.ro\\\/blog\\\/learning-tip-of-the-week-22-despre-gasirea-sensului-in-propria-viata\\\/#primaryimage\",\"url\":\"https:\\\/\\\/www.autonom.ro\\\/blog\\\/wp-content\\\/uploads\\\/2022\\\/11\\\/newsletter-elements_Social-Card.jpg\",\"contentUrl\":\"https:\\\/\\\/www.autonom.ro\\\/blog\\\/wp-content\\\/uploads\\\/2022\\\/11\\\/newsletter-elements_Social-Card.jpg\",\"width\":1200,\"height\":630,\"caption\":\"Dup\u0103 o scurt\u0103 pauz\u0103 am revenit cu recomand\u0103rile de resurse de \u00eenv\u0103\u021bare.\"},{\"@type\":\"BreadcrumbList\",\"@id\":\"https:\\\/\\\/www.autonom.ro\\\/blog\\\/learning-tip-of-the-week-22-despre-gasirea-sensului-in-propria-viata\\\/#breadcrumb\",\"itemListElement\":[{\"@type\":\"ListItem\",\"position\":1,\"name\":\"Prima pagin\u0103\",\"item\":\"https:\\\/\\\/www.autonom.ro\\\/blog\\\/\"},{\"@type\":\"ListItem\",\"position\":2,\"name\":\"Despre g\u0103sirea sensului \u00een propria\u00a0via\u021b\u0103 #22\"}]},{\"@type\":\"WebSite\",\"@id\":\"https:\\\/\\\/www.autonom.ro\\\/blog\\\/#website\",\"url\":\"https:\\\/\\\/www.autonom.ro\\\/blog\\\/\",\"name\":\"Blog Autonom\",\"description\":\"\",\"publisher\":{\"@id\":\"https:\\\/\\\/www.autonom.ro\\\/blog\\\/#organization\"},\"potentialAction\":[{\"@type\":\"SearchAction\",\"target\":{\"@type\":\"EntryPoint\",\"urlTemplate\":\"https:\\\/\\\/www.autonom.ro\\\/blog\\\/?s={search_term_string}\"},\"query-input\":{\"@type\":\"PropertyValueSpecification\",\"valueRequired\":true,\"valueName\":\"search_term_string\"}}],\"inLanguage\":\"ro-RO\"},{\"@type\":\"Organization\",\"@id\":\"https:\\\/\\\/www.autonom.ro\\\/blog\\\/#organization\",\"name\":\"Blog Autonom\",\"url\":\"https:\\\/\\\/www.autonom.ro\\\/blog\\\/\",\"logo\":{\"@type\":\"ImageObject\",\"inLanguage\":\"ro-RO\",\"@id\":\"https:\\\/\\\/www.autonom.ro\\\/blog\\\/#\\\/schema\\\/logo\\\/image\\\/\",\"url\":\"https:\\\/\\\/www.autonom.ro\\\/blog\\\/wp-content\\\/uploads\\\/2020\\\/10\\\/cropped-Autonom_Corporate-Logo-Color-Orizontal-RGB.png\",\"contentUrl\":\"https:\\\/\\\/www.autonom.ro\\\/blog\\\/wp-content\\\/uploads\\\/2020\\\/10\\\/cropped-Autonom_Corporate-Logo-Color-Orizontal-RGB.png\",\"width\":724,\"height\":250,\"caption\":\"Blog Autonom\"},\"image\":{\"@id\":\"https:\\\/\\\/www.autonom.ro\\\/blog\\\/#\\\/schema\\\/logo\\\/image\\\/\"},\"sameAs\":[\"https:\\\/\\\/www.facebook.com\\\/AutonomRomania\\\/\",\"http:\\\/\\\/www.instagram.com\\\/autonom.romania\\\/\",\"https:\\\/\\\/www.linkedin.com\\\/company\\\/autonom-rent-a-car\"]},{\"@type\":\"Person\",\"@id\":\"https:\\\/\\\/www.autonom.ro\\\/blog\\\/#\\\/schema\\\/person\\\/969476990feb32c04946c9f242c3210e\",\"name\":\"Sorina Volerat\",\"image\":{\"@type\":\"ImageObject\",\"inLanguage\":\"ro-RO\",\"@id\":\"https:\\\/\\\/secure.gravatar.com\\\/avatar\\\/5221880dfa47580a11a0ddaf1f3f28ac8589c9aa842cf5defb698776cde8960a?s=96&d=mm&r=g\",\"url\":\"https:\\\/\\\/secure.gravatar.com\\\/avatar\\\/5221880dfa47580a11a0ddaf1f3f28ac8589c9aa842cf5defb698776cde8960a?s=96&d=mm&r=g\",\"contentUrl\":\"https:\\\/\\\/secure.gravatar.com\\\/avatar\\\/5221880dfa47580a11a0ddaf1f3f28ac8589c9aa842cf5defb698776cde8960a?s=96&d=mm&r=g\",\"caption\":\"Sorina Volerat\"},\"url\":\"https:\\\/\\\/www.autonom.ro\\\/blog\\\/author\\\/sorinavolerat\\\/\"}]}<\/script>\n<!-- \/ Yoast SEO plugin. -->","yoast_head_json":{"title":"Despre g\u0103sirea sensului \u00een propria\u00a0via\u021b\u0103 #22 - Blog Autonom","robots":{"index":"index","follow":"follow","max-snippet":"max-snippet:-1","max-image-preview":"max-image-preview:large","max-video-preview":"max-video-preview:-1"},"canonical":"https:\/\/www.autonom.ro\/blog\/learning-tip-of-the-week-22-despre-gasirea-sensului-in-propria-viata\/","og_locale":"ro_RO","og_type":"article","og_title":"Despre g\u0103sirea sensului \u00een propria\u00a0via\u021b\u0103 #22 - Blog Autonom","og_description":"Salutare, \u00cen episodul de ast\u0103zi povestim despre oameni, lume \u0219i via\u021b\u0103, despre ce descoperim \u0219i \u00eenv\u0103\u021b\u0103m dincolo de grani\u021bele cunoscute \u0219i confortabile \u0219i despre g\u0103sirea propriului sens. Toate acestea pot fi citite \u00een newsletterul nostru Learning Tip of The Week, la care v\u0103 invit\u0103m s\u0103 v\u0103 abona\u021bi fie pe platforma LinkedIn, fie acces\u00e2nd pagina de [&hellip;]","og_url":"https:\/\/www.autonom.ro\/blog\/learning-tip-of-the-week-22-despre-gasirea-sensului-in-propria-viata\/","og_site_name":"Blog Autonom","article_publisher":"https:\/\/www.facebook.com\/AutonomRomania\/","article_published_time":"2023-04-21T07:00:00+00:00","article_modified_time":"2023-04-28T08:37:01+00:00","og_image":[{"width":1200,"height":630,"url":"https:\/\/www.autonom.ro\/blog\/wp-content\/uploads\/2022\/11\/newsletter-elements_Social-Card.jpg","type":"image\/jpeg"}],"author":"Sorina Volerat","twitter_card":"summary_large_image","twitter_misc":{"Scris de":"Sorina Volerat","Timp estimat pentru citire":"6 minute"},"schema":{"@context":"https:\/\/schema.org","@graph":[{"@type":"Article","@id":"https:\/\/www.autonom.ro\/blog\/learning-tip-of-the-week-22-despre-gasirea-sensului-in-propria-viata\/#article","isPartOf":{"@id":"https:\/\/www.autonom.ro\/blog\/learning-tip-of-the-week-22-despre-gasirea-sensului-in-propria-viata\/"},"author":{"name":"Sorina Volerat","@id":"https:\/\/www.autonom.ro\/blog\/#\/schema\/person\/969476990feb32c04946c9f242c3210e"},"headline":"Despre g\u0103sirea sensului \u00een propria\u00a0via\u021b\u0103 #22","datePublished":"2023-04-21T07:00:00+00:00","dateModified":"2023-04-28T08:37:01+00:00","mainEntityOfPage":{"@id":"https:\/\/www.autonom.ro\/blog\/learning-tip-of-the-week-22-despre-gasirea-sensului-in-propria-viata\/"},"wordCount":758,"publisher":{"@id":"https:\/\/www.autonom.ro\/blog\/#organization"},"image":{"@id":"https:\/\/www.autonom.ro\/blog\/learning-tip-of-the-week-22-despre-gasirea-sensului-in-propria-viata\/#primaryimage"},"thumbnailUrl":"https:\/\/www.autonom.ro\/blog\/wp-content\/uploads\/2022\/11\/newsletter-elements_Social-Card.jpg","articleSection":["Learning Tip of the Week"],"inLanguage":"ro-RO"},{"@type":"WebPage","@id":"https:\/\/www.autonom.ro\/blog\/learning-tip-of-the-week-22-despre-gasirea-sensului-in-propria-viata\/","url":"https:\/\/www.autonom.ro\/blog\/learning-tip-of-the-week-22-despre-gasirea-sensului-in-propria-viata\/","name":"Despre g\u0103sirea sensului \u00een propria\u00a0via\u021b\u0103 #22 - Blog Autonom","isPartOf":{"@id":"https:\/\/www.autonom.ro\/blog\/#website"},"primaryImageOfPage":{"@id":"https:\/\/www.autonom.ro\/blog\/learning-tip-of-the-week-22-despre-gasirea-sensului-in-propria-viata\/#primaryimage"},"image":{"@id":"https:\/\/www.autonom.ro\/blog\/learning-tip-of-the-week-22-despre-gasirea-sensului-in-propria-viata\/#primaryimage"},"thumbnailUrl":"https:\/\/www.autonom.ro\/blog\/wp-content\/uploads\/2022\/11\/newsletter-elements_Social-Card.jpg","datePublished":"2023-04-21T07:00:00+00:00","dateModified":"2023-04-28T08:37:01+00:00","breadcrumb":{"@id":"https:\/\/www.autonom.ro\/blog\/learning-tip-of-the-week-22-despre-gasirea-sensului-in-propria-viata\/#breadcrumb"},"inLanguage":"ro-RO","potentialAction":[{"@type":"ReadAction","target":["https:\/\/www.autonom.ro\/blog\/learning-tip-of-the-week-22-despre-gasirea-sensului-in-propria-viata\/"]}]},{"@type":"ImageObject","inLanguage":"ro-RO","@id":"https:\/\/www.autonom.ro\/blog\/learning-tip-of-the-week-22-despre-gasirea-sensului-in-propria-viata\/#primaryimage","url":"https:\/\/www.autonom.ro\/blog\/wp-content\/uploads\/2022\/11\/newsletter-elements_Social-Card.jpg","contentUrl":"https:\/\/www.autonom.ro\/blog\/wp-content\/uploads\/2022\/11\/newsletter-elements_Social-Card.jpg","width":1200,"height":630,"caption":"Dup\u0103 o scurt\u0103 pauz\u0103 am revenit cu recomand\u0103rile de resurse de \u00eenv\u0103\u021bare."},{"@type":"BreadcrumbList","@id":"https:\/\/www.autonom.ro\/blog\/learning-tip-of-the-week-22-despre-gasirea-sensului-in-propria-viata\/#breadcrumb","itemListElement":[{"@type":"ListItem","position":1,"name":"Prima pagin\u0103","item":"https:\/\/www.autonom.ro\/blog\/"},{"@type":"ListItem","position":2,"name":"Despre g\u0103sirea sensului \u00een propria\u00a0via\u021b\u0103 #22"}]},{"@type":"WebSite","@id":"https:\/\/www.autonom.ro\/blog\/#website","url":"https:\/\/www.autonom.ro\/blog\/","name":"Blog Autonom","description":"","publisher":{"@id":"https:\/\/www.autonom.ro\/blog\/#organization"},"potentialAction":[{"@type":"SearchAction","target":{"@type":"EntryPoint","urlTemplate":"https:\/\/www.autonom.ro\/blog\/?s={search_term_string}"},"query-input":{"@type":"PropertyValueSpecification","valueRequired":true,"valueName":"search_term_string"}}],"inLanguage":"ro-RO"},{"@type":"Organization","@id":"https:\/\/www.autonom.ro\/blog\/#organization","name":"Blog Autonom","url":"https:\/\/www.autonom.ro\/blog\/","logo":{"@type":"ImageObject","inLanguage":"ro-RO","@id":"https:\/\/www.autonom.ro\/blog\/#\/schema\/logo\/image\/","url":"https:\/\/www.autonom.ro\/blog\/wp-content\/uploads\/2020\/10\/cropped-Autonom_Corporate-Logo-Color-Orizontal-RGB.png","contentUrl":"https:\/\/www.autonom.ro\/blog\/wp-content\/uploads\/2020\/10\/cropped-Autonom_Corporate-Logo-Color-Orizontal-RGB.png","width":724,"height":250,"caption":"Blog Autonom"},"image":{"@id":"https:\/\/www.autonom.ro\/blog\/#\/schema\/logo\/image\/"},"sameAs":["https:\/\/www.facebook.com\/AutonomRomania\/","http:\/\/www.instagram.com\/autonom.romania\/","https:\/\/www.linkedin.com\/company\/autonom-rent-a-car"]},{"@type":"Person","@id":"https:\/\/www.autonom.ro\/blog\/#\/schema\/person\/969476990feb32c04946c9f242c3210e","name":"Sorina Volerat","image":{"@type":"ImageObject","inLanguage":"ro-RO","@id":"https:\/\/secure.gravatar.com\/avatar\/5221880dfa47580a11a0ddaf1f3f28ac8589c9aa842cf5defb698776cde8960a?s=96&d=mm&r=g","url":"https:\/\/secure.gravatar.com\/avatar\/5221880dfa47580a11a0ddaf1f3f28ac8589c9aa842cf5defb698776cde8960a?s=96&d=mm&r=g","contentUrl":"https:\/\/secure.gravatar.com\/avatar\/5221880dfa47580a11a0ddaf1f3f28ac8589c9aa842cf5defb698776cde8960a?s=96&d=mm&r=g","caption":"Sorina Volerat"},"url":"https:\/\/www.autonom.ro\/blog\/author\/sorinavolerat\/"}]}},"_links":{"self":[{"href":"https:\/\/www.autonom.ro\/blog\/wp-json\/wp\/v2\/posts\/6337","targetHints":{"allow":["GET"]}}],"collection":[{"href":"https:\/\/www.autonom.ro\/blog\/wp-json\/wp\/v2\/posts"}],"about":[{"href":"https:\/\/www.autonom.ro\/blog\/wp-json\/wp\/v2\/types\/post"}],"author":[{"embeddable":true,"href":"https:\/\/www.autonom.ro\/blog\/wp-json\/wp\/v2\/users\/4"}],"replies":[{"embeddable":true,"href":"https:\/\/www.autonom.ro\/blog\/wp-json\/wp\/v2\/comments?post=6337"}],"version-history":[{"count":13,"href":"https:\/\/www.autonom.ro\/blog\/wp-json\/wp\/v2\/posts\/6337\/revisions"}],"predecessor-version":[{"id":6380,"href":"https:\/\/www.autonom.ro\/blog\/wp-json\/wp\/v2\/posts\/6337\/revisions\/6380"}],"wp:featuredmedia":[{"embeddable":true,"href":"https:\/\/www.autonom.ro\/blog\/wp-json\/wp\/v2\/media\/6006"}],"wp:attachment":[{"href":"https:\/\/www.autonom.ro\/blog\/wp-json\/wp\/v2\/media?parent=6337"}],"wp:term":[{"taxonomy":"category","embeddable":true,"href":"https:\/\/www.autonom.ro\/blog\/wp-json\/wp\/v2\/categories?post=6337"},{"taxonomy":"post_tag","embeddable":true,"href":"https:\/\/www.autonom.ro\/blog\/wp-json\/wp\/v2\/tags?post=6337"}],"curies":[{"name":"wp","href":"https:\/\/api.w.org\/{rel}","templated":true}]}}