{"id":6464,"date":"2023-05-31T18:14:26","date_gmt":"2023-05-31T15:14:26","guid":{"rendered":"https:\/\/www.autonom.ro\/blog\/?p=6464"},"modified":"2023-06-02T00:04:20","modified_gmt":"2023-06-01T21:04:20","slug":"bataliile-care-conteaza-despre-leadership-uman-in-armata-si-business","status":"publish","type":"post","link":"https:\/\/www.autonom.ro\/blog\/bataliile-care-conteaza-despre-leadership-uman-in-armata-si-business\/","title":{"rendered":"B\u0103t\u0103liile care conteaz\u0103, un bestseller despre leadership uman \u00een armat\u0103 \u0219i business"},"content":{"rendered":"\n<p>TREND \u0219i AUTONOM anun\u021b\u0103 lansarea volumului <strong><em><mark style=\"background-color:rgba(0, 0, 0, 0)\" class=\"has-inline-color has-blue-one-color\">B\u0103t\u0103liile care conteaz\u0103. Strategii testate pentru momentele decisive ale vie\u021bii<\/mark><\/em><\/strong>, de <strong><mark style=\"background-color:rgba(0, 0, 0, 0)\" class=\"has-inline-color has-blue-one-color\"><a href=\"https:\/\/www.linkedin.com\/in\/magor-csibi-7a36562\/\" target=\"_blank\" rel=\"noreferrer noopener\">Magor Csibi<\/a><\/mark><\/strong> \u0219i <strong><mark style=\"background-color:rgba(0, 0, 0, 0)\" class=\"has-inline-color has-blue-one-color\"><a href=\"https:\/\/www.linkedin.com\/in\/radupredescu\/\" target=\"_blank\" rel=\"noreferrer noopener\">Radu Predescu<\/a><\/mark><\/strong>, publicat de editura Vellant.<\/p>\n\n\n<div class=\"wp-block-image\">\n<figure class=\"aligncenter size-full is-resized\"><img decoding=\"async\" src=\"https:\/\/www.autonom.ro\/blog\/wp-content\/uploads\/2023\/05\/Bataliile-care-conteaza_29-scaled.jpg\" alt=\"\" class=\"wp-image-6467\" width=\"700\" srcset=\"https:\/\/www.autonom.ro\/blog\/wp-content\/uploads\/2023\/05\/Bataliile-care-conteaza_29-scaled.jpg 2560w, https:\/\/www.autonom.ro\/blog\/wp-content\/uploads\/2023\/05\/Bataliile-care-conteaza_29-300x200.jpg 300w, https:\/\/www.autonom.ro\/blog\/wp-content\/uploads\/2023\/05\/Bataliile-care-conteaza_29-1024x684.jpg 1024w, https:\/\/www.autonom.ro\/blog\/wp-content\/uploads\/2023\/05\/Bataliile-care-conteaza_29-768x513.jpg 768w, https:\/\/www.autonom.ro\/blog\/wp-content\/uploads\/2023\/05\/Bataliile-care-conteaza_29-1536x1025.jpg 1536w, https:\/\/www.autonom.ro\/blog\/wp-content\/uploads\/2023\/05\/Bataliile-care-conteaza_29-2048x1367.jpg 2048w\" sizes=\"(max-width: 2560px) 100vw, 2560px\" \/><\/figure>\n<\/div>\n\n\n<p>Cartea face o paralel\u0103 \u00eentre experien\u021bele din armat\u0103 ale lui Radu Predescu, Director Executiv Autonom Lease \u0219i fost militar de carier\u0103, \u0219i cele civile ale lui Magor Csibi, Partener \u0219i Head of Leadership &amp; Culture Practice la TREND, \u0219i trage concluzii despre leadership valabile \u00een ambele domenii, la nivel individual \u0219i organiza\u021bional.<\/p>\n\n\n\n<p>Ascult\u00e2nd amintirile de pe c\u00e2mpul de lupt\u0103 din Afganistan \u0219i Irak \u0219i de la trainingurile de la Cercul Polar ale lui Radu Predescu, Magor Csibi a realizat c\u0103 liderii din business ar avea multe de \u00eenv\u0103\u021bat din leadershipul militar modern. De aici s-a n\u0103scut <strong><em><mark style=\"background-color:rgba(0, 0, 0, 0)\" class=\"has-inline-color has-blue-one-color\">B\u0103t\u0103liile care conteaz\u0103<\/mark><\/em><\/strong>, o carte care arat\u0103 c\u0103 deciziile pe care le iei \u0219i lucrurile \u00een care alegi s\u0103-\u021bi investe\u0219ti energia influen\u021beaz\u0103 c\u00e2t de func\u021bional\u0103 este echipa ta \u0219i ce performan\u021b\u0103 poate livra pe termen lung, fie c\u0103 e\u0219ti comandant militar sau manager de companie.<\/p>\n\n\n\n<blockquote class=\"wp-block-quote is-layout-flow wp-block-quote-is-layout-flow\">\n<p>\u201eC\u00e2nd c\u0103ut\u0103m modele func\u021bionale de gestionare a echipelor, cl\u0103dite pe ideile leadershipului modern, adic\u0103 pe umanitate, empatie, conexiuni reale, vulnerabilitate, impact etc., rareori ne uit\u0103m spre cum func\u021bioneaz\u0103 echipele \u00een care marja de eroare a deciziilor tinde c\u0103tre 0. Pentru mine, procesul de scriere a acestei c\u0103r\u021bi a fost cu surprize la fiecare pas, pentru c\u0103 am v\u0103zut situa\u021bii \u00een care oamenii sunt condu\u0219i \u00een momente decisive pe baza acestor principii \u0219i au un spa\u021biu larg de autonomie, de crea\u021bie \u0219i de contribu\u021bie. Avem multe de \u00eenv\u0103\u021bat din practicile moderne ale armatei, iar cartea e menit\u0103 s\u0103 aduc\u0103 aceast\u0103 apropiere de un domeniu cvasinecunoscut pentru civili.\u201d<\/p>\n<cite>Magor Csibi.<\/cite><\/blockquote>\n\n\n\n<p>V\u00e2nz\u0103rile c\u0103r\u021bii au dep\u0103\u0219it deja a\u0219tept\u0103rile, iar editura Vellant a decis tip\u0103rirea unui al doilea tiraj. <strong><em><mark style=\"background-color:rgba(0, 0, 0, 0)\" class=\"has-inline-color has-blue-one-color\">B\u0103t\u0103liile care conteaz\u0103<\/mark><\/em><\/strong> are toate \u0219ansele s\u0103 devin\u0103 un titlu de referin\u021b\u0103 \u00een limba rom\u00e2n\u0103 pentru orice cititor interesat de leadership personal sau organiza\u021bional.<\/p>\n\n\n\n<blockquote class=\"wp-block-quote is-layout-flow wp-block-quote-is-layout-flow\">\n<p>\u201eSunt recunosc\u0103tor pentru toate g\u00e2ndurile pe care le primesc de la cititori \u0219i pentru c\u0103 ei g\u0103sesc valoare \u00een ceea ce, p\u00e2n\u0103 nu demult, consideram o normalitate a vie\u021bii mele. Toate lec\u021biile \u00eenv\u0103\u021bate \u00een cariera militar\u0103 se g\u0103sesc \u00een tot ceea ce fac eu mai bine ast\u0103zi \u00een procesul de evolu\u021bie a oamenilor \u0219i a echipelor. Rolul de a fi un lider este un privilegiu. M\u0103 bucur c\u0103, prin aceast\u0103 carte, pot contribui prin experien\u021bele povestite la dezvoltarea unui leadership modern, bazat pe simplitate, autenticitate, vulnerabilitate \u0219i umanitate.\u201d<\/p>\n<cite>Radu Predescu<\/cite><\/blockquote>\n\n\n\n<blockquote class=\"wp-block-quote is-layout-flow wp-block-quote-is-layout-flow\">\n<p>\u201eOamenii au reu\u0219it s\u0103 se conecteze la carte, la idei care ar trebui s\u0103 fie de la sine \u00een\u021belese \u00een munca de zi cu zi, dar din p\u0103cate nu sunt. Sper c\u0103 faptul c\u0103 vorbim despre gre\u0219elile \u0219i neajunsurile noastre \u00een rol de leadership s\u0103 umanizeze felul \u00een care ne uit\u0103m la oameni \u0219i felul \u00een care ob\u021binem performan\u021b\u0103. Ne temem de robotizare, dar de mul\u021bi ani trat\u0103m oamenii ca pe ni\u0219te resurse, ca pe ni\u0219te robo\u021bi. E un moment bun s\u0103 schimb\u0103m asta.\u201d<\/p>\n<cite>Magor Csibi<\/cite><\/blockquote>\n\n\n\n<p>Cei doi autori, Radu Predescu \u0219i Magor Csibi, au decis s\u0103-\u0219i doneze veniturile provenite din v\u00e2nzarea c\u0103r\u021bii c\u0103tre Funda\u021bia Autonom, respectiv c\u0103tre Funda\u021bia World Vision Rom\u00e2nia.<\/p>\n\n\n<div class=\"wp-block-image\">\n<figure class=\"aligncenter size-full is-resized\"><img decoding=\"async\" src=\"https:\/\/www.autonom.ro\/blog\/wp-content\/uploads\/2023\/05\/foto3_lansare.jpg\" alt=\"\" class=\"wp-image-6468\" width=\"700\" srcset=\"https:\/\/www.autonom.ro\/blog\/wp-content\/uploads\/2023\/05\/foto3_lansare.jpg 1600w, https:\/\/www.autonom.ro\/blog\/wp-content\/uploads\/2023\/05\/foto3_lansare-300x169.jpg 300w, https:\/\/www.autonom.ro\/blog\/wp-content\/uploads\/2023\/05\/foto3_lansare-1024x576.jpg 1024w, https:\/\/www.autonom.ro\/blog\/wp-content\/uploads\/2023\/05\/foto3_lansare-768x432.jpg 768w, https:\/\/www.autonom.ro\/blog\/wp-content\/uploads\/2023\/05\/foto3_lansare-1536x864.jpg 1536w\" sizes=\"(max-width: 1600px) 100vw, 1600px\" \/><\/figure>\n<\/div>\n\n\n<h3 class=\"wp-block-heading\">Din <strong><em><mark style=\"background-color:rgba(0, 0, 0, 0)\" class=\"has-inline-color has-blue-one-color\">B\u0103t\u0103liile care conteaz\u0103<\/mark><\/em><\/strong>, cititorii pot descoperi:<\/h3>\n\n\n\n<ul class=\"wp-block-list\">\n<li>Cum e s\u0103 te lup\u021bi cu talibanii \u00een mun\u021bi f\u0103r\u0103 s\u0103 \u0219tii dac\u0103 vei supravie\u021bui confrunt\u0103rii.<\/li>\n\n\n\n<li>C\u00e2t adev\u0103r e \u00een sintagma: \u201e\u00cen armat\u0103, ordinul se execut\u0103, nu se discut\u0103\u201d.<\/li>\n\n\n\n<li>De ce e bine s\u0103-i ascul\u021bi pe cei implica\u021bi \u00eenainte s\u0103 iei decizii, mai ales atunci c\u00e2nd e\u0219ti \u00eentr-o cultur\u0103 str\u0103in\u0103. \u0218i de ce merit\u0103 s\u0103-\u021bi implici subordona\u021bii nu doar \u00een execu\u021bie, ci \u0219i \u00een planificarea activit\u0103\u021bii.<\/li>\n\n\n\n<li>De ce e important ca oamenii s\u0103 \u0219tie ce misiune au \u0219i care e rostul ei (nu doar atunci c\u00e2nd pleac\u0103 la r\u0103zboi).<\/li>\n\n\n\n<li>Ce se \u00eent\u00e2mpl\u0103 c\u00e2nd nu ai \u00eencredere \u00een comandant sau \u00een CEO. \u0218i cum se schimb\u0103 jocul c\u00e2nd investe\u0219ti \u00een comunicare deschis\u0103 \u0219i \u00een construirea \u00eencrederii.<\/li>\n\n\n\n<li>Cum arat\u0103 stresul extrem \u0219i burnout-ul \u00een armat\u0103 \u0219i \u00een business \u0219i ce po\u021bi face ca s\u0103-i aju\u021bi pe ceilal\u021bi s\u0103 treac\u0103 peste astfel de perioade dificile.<\/li>\n<\/ul>\n\n\n\n<p>Volumul a fost lansat luni, 29 mai 2023, la Impact Hub Bucharest Universitate, \u00een prezen\u021ba unui public numeros.<\/p>\n\n\n\n<p>\u201ePe m\u0103sur\u0103 ce citeam aceast\u0103 carte, mi-am dat seama c\u0103 e exact textul de care foarte mul\u021bi b\u0103ie\u021bi, adolescen\u021bi, b\u0103rba\u021bi, ta\u021bi din Rom\u00e2nia au nevoie. At\u00e2t Radu c\u00e2t \u0219i Magor reu\u0219esc s\u0103 se deschid\u0103 \u00eentr-un mod \u00een care noi b\u0103rba\u021bii nu ne sim\u021bim foarte confortabil s\u0103 o facem. Nu vorbesc despre c\u00e2t sunt ei de competen\u021bi, de descurc\u0103re\u021bi, de c\u00e2t de mult au reu\u0219it s\u0103 dob\u00e2ndeasc\u0103, ceea ce se \u00eent\u00e2mpl\u0103 \u00een majoritatea c\u0103r\u021bilor scrise de b\u0103rba\u021bi, ci \u00eendr\u0103znesc s\u0103-\u0219i deschid\u0103 mintea, sufletul, s\u0103 spun\u0103 da, \u00een acel moment mi-a fost foarte greu, \u00een acel moment am avut dubii, m-am sim\u021bit confuz, m-a cople\u0219it frica, anxietatea\u201d, a spus la lansare G\u00e1sp\u00e1r Gy\u00f6rgy, psihoterapeut \u0219i autorul c\u0103r\u021bilor Copilul invizibil \u0219i Suflete de sticl\u0103.<br>Cei doi autori sunt \u201efoarte curajo\u0219i pentru pove\u0219tile spuse \u00een aceast\u0103 carte\u201d, a spus \u0219i Andreea Ro\u0219ca, creator The Vast &amp; The Curious. \u201eAvem nevoie de mai multe c\u0103r\u021bi despre dezvoltare, despre cre\u0219tere \u00een zona de management, de leadership.\u201d<\/p>\n\n\n\n<blockquote class=\"wp-block-quote is-layout-flow wp-block-quote-is-layout-flow\">\n<p>\u201eLa nivel de na\u021bie suntem \u00eemp\u0103r\u021bi\u021bi \u00een trei segmente clare: cei de la stat, cei de la privat \u0219i ONG-i\u0219tii. Fiecare vorbe\u0219te despre ceilal\u021bi doi \u00een termeni critici: \u0103ia de la stat nu fac nimic, priva\u021bii sunt ni\u0219te ho\u021bi obseda\u021bi de bani, ONG-i\u0219tii mai bine s-ar apuca \u0219i ei de munc\u0103. Mi-a\u0219 dori s\u0103 apuc s\u0103 tr\u0103iesc \u00eentr-o societate \u00een care cele trei segmente esen\u021biale s\u0103 nu se mai izoleze. Aceast\u0103 carte transmite acest mesaj esen\u021bial. Autorii arat\u0103 c\u0103 \u0219i \u00een armat\u0103, \u0219i \u00een business, \u0219i \u00een ONG-uri, actul de leadership e un act profund uman, \u00een care \u00een\u021belegi emo\u021bii \u0219i le folose\u0219ti.\u201d<\/p>\n<cite>Adrian Florea, co-fondator \u0219i consultant senior TREND<\/cite><\/blockquote>\n\n\n\n<blockquote class=\"wp-block-quote is-layout-flow wp-block-quote-is-layout-flow\">\n<p>\u201eAm auzit la traininguri despre liderul umanist-\u00eencurajator, dar e fain c\u00e2nd vezi asta \u00een realitate. Poate p\u0103rea neobi\u0219nuit, av\u00e2nd \u00een vedere parcursul lor, dar Radu \u0219i Magor chiar a\u0219a sunt: oameni care cresc oameni, c\u0103rora le pas\u0103, care-i fac pe cei din jurul lor s\u0103 fie mai buni.\u201d<\/p>\n<cite>Dan \u0218tefan, co-fondator AUTONOM<\/cite><\/blockquote>\n\n\n\n<p>Partenerii evenimentului de lansare au fost crama Caii de la Letea \u0219i Impact Hub. Europa FM este partenerul media al c\u0103r\u021bii.<\/p>\n\n\n\n<h2 class=\"wp-block-heading\"><strong><mark style=\"background-color:rgba(0, 0, 0, 0)\" class=\"has-inline-color has-blue-two-color\"><em>Despre autori<\/em><\/mark><\/strong><\/h2>\n\n\n\n<p><strong><mark style=\"background-color:rgba(0, 0, 0, 0)\" class=\"has-inline-color has-blue-one-color\"><a href=\"https:\/\/www.linkedin.com\/in\/magor-csibi-7a36562\/\" target=\"_blank\" rel=\"noreferrer noopener\">MAGOR CSIBI<\/a><\/mark><\/strong> a \u00eencercat s\u0103 \u00een\u021beleag\u0103 cum func\u021bioneaz\u0103 organiza\u021biile \u0219i cum pot influen\u021ba liderii comportamentele oamenilor care fac parte din ele. Pentru a surprinde aceste lucruri, s-a uitat la multe organiza\u021bii din diverse perspective. \u00centre 2004-2006 a predat la Universitatea Babe\u0219-Bolyai Cluj. A reprezentat Rom\u00e2nia \u00een prima legislatur\u0103 a \u021b\u0103rii \u00een Parlamentul European, \u00eentre 2007-2009. A fondat \u0219i a condus publica\u021bia Think Outside the Box \u00eentre 2009-2011, ca apoi s\u0103 devin\u0103 liderul organiza\u021biei de mediu WWF \u00een Rom\u00e2nia \u0219i Coreea de Sud, timp de aproape 8 ani. Din 2018 s-a dedicat exclusiv \u00een\u021belegerii culturii organiza\u021bionale \u0219i leadershipului, accept\u00e2nd invita\u021bia de a se al\u0103tura companiei TREND. \u00cen paralel, face parte din multe comunit\u0103\u021bi de oameni curio\u0219i \u0219i este membru voluntar \u00een boardul non-executiv al funda\u021biei World Vision Rom\u00e2nia.<\/p>\n\n\n\n<p>De-a lungul celor 15 ani petrecu\u021bi \u00een subunit\u0103\u021bi de V\u00e2n\u0103tori de Munte din Armata Rom\u00e2niei, <strong><mark style=\"background-color:rgba(0, 0, 0, 0)\" class=\"has-inline-color has-blue-one-color\"><a href=\"https:\/\/www.linkedin.com\/in\/radupredescu\/\" target=\"_blank\" rel=\"noreferrer noopener\">RADU PREDESCU<\/a><\/mark><\/strong> a ocupat diverse pozi\u021bii de subofi\u021ber, de la Comandant de grup\u0103 p\u00e2n\u0103 la Subofi\u021ber de Comand\u0103 de Batalion. A fost instructor NATO \u0219i este Militar Veteran, particip\u00e2nd la trei misiuni de lupt\u0103 (dou\u0103 \u00een Afganistan \u0219i una \u00een Irak). A urmat studii militare at\u00e2t \u00een Rom\u00e2nia c\u00e2t \u0219i peste hotare (Republica Ceh\u0103, SUA, Italia, Germania, Austria, Norvegia), dezvolt\u00e2ndu-\u0219i aptitudini de planificare, preg\u0103tire \u0219i execu\u021bie a opera\u021biilor militare. Din 2010, Radu a p\u0103\u0219it \u00een lumea de business, devenind unul dintre clien\u021bii AUTONOM. \u00cen 2015, Radu s-a al\u0103turat echipei AUTONOM drept manager zonal de v\u00e2nz\u0103ri, ast\u0103zi conduc\u00e2nd divizia de leasing opera\u021bional a grupului. Radu are o diplom\u0103 de licen\u021b\u0103 \u00een Economia Comer\u021bului, Turismului \u0219i Serviciilor, ob\u021binut\u0103 la Universitatea Transilvania din Bra\u0219ov. Crede puternic c\u0103 oamenii sunt \u00een centrul a tot ceea ce facem.<\/p>\n","protected":false},"excerpt":{"rendered":"<p>TREND \u0219i AUTONOM anun\u021b\u0103 lansarea volumului B\u0103t\u0103liile care conteaz\u0103. Strategii testate pentru momentele decisive ale vie\u021bii, de Magor Csibi \u0219i Radu Predescu, publicat de editura Vellant. Cartea face o paralel\u0103 \u00eentre experien\u021bele din armat\u0103 ale lui Radu Predescu, Director Executiv Autonom Lease \u0219i fost militar de carier\u0103, \u0219i cele civile ale lui Magor Csibi, Partener [&hellip;]<\/p>\n","protected":false},"author":5,"featured_media":6467,"comment_status":"closed","ping_status":"closed","sticky":false,"template":"","format":"standard","meta":{"inline_featured_image":false,"footnotes":""},"categories":[1915,1914,1913,1908],"tags":[],"class_list":["post-6464","post","type-post","status-publish","format-standard","has-post-thumbnail","hentry","category-diverse","category-evenimente","category-evoluam-in-fiecare-zi","category-autonom-news"],"yoast_head":"<!-- This site is optimized with the Yoast SEO plugin v27.3 - https:\/\/yoast.com\/product\/yoast-seo-wordpress\/ -->\n<title>B\u0103t\u0103liile care conteaz\u0103 - Despre leadership uman in armata si business - Blog Autonom<\/title>\n<meta name=\"robots\" content=\"index, follow, max-snippet:-1, max-image-preview:large, max-video-preview:-1\" \/>\n<link rel=\"canonical\" href=\"https:\/\/www.autonom.ro\/blog\/bataliile-care-conteaza-despre-leadership-uman-in-armata-si-business\/\" \/>\n<meta property=\"og:locale\" content=\"ro_RO\" \/>\n<meta property=\"og:type\" content=\"article\" \/>\n<meta property=\"og:title\" content=\"B\u0103t\u0103liile care conteaz\u0103, un bestseller despre leadership uman \u00een armat\u0103 \u0219i business\" \/>\n<meta property=\"og:description\" content=\"TREND \u0219i AUTONOM anun\u021b\u0103 lansarea volumului B\u0103t\u0103liile care conteaz\u0103. Strategii testate pentru momentele decisive ale vie\u021bii, de Magor Csibi \u0219i Radu Predescu, publicat de editura Vellant.Cartea face o paralel\u0103 \u00eentre experien\u021bele din armat\u0103 ale lui Radu Predescu, Director Executiv Autonom Lease \u0219i fost militar de carier\u0103, \u0219i cele civile ale lui Magor Csibi, Partener \u0219i Head of Leadership &amp; Culture Practice la TREND, \u0219i trage concluzii despre leadership valabile \u00een ambele domenii, la nivel individual \u0219i organiza\u021bional.\" \/>\n<meta property=\"og:url\" content=\"https:\/\/www.autonom.ro\/blog\/bataliile-care-conteaza-despre-leadership-uman-in-armata-si-business\/\" \/>\n<meta property=\"og:site_name\" content=\"Blog Autonom\" \/>\n<meta property=\"article:publisher\" content=\"https:\/\/www.facebook.com\/AutonomRomania\/\" \/>\n<meta property=\"article:published_time\" content=\"2023-05-31T15:14:26+00:00\" \/>\n<meta property=\"article:modified_time\" content=\"2023-06-01T21:04:20+00:00\" \/>\n<meta property=\"og:image\" content=\"https:\/\/www.autonom.ro\/blog\/wp-content\/uploads\/2023\/05\/Bataliile-care-conteaza_29-scaled.jpg\" \/>\n\t<meta property=\"og:image:width\" content=\"2560\" \/>\n\t<meta property=\"og:image:height\" content=\"1709\" \/>\n\t<meta property=\"og:image:type\" content=\"image\/jpeg\" \/>\n<meta name=\"author\" content=\"Maria Tataru\" \/>\n<meta name=\"twitter:card\" content=\"summary_large_image\" \/>\n<meta name=\"twitter:label1\" content=\"Scris de\" \/>\n\t<meta name=\"twitter:data1\" content=\"Maria Tataru\" \/>\n\t<meta name=\"twitter:label2\" content=\"Timp estimat pentru citire\" \/>\n\t<meta name=\"twitter:data2\" content=\"8 minute\" \/>\n<script type=\"application\/ld+json\" class=\"yoast-schema-graph\">{\"@context\":\"https:\\\/\\\/schema.org\",\"@graph\":[{\"@type\":\"Article\",\"@id\":\"https:\\\/\\\/www.autonom.ro\\\/blog\\\/bataliile-care-conteaza-despre-leadership-uman-in-armata-si-business\\\/#article\",\"isPartOf\":{\"@id\":\"https:\\\/\\\/www.autonom.ro\\\/blog\\\/bataliile-care-conteaza-despre-leadership-uman-in-armata-si-business\\\/\"},\"author\":{\"name\":\"Maria Tataru\",\"@id\":\"https:\\\/\\\/www.autonom.ro\\\/blog\\\/#\\\/schema\\\/person\\\/181aa92f647c1896d20b6ed2b5965cc7\"},\"headline\":\"B\u0103t\u0103liile care conteaz\u0103, un bestseller despre leadership uman \u00een armat\u0103 \u0219i business\",\"datePublished\":\"2023-05-31T15:14:26+00:00\",\"dateModified\":\"2023-06-01T21:04:20+00:00\",\"mainEntityOfPage\":{\"@id\":\"https:\\\/\\\/www.autonom.ro\\\/blog\\\/bataliile-care-conteaza-despre-leadership-uman-in-armata-si-business\\\/\"},\"wordCount\":1539,\"publisher\":{\"@id\":\"https:\\\/\\\/www.autonom.ro\\\/blog\\\/#organization\"},\"image\":{\"@id\":\"https:\\\/\\\/www.autonom.ro\\\/blog\\\/bataliile-care-conteaza-despre-leadership-uman-in-armata-si-business\\\/#primaryimage\"},\"thumbnailUrl\":\"https:\\\/\\\/www.autonom.ro\\\/blog\\\/wp-content\\\/uploads\\\/2023\\\/05\\\/Bataliile-care-conteaza_29-scaled.jpg\",\"articleSection\":[\"Diverse\",\"Evenimente\",\"Evoluam in fiecare zi\",\"Noutati Autonom\"],\"inLanguage\":\"ro-RO\"},{\"@type\":\"WebPage\",\"@id\":\"https:\\\/\\\/www.autonom.ro\\\/blog\\\/bataliile-care-conteaza-despre-leadership-uman-in-armata-si-business\\\/\",\"url\":\"https:\\\/\\\/www.autonom.ro\\\/blog\\\/bataliile-care-conteaza-despre-leadership-uman-in-armata-si-business\\\/\",\"name\":\"B\u0103t\u0103liile care conteaz\u0103 - Despre leadership uman in armata si business - Blog Autonom\",\"isPartOf\":{\"@id\":\"https:\\\/\\\/www.autonom.ro\\\/blog\\\/#website\"},\"primaryImageOfPage\":{\"@id\":\"https:\\\/\\\/www.autonom.ro\\\/blog\\\/bataliile-care-conteaza-despre-leadership-uman-in-armata-si-business\\\/#primaryimage\"},\"image\":{\"@id\":\"https:\\\/\\\/www.autonom.ro\\\/blog\\\/bataliile-care-conteaza-despre-leadership-uman-in-armata-si-business\\\/#primaryimage\"},\"thumbnailUrl\":\"https:\\\/\\\/www.autonom.ro\\\/blog\\\/wp-content\\\/uploads\\\/2023\\\/05\\\/Bataliile-care-conteaza_29-scaled.jpg\",\"datePublished\":\"2023-05-31T15:14:26+00:00\",\"dateModified\":\"2023-06-01T21:04:20+00:00\",\"breadcrumb\":{\"@id\":\"https:\\\/\\\/www.autonom.ro\\\/blog\\\/bataliile-care-conteaza-despre-leadership-uman-in-armata-si-business\\\/#breadcrumb\"},\"inLanguage\":\"ro-RO\",\"potentialAction\":[{\"@type\":\"ReadAction\",\"target\":[\"https:\\\/\\\/www.autonom.ro\\\/blog\\\/bataliile-care-conteaza-despre-leadership-uman-in-armata-si-business\\\/\"]}]},{\"@type\":\"ImageObject\",\"inLanguage\":\"ro-RO\",\"@id\":\"https:\\\/\\\/www.autonom.ro\\\/blog\\\/bataliile-care-conteaza-despre-leadership-uman-in-armata-si-business\\\/#primaryimage\",\"url\":\"https:\\\/\\\/www.autonom.ro\\\/blog\\\/wp-content\\\/uploads\\\/2023\\\/05\\\/Bataliile-care-conteaza_29-scaled.jpg\",\"contentUrl\":\"https:\\\/\\\/www.autonom.ro\\\/blog\\\/wp-content\\\/uploads\\\/2023\\\/05\\\/Bataliile-care-conteaza_29-scaled.jpg\",\"width\":2560,\"height\":1709},{\"@type\":\"BreadcrumbList\",\"@id\":\"https:\\\/\\\/www.autonom.ro\\\/blog\\\/bataliile-care-conteaza-despre-leadership-uman-in-armata-si-business\\\/#breadcrumb\",\"itemListElement\":[{\"@type\":\"ListItem\",\"position\":1,\"name\":\"Prima pagin\u0103\",\"item\":\"https:\\\/\\\/www.autonom.ro\\\/blog\\\/\"},{\"@type\":\"ListItem\",\"position\":2,\"name\":\"B\u0103t\u0103liile care conteaz\u0103, un bestseller despre leadership uman \u00een armat\u0103 \u0219i business\"}]},{\"@type\":\"WebSite\",\"@id\":\"https:\\\/\\\/www.autonom.ro\\\/blog\\\/#website\",\"url\":\"https:\\\/\\\/www.autonom.ro\\\/blog\\\/\",\"name\":\"Blog Autonom\",\"description\":\"\",\"publisher\":{\"@id\":\"https:\\\/\\\/www.autonom.ro\\\/blog\\\/#organization\"},\"potentialAction\":[{\"@type\":\"SearchAction\",\"target\":{\"@type\":\"EntryPoint\",\"urlTemplate\":\"https:\\\/\\\/www.autonom.ro\\\/blog\\\/?s={search_term_string}\"},\"query-input\":{\"@type\":\"PropertyValueSpecification\",\"valueRequired\":true,\"valueName\":\"search_term_string\"}}],\"inLanguage\":\"ro-RO\"},{\"@type\":\"Organization\",\"@id\":\"https:\\\/\\\/www.autonom.ro\\\/blog\\\/#organization\",\"name\":\"Blog Autonom\",\"url\":\"https:\\\/\\\/www.autonom.ro\\\/blog\\\/\",\"logo\":{\"@type\":\"ImageObject\",\"inLanguage\":\"ro-RO\",\"@id\":\"https:\\\/\\\/www.autonom.ro\\\/blog\\\/#\\\/schema\\\/logo\\\/image\\\/\",\"url\":\"https:\\\/\\\/www.autonom.ro\\\/blog\\\/wp-content\\\/uploads\\\/2020\\\/10\\\/cropped-Autonom_Corporate-Logo-Color-Orizontal-RGB.png\",\"contentUrl\":\"https:\\\/\\\/www.autonom.ro\\\/blog\\\/wp-content\\\/uploads\\\/2020\\\/10\\\/cropped-Autonom_Corporate-Logo-Color-Orizontal-RGB.png\",\"width\":724,\"height\":250,\"caption\":\"Blog Autonom\"},\"image\":{\"@id\":\"https:\\\/\\\/www.autonom.ro\\\/blog\\\/#\\\/schema\\\/logo\\\/image\\\/\"},\"sameAs\":[\"https:\\\/\\\/www.facebook.com\\\/AutonomRomania\\\/\",\"http:\\\/\\\/www.instagram.com\\\/autonom.romania\\\/\",\"https:\\\/\\\/www.linkedin.com\\\/company\\\/autonom-rent-a-car\"]},{\"@type\":\"Person\",\"@id\":\"https:\\\/\\\/www.autonom.ro\\\/blog\\\/#\\\/schema\\\/person\\\/181aa92f647c1896d20b6ed2b5965cc7\",\"name\":\"Maria Tataru\",\"image\":{\"@type\":\"ImageObject\",\"inLanguage\":\"ro-RO\",\"@id\":\"https:\\\/\\\/secure.gravatar.com\\\/avatar\\\/04aa9d2b109acf3156a052ba962839486208046121baafb80a270b12586dc8fa?s=96&d=mm&r=g\",\"url\":\"https:\\\/\\\/secure.gravatar.com\\\/avatar\\\/04aa9d2b109acf3156a052ba962839486208046121baafb80a270b12586dc8fa?s=96&d=mm&r=g\",\"contentUrl\":\"https:\\\/\\\/secure.gravatar.com\\\/avatar\\\/04aa9d2b109acf3156a052ba962839486208046121baafb80a270b12586dc8fa?s=96&d=mm&r=g\",\"caption\":\"Maria Tataru\"},\"url\":\"https:\\\/\\\/www.autonom.ro\\\/blog\\\/author\\\/mariatataru\\\/\"}]}<\/script>\n<!-- \/ Yoast SEO plugin. -->","yoast_head_json":{"title":"B\u0103t\u0103liile care conteaz\u0103 - Despre leadership uman in armata si business - Blog Autonom","robots":{"index":"index","follow":"follow","max-snippet":"max-snippet:-1","max-image-preview":"max-image-preview:large","max-video-preview":"max-video-preview:-1"},"canonical":"https:\/\/www.autonom.ro\/blog\/bataliile-care-conteaza-despre-leadership-uman-in-armata-si-business\/","og_locale":"ro_RO","og_type":"article","og_title":"B\u0103t\u0103liile care conteaz\u0103, un bestseller despre leadership uman \u00een armat\u0103 \u0219i business","og_description":"TREND \u0219i AUTONOM anun\u021b\u0103 lansarea volumului B\u0103t\u0103liile care conteaz\u0103. Strategii testate pentru momentele decisive ale vie\u021bii, de Magor Csibi \u0219i Radu Predescu, publicat de editura Vellant.Cartea face o paralel\u0103 \u00eentre experien\u021bele din armat\u0103 ale lui Radu Predescu, Director Executiv Autonom Lease \u0219i fost militar de carier\u0103, \u0219i cele civile ale lui Magor Csibi, Partener \u0219i Head of Leadership & Culture Practice la TREND, \u0219i trage concluzii despre leadership valabile \u00een ambele domenii, la nivel individual \u0219i organiza\u021bional.","og_url":"https:\/\/www.autonom.ro\/blog\/bataliile-care-conteaza-despre-leadership-uman-in-armata-si-business\/","og_site_name":"Blog Autonom","article_publisher":"https:\/\/www.facebook.com\/AutonomRomania\/","article_published_time":"2023-05-31T15:14:26+00:00","article_modified_time":"2023-06-01T21:04:20+00:00","og_image":[{"width":2560,"height":1709,"url":"https:\/\/www.autonom.ro\/blog\/wp-content\/uploads\/2023\/05\/Bataliile-care-conteaza_29-scaled.jpg","type":"image\/jpeg"}],"author":"Maria Tataru","twitter_card":"summary_large_image","twitter_misc":{"Scris de":"Maria Tataru","Timp estimat pentru citire":"8 minute"},"schema":{"@context":"https:\/\/schema.org","@graph":[{"@type":"Article","@id":"https:\/\/www.autonom.ro\/blog\/bataliile-care-conteaza-despre-leadership-uman-in-armata-si-business\/#article","isPartOf":{"@id":"https:\/\/www.autonom.ro\/blog\/bataliile-care-conteaza-despre-leadership-uman-in-armata-si-business\/"},"author":{"name":"Maria Tataru","@id":"https:\/\/www.autonom.ro\/blog\/#\/schema\/person\/181aa92f647c1896d20b6ed2b5965cc7"},"headline":"B\u0103t\u0103liile care conteaz\u0103, un bestseller despre leadership uman \u00een armat\u0103 \u0219i business","datePublished":"2023-05-31T15:14:26+00:00","dateModified":"2023-06-01T21:04:20+00:00","mainEntityOfPage":{"@id":"https:\/\/www.autonom.ro\/blog\/bataliile-care-conteaza-despre-leadership-uman-in-armata-si-business\/"},"wordCount":1539,"publisher":{"@id":"https:\/\/www.autonom.ro\/blog\/#organization"},"image":{"@id":"https:\/\/www.autonom.ro\/blog\/bataliile-care-conteaza-despre-leadership-uman-in-armata-si-business\/#primaryimage"},"thumbnailUrl":"https:\/\/www.autonom.ro\/blog\/wp-content\/uploads\/2023\/05\/Bataliile-care-conteaza_29-scaled.jpg","articleSection":["Diverse","Evenimente","Evoluam in fiecare zi","Noutati Autonom"],"inLanguage":"ro-RO"},{"@type":"WebPage","@id":"https:\/\/www.autonom.ro\/blog\/bataliile-care-conteaza-despre-leadership-uman-in-armata-si-business\/","url":"https:\/\/www.autonom.ro\/blog\/bataliile-care-conteaza-despre-leadership-uman-in-armata-si-business\/","name":"B\u0103t\u0103liile care conteaz\u0103 - Despre leadership uman in armata si business - Blog Autonom","isPartOf":{"@id":"https:\/\/www.autonom.ro\/blog\/#website"},"primaryImageOfPage":{"@id":"https:\/\/www.autonom.ro\/blog\/bataliile-care-conteaza-despre-leadership-uman-in-armata-si-business\/#primaryimage"},"image":{"@id":"https:\/\/www.autonom.ro\/blog\/bataliile-care-conteaza-despre-leadership-uman-in-armata-si-business\/#primaryimage"},"thumbnailUrl":"https:\/\/www.autonom.ro\/blog\/wp-content\/uploads\/2023\/05\/Bataliile-care-conteaza_29-scaled.jpg","datePublished":"2023-05-31T15:14:26+00:00","dateModified":"2023-06-01T21:04:20+00:00","breadcrumb":{"@id":"https:\/\/www.autonom.ro\/blog\/bataliile-care-conteaza-despre-leadership-uman-in-armata-si-business\/#breadcrumb"},"inLanguage":"ro-RO","potentialAction":[{"@type":"ReadAction","target":["https:\/\/www.autonom.ro\/blog\/bataliile-care-conteaza-despre-leadership-uman-in-armata-si-business\/"]}]},{"@type":"ImageObject","inLanguage":"ro-RO","@id":"https:\/\/www.autonom.ro\/blog\/bataliile-care-conteaza-despre-leadership-uman-in-armata-si-business\/#primaryimage","url":"https:\/\/www.autonom.ro\/blog\/wp-content\/uploads\/2023\/05\/Bataliile-care-conteaza_29-scaled.jpg","contentUrl":"https:\/\/www.autonom.ro\/blog\/wp-content\/uploads\/2023\/05\/Bataliile-care-conteaza_29-scaled.jpg","width":2560,"height":1709},{"@type":"BreadcrumbList","@id":"https:\/\/www.autonom.ro\/blog\/bataliile-care-conteaza-despre-leadership-uman-in-armata-si-business\/#breadcrumb","itemListElement":[{"@type":"ListItem","position":1,"name":"Prima pagin\u0103","item":"https:\/\/www.autonom.ro\/blog\/"},{"@type":"ListItem","position":2,"name":"B\u0103t\u0103liile care conteaz\u0103, un bestseller despre leadership uman \u00een armat\u0103 \u0219i business"}]},{"@type":"WebSite","@id":"https:\/\/www.autonom.ro\/blog\/#website","url":"https:\/\/www.autonom.ro\/blog\/","name":"Blog Autonom","description":"","publisher":{"@id":"https:\/\/www.autonom.ro\/blog\/#organization"},"potentialAction":[{"@type":"SearchAction","target":{"@type":"EntryPoint","urlTemplate":"https:\/\/www.autonom.ro\/blog\/?s={search_term_string}"},"query-input":{"@type":"PropertyValueSpecification","valueRequired":true,"valueName":"search_term_string"}}],"inLanguage":"ro-RO"},{"@type":"Organization","@id":"https:\/\/www.autonom.ro\/blog\/#organization","name":"Blog Autonom","url":"https:\/\/www.autonom.ro\/blog\/","logo":{"@type":"ImageObject","inLanguage":"ro-RO","@id":"https:\/\/www.autonom.ro\/blog\/#\/schema\/logo\/image\/","url":"https:\/\/www.autonom.ro\/blog\/wp-content\/uploads\/2020\/10\/cropped-Autonom_Corporate-Logo-Color-Orizontal-RGB.png","contentUrl":"https:\/\/www.autonom.ro\/blog\/wp-content\/uploads\/2020\/10\/cropped-Autonom_Corporate-Logo-Color-Orizontal-RGB.png","width":724,"height":250,"caption":"Blog Autonom"},"image":{"@id":"https:\/\/www.autonom.ro\/blog\/#\/schema\/logo\/image\/"},"sameAs":["https:\/\/www.facebook.com\/AutonomRomania\/","http:\/\/www.instagram.com\/autonom.romania\/","https:\/\/www.linkedin.com\/company\/autonom-rent-a-car"]},{"@type":"Person","@id":"https:\/\/www.autonom.ro\/blog\/#\/schema\/person\/181aa92f647c1896d20b6ed2b5965cc7","name":"Maria Tataru","image":{"@type":"ImageObject","inLanguage":"ro-RO","@id":"https:\/\/secure.gravatar.com\/avatar\/04aa9d2b109acf3156a052ba962839486208046121baafb80a270b12586dc8fa?s=96&d=mm&r=g","url":"https:\/\/secure.gravatar.com\/avatar\/04aa9d2b109acf3156a052ba962839486208046121baafb80a270b12586dc8fa?s=96&d=mm&r=g","contentUrl":"https:\/\/secure.gravatar.com\/avatar\/04aa9d2b109acf3156a052ba962839486208046121baafb80a270b12586dc8fa?s=96&d=mm&r=g","caption":"Maria Tataru"},"url":"https:\/\/www.autonom.ro\/blog\/author\/mariatataru\/"}]}},"_links":{"self":[{"href":"https:\/\/www.autonom.ro\/blog\/wp-json\/wp\/v2\/posts\/6464","targetHints":{"allow":["GET"]}}],"collection":[{"href":"https:\/\/www.autonom.ro\/blog\/wp-json\/wp\/v2\/posts"}],"about":[{"href":"https:\/\/www.autonom.ro\/blog\/wp-json\/wp\/v2\/types\/post"}],"author":[{"embeddable":true,"href":"https:\/\/www.autonom.ro\/blog\/wp-json\/wp\/v2\/users\/5"}],"replies":[{"embeddable":true,"href":"https:\/\/www.autonom.ro\/blog\/wp-json\/wp\/v2\/comments?post=6464"}],"version-history":[{"count":4,"href":"https:\/\/www.autonom.ro\/blog\/wp-json\/wp\/v2\/posts\/6464\/revisions"}],"predecessor-version":[{"id":6470,"href":"https:\/\/www.autonom.ro\/blog\/wp-json\/wp\/v2\/posts\/6464\/revisions\/6470"}],"wp:featuredmedia":[{"embeddable":true,"href":"https:\/\/www.autonom.ro\/blog\/wp-json\/wp\/v2\/media\/6467"}],"wp:attachment":[{"href":"https:\/\/www.autonom.ro\/blog\/wp-json\/wp\/v2\/media?parent=6464"}],"wp:term":[{"taxonomy":"category","embeddable":true,"href":"https:\/\/www.autonom.ro\/blog\/wp-json\/wp\/v2\/categories?post=6464"},{"taxonomy":"post_tag","embeddable":true,"href":"https:\/\/www.autonom.ro\/blog\/wp-json\/wp\/v2\/tags?post=6464"}],"curies":[{"name":"wp","href":"https:\/\/api.w.org\/{rel}","templated":true}]}}