{"id":6525,"date":"2023-06-23T10:35:55","date_gmt":"2023-06-23T07:35:55","guid":{"rendered":"https:\/\/www.autonom.ro\/blog\/?p=6525"},"modified":"2023-06-23T10:48:24","modified_gmt":"2023-06-23T07:48:24","slug":"learning-tip-of-the-week-31-despre-interes-personal-vs-colectiv","status":"publish","type":"post","link":"https:\/\/www.autonom.ro\/blog\/learning-tip-of-the-week-31-despre-interes-personal-vs-colectiv\/","title":{"rendered":"Despre interes personal vs colectiv #31"},"content":{"rendered":"\n<p><strong><mark style=\"background-color:rgba(0, 0, 0, 0)\" class=\"has-inline-color has-blue-one-color\">Salutare,<\/mark><\/strong><\/p>\n\n\n\n<p>\u00cen episodul de ast\u0103zi discut\u0103m despre rolul sentimentelor morale \u00een exprimarea atitudinilor, despre biasuri cognitive \u0219i modalitatea \u00een care lu\u0103m decizii atunci c\u00e2nd suntem pu\u0219i \u00een fa\u021ba unor riscuri.<\/p>\n\n\n\n<p>Toate acestea pot fi citite \u00een newsletterul nostru <a href=\"https:\/\/www.autonom.ro\/blog\/categorie\/learning-tip-of-the-week\/\" target=\"_blank\" rel=\"noreferrer noopener\"><em><strong><mark style=\"background-color:rgba(0, 0, 0, 0)\" class=\"has-inline-color has-blue-one-color\">Learning Tip of The Week<\/mark><\/strong><\/em><\/a>, la care v\u0103 invit\u0103m s\u0103 v\u0103 abona\u021bi fie pe platforma <a href=\"https:\/\/www.linkedin.com\/build-relation\/newsletter-follow?entityUrn=7039697296023769088\" target=\"_blank\" rel=\"noreferrer noopener\"><em><strong><mark style=\"background-color:rgba(0, 0, 0, 0)\" class=\"has-inline-color has-blue-one-color\">LinkedIn<\/mark><\/strong><\/em><\/a>, fie acces\u00e2nd pagina de mai jos:<\/p>\n\n\n\n<div class=\"wp-block-buttons is-content-justification-center is-layout-flex wp-container-core-buttons-is-layout-16018d1d wp-block-buttons-is-layout-flex\">\n<div class=\"wp-block-button is-style-outline is-style-outline--1\"><a class=\"wp-block-button__link has-blue-one-color has-very-light-gray-background-color has-text-color has-background has-text-align-center wp-element-button\" href=\"https:\/\/autonom.us20.list-manage.com\/subscribe?u=446e96132d5404e2bf57a487c&amp;id=e8383abe98\" target=\"_blank\" rel=\"noreferrer noopener\"><strong>Abonare Newsletter<\/strong><\/a><\/div>\n<\/div>\n\n\n\n<hr class=\"wp-block-separator aligncenter has-text-color has-pale-cyan-blue-color has-alpha-channel-opacity has-pale-cyan-blue-background-color has-background is-style-default\"\/>\n\n\n\n<h2 class=\"wp-block-heading has-text-align-center\"><strong><em><mark style=\"background-color:rgba(0, 0, 0, 0)\" class=\"has-inline-color has-blue-one-color\">#evolutionjourney by Trend Consult<\/mark><\/em><\/strong><\/h2>\n\n\n<div class=\"wp-block-image\">\n<figure class=\"aligncenter size-full is-resized\"><img decoding=\"async\" src=\"https:\/\/www.autonom.ro\/blog\/wp-content\/uploads\/2023\/06\/Anastasia-Roncea-Content-Manager-Trend-Consult.jpg\" alt=\"Anastasia Roncea - Content Manager - Trend Consult\" class=\"wp-image-6528\" width=\"600\" srcset=\"https:\/\/www.autonom.ro\/blog\/wp-content\/uploads\/2023\/06\/Anastasia-Roncea-Content-Manager-Trend-Consult.jpg 1250w, https:\/\/www.autonom.ro\/blog\/wp-content\/uploads\/2023\/06\/Anastasia-Roncea-Content-Manager-Trend-Consult-300x175.jpg 300w, https:\/\/www.autonom.ro\/blog\/wp-content\/uploads\/2023\/06\/Anastasia-Roncea-Content-Manager-Trend-Consult-1024x597.jpg 1024w, https:\/\/www.autonom.ro\/blog\/wp-content\/uploads\/2023\/06\/Anastasia-Roncea-Content-Manager-Trend-Consult-768x448.jpg 768w\" sizes=\"(max-width: 1250px) 100vw, 1250px\" \/><\/figure>\n<\/div>\n\n\n<p>Dansul dintre interesul propriu \u0219i cooperare, un text preg\u0103tit de <strong><mark style=\"background-color:rgba(0, 0, 0, 0)\" class=\"has-inline-color has-blue-one-color\"><a href=\"https:\/\/www.linkedin.com\/in\/anastasia-roncea-9b462a1a5\/\" target=\"_blank\" rel=\"noreferrer noopener\">Anastasia Roncea<\/a><\/mark><\/strong>, Content Manager.<\/p>\n\n\n\n<blockquote class=\"wp-block-quote is-layout-flow wp-block-quote-is-layout-flow\">\n<p>Imagineaz\u0103-\u021bi c\u0103 ai comis o infrac\u021biune, iar tu \u0219i complicele t\u0103u sunte\u021bi prizonieri \u0219i nu ave\u021bi niciun mijloc de comunicare \u00eentre voi. Exist\u0103 dovezi prezumtive pentru infrac\u021biunea pe care a\u021bi s\u0103v\u00e2r\u0219it-o, \u00eens\u0103 nu sunt suficiente pentru a v\u0103 incrimina. Pedeapsa maxim\u0103 este de 1 an, \u00eens\u0103 vi se face o propunere: dac\u0103 \u00ee\u021bi incriminezi partenerul, el prime\u0219te o sentin\u021b\u0103 de 3 ani \u0219i tu e\u0219ti liber (\u0219i viceversa). Dac\u0103 \u00een schimb v\u0103 incrimina\u021bi am\u00e2ndoi, primi\u021bi fiecare c\u00e2te 2 ani. Exist\u0103 a\u0219adar 4 scenarii posibile:<\/p>\n\n\n\n<p><mark style=\"background-color:rgba(0, 0, 0, 0)\" class=\"has-inline-color has-blue-one-color\"><em><img loading=\"lazy\" decoding=\"async\" width=\"30\" height=\"30\" class=\"wp-image-5902\" style=\"width: 30px;\" src=\"https:\/\/www.autonom.ro\/blog\/wp-content\/uploads\/2023\/03\/newsletter-elements_1-albastru-inchis.png\" alt=\"\" srcset=\"https:\/\/www.autonom.ro\/blog\/wp-content\/uploads\/2023\/03\/newsletter-elements_1-albastru-inchis.png 163w, https:\/\/www.autonom.ro\/blog\/wp-content\/uploads\/2023\/03\/newsletter-elements_1-albastru-inchis-150x150.png 150w, https:\/\/www.autonom.ro\/blog\/wp-content\/uploads\/2023\/03\/newsletter-elements_1-albastru-inchis-100x100.png 100w\" sizes=\"auto, (max-width: 30px) 100vw, 30px\" \/> <strong>Tu \u0219i complicele nu m\u0103rturisi\u021bi &#8211; 1 an fiecare<\/strong><\/em><\/mark><\/p>\n\n\n\n<p><strong><em><mark style=\"background-color:rgba(0, 0, 0, 0)\" class=\"has-inline-color has-blue-one-color\"><img loading=\"lazy\" decoding=\"async\" width=\"30\" height=\"30\" class=\"wp-image-5916\" style=\"width: 30px;\" src=\"https:\/\/www.autonom.ro\/blog\/wp-content\/uploads\/2023\/03\/newsletter-elements_2-albastru-inchis.png\" alt=\"\" srcset=\"https:\/\/www.autonom.ro\/blog\/wp-content\/uploads\/2023\/03\/newsletter-elements_2-albastru-inchis.png 163w, https:\/\/www.autonom.ro\/blog\/wp-content\/uploads\/2023\/03\/newsletter-elements_2-albastru-inchis-150x150.png 150w, https:\/\/www.autonom.ro\/blog\/wp-content\/uploads\/2023\/03\/newsletter-elements_2-albastru-inchis-100x100.png 100w\" sizes=\"auto, (max-width: 30px) 100vw, 30px\" \/> Tu incriminezi complicele &#8211; 3 ani el, tu e\u0219ti liber<\/mark><\/em><\/strong><\/p>\n\n\n\n<p><strong><em><mark style=\"background-color:rgba(0, 0, 0, 0)\" class=\"has-inline-color has-blue-one-color\"><img loading=\"lazy\" decoding=\"async\" width=\"30\" height=\"30\" class=\"wp-image-5917\" style=\"width: 30px;\" src=\"https:\/\/www.autonom.ro\/blog\/wp-content\/uploads\/2023\/03\/newsletter-elements_3-albastru-inchis.png\" alt=\"\" srcset=\"https:\/\/www.autonom.ro\/blog\/wp-content\/uploads\/2023\/03\/newsletter-elements_3-albastru-inchis.png 163w, https:\/\/www.autonom.ro\/blog\/wp-content\/uploads\/2023\/03\/newsletter-elements_3-albastru-inchis-150x150.png 150w, https:\/\/www.autonom.ro\/blog\/wp-content\/uploads\/2023\/03\/newsletter-elements_3-albastru-inchis-100x100.png 100w\" sizes=\"auto, (max-width: 30px) 100vw, 30px\" \/> Complicele te incrimineaz\u0103 pe tine &#8211; 3 ani pentru tine, el este liber<\/mark><\/em><\/strong><\/p>\n\n\n\n<p><strong><em><mark style=\"background-color:rgba(0, 0, 0, 0)\" class=\"has-inline-color has-blue-one-color\"><img loading=\"lazy\" decoding=\"async\" width=\"30\" height=\"30\" class=\"wp-image-6044\" style=\"width: 30px;\" src=\"https:\/\/www.autonom.ro\/blog\/wp-content\/uploads\/2022\/12\/newsletter-elements_4-albastru-inchis.png\" alt=\"\" srcset=\"https:\/\/www.autonom.ro\/blog\/wp-content\/uploads\/2022\/12\/newsletter-elements_4-albastru-inchis.png 163w, https:\/\/www.autonom.ro\/blog\/wp-content\/uploads\/2022\/12\/newsletter-elements_4-albastru-inchis-150x150.png 150w, https:\/\/www.autonom.ro\/blog\/wp-content\/uploads\/2022\/12\/newsletter-elements_4-albastru-inchis-100x100.png 100w\" sizes=\"auto, (max-width: 30px) 100vw, 30px\" \/> V\u0103 incrimina\u021bi am\u00e2ndoi unul pe cel\u0103lalt &#8211; 2 ani fiecare<\/mark><\/em><\/strong><\/p>\n\n\n\n<p>Ce faci, cooperezi sau nu cu complicele t\u0103u?<\/p>\n\n\n\n<p>Dac\u0103 l-am \u00eentreba pe Adam Smith, p\u0103rintele economiei moderne, ne-ar spune c\u0103 alegerea ar fi c\u00e2nt\u0103rit\u0103 cel mai probabil ra\u021bional \u0219i din perspectiva interesului propriu, iar decizia ar fi de-al incrimina pe partener: Dac\u0103 complicele meu m\u0103 incrimineaz\u0103, \u00eemi reduc pedeapsa de la 3 ani la 2 dac\u0103 incriminez \u0219i eu. Dac\u0103 nu m\u0103 incrimineaz\u0103, eu voi fi liber. Este o decizie bazat\u0103 pe un principiu numit sure-thing: decizia cea mai bun\u0103 este cea care \u00eel avantajeaz\u0103 pe decident indiferent de strategia aleas\u0103 de complice.<\/p>\n\n\n\n<p>Dilema Prizonierului mai sus prezentat\u0103 ne ofer\u0103 \u00eens\u0103 un cadru care ilustreaz\u0103 elegant cum deciziile bazate pe interesul propriu pot conduce \u00eentr-un final la un rezultat care nu este cel optim: dac\u0103 ambii ar alege cooperarea, suma total\u0103 a anilor petrecu\u021bi \u00een \u00eenchisoare ar fi de 2 ani (1 de fiecare), mai mic\u0103 dec\u00e2t oricare dintre celelalte variante (cu suma total\u0103 de 3 sau 4 ani). Aceasta a fost pe scurt o dilem\u0103 social\u0103 din Teoria Jocurilor: un exerci\u021biu de imagina\u021bie care presupune jocuri \u00eentre dou\u0103 persoane \u0219i care arat\u0103 cum deciziile ra\u021bionale individuale (cele care urm\u0103resc interesul propriu) pot duce la rezultate colective nu tocmai ideale. Dilema Prizonierului, ca experiment, este un scenariu prin care treci o singur\u0103 dat\u0103. \u00cen via\u021ba real\u0103 \u00eens\u0103 lu\u0103m zilnic astfel de decizii \u0219i exist\u0103 multe alte variabile care adaug\u0103 complexitate scenariului. Odat\u0103 cu aceast\u0103 repeti\u021bie a deciziilor, oamenii \u00eenva\u021b\u0103 s\u0103 prezic\u0103 comportamentele celorlal\u021bi; \u00eenva\u021b\u0103 din gre\u0219eli \u0219i din rezultatele care nu sunt cele optime. \u00cenva\u021b\u0103 cum \u0219i c\u00e2t\u0103 \u00eencredere s\u0103 acorde celorlal\u021bi.<\/p>\n\n\n\n<p>Organiza\u021biile \u00een care lucr\u0103m implementeaz\u0103 politici, procese, reguli care s\u0103 sus\u021bin\u0103 binele comun. Pe h\u00e2rtie totul poate s\u0103 par\u0103 c\u0103 duce la un rezultat optim pentru organiza\u021bie \u0219i pentru oameni. Cooperarea \u00eens\u0103 nu este atins\u0103 prin ceea ce spun h\u00e2rtiile, ci prin comportamentele oamenilor care decid dac\u0103 \u0219i c\u00e2t\u0103 \u00eencredere s\u0103 acorde. Iar \u00eencrederea \u0219i reciprocitatea sunt construite prin cultur\u0103, prin acele comportamente repetate care devin norm\u0103. Adic\u0103 prin obiceiurile oamenilor din organiza\u021bie.<\/p>\n<\/blockquote>\n\n\n\n<hr class=\"wp-block-separator has-text-color has-alpha-channel-opacity has-background is-style-default\" style=\"background-color:#b8d7f1;color:#b8d7f1\"\/>\n\n\n\n<h2 class=\"wp-block-heading has-text-align-center\"><strong><em><mark style=\"background-color:rgba(0, 0, 0, 0)\" class=\"has-inline-color has-blue-one-color\">#DozaDeLectur\u0103<\/mark><\/em><\/strong><\/h2>\n\n\n\n<div class=\"wp-block-media-text alignwide is-stacked-on-mobile\" style=\"grid-template-columns:20% auto\"><figure class=\"wp-block-media-text__media\"><img loading=\"lazy\" decoding=\"async\" width=\"433\" height=\"570\" src=\"https:\/\/www.autonom.ro\/blog\/wp-content\/uploads\/2023\/06\/Adam-Smith-Teoria-Sentimentelor-Morale-Editura-Publica.jpg\" alt=\"\" class=\"wp-image-6530 size-full\" srcset=\"https:\/\/www.autonom.ro\/blog\/wp-content\/uploads\/2023\/06\/Adam-Smith-Teoria-Sentimentelor-Morale-Editura-Publica.jpg 433w, https:\/\/www.autonom.ro\/blog\/wp-content\/uploads\/2023\/06\/Adam-Smith-Teoria-Sentimentelor-Morale-Editura-Publica-228x300.jpg 228w\" sizes=\"auto, (max-width: 433px) 100vw, 433px\" \/><\/figure><div class=\"wp-block-media-text__content\">\n<p>V\u0103 propunem una din c\u0103r\u021bile de \u00eenceput ale lui <strong><mark style=\"background-color:rgba(0, 0, 0, 0)\" class=\"has-inline-color has-purple-color\">Adam Smith<\/mark><\/strong>, <strong><em><mark style=\"background-color:rgba(0, 0, 0, 0)\" class=\"has-inline-color has-purple-color\">Teoria sentimentelor morale<\/mark><\/em><\/strong>, \u00een care acesta exploreaz\u0103 sentimentul de responsabilitate al omului binevoitor, riscul \u0219i recompensa, dezvolt\u00e2nd teorii inovatoare cu privire la consecin\u021be \u0219i ce produce comportamentul moral al oamenilor.<\/p>\n<\/div><\/div>\n\n\n\n<p>Autorul se \u00eentreab\u0103 de fapt cum pot oamenii emite judec\u0103\u021bi morale, \u00een special asupra propriei lor persoane \u0219i cum pot reflecta asupra naturii sursei comportamentului corect. Ulterior va dezvolta tema acestor mecanisme autoreglatoare, dar la nivel economic \u00een Avu\u021bia Na\u021biunilor.<\/p>\n\n\n\n<p><img loading=\"lazy\" decoding=\"async\" width=\"30\" height=\"30\" class=\"wp-image-5920\" style=\"width: 30px;\" src=\"https:\/\/www.autonom.ro\/blog\/wp-content\/uploads\/2023\/03\/newsletter-elements_1-mov.png\" alt=\"\" srcset=\"https:\/\/www.autonom.ro\/blog\/wp-content\/uploads\/2023\/03\/newsletter-elements_1-mov.png 163w, https:\/\/www.autonom.ro\/blog\/wp-content\/uploads\/2023\/03\/newsletter-elements_1-mov-150x150.png 150w, https:\/\/www.autonom.ro\/blog\/wp-content\/uploads\/2023\/03\/newsletter-elements_1-mov-100x100.png 100w\" sizes=\"auto, (max-width: 30px) 100vw, 30px\" \/> <strong><mark style=\"background-color:rgba(0, 0, 0, 0)\" class=\"has-inline-color has-purple-color\">Exist\u0103 dou\u0103 seturi de virtu\u021bi: cele economice centrate pe propria persoan\u0103 \u0219i cele care sunt virtu\u021bile primare sau nobile. <\/mark><\/strong>Astfel, din prima categorie fac parte pruden\u021ba, justi\u021bia, egoismul , afacerile \u0219i fidelitatea. Din a doua categorie fac parte generozitatea, bun\u0103voin\u021ba, recuno\u0219tin\u021b\u0103, compasiunea, bun\u0103tatea, mila, prietenia \u0219i dragostea. Iar \u00eentre cele dou\u0103 virtu\u021bi este necesar s\u0103 existe armonie.<\/p>\n\n\n\n<p><img loading=\"lazy\" decoding=\"async\" width=\"30\" height=\"30\" class=\"wp-image-5921\" style=\"width: 30px;\" src=\"https:\/\/www.autonom.ro\/blog\/wp-content\/uploads\/2023\/03\/newsletter-elements_2-mov.png\" alt=\"\" srcset=\"https:\/\/www.autonom.ro\/blog\/wp-content\/uploads\/2023\/03\/newsletter-elements_2-mov.png 163w, https:\/\/www.autonom.ro\/blog\/wp-content\/uploads\/2023\/03\/newsletter-elements_2-mov-150x150.png 150w, https:\/\/www.autonom.ro\/blog\/wp-content\/uploads\/2023\/03\/newsletter-elements_2-mov-100x100.png 100w\" sizes=\"auto, (max-width: 30px) 100vw, 30px\" \/> <strong><mark style=\"background-color:rgba(0, 0, 0, 0)\" class=\"has-inline-color has-purple-color\">Omul este o creatur\u0103 social\u0103 care achizi\u021bioneaz\u0103 un cod moral prin intermediul experien\u021belor originale cu cei din jurul s\u0103u.<\/mark><\/strong> Potrivit autorului, omul este o fiin\u021b\u0103 ce, pentru a fi fericit\u0103, are nevoie de aprecierea celorlal\u021bi, \u00een plus fa\u021b\u0103 de autoapreciere. Moralitatea se \u00eentemeiaz\u0103 pe simpatie, pe \u00eenclinarea fireasc\u0103 a omului c\u00e3tre semeni. Simpatia dintre oameni este facultatea operativ\u0103 \u00een determinarea propriet\u0103\u021bii morale. \u00cenclina\u021bia fiec\u0103rei persoane pentru interac\u021biunea simpatetic\u0103 \u00eei permite s\u0103 interac\u021bioneze cu pasiunile \u0219i sentimentele altora, determin\u00e2nd-o s\u0103 experimenteze acelea\u0219i pasiuni \u0219i \u00eenclina\u021bii.<\/p>\n\n\n\n<p><img loading=\"lazy\" decoding=\"async\" width=\"30\" height=\"30\" class=\"wp-image-5922\" style=\"width: 30px;\" src=\"https:\/\/www.autonom.ro\/blog\/wp-content\/uploads\/2023\/03\/newsletter-elements_3-mov.png\" alt=\"\" srcset=\"https:\/\/www.autonom.ro\/blog\/wp-content\/uploads\/2023\/03\/newsletter-elements_3-mov.png 163w, https:\/\/www.autonom.ro\/blog\/wp-content\/uploads\/2023\/03\/newsletter-elements_3-mov-150x150.png 150w, https:\/\/www.autonom.ro\/blog\/wp-content\/uploads\/2023\/03\/newsletter-elements_3-mov-100x100.png 100w\" sizes=\"auto, (max-width: 30px) 100vw, 30px\" \/> <strong><mark style=\"background-color:rgba(0, 0, 0, 0)\" class=\"has-inline-color has-purple-color\">Cel mai virtuos om este cel condus de autocontrol.<\/mark><\/strong> Acest control de sine, fire\u0219te, implic\u00e3 capacitatea de realizare a dorin\u021belor personale, dar o capacitate atenuat\u00e3, pentru c\u00e3 omul smithian nu poate alege dec\u00e2t dintre sentimentele pe care le experimenteaz\u00e3. Cel mai mare beneficiu pentru toat\u0103 lumea este realizat atunci c\u00e2nd indivizii ac\u021bioneaz\u0103 astfel \u00eenc\u00e2t s\u0103 \u00ee\u0219i satisfac\u0103 propriul interes.<\/p>\n\n\n\n<hr class=\"wp-block-separator has-text-color has-alpha-channel-opacity has-background is-style-default\" style=\"background-color:#b8d7f1;color:#b8d7f1\"\/>\n\n\n\n<h2 class=\"wp-block-heading has-text-align-center\"><strong><em><mark style=\"background-color:rgba(0, 0, 0, 0)\" class=\"has-inline-color has-blue-one-color\">#\u00centreb\u0103riCuSens din Jocul Autonom<\/mark><\/em><\/strong><\/h2>\n\n\n\n<p class=\"has-text-align-center\"><strong><em><mark style=\"background-color:rgba(0, 0, 0, 0)\" class=\"has-inline-color has-blue-two-color\">Care este cel mai valoros lucru pe care po\u021bi sa \u00eel oferi?<\/mark><\/em><\/strong><\/p>\n\n\n\n<hr class=\"wp-block-separator has-text-color has-alpha-channel-opacity has-background is-style-default\" style=\"background-color:#b8d7f1;color:#b8d7f1\"\/>\n\n\n\n<h2 class=\"wp-block-heading has-text-align-center\"><strong><em><mark style=\"background-color:rgba(0, 0, 0, 0)\" class=\"has-inline-color has-blue-one-color\">#DeAscultat<\/mark><\/em><\/strong><\/h2>\n\n\n\n<p>V\u0103 invit\u0103m s\u0103 asculta\u021bi <strong><mark style=\"background-color:rgba(0, 0, 0, 0)\" class=\"has-inline-color has-blue-one-color\">ReThinking<\/mark><\/strong> cu <strong><mark style=\"background-color:rgba(0, 0, 0, 0)\" class=\"has-inline-color has-blue-one-color\">Adam Grant<\/mark><\/strong> \u0219i episodul \u00een care \u00eel are invitat pe <strong><mark style=\"background-color:rgba(0, 0, 0, 0)\" class=\"has-inline-color has-blue-one-color\">Daniel Kahneman<\/mark><\/strong>.<\/p>\n\n\n<div class=\"wp-block-image\">\n<figure class=\"aligncenter size-full is-resized\"><img decoding=\"async\" src=\"https:\/\/www.autonom.ro\/blog\/wp-content\/uploads\/2023\/06\/Podcast-ReThinking-cu-Adam-Grant-scaled.jpg\" alt=\"Podcast ReThinking cu Adam Grant\" class=\"wp-image-6531\" width=\"600\" srcset=\"https:\/\/www.autonom.ro\/blog\/wp-content\/uploads\/2023\/06\/Podcast-ReThinking-cu-Adam-Grant-scaled.jpg 2560w, https:\/\/www.autonom.ro\/blog\/wp-content\/uploads\/2023\/06\/Podcast-ReThinking-cu-Adam-Grant-300x169.jpg 300w, https:\/\/www.autonom.ro\/blog\/wp-content\/uploads\/2023\/06\/Podcast-ReThinking-cu-Adam-Grant-1024x576.jpg 1024w, https:\/\/www.autonom.ro\/blog\/wp-content\/uploads\/2023\/06\/Podcast-ReThinking-cu-Adam-Grant-768x432.jpg 768w, https:\/\/www.autonom.ro\/blog\/wp-content\/uploads\/2023\/06\/Podcast-ReThinking-cu-Adam-Grant-1536x864.jpg 1536w, https:\/\/www.autonom.ro\/blog\/wp-content\/uploads\/2023\/06\/Podcast-ReThinking-cu-Adam-Grant-2048x1152.jpg 2048w\" sizes=\"(max-width: 2560px) 100vw, 2560px\" \/><\/figure>\n<\/div>\n\n\n<div class=\"wp-block-buttons is-content-justification-center is-layout-flex wp-container-core-buttons-is-layout-16018d1d wp-block-buttons-is-layout-flex\">\n<div class=\"wp-block-button\"><a class=\"wp-block-button__link has-white-color has-text-color has-background wp-element-button\" href=\"\" style=\"background-color:#872ec4\" target=\"_blank\" rel=\"noreferrer noopener\"><strong>Apple Podcasts<\/strong><\/a><\/div>\n\n\n\n<div class=\"wp-block-button\"><a class=\"wp-block-button__link has-white-color has-text-color has-background wp-element-button\" href=\"\" style=\"background-color:#1db954\" target=\"_blank\" rel=\"noreferrer noopener\"><strong>Spotify<\/strong><\/a><\/div>\n<\/div>\n\n\n\n<hr class=\"wp-block-separator has-text-color has-alpha-channel-opacity has-background is-style-default\" style=\"background-color:#b8d7f1;color:#b8d7f1\"\/>\n\n\n\n<p class=\"has-text-align-center\"><strong><em><mark style=\"background-color:rgba(0, 0, 0, 0)\" class=\"has-inline-color has-blue-one-color\">Pe data viitoare!<\/mark><\/em><\/strong><\/p>\n","protected":false},"excerpt":{"rendered":"<p>Salutare, \u00cen episodul de ast\u0103zi discut\u0103m despre rolul sentimentelor morale \u00een exprimarea atitudinilor, despre biasuri cognitive \u0219i modalitatea \u00een care lu\u0103m decizii atunci c\u00e2nd suntem pu\u0219i \u00een fa\u021ba unor riscuri. Toate acestea pot fi citite \u00een newsletterul nostru Learning Tip of The Week, la care v\u0103 invit\u0103m s\u0103 v\u0103 abona\u021bi fie pe platforma LinkedIn, fie [&hellip;]<\/p>\n","protected":false},"author":4,"featured_media":6006,"comment_status":"closed","ping_status":"closed","sticky":false,"template":"","format":"standard","meta":{"inline_featured_image":false,"footnotes":""},"categories":[1923],"tags":[],"class_list":["post-6525","post","type-post","status-publish","format-standard","has-post-thumbnail","hentry","category-learning-tip-of-the-week"],"yoast_head":"<!-- This site is optimized with the Yoast SEO plugin v27.3 - https:\/\/yoast.com\/product\/yoast-seo-wordpress\/ -->\n<title>Despre interes personal vs colectiv #31 - Blog Autonom<\/title>\n<meta name=\"robots\" content=\"index, follow, max-snippet:-1, max-image-preview:large, max-video-preview:-1\" \/>\n<link rel=\"canonical\" href=\"https:\/\/www.autonom.ro\/blog\/learning-tip-of-the-week-31-despre-interes-personal-vs-colectiv\/\" \/>\n<meta property=\"og:locale\" content=\"ro_RO\" \/>\n<meta property=\"og:type\" content=\"article\" \/>\n<meta property=\"og:title\" content=\"Learning Tip of the Week powered by Autonom\" \/>\n<meta property=\"og:description\" content=\"Despre interes personal vs colectiv #31 \u00cen episodul de ast\u0103zi discut\u0103m despre rolul sentimentelor morale \u00een exprimarea atitudinilor, despre biasuri cognitive \u0219i modalitatea \u00een care lu\u0103m decizii atunci c\u00e2nd suntem pu\u0219i \u00een fa\u021ba unor riscuri.\" \/>\n<meta property=\"og:url\" content=\"https:\/\/www.autonom.ro\/blog\/learning-tip-of-the-week-31-despre-interes-personal-vs-colectiv\/\" \/>\n<meta property=\"og:site_name\" content=\"Blog Autonom\" \/>\n<meta property=\"article:publisher\" content=\"https:\/\/www.facebook.com\/AutonomRomania\/\" \/>\n<meta property=\"article:published_time\" content=\"2023-06-23T07:35:55+00:00\" \/>\n<meta property=\"article:modified_time\" content=\"2023-06-23T07:48:24+00:00\" \/>\n<meta property=\"og:image\" content=\"https:\/\/www.autonom.ro\/blog\/wp-content\/uploads\/2022\/11\/newsletter-elements_Social-Card.jpg\" \/>\n\t<meta property=\"og:image:width\" content=\"1200\" \/>\n\t<meta property=\"og:image:height\" content=\"630\" \/>\n\t<meta property=\"og:image:type\" content=\"image\/jpeg\" \/>\n<meta name=\"author\" content=\"Sorina Volerat\" \/>\n<meta name=\"twitter:card\" content=\"summary_large_image\" \/>\n<meta name=\"twitter:label1\" content=\"Scris de\" \/>\n\t<meta name=\"twitter:data1\" content=\"Sorina Volerat\" \/>\n\t<meta name=\"twitter:label2\" content=\"Timp estimat pentru citire\" \/>\n\t<meta name=\"twitter:data2\" content=\"7 minute\" \/>\n<script type=\"application\/ld+json\" class=\"yoast-schema-graph\">{\"@context\":\"https:\\\/\\\/schema.org\",\"@graph\":[{\"@type\":\"Article\",\"@id\":\"https:\\\/\\\/www.autonom.ro\\\/blog\\\/learning-tip-of-the-week-31-despre-interes-personal-vs-colectiv\\\/#article\",\"isPartOf\":{\"@id\":\"https:\\\/\\\/www.autonom.ro\\\/blog\\\/learning-tip-of-the-week-31-despre-interes-personal-vs-colectiv\\\/\"},\"author\":{\"name\":\"Sorina Volerat\",\"@id\":\"https:\\\/\\\/www.autonom.ro\\\/blog\\\/#\\\/schema\\\/person\\\/969476990feb32c04946c9f242c3210e\"},\"headline\":\"Despre interes personal vs colectiv #31\",\"datePublished\":\"2023-06-23T07:35:55+00:00\",\"dateModified\":\"2023-06-23T07:48:24+00:00\",\"mainEntityOfPage\":{\"@id\":\"https:\\\/\\\/www.autonom.ro\\\/blog\\\/learning-tip-of-the-week-31-despre-interes-personal-vs-colectiv\\\/\"},\"wordCount\":953,\"publisher\":{\"@id\":\"https:\\\/\\\/www.autonom.ro\\\/blog\\\/#organization\"},\"image\":{\"@id\":\"https:\\\/\\\/www.autonom.ro\\\/blog\\\/learning-tip-of-the-week-31-despre-interes-personal-vs-colectiv\\\/#primaryimage\"},\"thumbnailUrl\":\"https:\\\/\\\/www.autonom.ro\\\/blog\\\/wp-content\\\/uploads\\\/2022\\\/11\\\/newsletter-elements_Social-Card.jpg\",\"articleSection\":[\"Learning Tip of the Week\"],\"inLanguage\":\"ro-RO\"},{\"@type\":\"WebPage\",\"@id\":\"https:\\\/\\\/www.autonom.ro\\\/blog\\\/learning-tip-of-the-week-31-despre-interes-personal-vs-colectiv\\\/\",\"url\":\"https:\\\/\\\/www.autonom.ro\\\/blog\\\/learning-tip-of-the-week-31-despre-interes-personal-vs-colectiv\\\/\",\"name\":\"Despre interes personal vs colectiv #31 - Blog Autonom\",\"isPartOf\":{\"@id\":\"https:\\\/\\\/www.autonom.ro\\\/blog\\\/#website\"},\"primaryImageOfPage\":{\"@id\":\"https:\\\/\\\/www.autonom.ro\\\/blog\\\/learning-tip-of-the-week-31-despre-interes-personal-vs-colectiv\\\/#primaryimage\"},\"image\":{\"@id\":\"https:\\\/\\\/www.autonom.ro\\\/blog\\\/learning-tip-of-the-week-31-despre-interes-personal-vs-colectiv\\\/#primaryimage\"},\"thumbnailUrl\":\"https:\\\/\\\/www.autonom.ro\\\/blog\\\/wp-content\\\/uploads\\\/2022\\\/11\\\/newsletter-elements_Social-Card.jpg\",\"datePublished\":\"2023-06-23T07:35:55+00:00\",\"dateModified\":\"2023-06-23T07:48:24+00:00\",\"breadcrumb\":{\"@id\":\"https:\\\/\\\/www.autonom.ro\\\/blog\\\/learning-tip-of-the-week-31-despre-interes-personal-vs-colectiv\\\/#breadcrumb\"},\"inLanguage\":\"ro-RO\",\"potentialAction\":[{\"@type\":\"ReadAction\",\"target\":[\"https:\\\/\\\/www.autonom.ro\\\/blog\\\/learning-tip-of-the-week-31-despre-interes-personal-vs-colectiv\\\/\"]}]},{\"@type\":\"ImageObject\",\"inLanguage\":\"ro-RO\",\"@id\":\"https:\\\/\\\/www.autonom.ro\\\/blog\\\/learning-tip-of-the-week-31-despre-interes-personal-vs-colectiv\\\/#primaryimage\",\"url\":\"https:\\\/\\\/www.autonom.ro\\\/blog\\\/wp-content\\\/uploads\\\/2022\\\/11\\\/newsletter-elements_Social-Card.jpg\",\"contentUrl\":\"https:\\\/\\\/www.autonom.ro\\\/blog\\\/wp-content\\\/uploads\\\/2022\\\/11\\\/newsletter-elements_Social-Card.jpg\",\"width\":1200,\"height\":630,\"caption\":\"Dup\u0103 o scurt\u0103 pauz\u0103 am revenit cu recomand\u0103rile de resurse de \u00eenv\u0103\u021bare.\"},{\"@type\":\"BreadcrumbList\",\"@id\":\"https:\\\/\\\/www.autonom.ro\\\/blog\\\/learning-tip-of-the-week-31-despre-interes-personal-vs-colectiv\\\/#breadcrumb\",\"itemListElement\":[{\"@type\":\"ListItem\",\"position\":1,\"name\":\"Prima pagin\u0103\",\"item\":\"https:\\\/\\\/www.autonom.ro\\\/blog\\\/\"},{\"@type\":\"ListItem\",\"position\":2,\"name\":\"Despre interes personal vs colectiv #31\"}]},{\"@type\":\"WebSite\",\"@id\":\"https:\\\/\\\/www.autonom.ro\\\/blog\\\/#website\",\"url\":\"https:\\\/\\\/www.autonom.ro\\\/blog\\\/\",\"name\":\"Blog Autonom\",\"description\":\"\",\"publisher\":{\"@id\":\"https:\\\/\\\/www.autonom.ro\\\/blog\\\/#organization\"},\"potentialAction\":[{\"@type\":\"SearchAction\",\"target\":{\"@type\":\"EntryPoint\",\"urlTemplate\":\"https:\\\/\\\/www.autonom.ro\\\/blog\\\/?s={search_term_string}\"},\"query-input\":{\"@type\":\"PropertyValueSpecification\",\"valueRequired\":true,\"valueName\":\"search_term_string\"}}],\"inLanguage\":\"ro-RO\"},{\"@type\":\"Organization\",\"@id\":\"https:\\\/\\\/www.autonom.ro\\\/blog\\\/#organization\",\"name\":\"Blog Autonom\",\"url\":\"https:\\\/\\\/www.autonom.ro\\\/blog\\\/\",\"logo\":{\"@type\":\"ImageObject\",\"inLanguage\":\"ro-RO\",\"@id\":\"https:\\\/\\\/www.autonom.ro\\\/blog\\\/#\\\/schema\\\/logo\\\/image\\\/\",\"url\":\"https:\\\/\\\/www.autonom.ro\\\/blog\\\/wp-content\\\/uploads\\\/2020\\\/10\\\/cropped-Autonom_Corporate-Logo-Color-Orizontal-RGB.png\",\"contentUrl\":\"https:\\\/\\\/www.autonom.ro\\\/blog\\\/wp-content\\\/uploads\\\/2020\\\/10\\\/cropped-Autonom_Corporate-Logo-Color-Orizontal-RGB.png\",\"width\":724,\"height\":250,\"caption\":\"Blog Autonom\"},\"image\":{\"@id\":\"https:\\\/\\\/www.autonom.ro\\\/blog\\\/#\\\/schema\\\/logo\\\/image\\\/\"},\"sameAs\":[\"https:\\\/\\\/www.facebook.com\\\/AutonomRomania\\\/\",\"http:\\\/\\\/www.instagram.com\\\/autonom.romania\\\/\",\"https:\\\/\\\/www.linkedin.com\\\/company\\\/autonom-rent-a-car\"]},{\"@type\":\"Person\",\"@id\":\"https:\\\/\\\/www.autonom.ro\\\/blog\\\/#\\\/schema\\\/person\\\/969476990feb32c04946c9f242c3210e\",\"name\":\"Sorina Volerat\",\"image\":{\"@type\":\"ImageObject\",\"inLanguage\":\"ro-RO\",\"@id\":\"https:\\\/\\\/secure.gravatar.com\\\/avatar\\\/5221880dfa47580a11a0ddaf1f3f28ac8589c9aa842cf5defb698776cde8960a?s=96&d=mm&r=g\",\"url\":\"https:\\\/\\\/secure.gravatar.com\\\/avatar\\\/5221880dfa47580a11a0ddaf1f3f28ac8589c9aa842cf5defb698776cde8960a?s=96&d=mm&r=g\",\"contentUrl\":\"https:\\\/\\\/secure.gravatar.com\\\/avatar\\\/5221880dfa47580a11a0ddaf1f3f28ac8589c9aa842cf5defb698776cde8960a?s=96&d=mm&r=g\",\"caption\":\"Sorina Volerat\"},\"url\":\"https:\\\/\\\/www.autonom.ro\\\/blog\\\/author\\\/sorinavolerat\\\/\"}]}<\/script>\n<!-- \/ Yoast SEO plugin. -->","yoast_head_json":{"title":"Despre interes personal vs colectiv #31 - Blog Autonom","robots":{"index":"index","follow":"follow","max-snippet":"max-snippet:-1","max-image-preview":"max-image-preview:large","max-video-preview":"max-video-preview:-1"},"canonical":"https:\/\/www.autonom.ro\/blog\/learning-tip-of-the-week-31-despre-interes-personal-vs-colectiv\/","og_locale":"ro_RO","og_type":"article","og_title":"Learning Tip of the Week powered by Autonom","og_description":"Despre interes personal vs colectiv #31 \u00cen episodul de ast\u0103zi discut\u0103m despre rolul sentimentelor morale \u00een exprimarea atitudinilor, despre biasuri cognitive \u0219i modalitatea \u00een care lu\u0103m decizii atunci c\u00e2nd suntem pu\u0219i \u00een fa\u021ba unor riscuri.","og_url":"https:\/\/www.autonom.ro\/blog\/learning-tip-of-the-week-31-despre-interes-personal-vs-colectiv\/","og_site_name":"Blog Autonom","article_publisher":"https:\/\/www.facebook.com\/AutonomRomania\/","article_published_time":"2023-06-23T07:35:55+00:00","article_modified_time":"2023-06-23T07:48:24+00:00","og_image":[{"width":1200,"height":630,"url":"https:\/\/www.autonom.ro\/blog\/wp-content\/uploads\/2022\/11\/newsletter-elements_Social-Card.jpg","type":"image\/jpeg"}],"author":"Sorina Volerat","twitter_card":"summary_large_image","twitter_misc":{"Scris de":"Sorina Volerat","Timp estimat pentru citire":"7 minute"},"schema":{"@context":"https:\/\/schema.org","@graph":[{"@type":"Article","@id":"https:\/\/www.autonom.ro\/blog\/learning-tip-of-the-week-31-despre-interes-personal-vs-colectiv\/#article","isPartOf":{"@id":"https:\/\/www.autonom.ro\/blog\/learning-tip-of-the-week-31-despre-interes-personal-vs-colectiv\/"},"author":{"name":"Sorina Volerat","@id":"https:\/\/www.autonom.ro\/blog\/#\/schema\/person\/969476990feb32c04946c9f242c3210e"},"headline":"Despre interes personal vs colectiv #31","datePublished":"2023-06-23T07:35:55+00:00","dateModified":"2023-06-23T07:48:24+00:00","mainEntityOfPage":{"@id":"https:\/\/www.autonom.ro\/blog\/learning-tip-of-the-week-31-despre-interes-personal-vs-colectiv\/"},"wordCount":953,"publisher":{"@id":"https:\/\/www.autonom.ro\/blog\/#organization"},"image":{"@id":"https:\/\/www.autonom.ro\/blog\/learning-tip-of-the-week-31-despre-interes-personal-vs-colectiv\/#primaryimage"},"thumbnailUrl":"https:\/\/www.autonom.ro\/blog\/wp-content\/uploads\/2022\/11\/newsletter-elements_Social-Card.jpg","articleSection":["Learning Tip of the Week"],"inLanguage":"ro-RO"},{"@type":"WebPage","@id":"https:\/\/www.autonom.ro\/blog\/learning-tip-of-the-week-31-despre-interes-personal-vs-colectiv\/","url":"https:\/\/www.autonom.ro\/blog\/learning-tip-of-the-week-31-despre-interes-personal-vs-colectiv\/","name":"Despre interes personal vs colectiv #31 - Blog Autonom","isPartOf":{"@id":"https:\/\/www.autonom.ro\/blog\/#website"},"primaryImageOfPage":{"@id":"https:\/\/www.autonom.ro\/blog\/learning-tip-of-the-week-31-despre-interes-personal-vs-colectiv\/#primaryimage"},"image":{"@id":"https:\/\/www.autonom.ro\/blog\/learning-tip-of-the-week-31-despre-interes-personal-vs-colectiv\/#primaryimage"},"thumbnailUrl":"https:\/\/www.autonom.ro\/blog\/wp-content\/uploads\/2022\/11\/newsletter-elements_Social-Card.jpg","datePublished":"2023-06-23T07:35:55+00:00","dateModified":"2023-06-23T07:48:24+00:00","breadcrumb":{"@id":"https:\/\/www.autonom.ro\/blog\/learning-tip-of-the-week-31-despre-interes-personal-vs-colectiv\/#breadcrumb"},"inLanguage":"ro-RO","potentialAction":[{"@type":"ReadAction","target":["https:\/\/www.autonom.ro\/blog\/learning-tip-of-the-week-31-despre-interes-personal-vs-colectiv\/"]}]},{"@type":"ImageObject","inLanguage":"ro-RO","@id":"https:\/\/www.autonom.ro\/blog\/learning-tip-of-the-week-31-despre-interes-personal-vs-colectiv\/#primaryimage","url":"https:\/\/www.autonom.ro\/blog\/wp-content\/uploads\/2022\/11\/newsletter-elements_Social-Card.jpg","contentUrl":"https:\/\/www.autonom.ro\/blog\/wp-content\/uploads\/2022\/11\/newsletter-elements_Social-Card.jpg","width":1200,"height":630,"caption":"Dup\u0103 o scurt\u0103 pauz\u0103 am revenit cu recomand\u0103rile de resurse de \u00eenv\u0103\u021bare."},{"@type":"BreadcrumbList","@id":"https:\/\/www.autonom.ro\/blog\/learning-tip-of-the-week-31-despre-interes-personal-vs-colectiv\/#breadcrumb","itemListElement":[{"@type":"ListItem","position":1,"name":"Prima pagin\u0103","item":"https:\/\/www.autonom.ro\/blog\/"},{"@type":"ListItem","position":2,"name":"Despre interes personal vs colectiv #31"}]},{"@type":"WebSite","@id":"https:\/\/www.autonom.ro\/blog\/#website","url":"https:\/\/www.autonom.ro\/blog\/","name":"Blog Autonom","description":"","publisher":{"@id":"https:\/\/www.autonom.ro\/blog\/#organization"},"potentialAction":[{"@type":"SearchAction","target":{"@type":"EntryPoint","urlTemplate":"https:\/\/www.autonom.ro\/blog\/?s={search_term_string}"},"query-input":{"@type":"PropertyValueSpecification","valueRequired":true,"valueName":"search_term_string"}}],"inLanguage":"ro-RO"},{"@type":"Organization","@id":"https:\/\/www.autonom.ro\/blog\/#organization","name":"Blog Autonom","url":"https:\/\/www.autonom.ro\/blog\/","logo":{"@type":"ImageObject","inLanguage":"ro-RO","@id":"https:\/\/www.autonom.ro\/blog\/#\/schema\/logo\/image\/","url":"https:\/\/www.autonom.ro\/blog\/wp-content\/uploads\/2020\/10\/cropped-Autonom_Corporate-Logo-Color-Orizontal-RGB.png","contentUrl":"https:\/\/www.autonom.ro\/blog\/wp-content\/uploads\/2020\/10\/cropped-Autonom_Corporate-Logo-Color-Orizontal-RGB.png","width":724,"height":250,"caption":"Blog Autonom"},"image":{"@id":"https:\/\/www.autonom.ro\/blog\/#\/schema\/logo\/image\/"},"sameAs":["https:\/\/www.facebook.com\/AutonomRomania\/","http:\/\/www.instagram.com\/autonom.romania\/","https:\/\/www.linkedin.com\/company\/autonom-rent-a-car"]},{"@type":"Person","@id":"https:\/\/www.autonom.ro\/blog\/#\/schema\/person\/969476990feb32c04946c9f242c3210e","name":"Sorina Volerat","image":{"@type":"ImageObject","inLanguage":"ro-RO","@id":"https:\/\/secure.gravatar.com\/avatar\/5221880dfa47580a11a0ddaf1f3f28ac8589c9aa842cf5defb698776cde8960a?s=96&d=mm&r=g","url":"https:\/\/secure.gravatar.com\/avatar\/5221880dfa47580a11a0ddaf1f3f28ac8589c9aa842cf5defb698776cde8960a?s=96&d=mm&r=g","contentUrl":"https:\/\/secure.gravatar.com\/avatar\/5221880dfa47580a11a0ddaf1f3f28ac8589c9aa842cf5defb698776cde8960a?s=96&d=mm&r=g","caption":"Sorina Volerat"},"url":"https:\/\/www.autonom.ro\/blog\/author\/sorinavolerat\/"}]}},"_links":{"self":[{"href":"https:\/\/www.autonom.ro\/blog\/wp-json\/wp\/v2\/posts\/6525","targetHints":{"allow":["GET"]}}],"collection":[{"href":"https:\/\/www.autonom.ro\/blog\/wp-json\/wp\/v2\/posts"}],"about":[{"href":"https:\/\/www.autonom.ro\/blog\/wp-json\/wp\/v2\/types\/post"}],"author":[{"embeddable":true,"href":"https:\/\/www.autonom.ro\/blog\/wp-json\/wp\/v2\/users\/4"}],"replies":[{"embeddable":true,"href":"https:\/\/www.autonom.ro\/blog\/wp-json\/wp\/v2\/comments?post=6525"}],"version-history":[{"count":2,"href":"https:\/\/www.autonom.ro\/blog\/wp-json\/wp\/v2\/posts\/6525\/revisions"}],"predecessor-version":[{"id":6532,"href":"https:\/\/www.autonom.ro\/blog\/wp-json\/wp\/v2\/posts\/6525\/revisions\/6532"}],"wp:featuredmedia":[{"embeddable":true,"href":"https:\/\/www.autonom.ro\/blog\/wp-json\/wp\/v2\/media\/6006"}],"wp:attachment":[{"href":"https:\/\/www.autonom.ro\/blog\/wp-json\/wp\/v2\/media?parent=6525"}],"wp:term":[{"taxonomy":"category","embeddable":true,"href":"https:\/\/www.autonom.ro\/blog\/wp-json\/wp\/v2\/categories?post=6525"},{"taxonomy":"post_tag","embeddable":true,"href":"https:\/\/www.autonom.ro\/blog\/wp-json\/wp\/v2\/tags?post=6525"}],"curies":[{"name":"wp","href":"https:\/\/api.w.org\/{rel}","templated":true}]}}