{"id":6590,"date":"2023-07-21T09:52:00","date_gmt":"2023-07-21T06:52:00","guid":{"rendered":"https:\/\/www.autonom.ro\/blog\/?p=6590"},"modified":"2023-08-04T10:10:34","modified_gmt":"2023-08-04T07:10:34","slug":"learning-tip-of-the-week-35-echilibrul-interior-si-impactul-in-leadership","status":"publish","type":"post","link":"https:\/\/www.autonom.ro\/blog\/learning-tip-of-the-week-35-echilibrul-interior-si-impactul-in-leadership\/","title":{"rendered":"Echilibrul interior \u0219i impactul \u00een leadership #35"},"content":{"rendered":"\n<p><strong><mark style=\"background-color:rgba(0, 0, 0, 0)\" class=\"has-inline-color has-blue-one-color\">Salutare,<\/mark><\/strong><\/p>\n\n\n\n<p>V-am preg\u0103tit un nou episod \u00een care v\u0103 invit\u0103m s\u0103 citi\u021bi despre impactul pe care \u00eel are lipsa echilibrului interior asupra modalit\u0103\u021bii \u00een care gestion\u0103m rela\u021biile din jurul nostru \u0219i despre cum putem ob\u021bine acest lucru prin conectarea cu sinele nostru autentic. Reac\u021bion\u0103m reactiv din cauza mecanismelor dob\u00e2ndite con\u0219tient sau incon\u0219tient de-a lungul timpului \u0219i asta ne limiteaz\u0103 capacitatea de a alege cum s\u0103 abord\u0103m provoc\u0103rile inevitabile, dezam\u0103girile, triumfurile \u0219i provoc\u0103rile.<\/p>\n\n\n\n<p>Toate acestea pot fi citite \u00een newsletterul nostru <a href=\"https:\/\/www.autonom.ro\/blog\/categorie\/learning-tip-of-the-week\/\" target=\"_blank\" rel=\"noreferrer noopener\"><em><strong><mark style=\"background-color:rgba(0, 0, 0, 0)\" class=\"has-inline-color has-blue-one-color\">Learning Tip of The Week<\/mark><\/strong><\/em><\/a>, la care v\u0103 invit\u0103m s\u0103 v\u0103 abona\u021bi fie pe platforma <a href=\"https:\/\/www.linkedin.com\/build-relation\/newsletter-follow?entityUrn=7039697296023769088\" target=\"_blank\" rel=\"noreferrer noopener\"><em><strong><mark style=\"background-color:rgba(0, 0, 0, 0)\" class=\"has-inline-color has-blue-one-color\">LinkedIn<\/mark><\/strong><\/em><\/a>, fie acces\u00e2nd pagina de mai jos:<\/p>\n\n\n\n<div class=\"wp-block-buttons is-content-justification-center is-layout-flex wp-container-core-buttons-is-layout-16018d1d wp-block-buttons-is-layout-flex\">\n<div class=\"wp-block-button is-style-outline is-style-outline--1\"><a class=\"wp-block-button__link has-blue-one-color has-very-light-gray-background-color has-text-color has-background has-text-align-center wp-element-button\" href=\"https:\/\/autonom.us20.list-manage.com\/subscribe?u=446e96132d5404e2bf57a487c&amp;id=e8383abe98\" target=\"_blank\" rel=\"noreferrer noopener\"><strong>Abonare Newsletter<\/strong><\/a><\/div>\n<\/div>\n\n\n\n<hr class=\"wp-block-separator has-text-color has-alpha-channel-opacity has-background is-style-default\" style=\"background-color:#b8d7f1;color:#b8d7f1\"\/>\n\n\n\n<h2 class=\"wp-block-heading has-text-align-center\"><strong><em><mark style=\"background-color:rgba(0, 0, 0, 0)\" class=\"has-inline-color has-blue-one-color\">#evolutionjourney by Trend Consult<\/mark><\/em><\/strong><\/h2>\n\n\n<div class=\"wp-block-image\">\n<figure class=\"aligncenter size-full is-resized\"><img decoding=\"async\" src=\"https:\/\/www.autonom.ro\/blog\/wp-content\/uploads\/2023\/07\/Trend-Consult_Robert-Iancu.jpg\" alt=\"\" class=\"wp-image-6591\" width=\"600\" srcset=\"https:\/\/www.autonom.ro\/blog\/wp-content\/uploads\/2023\/07\/Trend-Consult_Robert-Iancu.jpg 1250w, https:\/\/www.autonom.ro\/blog\/wp-content\/uploads\/2023\/07\/Trend-Consult_Robert-Iancu-300x175.jpg 300w, https:\/\/www.autonom.ro\/blog\/wp-content\/uploads\/2023\/07\/Trend-Consult_Robert-Iancu-1024x597.jpg 1024w, https:\/\/www.autonom.ro\/blog\/wp-content\/uploads\/2023\/07\/Trend-Consult_Robert-Iancu-768x448.jpg 768w\" sizes=\"(max-width: 1250px) 100vw, 1250px\" \/><\/figure>\n<\/div>\n\n\n<p>Echilibrul interior: impactul asupra leadership-ului \u0219i dezvolt\u0103rii echipei, un text preg\u0103tit de <strong><mark style=\"background-color:rgba(0, 0, 0, 0)\" class=\"has-inline-color has-blue-one-color\">Robert Iancu<\/mark><\/strong>, Partener &amp; Head of Management Practice Trend Consult.<\/p>\n\n\n\n<blockquote class=\"wp-block-quote is-layout-flow wp-block-quote-is-layout-flow\">\n<p><mark style=\"background-color:rgba(0, 0, 0, 0)\" class=\"has-inline-color has-blue-one-color\"><em><strong>Tu nu po\u021bi s\u0103 ai grij\u0103 de oamenii din echipa ta, dac\u0103 tu nu e\u0219ti bine cu tine<\/strong><\/em> <\/mark>\u2013 a fost revela\u021bia unuia din participan\u021bii mei la cursul despre Dezvoltarea Echipei, din cadrul programului \u201eThe Management Journey.\u201d<br>Nici nu \u0219tiu de unde s\u0103 \u00eencep povestea asta, pe care la r\u00e2ndul meu, am descoperit-o de-a lungul timpului, din mai multe unghiuri.<\/p>\n\n\n\n<p><img loading=\"lazy\" decoding=\"async\" width=\"30\" height=\"30\" class=\"wp-image-5902\" style=\"width: 30px;\" src=\"https:\/\/www.autonom.ro\/blog\/wp-content\/uploads\/2023\/03\/newsletter-elements_1-albastru-inchis.png\" alt=\"\" srcset=\"https:\/\/www.autonom.ro\/blog\/wp-content\/uploads\/2023\/03\/newsletter-elements_1-albastru-inchis.png 163w, https:\/\/www.autonom.ro\/blog\/wp-content\/uploads\/2023\/03\/newsletter-elements_1-albastru-inchis-150x150.png 150w, https:\/\/www.autonom.ro\/blog\/wp-content\/uploads\/2023\/03\/newsletter-elements_1-albastru-inchis-100x100.png 100w\" sizes=\"auto, (max-width: 30px) 100vw, 30px\" \/> <strong><mark style=\"background-color:rgba(0, 0, 0, 0)\" class=\"has-inline-color has-blue-one-color\">\u00cen primul r\u00e2nd, atunci c\u00e2nd nu e\u0219ti bine cu tine, cel mai probabil sim\u021bi presiune dintr-o gr\u0103mad\u0103 de p\u0103r\u021bi. Presiune care te bag\u0103 automat \u00eentr-o stare de alert\u0103.<\/mark><\/strong> Cu alte cuvinte, vei intra \u00eentr-o pozi\u021bie de tip Victim\u0103 (\u201emi se face un r\u0103u\u2026 !\u201d), care percepe \u00een jur Persecutori (\u201eresponsabili de r\u0103ul meu\u201d). Victimele se pot manifesta ulterior fie obedient, fie agresiv. Ca manageri avem tendin\u021ba de a aluneca \u00een pozi\u021bia de victim\u0103 pentru c\u0103 suntem \u00eenc\u0103rca\u021bi cu mult\u0103 responsabilitate, toat\u0103 lumea se a\u0219teapt\u0103 s\u0103 livr\u0103m rapid, la un nivel de calitate ridicat, \u00een plus e nevoie s\u0103 ne ocup\u0103m de oamenii care fac gre\u0219eli, s\u0103 le corect\u0103m \u0219i s\u0103-i mai \u0219i dezvolt\u0103m pe deasupra. Pare de-a dreptul cople\u0219itor. Iar uneori chiar este. Unde mai pui c\u0103 ne \u0219i compar\u0103m adesea cu al\u021bi manageri la care pare simplu.<\/p>\n\n\n\n<p><img loading=\"lazy\" decoding=\"async\" width=\"30\" height=\"30\" class=\"wp-image-5916\" style=\"width: 30px;\" src=\"https:\/\/www.autonom.ro\/blog\/wp-content\/uploads\/2023\/03\/newsletter-elements_2-albastru-inchis.png\" alt=\"\" srcset=\"https:\/\/www.autonom.ro\/blog\/wp-content\/uploads\/2023\/03\/newsletter-elements_2-albastru-inchis.png 163w, https:\/\/www.autonom.ro\/blog\/wp-content\/uploads\/2023\/03\/newsletter-elements_2-albastru-inchis-150x150.png 150w, https:\/\/www.autonom.ro\/blog\/wp-content\/uploads\/2023\/03\/newsletter-elements_2-albastru-inchis-100x100.png 100w\" sizes=\"auto, (max-width: 30px) 100vw, 30px\" \/> <strong><mark style=\"background-color:rgba(0, 0, 0, 0)\" class=\"has-inline-color has-blue-one-color\">Aceast\u0103 stare de alert\u0103 continu\u0103 venit\u0103 din presiune declan\u0219eaz\u0103 mecanisme de eficien\u021b\u0103, cu alte cuvinte c\u0103ut\u0103m scurt\u0103turi.<\/mark><\/strong> Intr\u0103m pe survival mode \u0219i aici se activeaz\u0103 toate mecanismele dob\u00e2ndite con\u0219tient sau incon\u0219tient de-a lungul timpului: bias-uri de tot felul, drumuri \u0219tiute, stereotipuri, etichete, fight, flight. Problema e c\u0103 atunci c\u00e2nd suntem \u00een aceast\u0103 ipostaz\u0103 ac\u021bion\u0103m reactiv: atunci c\u00e2nd avem de stins incendii, ne vom concentra s\u0103 stingem incendii; atunci c\u00e2nd suntem \u00een survival mode, trebuie s\u0103 nu murim. Iar asta ne blocheaz\u0103 s\u0103 vedem mai departe de asta. E un joc cu sum\u0103 zero. Ipostaza de Adult\/Ra\u021bional nu prea are cum s\u0103 apar\u0103 atunci c\u00e2nd Victima e la butoane. Motivul pentru care noi nu putem s\u0103 ne uit\u0103m atent la nevoile, a\u0219tept\u0103rile \u0219i dezvoltarea oamenilor din echip\u0103 este tocmai aceast\u0103 stare de alert\u0103 care ne \u021bine captivi.<\/p>\n\n\n\n<p><img loading=\"lazy\" decoding=\"async\" width=\"30\" height=\"30\" class=\"wp-image-6044\" style=\"width: 30px;\" src=\"https:\/\/www.autonom.ro\/blog\/wp-content\/uploads\/2022\/12\/newsletter-elements_4-albastru-inchis.png\" alt=\"\" srcset=\"https:\/\/www.autonom.ro\/blog\/wp-content\/uploads\/2022\/12\/newsletter-elements_4-albastru-inchis.png 163w, https:\/\/www.autonom.ro\/blog\/wp-content\/uploads\/2022\/12\/newsletter-elements_4-albastru-inchis-150x150.png 150w, https:\/\/www.autonom.ro\/blog\/wp-content\/uploads\/2022\/12\/newsletter-elements_4-albastru-inchis-100x100.png 100w\" sizes=\"auto, (max-width: 30px) 100vw, 30px\" \/> <mark style=\"background-color:rgba(0, 0, 0, 0)\" class=\"has-inline-color has-blue-one-color\"><strong>\u201eNu sunt bine cu mine\u201d mai apare \u0219i atunci c\u00e2nd ajungi s\u0103 faci lucruri \u00een care nu crezi. Nu vezi neap\u0103rat \u201eDe ce?\u201d-ul mai mare.<\/strong><\/mark> Altfel spus, atunci c\u00e2nd sim\u021bi c\u0103 e\u0219ti nevoit s\u0103 faci lucruri care nu sunt aliniate cu Viziunea \u0219i Valorile tale. Ceea ce tot sentiment de captivitate genereaz\u0103 \u0219i ne \u00eentoarcem la punctul 1. Nu exist\u0103 o re\u021bet\u0103 rapid\u0103 prin care s\u0103 facem trecerea de la Victim\u0103 la Adult\/Ra\u021bional, e nevoie de con\u0219tientizare \u0219i de timp. A\u0219adar\u2026 m-a\u0219 uita la reac\u021biile pe care le am de obicei. Sunt ele legate de fapte, date, lucruri concrete sau sunt preponderent reac\u021bii de tip atac, ironie, repro\u0219, sau invers: evitare, lamentare, justific\u0103ri? Asta pentru a mai antrena pu\u021bin Adultul constructiv. \u0218i doi: m-a\u0219 \u00eentreba mai des dac\u0103 ceea ce fac are sens pentru mine, pentru organiza\u021bie? \u00cemi \u00eencalc\u0103 vreuna dintre valori? \u0218i apoi m-a\u0219 g\u00e2ndi ce a\u0219 putea face diferit. Cu sinceritate, calm \u0219i responsabilitate. Spor s\u0103 avem!<\/p>\n<\/blockquote>\n\n\n\n<hr class=\"wp-block-separator has-text-color has-alpha-channel-opacity has-background is-style-default\" style=\"background-color:#b8d7f1;color:#b8d7f1\"\/>\n\n\n\n<h2 class=\"wp-block-heading has-text-align-center\"><strong><em><mark style=\"background-color:rgba(0, 0, 0, 0)\" class=\"has-inline-color has-blue-one-color\">#DozaDeLectur\u0103<\/mark><\/em><\/strong><\/h2>\n\n\n\n<div class=\"wp-block-media-text alignwide is-stacked-on-mobile\" style=\"grid-template-columns:20% auto\"><figure class=\"wp-block-media-text__media\"><img loading=\"lazy\" decoding=\"async\" width=\"600\" height=\"897\" src=\"https:\/\/www.autonom.ro\/blog\/wp-content\/uploads\/2023\/07\/Gabor-Mate-Mitul-Normalitatii.jpg\" alt=\"\" class=\"wp-image-6592 size-full\" srcset=\"https:\/\/www.autonom.ro\/blog\/wp-content\/uploads\/2023\/07\/Gabor-Mate-Mitul-Normalitatii.jpg 600w, https:\/\/www.autonom.ro\/blog\/wp-content\/uploads\/2023\/07\/Gabor-Mate-Mitul-Normalitatii-201x300.jpg 201w\" sizes=\"auto, (max-width: 600px) 100vw, 600px\" \/><\/figure><div class=\"wp-block-media-text__content\">\n<p>Am ales s\u0103 recomand\u0103m o carte captivant\u0103 scris\u0103 de Gabor Mate. \u201eMitul Normalit\u0103\u021bii\u201d reprezint\u0103 un \u00eenceput bun de la care s\u0103 pornim dac\u0103 vrem s\u0103 afl\u0103m mai multe despre natura uman\u0103, despre propria persoan\u0103 \u0219i impactul pe care \u00eel are societatea modern\u0103 asupra individului. Reprezint\u0103 de fapt o invita\u021bie s\u0103 punem sub semnul \u00eentreb\u0103rii conven\u021biile sociale \u0219i s\u0103 explor\u0103m de fapt sinele nostru autentic.<\/p>\n<\/div><\/div>\n\n\n\n<p><img loading=\"lazy\" decoding=\"async\" width=\"30\" height=\"30\" class=\"wp-image-5920\" style=\"width: 30px;\" src=\"https:\/\/www.autonom.ro\/blog\/wp-content\/uploads\/2023\/03\/newsletter-elements_1-mov.png\" alt=\"\" srcset=\"https:\/\/www.autonom.ro\/blog\/wp-content\/uploads\/2023\/03\/newsletter-elements_1-mov.png 163w, https:\/\/www.autonom.ro\/blog\/wp-content\/uploads\/2023\/03\/newsletter-elements_1-mov-150x150.png 150w, https:\/\/www.autonom.ro\/blog\/wp-content\/uploads\/2023\/03\/newsletter-elements_1-mov-100x100.png 100w\" sizes=\"auto, (max-width: 30px) 100vw, 30px\" \/> <strong><mark style=\"background-color:rgba(0, 0, 0, 0)\" class=\"has-inline-color has-purple-color\">Este normalitatea un mit \u0219i de ce?<\/mark><\/strong> Societatea \u00een care tr\u0103im pune o presiune subtil\u0103 asupra individului pentru a se conforma unor modele predefinite \u0219i asupra propriilor nevoi \u0219i dorin\u021be interioare. Aceast\u0103 presiune de fi normal, precum \u0219i potrivirea \u00een tiparele sociale preexistente poate duce la probleme de s\u0103n\u0103tate mental\u0103 \u0219i fizic\u0103. Spre exemplu autorul consider\u0103 c\u0103 de\u0219i majoritatea oamenilor urm\u0103resc obsesiv s\u0103n\u0103tatea \u0219i bun\u0103starea, bazate pe industrii de miliarde de dolari care au ca obiectiv perfec\u021bionarea vie\u021bilor noastre, s\u0103n\u0103tatea colectiv\u0103 se deterioreaz\u0103. \u0218i mai mult \u00een spatele epidemiilor se ascunde ceva gre\u0219it \u00een cultura mondial\u0103 \u00eens\u0103\u0219i, ce genereaz\u0103 valuri de afec\u021biune cronic\u0103. Construim involuntar mecanisme mentale de reprimare ca s\u0103 supravie\u021buim, pe care mai apoi le transmitem copiilor no\u0219tri \u0219i prelungim o spiral\u0103 a fricii \u0219i a bolii.<\/p>\n\n\n\n<p><img loading=\"lazy\" decoding=\"async\" width=\"30\" height=\"30\" class=\"wp-image-5921\" style=\"width: 30px;\" src=\"https:\/\/www.autonom.ro\/blog\/wp-content\/uploads\/2023\/03\/newsletter-elements_2-mov.png\" alt=\"\" srcset=\"https:\/\/www.autonom.ro\/blog\/wp-content\/uploads\/2023\/03\/newsletter-elements_2-mov.png 163w, https:\/\/www.autonom.ro\/blog\/wp-content\/uploads\/2023\/03\/newsletter-elements_2-mov-150x150.png 150w, https:\/\/www.autonom.ro\/blog\/wp-content\/uploads\/2023\/03\/newsletter-elements_2-mov-100x100.png 100w\" sizes=\"auto, (max-width: 30px) 100vw, 30px\" \/> <strong><mark style=\"background-color:rgba(0, 0, 0, 0)\" class=\"has-inline-color has-purple-color\">Traumele nerezolvate limiteaz\u0103 capacit\u0103\u021bile noastre \u00eenn\u0103scute \u0219i genereaz\u0103 distorsiuni asupra viziunii despre lume \u0219i despre persoanele din jurul nostru.<\/mark><\/strong> Reprezent\u00e2nd o leziune psihologic\u0103, ce persist\u0103 mult timp dup\u0103 evenimentul ini\u021bial care a determinat-o, trauma este \u00eenr\u0103d\u0103cinat\u0103 \u00een sistemul nostru nervos, minte \u0219i corp. Aceasta fragmenteaz\u0103 sinele \u0219i umbre\u0219te sentimentul de valoare al unei persoane, \u00ee\u0219i pune amprenta asupra rela\u021biilor \u0219i submineaz\u0103 aprecierea pentru via\u021ba \u00eens\u0103\u0219i. Psihoterapeutul Peter Levine explic\u0103 de fapt c\u0103 trauma \u00eenseamn\u0103 pierderea conexiunii cu noi \u00een\u0219ine, cu familiile noastre \u0219i cu lumea din jur \u0219i ne limiteaz\u0103 flexibilitatea r\u0103spunsurilor pe care le oferim, adic\u0103 capacitatea de a alege cum s\u0103 abord\u0103m provoc\u0103rile inevitabile, dezam\u0103girile \u0219i reu\u0219itele.<\/p>\n\n\n\n<p><img loading=\"lazy\" decoding=\"async\" width=\"30\" height=\"30\" class=\"wp-image-5922\" style=\"width: 30px;\" src=\"https:\/\/www.autonom.ro\/blog\/wp-content\/uploads\/2023\/03\/newsletter-elements_3-mov.png\" alt=\"\" srcset=\"https:\/\/www.autonom.ro\/blog\/wp-content\/uploads\/2023\/03\/newsletter-elements_3-mov.png 163w, https:\/\/www.autonom.ro\/blog\/wp-content\/uploads\/2023\/03\/newsletter-elements_3-mov-150x150.png 150w, https:\/\/www.autonom.ro\/blog\/wp-content\/uploads\/2023\/03\/newsletter-elements_3-mov-100x100.png 100w\" sizes=\"auto, (max-width: 30px) 100vw, 30px\" \/> <mark style=\"background-color:rgba(0, 0, 0, 0)\" class=\"has-inline-color has-purple-color\"><strong>Cele mai comune forme de ru\u0219ine \u00een aceast\u0103 cultur\u0103 reprezint\u0103 credin\u021ba de \u201enu sunt destul\u201d \u0219i credin\u021ba \u201esunt responsabil de felul \u00een care se simt ceilal\u021bi\u201d.<\/strong> <\/mark>Aceste 2 tr\u0103s\u0103turi sunt legate de fapt de dou\u0103 nevoi fundamentale: ata\u0219amentul, adic\u0103 dorin\u021ba de apropiere fa\u021b\u0103 de ceilal\u021bi cu scopul facilit\u0103rii \u00eengrijirii \u0219i autenticitatea, adic\u0103 conectarea cu sinele \u0219i puterea de a fi autorii propriei vie\u021bi. Dilema apare atunci c\u00e2nd nevoile de ata\u0219ament sunt amenin\u021bate de ceea ce sim\u021bim cu adev\u0103rat.<\/p>\n\n\n\n<p><img loading=\"lazy\" decoding=\"async\" width=\"30\" height=\"30\" class=\"wp-image-5923\" style=\"width: 30px;\" src=\"https:\/\/www.autonom.ro\/blog\/wp-content\/uploads\/2023\/03\/newsletter-elements_4-mov.png\" alt=\"\" srcset=\"https:\/\/www.autonom.ro\/blog\/wp-content\/uploads\/2023\/03\/newsletter-elements_4-mov.png 163w, https:\/\/www.autonom.ro\/blog\/wp-content\/uploads\/2023\/03\/newsletter-elements_4-mov-150x150.png 150w, https:\/\/www.autonom.ro\/blog\/wp-content\/uploads\/2023\/03\/newsletter-elements_4-mov-100x100.png 100w\" sizes=\"auto, (max-width: 30px) 100vw, 30px\" \/> <strong><mark style=\"background-color:rgba(0, 0, 0, 0)\" class=\"has-inline-color has-purple-color\">Vindecarea \u00eenseamn\u0103 de fapt recuperarea p\u0103r\u021bilor din sine pe care le-am pierdut \u0219i pe care nu \u00eencerc\u0103m s\u0103 le schimb\u0103m sau \u00eembun\u0103t\u0103\u021bim.<\/mark><\/strong> Autorul ne vorbe\u0219te despre patru principii ale vindec\u0103rii: autenticitatea, autonomia, furia \u0219i acceptarea. \u0218i ne mai vorbe\u0219te \u0219i despre cinci forme de compasiune pe care le putem ar\u0103ta celorlal\u021bi: compasiunea simpl\u0103 fa\u021b\u0103 de cel\u0103lalt, cea a curiozit\u0103\u021bii \u0219i a capacit\u0103\u021bii de a \u00een\u021belege, cea a recunoa\u0219terii, a adev\u0103rului \u0219i a posibilit\u0103\u021bii. \u201eO singur\u0103 regul\u0103 este general valabil\u0103 \u00een g\u0103sirea adev\u0103rului t\u0103u unic \u0219i special: \u00eenve\u021bi s\u0103 te ascul\u021bi cu r\u0103bdare pe tine \u00eensu\u021bi, s\u0103-\u021bi dai \u0219ansa de a-\u021bi g\u0103si propria cale, care este a ta \u0219i a nim\u0103nui altcuiva\u201d.<\/p>\n\n\n\n<hr class=\"wp-block-separator has-text-color has-alpha-channel-opacity has-background is-style-default\" style=\"background-color:#b8d7f1;color:#b8d7f1\"\/>\n\n\n\n<h2 class=\"wp-block-heading has-text-align-center\"><strong><em><mark style=\"background-color:rgba(0, 0, 0, 0)\" class=\"has-inline-color has-blue-one-color\">#\u00centreb\u0103riCuSens din Jocul Autonom<\/mark><\/em><\/strong><\/h2>\n\n\n\n<p class=\"has-text-align-center\"><strong><em><mark style=\"background-color:rgba(0, 0, 0, 0)\" class=\"has-inline-color has-blue-two-color\">Unde \u0219i c\u00e2nd te sim\u021bi cel mai liber sa fii tu \u00eensu\u021bi?<\/mark><\/em><\/strong><\/p>\n\n\n\n<hr class=\"wp-block-separator has-text-color has-alpha-channel-opacity has-background is-style-default\" style=\"background-color:#b8d7f1;color:#b8d7f1\"\/>\n\n\n\n<h2 class=\"wp-block-heading has-text-align-center\"><strong><em><mark style=\"background-color:rgba(0, 0, 0, 0)\" class=\"has-inline-color has-blue-one-color\">#DeAscultat<\/mark><\/em><\/strong><\/h2>\n\n\n\n<p>Pentru inspira\u021bia din c\u0103\u0219ti v\u0103 invit\u0103m s\u0103-l urm\u0103ri\u021bi pe <strong><mark style=\"background-color:rgba(0, 0, 0, 0)\" class=\"has-inline-color has-blue-one-color\"><a href=\"https:\/\/drdansiegel.com\/\" target=\"_blank\" rel=\"noreferrer noopener\">Dr. Dan Siegel<\/a><\/mark><\/strong> vorbind despre <strong><em><mark style=\"background-color:rgba(0, 0, 0, 0)\" class=\"has-inline-color has-blue-one-color\">Mind, Self and Consciousness<\/mark><\/em><\/strong>.<\/p>\n\n\n\n<figure class=\"wp-block-embed aligncenter is-type-video is-provider-youtube wp-block-embed-youtube wp-embed-aspect-16-9 wp-has-aspect-ratio\"><div class=\"wp-block-embed__wrapper\">\n<iframe loading=\"lazy\" title=\"&quot;Mind, Self and Consciousness\u201d with Dr. Dan Siegel  |  Pathways to Planetary Health 2020\" width=\"500\" height=\"281\" src=\"https:\/\/www.youtube.com\/embed\/y79ktPcWPdc?feature=oembed\" frameborder=\"0\" allow=\"accelerometer; autoplay; clipboard-write; encrypted-media; gyroscope; picture-in-picture; web-share\" referrerpolicy=\"strict-origin-when-cross-origin\" allowfullscreen><\/iframe>\n<\/div><\/figure>\n\n\n\n<p><\/p>\n\n\n\n<hr class=\"wp-block-separator has-text-color has-alpha-channel-opacity has-background is-style-default\" style=\"background-color:#b8d7f1;color:#b8d7f1\"\/>\n\n\n\n<p class=\"has-text-align-center\">\u021ai-a pl\u0103cut acest articol? Dac\u0103 mai ai timp de \u00eenc\u0103 unul, apas\u0103 butonul de mai jos \u0219i descoper\u0103 un episod din arhiva noastr\u0103:<\/p>\n\n\n\n<div class=\"wp-block-buttons is-content-justification-center is-layout-flex wp-container-core-buttons-is-layout-16018d1d wp-block-buttons-is-layout-flex\">\n<div class=\"wp-block-button is-style-outline is-style-outline--2\"><a class=\"wp-block-button__link has-green-color has-text-color has-background wp-element-button\" href=\"https:\/\/www.autonom.ro\/blog\/descopera\/\" style=\"border-radius:100px;background-color:#e5f9ef\" target=\"_blank\" rel=\"noreferrer noopener\"><strong>Descoper\u0103 un episod<\/strong><\/a><\/div>\n<\/div>\n\n\n\n<hr class=\"wp-block-separator has-text-color has-alpha-channel-opacity has-background is-style-default\" style=\"background-color:#b8d7f1;color:#b8d7f1\"\/>\n\n\n\n<p class=\"has-text-align-center\"><strong><mark style=\"background-color:rgba(0, 0, 0, 0)\" class=\"has-inline-color has-blue-one-color\">Pe data viitoare!<\/mark><\/strong><\/p>\n","protected":false},"excerpt":{"rendered":"<p>Salutare, V-am preg\u0103tit un nou episod \u00een care v\u0103 invit\u0103m s\u0103 citi\u021bi despre impactul pe care \u00eel are lipsa echilibrului interior asupra modalit\u0103\u021bii \u00een care gestion\u0103m rela\u021biile din jurul nostru \u0219i despre cum putem ob\u021bine acest lucru prin conectarea cu sinele nostru autentic. Reac\u021bion\u0103m reactiv din cauza mecanismelor dob\u00e2ndite con\u0219tient sau incon\u0219tient de-a lungul timpului [&hellip;]<\/p>\n","protected":false},"author":4,"featured_media":0,"comment_status":"closed","ping_status":"closed","sticky":false,"template":"","format":"standard","meta":{"inline_featured_image":false,"footnotes":""},"categories":[1923],"tags":[],"class_list":["post-6590","post","type-post","status-publish","format-standard","hentry","category-learning-tip-of-the-week"],"yoast_head":"<!-- This site is optimized with the Yoast SEO plugin v27.3 - https:\/\/yoast.com\/product\/yoast-seo-wordpress\/ -->\n<title>Echilibrul interior \u0219i impactul \u00een leadership #35 - Blog Autonom<\/title>\n<meta name=\"description\" content=\"\u00cen acest episod v\u0103 invit\u0103m s\u0103 citi\u021bi despre impactul pe care \u00eel are lipsa echilibrului interior asupra modalit\u0103\u021bii \u00een care gestion\u0103m rela\u021biile din jurul nostru.\" \/>\n<meta name=\"robots\" content=\"index, follow, max-snippet:-1, max-image-preview:large, max-video-preview:-1\" \/>\n<link rel=\"canonical\" href=\"https:\/\/www.autonom.ro\/blog\/learning-tip-of-the-week-35-echilibrul-interior-si-impactul-in-leadership\/\" \/>\n<meta property=\"og:locale\" content=\"ro_RO\" \/>\n<meta property=\"og:type\" content=\"article\" \/>\n<meta property=\"og:title\" content=\"Learning Tip of the Week by Autonom\" \/>\n<meta property=\"og:description\" content=\"\u00cen acest episod v\u0103 invit\u0103m s\u0103 citi\u021bi despre impactul pe care \u00eel are lipsa echilibrului interior asupra modalit\u0103\u021bii \u00een care gestion\u0103m rela\u021biile din jurul nostru \u0219i despre cum putem ob\u021bine acest lucru prin conectarea cu sinele nostru autentic.\" \/>\n<meta property=\"og:url\" content=\"https:\/\/www.autonom.ro\/blog\/learning-tip-of-the-week-35-echilibrul-interior-si-impactul-in-leadership\/\" \/>\n<meta property=\"og:site_name\" content=\"Blog Autonom\" \/>\n<meta property=\"article:publisher\" content=\"https:\/\/www.facebook.com\/AutonomRomania\/\" \/>\n<meta property=\"article:published_time\" content=\"2023-07-21T06:52:00+00:00\" \/>\n<meta property=\"article:modified_time\" content=\"2023-08-04T07:10:34+00:00\" \/>\n<meta property=\"og:image\" content=\"https:\/\/www.autonom.ro\/blog\/wp-content\/uploads\/2022\/11\/newsletter-elements_Social-Card.jpg\" \/>\n\t<meta property=\"og:image:width\" content=\"1200\" \/>\n\t<meta property=\"og:image:height\" content=\"630\" \/>\n\t<meta property=\"og:image:type\" content=\"image\/jpeg\" \/>\n<meta name=\"author\" content=\"Sorina Volerat\" \/>\n<meta name=\"twitter:card\" content=\"summary_large_image\" \/>\n<meta name=\"twitter:label1\" content=\"Scris de\" \/>\n\t<meta name=\"twitter:data1\" content=\"Sorina Volerat\" \/>\n\t<meta name=\"twitter:label2\" content=\"Timp estimat pentru citire\" \/>\n\t<meta name=\"twitter:data2\" content=\"5 minute\" \/>\n<script type=\"application\/ld+json\" class=\"yoast-schema-graph\">{\"@context\":\"https:\\\/\\\/schema.org\",\"@graph\":[{\"@type\":\"Article\",\"@id\":\"https:\\\/\\\/www.autonom.ro\\\/blog\\\/learning-tip-of-the-week-35-echilibrul-interior-si-impactul-in-leadership\\\/#article\",\"isPartOf\":{\"@id\":\"https:\\\/\\\/www.autonom.ro\\\/blog\\\/learning-tip-of-the-week-35-echilibrul-interior-si-impactul-in-leadership\\\/\"},\"author\":{\"name\":\"Sorina Volerat\",\"@id\":\"https:\\\/\\\/www.autonom.ro\\\/blog\\\/#\\\/schema\\\/person\\\/969476990feb32c04946c9f242c3210e\"},\"headline\":\"Echilibrul interior \u0219i impactul \u00een leadership #35\",\"datePublished\":\"2023-07-21T06:52:00+00:00\",\"dateModified\":\"2023-08-04T07:10:34+00:00\",\"mainEntityOfPage\":{\"@id\":\"https:\\\/\\\/www.autonom.ro\\\/blog\\\/learning-tip-of-the-week-35-echilibrul-interior-si-impactul-in-leadership\\\/\"},\"wordCount\":1370,\"publisher\":{\"@id\":\"https:\\\/\\\/www.autonom.ro\\\/blog\\\/#organization\"},\"image\":{\"@id\":\"https:\\\/\\\/www.autonom.ro\\\/blog\\\/learning-tip-of-the-week-35-echilibrul-interior-si-impactul-in-leadership\\\/#primaryimage\"},\"thumbnailUrl\":\"https:\\\/\\\/www.autonom.ro\\\/blog\\\/wp-content\\\/uploads\\\/2023\\\/07\\\/Trend-Consult_Robert-Iancu.jpg\",\"articleSection\":[\"Learning Tip of the Week\"],\"inLanguage\":\"ro-RO\"},{\"@type\":\"WebPage\",\"@id\":\"https:\\\/\\\/www.autonom.ro\\\/blog\\\/learning-tip-of-the-week-35-echilibrul-interior-si-impactul-in-leadership\\\/\",\"url\":\"https:\\\/\\\/www.autonom.ro\\\/blog\\\/learning-tip-of-the-week-35-echilibrul-interior-si-impactul-in-leadership\\\/\",\"name\":\"Echilibrul interior \u0219i impactul \u00een leadership #35 - Blog Autonom\",\"isPartOf\":{\"@id\":\"https:\\\/\\\/www.autonom.ro\\\/blog\\\/#website\"},\"primaryImageOfPage\":{\"@id\":\"https:\\\/\\\/www.autonom.ro\\\/blog\\\/learning-tip-of-the-week-35-echilibrul-interior-si-impactul-in-leadership\\\/#primaryimage\"},\"image\":{\"@id\":\"https:\\\/\\\/www.autonom.ro\\\/blog\\\/learning-tip-of-the-week-35-echilibrul-interior-si-impactul-in-leadership\\\/#primaryimage\"},\"thumbnailUrl\":\"https:\\\/\\\/www.autonom.ro\\\/blog\\\/wp-content\\\/uploads\\\/2023\\\/07\\\/Trend-Consult_Robert-Iancu.jpg\",\"datePublished\":\"2023-07-21T06:52:00+00:00\",\"dateModified\":\"2023-08-04T07:10:34+00:00\",\"description\":\"\u00cen acest episod v\u0103 invit\u0103m s\u0103 citi\u021bi despre impactul pe care \u00eel are lipsa echilibrului interior asupra modalit\u0103\u021bii \u00een care gestion\u0103m rela\u021biile din jurul nostru.\",\"breadcrumb\":{\"@id\":\"https:\\\/\\\/www.autonom.ro\\\/blog\\\/learning-tip-of-the-week-35-echilibrul-interior-si-impactul-in-leadership\\\/#breadcrumb\"},\"inLanguage\":\"ro-RO\",\"potentialAction\":[{\"@type\":\"ReadAction\",\"target\":[\"https:\\\/\\\/www.autonom.ro\\\/blog\\\/learning-tip-of-the-week-35-echilibrul-interior-si-impactul-in-leadership\\\/\"]}]},{\"@type\":\"ImageObject\",\"inLanguage\":\"ro-RO\",\"@id\":\"https:\\\/\\\/www.autonom.ro\\\/blog\\\/learning-tip-of-the-week-35-echilibrul-interior-si-impactul-in-leadership\\\/#primaryimage\",\"url\":\"https:\\\/\\\/www.autonom.ro\\\/blog\\\/wp-content\\\/uploads\\\/2023\\\/07\\\/Trend-Consult_Robert-Iancu.jpg\",\"contentUrl\":\"https:\\\/\\\/www.autonom.ro\\\/blog\\\/wp-content\\\/uploads\\\/2023\\\/07\\\/Trend-Consult_Robert-Iancu.jpg\",\"width\":1250,\"height\":729},{\"@type\":\"BreadcrumbList\",\"@id\":\"https:\\\/\\\/www.autonom.ro\\\/blog\\\/learning-tip-of-the-week-35-echilibrul-interior-si-impactul-in-leadership\\\/#breadcrumb\",\"itemListElement\":[{\"@type\":\"ListItem\",\"position\":1,\"name\":\"Prima pagin\u0103\",\"item\":\"https:\\\/\\\/www.autonom.ro\\\/blog\\\/\"},{\"@type\":\"ListItem\",\"position\":2,\"name\":\"Echilibrul interior \u0219i impactul \u00een leadership #35\"}]},{\"@type\":\"WebSite\",\"@id\":\"https:\\\/\\\/www.autonom.ro\\\/blog\\\/#website\",\"url\":\"https:\\\/\\\/www.autonom.ro\\\/blog\\\/\",\"name\":\"Blog Autonom\",\"description\":\"\",\"publisher\":{\"@id\":\"https:\\\/\\\/www.autonom.ro\\\/blog\\\/#organization\"},\"potentialAction\":[{\"@type\":\"SearchAction\",\"target\":{\"@type\":\"EntryPoint\",\"urlTemplate\":\"https:\\\/\\\/www.autonom.ro\\\/blog\\\/?s={search_term_string}\"},\"query-input\":{\"@type\":\"PropertyValueSpecification\",\"valueRequired\":true,\"valueName\":\"search_term_string\"}}],\"inLanguage\":\"ro-RO\"},{\"@type\":\"Organization\",\"@id\":\"https:\\\/\\\/www.autonom.ro\\\/blog\\\/#organization\",\"name\":\"Blog Autonom\",\"url\":\"https:\\\/\\\/www.autonom.ro\\\/blog\\\/\",\"logo\":{\"@type\":\"ImageObject\",\"inLanguage\":\"ro-RO\",\"@id\":\"https:\\\/\\\/www.autonom.ro\\\/blog\\\/#\\\/schema\\\/logo\\\/image\\\/\",\"url\":\"https:\\\/\\\/www.autonom.ro\\\/blog\\\/wp-content\\\/uploads\\\/2020\\\/10\\\/cropped-Autonom_Corporate-Logo-Color-Orizontal-RGB.png\",\"contentUrl\":\"https:\\\/\\\/www.autonom.ro\\\/blog\\\/wp-content\\\/uploads\\\/2020\\\/10\\\/cropped-Autonom_Corporate-Logo-Color-Orizontal-RGB.png\",\"width\":724,\"height\":250,\"caption\":\"Blog Autonom\"},\"image\":{\"@id\":\"https:\\\/\\\/www.autonom.ro\\\/blog\\\/#\\\/schema\\\/logo\\\/image\\\/\"},\"sameAs\":[\"https:\\\/\\\/www.facebook.com\\\/AutonomRomania\\\/\",\"http:\\\/\\\/www.instagram.com\\\/autonom.romania\\\/\",\"https:\\\/\\\/www.linkedin.com\\\/company\\\/autonom-rent-a-car\"]},{\"@type\":\"Person\",\"@id\":\"https:\\\/\\\/www.autonom.ro\\\/blog\\\/#\\\/schema\\\/person\\\/969476990feb32c04946c9f242c3210e\",\"name\":\"Sorina Volerat\",\"image\":{\"@type\":\"ImageObject\",\"inLanguage\":\"ro-RO\",\"@id\":\"https:\\\/\\\/secure.gravatar.com\\\/avatar\\\/5221880dfa47580a11a0ddaf1f3f28ac8589c9aa842cf5defb698776cde8960a?s=96&d=mm&r=g\",\"url\":\"https:\\\/\\\/secure.gravatar.com\\\/avatar\\\/5221880dfa47580a11a0ddaf1f3f28ac8589c9aa842cf5defb698776cde8960a?s=96&d=mm&r=g\",\"contentUrl\":\"https:\\\/\\\/secure.gravatar.com\\\/avatar\\\/5221880dfa47580a11a0ddaf1f3f28ac8589c9aa842cf5defb698776cde8960a?s=96&d=mm&r=g\",\"caption\":\"Sorina Volerat\"},\"url\":\"https:\\\/\\\/www.autonom.ro\\\/blog\\\/author\\\/sorinavolerat\\\/\"}]}<\/script>\n<!-- \/ Yoast SEO plugin. -->","yoast_head_json":{"title":"Echilibrul interior \u0219i impactul \u00een leadership #35 - Blog Autonom","description":"\u00cen acest episod v\u0103 invit\u0103m s\u0103 citi\u021bi despre impactul pe care \u00eel are lipsa echilibrului interior asupra modalit\u0103\u021bii \u00een care gestion\u0103m rela\u021biile din jurul nostru.","robots":{"index":"index","follow":"follow","max-snippet":"max-snippet:-1","max-image-preview":"max-image-preview:large","max-video-preview":"max-video-preview:-1"},"canonical":"https:\/\/www.autonom.ro\/blog\/learning-tip-of-the-week-35-echilibrul-interior-si-impactul-in-leadership\/","og_locale":"ro_RO","og_type":"article","og_title":"Learning Tip of the Week by Autonom","og_description":"\u00cen acest episod v\u0103 invit\u0103m s\u0103 citi\u021bi despre impactul pe care \u00eel are lipsa echilibrului interior asupra modalit\u0103\u021bii \u00een care gestion\u0103m rela\u021biile din jurul nostru \u0219i despre cum putem ob\u021bine acest lucru prin conectarea cu sinele nostru autentic.","og_url":"https:\/\/www.autonom.ro\/blog\/learning-tip-of-the-week-35-echilibrul-interior-si-impactul-in-leadership\/","og_site_name":"Blog Autonom","article_publisher":"https:\/\/www.facebook.com\/AutonomRomania\/","article_published_time":"2023-07-21T06:52:00+00:00","article_modified_time":"2023-08-04T07:10:34+00:00","og_image":[{"width":1200,"height":630,"url":"https:\/\/www.autonom.ro\/blog\/wp-content\/uploads\/2022\/11\/newsletter-elements_Social-Card.jpg","type":"image\/jpeg"}],"author":"Sorina Volerat","twitter_card":"summary_large_image","twitter_misc":{"Scris de":"Sorina Volerat","Timp estimat pentru citire":"5 minute"},"schema":{"@context":"https:\/\/schema.org","@graph":[{"@type":"Article","@id":"https:\/\/www.autonom.ro\/blog\/learning-tip-of-the-week-35-echilibrul-interior-si-impactul-in-leadership\/#article","isPartOf":{"@id":"https:\/\/www.autonom.ro\/blog\/learning-tip-of-the-week-35-echilibrul-interior-si-impactul-in-leadership\/"},"author":{"name":"Sorina Volerat","@id":"https:\/\/www.autonom.ro\/blog\/#\/schema\/person\/969476990feb32c04946c9f242c3210e"},"headline":"Echilibrul interior \u0219i impactul \u00een leadership #35","datePublished":"2023-07-21T06:52:00+00:00","dateModified":"2023-08-04T07:10:34+00:00","mainEntityOfPage":{"@id":"https:\/\/www.autonom.ro\/blog\/learning-tip-of-the-week-35-echilibrul-interior-si-impactul-in-leadership\/"},"wordCount":1370,"publisher":{"@id":"https:\/\/www.autonom.ro\/blog\/#organization"},"image":{"@id":"https:\/\/www.autonom.ro\/blog\/learning-tip-of-the-week-35-echilibrul-interior-si-impactul-in-leadership\/#primaryimage"},"thumbnailUrl":"https:\/\/www.autonom.ro\/blog\/wp-content\/uploads\/2023\/07\/Trend-Consult_Robert-Iancu.jpg","articleSection":["Learning Tip of the Week"],"inLanguage":"ro-RO"},{"@type":"WebPage","@id":"https:\/\/www.autonom.ro\/blog\/learning-tip-of-the-week-35-echilibrul-interior-si-impactul-in-leadership\/","url":"https:\/\/www.autonom.ro\/blog\/learning-tip-of-the-week-35-echilibrul-interior-si-impactul-in-leadership\/","name":"Echilibrul interior \u0219i impactul \u00een leadership #35 - Blog Autonom","isPartOf":{"@id":"https:\/\/www.autonom.ro\/blog\/#website"},"primaryImageOfPage":{"@id":"https:\/\/www.autonom.ro\/blog\/learning-tip-of-the-week-35-echilibrul-interior-si-impactul-in-leadership\/#primaryimage"},"image":{"@id":"https:\/\/www.autonom.ro\/blog\/learning-tip-of-the-week-35-echilibrul-interior-si-impactul-in-leadership\/#primaryimage"},"thumbnailUrl":"https:\/\/www.autonom.ro\/blog\/wp-content\/uploads\/2023\/07\/Trend-Consult_Robert-Iancu.jpg","datePublished":"2023-07-21T06:52:00+00:00","dateModified":"2023-08-04T07:10:34+00:00","description":"\u00cen acest episod v\u0103 invit\u0103m s\u0103 citi\u021bi despre impactul pe care \u00eel are lipsa echilibrului interior asupra modalit\u0103\u021bii \u00een care gestion\u0103m rela\u021biile din jurul nostru.","breadcrumb":{"@id":"https:\/\/www.autonom.ro\/blog\/learning-tip-of-the-week-35-echilibrul-interior-si-impactul-in-leadership\/#breadcrumb"},"inLanguage":"ro-RO","potentialAction":[{"@type":"ReadAction","target":["https:\/\/www.autonom.ro\/blog\/learning-tip-of-the-week-35-echilibrul-interior-si-impactul-in-leadership\/"]}]},{"@type":"ImageObject","inLanguage":"ro-RO","@id":"https:\/\/www.autonom.ro\/blog\/learning-tip-of-the-week-35-echilibrul-interior-si-impactul-in-leadership\/#primaryimage","url":"https:\/\/www.autonom.ro\/blog\/wp-content\/uploads\/2023\/07\/Trend-Consult_Robert-Iancu.jpg","contentUrl":"https:\/\/www.autonom.ro\/blog\/wp-content\/uploads\/2023\/07\/Trend-Consult_Robert-Iancu.jpg","width":1250,"height":729},{"@type":"BreadcrumbList","@id":"https:\/\/www.autonom.ro\/blog\/learning-tip-of-the-week-35-echilibrul-interior-si-impactul-in-leadership\/#breadcrumb","itemListElement":[{"@type":"ListItem","position":1,"name":"Prima pagin\u0103","item":"https:\/\/www.autonom.ro\/blog\/"},{"@type":"ListItem","position":2,"name":"Echilibrul interior \u0219i impactul \u00een leadership #35"}]},{"@type":"WebSite","@id":"https:\/\/www.autonom.ro\/blog\/#website","url":"https:\/\/www.autonom.ro\/blog\/","name":"Blog Autonom","description":"","publisher":{"@id":"https:\/\/www.autonom.ro\/blog\/#organization"},"potentialAction":[{"@type":"SearchAction","target":{"@type":"EntryPoint","urlTemplate":"https:\/\/www.autonom.ro\/blog\/?s={search_term_string}"},"query-input":{"@type":"PropertyValueSpecification","valueRequired":true,"valueName":"search_term_string"}}],"inLanguage":"ro-RO"},{"@type":"Organization","@id":"https:\/\/www.autonom.ro\/blog\/#organization","name":"Blog Autonom","url":"https:\/\/www.autonom.ro\/blog\/","logo":{"@type":"ImageObject","inLanguage":"ro-RO","@id":"https:\/\/www.autonom.ro\/blog\/#\/schema\/logo\/image\/","url":"https:\/\/www.autonom.ro\/blog\/wp-content\/uploads\/2020\/10\/cropped-Autonom_Corporate-Logo-Color-Orizontal-RGB.png","contentUrl":"https:\/\/www.autonom.ro\/blog\/wp-content\/uploads\/2020\/10\/cropped-Autonom_Corporate-Logo-Color-Orizontal-RGB.png","width":724,"height":250,"caption":"Blog Autonom"},"image":{"@id":"https:\/\/www.autonom.ro\/blog\/#\/schema\/logo\/image\/"},"sameAs":["https:\/\/www.facebook.com\/AutonomRomania\/","http:\/\/www.instagram.com\/autonom.romania\/","https:\/\/www.linkedin.com\/company\/autonom-rent-a-car"]},{"@type":"Person","@id":"https:\/\/www.autonom.ro\/blog\/#\/schema\/person\/969476990feb32c04946c9f242c3210e","name":"Sorina Volerat","image":{"@type":"ImageObject","inLanguage":"ro-RO","@id":"https:\/\/secure.gravatar.com\/avatar\/5221880dfa47580a11a0ddaf1f3f28ac8589c9aa842cf5defb698776cde8960a?s=96&d=mm&r=g","url":"https:\/\/secure.gravatar.com\/avatar\/5221880dfa47580a11a0ddaf1f3f28ac8589c9aa842cf5defb698776cde8960a?s=96&d=mm&r=g","contentUrl":"https:\/\/secure.gravatar.com\/avatar\/5221880dfa47580a11a0ddaf1f3f28ac8589c9aa842cf5defb698776cde8960a?s=96&d=mm&r=g","caption":"Sorina Volerat"},"url":"https:\/\/www.autonom.ro\/blog\/author\/sorinavolerat\/"}]}},"_links":{"self":[{"href":"https:\/\/www.autonom.ro\/blog\/wp-json\/wp\/v2\/posts\/6590","targetHints":{"allow":["GET"]}}],"collection":[{"href":"https:\/\/www.autonom.ro\/blog\/wp-json\/wp\/v2\/posts"}],"about":[{"href":"https:\/\/www.autonom.ro\/blog\/wp-json\/wp\/v2\/types\/post"}],"author":[{"embeddable":true,"href":"https:\/\/www.autonom.ro\/blog\/wp-json\/wp\/v2\/users\/4"}],"replies":[{"embeddable":true,"href":"https:\/\/www.autonom.ro\/blog\/wp-json\/wp\/v2\/comments?post=6590"}],"version-history":[{"count":2,"href":"https:\/\/www.autonom.ro\/blog\/wp-json\/wp\/v2\/posts\/6590\/revisions"}],"predecessor-version":[{"id":6594,"href":"https:\/\/www.autonom.ro\/blog\/wp-json\/wp\/v2\/posts\/6590\/revisions\/6594"}],"wp:attachment":[{"href":"https:\/\/www.autonom.ro\/blog\/wp-json\/wp\/v2\/media?parent=6590"}],"wp:term":[{"taxonomy":"category","embeddable":true,"href":"https:\/\/www.autonom.ro\/blog\/wp-json\/wp\/v2\/categories?post=6590"},{"taxonomy":"post_tag","embeddable":true,"href":"https:\/\/www.autonom.ro\/blog\/wp-json\/wp\/v2\/tags?post=6590"}],"curies":[{"name":"wp","href":"https:\/\/api.w.org\/{rel}","templated":true}]}}