{"id":6598,"date":"2023-07-28T16:00:00","date_gmt":"2023-07-28T13:00:00","guid":{"rendered":"https:\/\/www.autonom.ro\/blog\/?p=6598"},"modified":"2023-08-07T11:04:46","modified_gmt":"2023-08-07T08:04:46","slug":"despre-nevoia-de-reinventare-a-organizatiilor-36","status":"publish","type":"post","link":"https:\/\/www.autonom.ro\/blog\/despre-nevoia-de-reinventare-a-organizatiilor-36\/","title":{"rendered":"Despre Nevoia De Reinventare A Organiza\u021biilor #36"},"content":{"rendered":"\n<p><strong><mark style=\"background-color:rgba(0, 0, 0, 0)\" class=\"has-inline-color has-blue-one-color\">Salutare,<\/mark><\/strong><\/p>\n\n\n\n<p>S\u0103pt\u0103m\u00e2na aceasta continu\u0103m recomand\u0103rile de resurse de \u00eenv\u0103\u021bare \u0219i vorbim despre management \u0219i leadership \u00een diferite tipuri de organiza\u021bii, despre direc\u021bii de motiva\u021bie intrinsec\u0103, precum \u0219i despre importan\u021ba contextelor economice \u0219i culturale \u00een care ne afl\u0103m.&nbsp;<\/p>\n\n\n\n<p>Spor la citit! Dac\u0103 v-a pl\u0103cut sau a\u021bi dori s\u0103 abord\u0103m \u0219i alte subiecte de interes nu ezita\u021bi s\u0103 ne scrie\u021bi.<\/p>\n\n\n\n<p>Toate acestea pot fi citite \u00een newsletterul nostru <a href=\"https:\/\/www.autonom.ro\/blog\/categorie\/learning-tip-of-the-week\/\" target=\"_blank\" rel=\"noreferrer noopener\"><em><strong><mark style=\"background-color:rgba(0, 0, 0, 0)\" class=\"has-inline-color has-blue-one-color\">Learning Tip of The Week<\/mark><\/strong><\/em><\/a>, la care v\u0103 invit\u0103m s\u0103 v\u0103 abona\u021bi fie pe platforma <a href=\"https:\/\/www.linkedin.com\/build-relation\/newsletter-follow?entityUrn=7039697296023769088\" target=\"_blank\" rel=\"noreferrer noopener\"><em><strong><mark style=\"background-color:rgba(0, 0, 0, 0)\" class=\"has-inline-color has-blue-one-color\">LinkedIn<\/mark><\/strong><\/em><\/a>, fie acces\u00e2nd pagina de mai jos:<\/p>\n\n\n\n<div class=\"wp-block-buttons is-content-justification-center is-layout-flex wp-container-core-buttons-is-layout-16018d1d wp-block-buttons-is-layout-flex\">\n<div class=\"wp-block-button is-style-outline is-style-outline--1\"><a class=\"wp-block-button__link has-blue-one-color has-very-light-gray-background-color has-text-color has-background has-text-align-center wp-element-button\" href=\"https:\/\/autonom.us20.list-manage.com\/subscribe?u=446e96132d5404e2bf57a487c&amp;id=e8383abe98\" target=\"_blank\" rel=\"noreferrer noopener\"><strong>Abonare Newsletter<\/strong><\/a><\/div>\n<\/div>\n\n\n\n<hr class=\"wp-block-separator has-text-color has-alpha-channel-opacity has-background is-style-default\" style=\"background-color:#b8d7f1;color:#b8d7f1\"\/>\n\n\n\n<h2 class=\"wp-block-heading has-text-align-center\" style=\"font-style:italic;font-weight:700\"><mark style=\"background-color:rgba(0, 0, 0, 0)\" class=\"has-inline-color has-blue-one-color\"><strong><em>#EvolveDaily by Autonom<\/em><\/strong><\/mark><\/h2>\n\n\n<div class=\"wp-block-image\">\n<figure class=\"aligncenter size-full\"><img loading=\"lazy\" decoding=\"async\" width=\"1200\" height=\"551\" src=\"https:\/\/www.autonom.ro\/blog\/wp-content\/uploads\/2023\/08\/Autonom_Dan_Stefan.jpg\" alt=\"\" class=\"wp-image-6607\" srcset=\"https:\/\/www.autonom.ro\/blog\/wp-content\/uploads\/2023\/08\/Autonom_Dan_Stefan.jpg 1200w, https:\/\/www.autonom.ro\/blog\/wp-content\/uploads\/2023\/08\/Autonom_Dan_Stefan-300x138.jpg 300w, https:\/\/www.autonom.ro\/blog\/wp-content\/uploads\/2023\/08\/Autonom_Dan_Stefan-1024x470.jpg 1024w, https:\/\/www.autonom.ro\/blog\/wp-content\/uploads\/2023\/08\/Autonom_Dan_Stefan-768x353.jpg 768w\" sizes=\"auto, (max-width: 1200px) 100vw, 1200px\" \/><\/figure>\n<\/div>\n\n\n<blockquote class=\"wp-block-quote is-layout-flow wp-block-quote-is-layout-flow\">\n<p>V-am preg\u0103tit pentru acest episod c\u00e2teva idei extrase din ultimul interviu \u00een care&nbsp;<a href=\"https:\/\/www.linkedin.com\/in\/danstefan\/\" target=\"_blank\" rel=\"noreferrer noopener\"><strong>Dan \u0218tefan<\/strong><\/a>&nbsp;a povestit despre ce crede despre Rom\u00e2nia \u0219i ce \u00eenseamn\u0103 a fi antreprenor.<\/p>\n\n\n\n<p><img loading=\"lazy\" decoding=\"async\" width=\"30\" height=\"30\" class=\"wp-image-5902\" style=\"width: 30px;\" src=\"https:\/\/www.autonom.ro\/blog\/wp-content\/uploads\/2023\/03\/newsletter-elements_1-albastru-inchis.png\" alt=\"\" srcset=\"https:\/\/www.autonom.ro\/blog\/wp-content\/uploads\/2023\/03\/newsletter-elements_1-albastru-inchis.png 163w, https:\/\/www.autonom.ro\/blog\/wp-content\/uploads\/2023\/03\/newsletter-elements_1-albastru-inchis-150x150.png 150w, https:\/\/www.autonom.ro\/blog\/wp-content\/uploads\/2023\/03\/newsletter-elements_1-albastru-inchis-100x100.png 100w\" sizes=\"auto, (max-width: 30px) 100vw, 30px\" \/><mark style=\"background-color:rgba(0, 0, 0, 0)\" class=\"has-inline-color has-blue-one-color\"><strong> Atunci c\u00e2nd porne\u0219ti la drum este foarte important s\u0103 pleci de la ni\u0219te nevoi reale.<\/strong><\/mark><strong>&nbsp;<\/strong>Nu doar de la ce \u00ee\u021bi \u00eenchipui tu. Eu cred foarte mult \u00een ideea asta de pivotare inclus\u0103. Adic\u0103, porne\u0219ti din start cu ideea c\u0103 nu o s\u0103 fie cum crezi. Sim\u021bi o nevoie, te duci acolo, o testezi, dar din start e\u0219ti preg\u0103tit s\u0103 pivotezi \u0219i s\u0103 ajustezi din mers, s\u0103 schimbi direc\u021bia.&nbsp;<\/p>\n\n\n\n<p><img loading=\"lazy\" decoding=\"async\" width=\"30\" height=\"30\" class=\"wp-image-5916\" style=\"width: 30px;\" src=\"https:\/\/www.autonom.ro\/blog\/wp-content\/uploads\/2023\/03\/newsletter-elements_2-albastru-inchis.png\" alt=\"\" srcset=\"https:\/\/www.autonom.ro\/blog\/wp-content\/uploads\/2023\/03\/newsletter-elements_2-albastru-inchis.png 163w, https:\/\/www.autonom.ro\/blog\/wp-content\/uploads\/2023\/03\/newsletter-elements_2-albastru-inchis-150x150.png 150w, https:\/\/www.autonom.ro\/blog\/wp-content\/uploads\/2023\/03\/newsletter-elements_2-albastru-inchis-100x100.png 100w\" sizes=\"auto, (max-width: 30px) 100vw, 30px\" \/> <strong><mark style=\"background-color:rgba(0, 0, 0, 0)\" class=\"has-inline-color has-blue-one-color\">Nu exist\u0103 re\u021bete de succes \u0219i abord\u0103ri \u0219tiin\u021bifice asupra managementului progresiv, \u00eentruc\u00e2t acesta este o \u0219tiin\u021b\u0103 exact\u0103.<\/mark>&nbsp;<\/strong>Cel mai mult conteaz\u0103 \u00een ce stadiu al afacerii te afli, \u00een ce context economic \u0219i cultural activezi, dimensiunea afacerii, tehnologia utilizat\u0103 \u0219i mediul de afaceri \u00een continu\u0103 schimbare. Trebuie s\u0103 te autoeduci \u0219i s\u0103 lucrezi mult ca s\u0103-\u021bi dezvol\u021bi cuno\u0219tin\u021bele, valorile, caracterul \u0219i puterea de adaptare, esen\u021biale nu doar \u00een afaceri, ci \u00een via\u021b\u0103, \u00een general. Acestea sunt resorturile care te pot ajuta s\u0103 te reinventezi \u0219i chiar s\u0103 cre\u0219ti \u00een perioadele de criz\u0103.<\/p>\n\n\n\n<p><img loading=\"lazy\" decoding=\"async\" width=\"30\" height=\"30\" class=\"wp-image-5917\" style=\"width: 30px;\" src=\"https:\/\/www.autonom.ro\/blog\/wp-content\/uploads\/2023\/03\/newsletter-elements_3-albastru-inchis.png\" alt=\"\" srcset=\"https:\/\/www.autonom.ro\/blog\/wp-content\/uploads\/2023\/03\/newsletter-elements_3-albastru-inchis.png 163w, https:\/\/www.autonom.ro\/blog\/wp-content\/uploads\/2023\/03\/newsletter-elements_3-albastru-inchis-150x150.png 150w, https:\/\/www.autonom.ro\/blog\/wp-content\/uploads\/2023\/03\/newsletter-elements_3-albastru-inchis-100x100.png 100w\" sizes=\"auto, (max-width: 30px) 100vw, 30px\" \/><strong><mark style=\"background-color:rgba(0, 0, 0, 0)\" class=\"has-inline-color has-blue-one-color\"> Exist\u0103 3 direc\u021bii de motiva\u021bie intrinsec\u0103 \u00eentr-o organiza\u021bie care vrea s\u0103 fac\u0103 profit: autonomia, \u00eenv\u0103\u021barea (autodep\u0103\u0219irea) \u0219i scopul (semnifica\u021bia).<\/mark>&nbsp;<\/strong>Este foarte important s\u0103 trecem de la \u021besut cultural bazat pe \u00eencredere, la ceva mai mult\u0103 \u00eencredere. Nu mai po\u021bi aplica regulile de management inventate \u00een secolul al 19-lea, \u00een timpul revolu\u021biei industriale. Continu\u0103m s\u0103 aplic\u0103m acelea\u0219i principii de management de acum 200 de ani \u0219i de aici apar multe dintre problemele \u0219i crizele noastre de identitate.<\/p>\n<\/blockquote>\n\n\n\n<hr class=\"wp-block-separator has-text-color has-alpha-channel-opacity has-background is-style-default\" style=\"background-color:#b8d7f1;color:#b8d7f1\"\/>\n\n\n\n<h2 class=\"wp-block-heading has-text-align-center\"><strong><em><mark style=\"background-color:rgba(0, 0, 0, 0)\" class=\"has-inline-color has-blue-one-color\">#DozaDeLectur\u0103<\/mark><\/em><\/strong><\/h2>\n\n\n\n<div class=\"wp-block-media-text alignwide is-stacked-on-mobile\" style=\"grid-template-columns:19% auto\"><figure class=\"wp-block-media-text__media\"><img loading=\"lazy\" decoding=\"async\" width=\"207\" height=\"300\" src=\"https:\/\/www.autonom.ro\/blog\/wp-content\/uploads\/2023\/08\/1194688-1-207x300.jpg\" alt=\"\" class=\"wp-image-6608 size-medium\" srcset=\"https:\/\/www.autonom.ro\/blog\/wp-content\/uploads\/2023\/08\/1194688-1-207x300.jpg 207w, https:\/\/www.autonom.ro\/blog\/wp-content\/uploads\/2023\/08\/1194688-1.jpg 600w\" sizes=\"auto, (max-width: 207px) 100vw, 207px\" \/><\/figure><div class=\"wp-block-media-text__content\">\n<p>V\u0103 invit\u0103m s\u0103 citi\u021bi o carte inovatoare, vizionar\u0103, un studiu de pionierat \u00een g\u00e2ndirea de management care reprezint\u0103 at\u00e2t o surs\u0103 de inspira\u021bie, c\u00e2t \u0219i un ghid practic.<mark style=\"background-color:rgba(0, 0, 0, 0)\" class=\"has-inline-color has-purple-color\">&nbsp;<em><strong>Frederic Laloux<\/strong><\/em><\/mark>&nbsp;\u00een&nbsp;<em><strong><mark style=\"background-color:rgba(0, 0, 0, 0)\" class=\"has-inline-color has-purple-color\">Organiza\u021bia reinventat\u0103<\/mark><\/strong><\/em>&nbsp;reg\u00e2nde\u0219te structura \u0219i mai ales spiritul organiza\u021biei, din perspectiva conceptului de management \u0219i leadership folosind teoria stadiilor de evolu\u021bie \u0219i dezvoltare.<\/p>\n<\/div><\/div>\n\n\n\n<p><img loading=\"lazy\" decoding=\"async\" width=\"30\" height=\"30\" class=\"wp-image-5920\" style=\"width: 30px;\" src=\"https:\/\/www.autonom.ro\/blog\/wp-content\/uploads\/2023\/03\/newsletter-elements_1-mov.png\" alt=\"\" srcset=\"https:\/\/www.autonom.ro\/blog\/wp-content\/uploads\/2023\/03\/newsletter-elements_1-mov.png 163w, https:\/\/www.autonom.ro\/blog\/wp-content\/uploads\/2023\/03\/newsletter-elements_1-mov-150x150.png 150w, https:\/\/www.autonom.ro\/blog\/wp-content\/uploads\/2023\/03\/newsletter-elements_1-mov-100x100.png 100w\" sizes=\"auto, (max-width: 30px) 100vw, 30px\" \/><mark style=\"background-color:rgba(0, 0, 0, 0)\" class=\"has-inline-color has-purple-color\"> <strong>Dou\u0103 elemente cruciale pentru performan\u021ba sustenabil\u0103 a unei organiza\u021bii o reprezint\u0103 calitatea uman\u0103 a liderilor \u0219i climatul sau cultura organiza\u021bional\u0103.<\/strong><\/mark><strong>&nbsp;<\/strong>Cartea se \u00eenv\u00e2rte \u00een jurul compar\u0103rii \u0219i contrast\u0103rii a ceea ce Laloux nume\u0219te organiza\u021bii&nbsp;<em>Portocalii<\/em>&nbsp;\u0219i&nbsp;<em>Turcoaz<\/em>. Cele&nbsp;<em>Portocalii<\/em>&nbsp;reprezint\u0103 organiza\u021bii ierarhice, guvernate de o mentalitate care crede c\u0103 \u201eomenirea este \u00een esen\u021b\u0103 rea\u201d, de o ierarhie de sus \u00een jos, controlul comenzilor, responsabilitate rigid\u0103, standardizare \u0219i alte instrumente de conformitate. Cele&nbsp;<em>Turcoaz<\/em>, prin contrast, sunt definite de o mentalitate care crede c\u0103 \u201eomenirea este \u00een esen\u021b\u0103 bun\u0103\u201d \u0219i propune o ierarhie plat\u0103 \u0219i principii de auto-organizare. \u00cencrederea este implicit asumat\u0103, echipele \u00ee\u0219i creeaz\u0103 propriile mandate, responsabilitatea este personal\u0103, iar obiectivele de v\u00e2nz\u0103ri \u0219i alte asemenea dispozitive de control sunt aproape inexistente. Acestea au o capacitate mare de \u00eenv\u0103\u021bare, sunt foarte adaptabile la lumea noastr\u0103 modern\u0103 de flux constant \u0219i, de obicei, de mare succes.<\/p>\n\n\n\n<p><img loading=\"lazy\" decoding=\"async\" width=\"30\" height=\"30\" class=\"wp-image-5921\" style=\"width: 30px;\" src=\"https:\/\/www.autonom.ro\/blog\/wp-content\/uploads\/2023\/03\/newsletter-elements_2-mov.png\" alt=\"\" srcset=\"https:\/\/www.autonom.ro\/blog\/wp-content\/uploads\/2023\/03\/newsletter-elements_2-mov.png 163w, https:\/\/www.autonom.ro\/blog\/wp-content\/uploads\/2023\/03\/newsletter-elements_2-mov-150x150.png 150w, https:\/\/www.autonom.ro\/blog\/wp-content\/uploads\/2023\/03\/newsletter-elements_2-mov-100x100.png 100w\" sizes=\"auto, (max-width: 30px) 100vw, 30px\" \/> <strong><mark style=\"background-color:rgba(0, 0, 0, 0)\" class=\"has-inline-color has-purple-color\">&nbsp;Avem nevoie de exemple, de pove\u0219ti, dar mai ales de o \u00een\u021belegere aprofundat\u0103 a schimb\u0103rilor interioare necesare, a know-how-ului \u0219i a metodelor pentru a le realiza.<\/mark>&nbsp;<\/strong>\u201eMotorul organiza\u021biilor este dat fie de temerile eului fie de dragostea sufletului.\u201d&nbsp;Putem construi conexiune \u0219i \u00eencredere, elemente care stau la baza unui set mai \u00een\u021belept de discipline \u0219i practici la nivel personal, de echip\u0103, organiza\u021bional \u0219i, eventual, la nivel societal. Acestea pot fi definite conceptual, dar nu prind r\u0103d\u0103cini \u00een minte \u0219i inim\u0103 doar citind o carte. Schimbarea mentalit\u0103\u021bii nu este o chestiune de a ap\u0103sa un buton, ci vine odat\u0103 cu o schimbare interioar\u0103 \u00een priorit\u0103\u021bi, valori, credin\u021be \u0219i identitate, atunci c\u00e2nd&nbsp;toate acestea sunt tr\u0103ite.<mark style=\"background-color:rgba(0, 0, 0, 0)\" class=\"has-inline-color has-very-dark-gray-color\">a le acorda aten\u021bia noastr\u0103.<\/mark><\/p>\n\n\n\n<p><img loading=\"lazy\" decoding=\"async\" width=\"30\" height=\"30\" class=\"wp-image-5922\" style=\"width: 30px;\" src=\"https:\/\/www.autonom.ro\/blog\/wp-content\/uploads\/2023\/03\/newsletter-elements_3-mov.png\" alt=\"\" srcset=\"https:\/\/www.autonom.ro\/blog\/wp-content\/uploads\/2023\/03\/newsletter-elements_3-mov.png 163w, https:\/\/www.autonom.ro\/blog\/wp-content\/uploads\/2023\/03\/newsletter-elements_3-mov-150x150.png 150w, https:\/\/www.autonom.ro\/blog\/wp-content\/uploads\/2023\/03\/newsletter-elements_3-mov-100x100.png 100w\" sizes=\"auto, (max-width: 30px) 100vw, 30px\" \/> <strong><mark style=\"background-color:rgba(0, 0, 0, 0)\" class=\"has-inline-color has-purple-color\"><strong>Bucuria apare la limita dintre plictiseal\u0103 \u0219i anxietate, atunci c\u00e2nd provoc\u0103rile pot fi echilibrate de capacitatea de a ac\u021biona. <\/strong><\/mark><\/strong><mark style=\"background-color:rgba(0, 0, 0, 0)\" class=\"has-inline-color has-very-dark-gray-color\">De fapt atunci c\u00e2nd ac\u021bion\u0103m \u00een mod liber av\u00e2nd motiva\u021bia ac\u021biunii \u00een sine, \u00eenv\u0103\u021b\u0103m s\u0103 devenim mai mult dec\u00e2t eram, s\u0103 evolu\u0103m. Modalitatea \u00een care interpret\u0103m ce ni se \u00eent\u00e2mpl\u0103 determin\u0103 de fapt fericirea, deoarece totul este reprezentat \u00een mintea noastr\u0103 ca informa\u021bie. De aceea este foarte important\u0103 imaginea pe care ne-o form\u0103m despre noi \u0219i despre ce ni se \u00eent\u00e2mpl\u0103. \u201cFericirea este o stare care se preg\u0103te\u0219te, se cultiv\u0103 \u0219i se ap\u0103r\u0103 de c\u0103tre fiecare individ \u00een parte. Cei care \u00eenva\u021b\u0103 s\u0103-\u0219i controleze experien\u021ba interioar\u0103 vor fi \u00een stare s\u0103-\u0219i influen\u021beze calitatea vie\u021bii \u0219i vor reu\u0219ii s\u0103 se apropie din ce \u00een ce mai mult de ce \u00eenseamn\u0103 s\u0103 fii fericit.\u201d<\/mark><\/p>\n\n\n\n<p><img loading=\"lazy\" decoding=\"async\" width=\"30\" height=\"30\" class=\"wp-image-5923\" style=\"width: 30px;\" src=\"https:\/\/www.autonom.ro\/blog\/wp-content\/uploads\/2023\/03\/newsletter-elements_4-mov.png\" alt=\"\" srcset=\"https:\/\/www.autonom.ro\/blog\/wp-content\/uploads\/2023\/03\/newsletter-elements_4-mov.png 163w, https:\/\/www.autonom.ro\/blog\/wp-content\/uploads\/2023\/03\/newsletter-elements_4-mov-150x150.png 150w, https:\/\/www.autonom.ro\/blog\/wp-content\/uploads\/2023\/03\/newsletter-elements_4-mov-100x100.png 100w\" sizes=\"auto, (max-width: 30px) 100vw, 30px\" \/> <strong><mark style=\"background-color:rgba(0, 0, 0, 0)\" class=\"has-inline-color has-purple-color\">Mediul \u00een care func\u021bion\u0103m determin\u0103 c\u00e2t de mult din poten\u021bialul nostru interior putem manifesta.<\/mark>&nbsp;<\/strong>\u00cen acest sens pinguinul \u0219i modalitatea \u00een care el se transform\u0103 dintr-un animal st\u00e2ngaci \u00eentr-unul extrem de agil, poate reprezenta o metafor\u0103 elocvent\u0103 pentru puterea contextului. Oamenii v\u0103d de fapt via\u021ba ca pe o c\u0103l\u0103torie care se desf\u0103\u0219oar\u0103 continuu \u0219i se bazeaz\u0103 pe puterea celuilalt si nu trebuie privi\u021bi ca pe o problem\u0103 care trebuie rezolvat\u0103. Pentru a trece la motiva\u021bia intrinsec\u0103, ace\u0219tia fac ceea ce simt c\u0103 este corect&nbsp;\u00een raport cu valorile \u0219i premisele interioare.<\/p>\n\n\n\n<hr class=\"wp-block-separator has-text-color has-alpha-channel-opacity has-background is-style-default\" style=\"background-color:#b8d7f1;color:#b8d7f1\"\/>\n\n\n\n<h2 class=\"wp-block-heading has-text-align-center\"><strong><em><mark style=\"background-color:rgba(0, 0, 0, 0)\" class=\"has-inline-color has-blue-one-color\">#\u00centreb\u0103riCuSens<\/mark><\/em><\/strong><\/h2>\n\n\n\n<p class=\"has-text-align-center\"><strong><em><mark style=\"background-color:rgba(0, 0, 0, 0)\" class=\"has-inline-color has-blue-two-color\"><strong><em><strong><em>Care sunt cele 3 valori dup\u0103 care \u00ee\u021bi ghidezi deciziile?<\/em><\/strong><\/em><\/strong><\/mark><\/em><\/strong><\/p>\n\n\n\n<hr class=\"wp-block-separator has-text-color has-alpha-channel-opacity has-background is-style-default\" style=\"background-color:#b8d7f1;color:#b8d7f1\"\/>\n\n\n\n<h2 class=\"wp-block-heading has-text-align-center\"><strong><em><mark style=\"background-color:rgba(0, 0, 0, 0)\" class=\"has-inline-color has-blue-one-color\">#DeAscultat<\/mark><\/em><\/strong><\/h2>\n\n\n\n<p>Pentru inspira\u021bia din c\u0103\u0219ti v\u0103 l\u0103s\u0103m un video cu&nbsp;<strong><mark style=\"background-color:rgba(0, 0, 0, 0)\" class=\"has-inline-color has-blue-one-color\">Frederic Laloux.<\/mark><\/strong><\/p>\n\n\n\n<figure class=\"wp-block-embed aligncenter is-type-video is-provider-youtube wp-block-embed-youtube wp-embed-aspect-16-9 wp-has-aspect-ratio\"><div class=\"wp-block-embed__wrapper\">\n<iframe loading=\"lazy\" title=\"Reinventing Organizations\" width=\"500\" height=\"281\" src=\"https:\/\/www.youtube.com\/embed\/gcS04BI2sbk?feature=oembed\" frameborder=\"0\" allow=\"accelerometer; autoplay; clipboard-write; encrypted-media; gyroscope; picture-in-picture; web-share\" referrerpolicy=\"strict-origin-when-cross-origin\" allowfullscreen><\/iframe>\n<\/div><\/figure>\n\n\n\n<hr class=\"wp-block-separator aligncenter has-text-color has-pale-cyan-blue-color has-alpha-channel-opacity has-pale-cyan-blue-background-color has-background\"\/>\n\n\n\n<p class=\"has-text-align-center\"><strong><mark style=\"background-color:rgba(0, 0, 0, 0)\" class=\"has-inline-color has-blue-one-color\">Pe data viitoare!<\/mark><\/strong><\/p>\n","protected":false},"excerpt":{"rendered":"<p>Salutare, S\u0103pt\u0103m\u00e2na aceasta continu\u0103m recomand\u0103rile de resurse de \u00eenv\u0103\u021bare \u0219i vorbim despre management \u0219i leadership \u00een diferite tipuri de organiza\u021bii, despre direc\u021bii de motiva\u021bie intrinsec\u0103, precum \u0219i despre importan\u021ba contextelor economice \u0219i culturale \u00een care ne afl\u0103m.&nbsp; Spor la citit! Dac\u0103 v-a pl\u0103cut sau a\u021bi dori s\u0103 abord\u0103m \u0219i alte subiecte de interes nu ezita\u021bi [&hellip;]<\/p>\n","protected":false},"author":4,"featured_media":6006,"comment_status":"closed","ping_status":"closed","sticky":false,"template":"","format":"standard","meta":{"inline_featured_image":false,"footnotes":""},"categories":[1923],"tags":[],"class_list":["post-6598","post","type-post","status-publish","format-standard","has-post-thumbnail","hentry","category-learning-tip-of-the-week"],"yoast_head":"<!-- This site is optimized with the Yoast SEO plugin v27.3 - https:\/\/yoast.com\/product\/yoast-seo-wordpress\/ -->\n<title>Despre Nevoia De Reinventare A Organiza\u021biilor #36 - Blog Autonom<\/title>\n<meta name=\"description\" content=\"S\u0103pt\u0103m\u00e2na aceasta continu\u0103m recomand\u0103rile de resurse de \u00eenv\u0103\u021bare \u0219i vorbim despre management \u0219i leadership \u00een diferite tipuri de organiza\u021bii, despre direc\u021bii de motiva\u021bie intrinsec\u0103, precum \u0219i despre importan\u021ba contextelor economice \u0219i culturale \u00een care ne afl\u0103m.\u00a0\" \/>\n<meta name=\"robots\" content=\"index, follow, max-snippet:-1, max-image-preview:large, max-video-preview:-1\" \/>\n<link rel=\"canonical\" href=\"https:\/\/www.autonom.ro\/blog\/despre-nevoia-de-reinventare-a-organizatiilor-36\/\" \/>\n<meta property=\"og:locale\" content=\"ro_RO\" \/>\n<meta property=\"og:type\" content=\"article\" \/>\n<meta property=\"og:title\" content=\"Despre Nevoia De Reinventare A Organiza\u021biilor #36\" \/>\n<meta property=\"og:description\" content=\"S\u0103pt\u0103m\u00e2na aceasta continu\u0103m recomand\u0103rile de resurse de \u00eenv\u0103\u021bare \u0219i vorbim despre management \u0219i leadership \u00een diferite tipuri de organiza\u021bii, despre direc\u021bii de motiva\u021bie intrinsec\u0103, precum \u0219i despre importan\u021ba contextelor economice \u0219i culturale \u00een care ne afl\u0103m.\u00a0\" \/>\n<meta property=\"og:url\" content=\"https:\/\/www.autonom.ro\/blog\/despre-nevoia-de-reinventare-a-organizatiilor-36\/\" \/>\n<meta property=\"og:site_name\" content=\"Blog Autonom\" \/>\n<meta property=\"article:publisher\" content=\"https:\/\/www.facebook.com\/AutonomRomania\/\" \/>\n<meta property=\"article:published_time\" content=\"2023-07-28T13:00:00+00:00\" \/>\n<meta property=\"article:modified_time\" content=\"2023-08-07T08:04:46+00:00\" \/>\n<meta property=\"og:image\" content=\"https:\/\/www.autonom.ro\/blog\/wp-content\/uploads\/2022\/11\/newsletter-elements_Social-Card.jpg\" \/>\n\t<meta property=\"og:image:width\" content=\"1200\" \/>\n\t<meta property=\"og:image:height\" content=\"630\" \/>\n\t<meta property=\"og:image:type\" content=\"image\/jpeg\" \/>\n<meta name=\"author\" content=\"Sorina Volerat\" \/>\n<meta name=\"twitter:card\" content=\"summary_large_image\" \/>\n<meta name=\"twitter:label1\" content=\"Scris de\" \/>\n\t<meta name=\"twitter:data1\" content=\"Sorina Volerat\" \/>\n\t<meta name=\"twitter:label2\" content=\"Timp estimat pentru citire\" \/>\n\t<meta name=\"twitter:data2\" content=\"5 minute\" \/>\n<script type=\"application\/ld+json\" class=\"yoast-schema-graph\">{\"@context\":\"https:\\\/\\\/schema.org\",\"@graph\":[{\"@type\":\"Article\",\"@id\":\"https:\\\/\\\/www.autonom.ro\\\/blog\\\/despre-nevoia-de-reinventare-a-organizatiilor-36\\\/#article\",\"isPartOf\":{\"@id\":\"https:\\\/\\\/www.autonom.ro\\\/blog\\\/despre-nevoia-de-reinventare-a-organizatiilor-36\\\/\"},\"author\":{\"name\":\"Sorina Volerat\",\"@id\":\"https:\\\/\\\/www.autonom.ro\\\/blog\\\/#\\\/schema\\\/person\\\/969476990feb32c04946c9f242c3210e\"},\"headline\":\"Despre Nevoia De Reinventare A Organiza\u021biilor #36\",\"datePublished\":\"2023-07-28T13:00:00+00:00\",\"dateModified\":\"2023-08-07T08:04:46+00:00\",\"mainEntityOfPage\":{\"@id\":\"https:\\\/\\\/www.autonom.ro\\\/blog\\\/despre-nevoia-de-reinventare-a-organizatiilor-36\\\/\"},\"wordCount\":1100,\"publisher\":{\"@id\":\"https:\\\/\\\/www.autonom.ro\\\/blog\\\/#organization\"},\"image\":{\"@id\":\"https:\\\/\\\/www.autonom.ro\\\/blog\\\/despre-nevoia-de-reinventare-a-organizatiilor-36\\\/#primaryimage\"},\"thumbnailUrl\":\"https:\\\/\\\/www.autonom.ro\\\/blog\\\/wp-content\\\/uploads\\\/2022\\\/11\\\/newsletter-elements_Social-Card.jpg\",\"articleSection\":[\"Learning Tip of the Week\"],\"inLanguage\":\"ro-RO\"},{\"@type\":\"WebPage\",\"@id\":\"https:\\\/\\\/www.autonom.ro\\\/blog\\\/despre-nevoia-de-reinventare-a-organizatiilor-36\\\/\",\"url\":\"https:\\\/\\\/www.autonom.ro\\\/blog\\\/despre-nevoia-de-reinventare-a-organizatiilor-36\\\/\",\"name\":\"Despre Nevoia De Reinventare A Organiza\u021biilor #36 - Blog Autonom\",\"isPartOf\":{\"@id\":\"https:\\\/\\\/www.autonom.ro\\\/blog\\\/#website\"},\"primaryImageOfPage\":{\"@id\":\"https:\\\/\\\/www.autonom.ro\\\/blog\\\/despre-nevoia-de-reinventare-a-organizatiilor-36\\\/#primaryimage\"},\"image\":{\"@id\":\"https:\\\/\\\/www.autonom.ro\\\/blog\\\/despre-nevoia-de-reinventare-a-organizatiilor-36\\\/#primaryimage\"},\"thumbnailUrl\":\"https:\\\/\\\/www.autonom.ro\\\/blog\\\/wp-content\\\/uploads\\\/2022\\\/11\\\/newsletter-elements_Social-Card.jpg\",\"datePublished\":\"2023-07-28T13:00:00+00:00\",\"dateModified\":\"2023-08-07T08:04:46+00:00\",\"description\":\"S\u0103pt\u0103m\u00e2na aceasta continu\u0103m recomand\u0103rile de resurse de \u00eenv\u0103\u021bare \u0219i vorbim despre management \u0219i leadership \u00een diferite tipuri de organiza\u021bii, despre direc\u021bii de motiva\u021bie intrinsec\u0103, precum \u0219i despre importan\u021ba contextelor economice \u0219i culturale \u00een care ne afl\u0103m.\u00a0\",\"breadcrumb\":{\"@id\":\"https:\\\/\\\/www.autonom.ro\\\/blog\\\/despre-nevoia-de-reinventare-a-organizatiilor-36\\\/#breadcrumb\"},\"inLanguage\":\"ro-RO\",\"potentialAction\":[{\"@type\":\"ReadAction\",\"target\":[\"https:\\\/\\\/www.autonom.ro\\\/blog\\\/despre-nevoia-de-reinventare-a-organizatiilor-36\\\/\"]}]},{\"@type\":\"ImageObject\",\"inLanguage\":\"ro-RO\",\"@id\":\"https:\\\/\\\/www.autonom.ro\\\/blog\\\/despre-nevoia-de-reinventare-a-organizatiilor-36\\\/#primaryimage\",\"url\":\"https:\\\/\\\/www.autonom.ro\\\/blog\\\/wp-content\\\/uploads\\\/2022\\\/11\\\/newsletter-elements_Social-Card.jpg\",\"contentUrl\":\"https:\\\/\\\/www.autonom.ro\\\/blog\\\/wp-content\\\/uploads\\\/2022\\\/11\\\/newsletter-elements_Social-Card.jpg\",\"width\":1200,\"height\":630,\"caption\":\"Dup\u0103 o scurt\u0103 pauz\u0103 am revenit cu recomand\u0103rile de resurse de \u00eenv\u0103\u021bare.\"},{\"@type\":\"BreadcrumbList\",\"@id\":\"https:\\\/\\\/www.autonom.ro\\\/blog\\\/despre-nevoia-de-reinventare-a-organizatiilor-36\\\/#breadcrumb\",\"itemListElement\":[{\"@type\":\"ListItem\",\"position\":1,\"name\":\"Prima pagin\u0103\",\"item\":\"https:\\\/\\\/www.autonom.ro\\\/blog\\\/\"},{\"@type\":\"ListItem\",\"position\":2,\"name\":\"Despre Nevoia De Reinventare A Organiza\u021biilor #36\"}]},{\"@type\":\"WebSite\",\"@id\":\"https:\\\/\\\/www.autonom.ro\\\/blog\\\/#website\",\"url\":\"https:\\\/\\\/www.autonom.ro\\\/blog\\\/\",\"name\":\"Blog Autonom\",\"description\":\"\",\"publisher\":{\"@id\":\"https:\\\/\\\/www.autonom.ro\\\/blog\\\/#organization\"},\"potentialAction\":[{\"@type\":\"SearchAction\",\"target\":{\"@type\":\"EntryPoint\",\"urlTemplate\":\"https:\\\/\\\/www.autonom.ro\\\/blog\\\/?s={search_term_string}\"},\"query-input\":{\"@type\":\"PropertyValueSpecification\",\"valueRequired\":true,\"valueName\":\"search_term_string\"}}],\"inLanguage\":\"ro-RO\"},{\"@type\":\"Organization\",\"@id\":\"https:\\\/\\\/www.autonom.ro\\\/blog\\\/#organization\",\"name\":\"Blog Autonom\",\"url\":\"https:\\\/\\\/www.autonom.ro\\\/blog\\\/\",\"logo\":{\"@type\":\"ImageObject\",\"inLanguage\":\"ro-RO\",\"@id\":\"https:\\\/\\\/www.autonom.ro\\\/blog\\\/#\\\/schema\\\/logo\\\/image\\\/\",\"url\":\"https:\\\/\\\/www.autonom.ro\\\/blog\\\/wp-content\\\/uploads\\\/2020\\\/10\\\/cropped-Autonom_Corporate-Logo-Color-Orizontal-RGB.png\",\"contentUrl\":\"https:\\\/\\\/www.autonom.ro\\\/blog\\\/wp-content\\\/uploads\\\/2020\\\/10\\\/cropped-Autonom_Corporate-Logo-Color-Orizontal-RGB.png\",\"width\":724,\"height\":250,\"caption\":\"Blog Autonom\"},\"image\":{\"@id\":\"https:\\\/\\\/www.autonom.ro\\\/blog\\\/#\\\/schema\\\/logo\\\/image\\\/\"},\"sameAs\":[\"https:\\\/\\\/www.facebook.com\\\/AutonomRomania\\\/\",\"http:\\\/\\\/www.instagram.com\\\/autonom.romania\\\/\",\"https:\\\/\\\/www.linkedin.com\\\/company\\\/autonom-rent-a-car\"]},{\"@type\":\"Person\",\"@id\":\"https:\\\/\\\/www.autonom.ro\\\/blog\\\/#\\\/schema\\\/person\\\/969476990feb32c04946c9f242c3210e\",\"name\":\"Sorina Volerat\",\"image\":{\"@type\":\"ImageObject\",\"inLanguage\":\"ro-RO\",\"@id\":\"https:\\\/\\\/secure.gravatar.com\\\/avatar\\\/5221880dfa47580a11a0ddaf1f3f28ac8589c9aa842cf5defb698776cde8960a?s=96&d=mm&r=g\",\"url\":\"https:\\\/\\\/secure.gravatar.com\\\/avatar\\\/5221880dfa47580a11a0ddaf1f3f28ac8589c9aa842cf5defb698776cde8960a?s=96&d=mm&r=g\",\"contentUrl\":\"https:\\\/\\\/secure.gravatar.com\\\/avatar\\\/5221880dfa47580a11a0ddaf1f3f28ac8589c9aa842cf5defb698776cde8960a?s=96&d=mm&r=g\",\"caption\":\"Sorina Volerat\"},\"url\":\"https:\\\/\\\/www.autonom.ro\\\/blog\\\/author\\\/sorinavolerat\\\/\"}]}<\/script>\n<!-- \/ Yoast SEO plugin. -->","yoast_head_json":{"title":"Despre Nevoia De Reinventare A Organiza\u021biilor #36 - Blog Autonom","description":"S\u0103pt\u0103m\u00e2na aceasta continu\u0103m recomand\u0103rile de resurse de \u00eenv\u0103\u021bare \u0219i vorbim despre management \u0219i leadership \u00een diferite tipuri de organiza\u021bii, despre direc\u021bii de motiva\u021bie intrinsec\u0103, precum \u0219i despre importan\u021ba contextelor economice \u0219i culturale \u00een care ne afl\u0103m.\u00a0","robots":{"index":"index","follow":"follow","max-snippet":"max-snippet:-1","max-image-preview":"max-image-preview:large","max-video-preview":"max-video-preview:-1"},"canonical":"https:\/\/www.autonom.ro\/blog\/despre-nevoia-de-reinventare-a-organizatiilor-36\/","og_locale":"ro_RO","og_type":"article","og_title":"Despre Nevoia De Reinventare A Organiza\u021biilor #36","og_description":"S\u0103pt\u0103m\u00e2na aceasta continu\u0103m recomand\u0103rile de resurse de \u00eenv\u0103\u021bare \u0219i vorbim despre management \u0219i leadership \u00een diferite tipuri de organiza\u021bii, despre direc\u021bii de motiva\u021bie intrinsec\u0103, precum \u0219i despre importan\u021ba contextelor economice \u0219i culturale \u00een care ne afl\u0103m.\u00a0","og_url":"https:\/\/www.autonom.ro\/blog\/despre-nevoia-de-reinventare-a-organizatiilor-36\/","og_site_name":"Blog Autonom","article_publisher":"https:\/\/www.facebook.com\/AutonomRomania\/","article_published_time":"2023-07-28T13:00:00+00:00","article_modified_time":"2023-08-07T08:04:46+00:00","og_image":[{"width":1200,"height":630,"url":"https:\/\/www.autonom.ro\/blog\/wp-content\/uploads\/2022\/11\/newsletter-elements_Social-Card.jpg","type":"image\/jpeg"}],"author":"Sorina Volerat","twitter_card":"summary_large_image","twitter_misc":{"Scris de":"Sorina Volerat","Timp estimat pentru citire":"5 minute"},"schema":{"@context":"https:\/\/schema.org","@graph":[{"@type":"Article","@id":"https:\/\/www.autonom.ro\/blog\/despre-nevoia-de-reinventare-a-organizatiilor-36\/#article","isPartOf":{"@id":"https:\/\/www.autonom.ro\/blog\/despre-nevoia-de-reinventare-a-organizatiilor-36\/"},"author":{"name":"Sorina Volerat","@id":"https:\/\/www.autonom.ro\/blog\/#\/schema\/person\/969476990feb32c04946c9f242c3210e"},"headline":"Despre Nevoia De Reinventare A Organiza\u021biilor #36","datePublished":"2023-07-28T13:00:00+00:00","dateModified":"2023-08-07T08:04:46+00:00","mainEntityOfPage":{"@id":"https:\/\/www.autonom.ro\/blog\/despre-nevoia-de-reinventare-a-organizatiilor-36\/"},"wordCount":1100,"publisher":{"@id":"https:\/\/www.autonom.ro\/blog\/#organization"},"image":{"@id":"https:\/\/www.autonom.ro\/blog\/despre-nevoia-de-reinventare-a-organizatiilor-36\/#primaryimage"},"thumbnailUrl":"https:\/\/www.autonom.ro\/blog\/wp-content\/uploads\/2022\/11\/newsletter-elements_Social-Card.jpg","articleSection":["Learning Tip of the Week"],"inLanguage":"ro-RO"},{"@type":"WebPage","@id":"https:\/\/www.autonom.ro\/blog\/despre-nevoia-de-reinventare-a-organizatiilor-36\/","url":"https:\/\/www.autonom.ro\/blog\/despre-nevoia-de-reinventare-a-organizatiilor-36\/","name":"Despre Nevoia De Reinventare A Organiza\u021biilor #36 - Blog Autonom","isPartOf":{"@id":"https:\/\/www.autonom.ro\/blog\/#website"},"primaryImageOfPage":{"@id":"https:\/\/www.autonom.ro\/blog\/despre-nevoia-de-reinventare-a-organizatiilor-36\/#primaryimage"},"image":{"@id":"https:\/\/www.autonom.ro\/blog\/despre-nevoia-de-reinventare-a-organizatiilor-36\/#primaryimage"},"thumbnailUrl":"https:\/\/www.autonom.ro\/blog\/wp-content\/uploads\/2022\/11\/newsletter-elements_Social-Card.jpg","datePublished":"2023-07-28T13:00:00+00:00","dateModified":"2023-08-07T08:04:46+00:00","description":"S\u0103pt\u0103m\u00e2na aceasta continu\u0103m recomand\u0103rile de resurse de \u00eenv\u0103\u021bare \u0219i vorbim despre management \u0219i leadership \u00een diferite tipuri de organiza\u021bii, despre direc\u021bii de motiva\u021bie intrinsec\u0103, precum \u0219i despre importan\u021ba contextelor economice \u0219i culturale \u00een care ne afl\u0103m.\u00a0","breadcrumb":{"@id":"https:\/\/www.autonom.ro\/blog\/despre-nevoia-de-reinventare-a-organizatiilor-36\/#breadcrumb"},"inLanguage":"ro-RO","potentialAction":[{"@type":"ReadAction","target":["https:\/\/www.autonom.ro\/blog\/despre-nevoia-de-reinventare-a-organizatiilor-36\/"]}]},{"@type":"ImageObject","inLanguage":"ro-RO","@id":"https:\/\/www.autonom.ro\/blog\/despre-nevoia-de-reinventare-a-organizatiilor-36\/#primaryimage","url":"https:\/\/www.autonom.ro\/blog\/wp-content\/uploads\/2022\/11\/newsletter-elements_Social-Card.jpg","contentUrl":"https:\/\/www.autonom.ro\/blog\/wp-content\/uploads\/2022\/11\/newsletter-elements_Social-Card.jpg","width":1200,"height":630,"caption":"Dup\u0103 o scurt\u0103 pauz\u0103 am revenit cu recomand\u0103rile de resurse de \u00eenv\u0103\u021bare."},{"@type":"BreadcrumbList","@id":"https:\/\/www.autonom.ro\/blog\/despre-nevoia-de-reinventare-a-organizatiilor-36\/#breadcrumb","itemListElement":[{"@type":"ListItem","position":1,"name":"Prima pagin\u0103","item":"https:\/\/www.autonom.ro\/blog\/"},{"@type":"ListItem","position":2,"name":"Despre Nevoia De Reinventare A Organiza\u021biilor #36"}]},{"@type":"WebSite","@id":"https:\/\/www.autonom.ro\/blog\/#website","url":"https:\/\/www.autonom.ro\/blog\/","name":"Blog Autonom","description":"","publisher":{"@id":"https:\/\/www.autonom.ro\/blog\/#organization"},"potentialAction":[{"@type":"SearchAction","target":{"@type":"EntryPoint","urlTemplate":"https:\/\/www.autonom.ro\/blog\/?s={search_term_string}"},"query-input":{"@type":"PropertyValueSpecification","valueRequired":true,"valueName":"search_term_string"}}],"inLanguage":"ro-RO"},{"@type":"Organization","@id":"https:\/\/www.autonom.ro\/blog\/#organization","name":"Blog Autonom","url":"https:\/\/www.autonom.ro\/blog\/","logo":{"@type":"ImageObject","inLanguage":"ro-RO","@id":"https:\/\/www.autonom.ro\/blog\/#\/schema\/logo\/image\/","url":"https:\/\/www.autonom.ro\/blog\/wp-content\/uploads\/2020\/10\/cropped-Autonom_Corporate-Logo-Color-Orizontal-RGB.png","contentUrl":"https:\/\/www.autonom.ro\/blog\/wp-content\/uploads\/2020\/10\/cropped-Autonom_Corporate-Logo-Color-Orizontal-RGB.png","width":724,"height":250,"caption":"Blog Autonom"},"image":{"@id":"https:\/\/www.autonom.ro\/blog\/#\/schema\/logo\/image\/"},"sameAs":["https:\/\/www.facebook.com\/AutonomRomania\/","http:\/\/www.instagram.com\/autonom.romania\/","https:\/\/www.linkedin.com\/company\/autonom-rent-a-car"]},{"@type":"Person","@id":"https:\/\/www.autonom.ro\/blog\/#\/schema\/person\/969476990feb32c04946c9f242c3210e","name":"Sorina Volerat","image":{"@type":"ImageObject","inLanguage":"ro-RO","@id":"https:\/\/secure.gravatar.com\/avatar\/5221880dfa47580a11a0ddaf1f3f28ac8589c9aa842cf5defb698776cde8960a?s=96&d=mm&r=g","url":"https:\/\/secure.gravatar.com\/avatar\/5221880dfa47580a11a0ddaf1f3f28ac8589c9aa842cf5defb698776cde8960a?s=96&d=mm&r=g","contentUrl":"https:\/\/secure.gravatar.com\/avatar\/5221880dfa47580a11a0ddaf1f3f28ac8589c9aa842cf5defb698776cde8960a?s=96&d=mm&r=g","caption":"Sorina Volerat"},"url":"https:\/\/www.autonom.ro\/blog\/author\/sorinavolerat\/"}]}},"_links":{"self":[{"href":"https:\/\/www.autonom.ro\/blog\/wp-json\/wp\/v2\/posts\/6598","targetHints":{"allow":["GET"]}}],"collection":[{"href":"https:\/\/www.autonom.ro\/blog\/wp-json\/wp\/v2\/posts"}],"about":[{"href":"https:\/\/www.autonom.ro\/blog\/wp-json\/wp\/v2\/types\/post"}],"author":[{"embeddable":true,"href":"https:\/\/www.autonom.ro\/blog\/wp-json\/wp\/v2\/users\/4"}],"replies":[{"embeddable":true,"href":"https:\/\/www.autonom.ro\/blog\/wp-json\/wp\/v2\/comments?post=6598"}],"version-history":[{"count":7,"href":"https:\/\/www.autonom.ro\/blog\/wp-json\/wp\/v2\/posts\/6598\/revisions"}],"predecessor-version":[{"id":6617,"href":"https:\/\/www.autonom.ro\/blog\/wp-json\/wp\/v2\/posts\/6598\/revisions\/6617"}],"wp:featuredmedia":[{"embeddable":true,"href":"https:\/\/www.autonom.ro\/blog\/wp-json\/wp\/v2\/media\/6006"}],"wp:attachment":[{"href":"https:\/\/www.autonom.ro\/blog\/wp-json\/wp\/v2\/media?parent=6598"}],"wp:term":[{"taxonomy":"category","embeddable":true,"href":"https:\/\/www.autonom.ro\/blog\/wp-json\/wp\/v2\/categories?post=6598"},{"taxonomy":"post_tag","embeddable":true,"href":"https:\/\/www.autonom.ro\/blog\/wp-json\/wp\/v2\/tags?post=6598"}],"curies":[{"name":"wp","href":"https:\/\/api.w.org\/{rel}","templated":true}]}}