{"id":6648,"date":"2023-08-18T17:12:16","date_gmt":"2023-08-18T14:12:16","guid":{"rendered":"https:\/\/www.autonom.ro\/blog\/?p=6648"},"modified":"2023-08-18T17:50:34","modified_gmt":"2023-08-18T14:50:34","slug":"learning-tip-of-the-week-39-recomandari-pentru-vacanta-partea-a-doua","status":"publish","type":"post","link":"https:\/\/www.autonom.ro\/blog\/learning-tip-of-the-week-39-recomandari-pentru-vacanta-partea-a-doua\/","title":{"rendered":"Recomand\u0103ri pentru vacan\u021b\u0103 \u2013 partea a doua #39"},"content":{"rendered":"\n<p><strong><mark style=\"background-color:rgba(0, 0, 0, 0)\" class=\"has-inline-color has-blue-one-color\">Salutare,<\/mark><\/strong><\/p>\n\n\n\n<p>Continu\u0103m seria de recomand\u0103ri numai bune de ascultat \u0219i citit pentru perioada de vacan\u021b\u0103.<\/p>\n\n\n\n<p>Spor la ascultat \u0219i citit! Dac\u0103 v-a pl\u0103cut sau a\u021bi dori s\u0103 abord\u0103m \u0219i alte subiecte de interes nu ezita\u021bi s\u0103 ne scrie\u021bi.<\/p>\n\n\n\n<hr class=\"wp-block-separator has-text-color has-alpha-channel-opacity has-background is-style-default\" style=\"background-color:#b8d7f1;color:#b8d7f1\"\/>\n\n\n\n<h2 class=\"wp-block-heading has-text-align-center\"><strong><em><mark style=\"background-color:rgba(0, 0, 0, 0)\" class=\"has-inline-color has-blue-one-color\">#DozaDeLectur\u0103<\/mark><\/em><\/strong><\/h2>\n\n\n\n<div class=\"wp-block-media-text alignwide is-stacked-on-mobile is-vertically-aligned-center\" style=\"grid-template-columns:20% auto\"><figure class=\"wp-block-media-text__media\"><img loading=\"lazy\" decoding=\"async\" width=\"645\" height=\"1024\" src=\"https:\/\/www.autonom.ro\/blog\/wp-content\/uploads\/2023\/08\/Matthew-Walker-Despre-Somn-De-ce-este-vital-sa-dormim-si-sa-visam-Editura-Vellant-645x1024.png\" alt=\"Matthew Walker - Despre Somn - De ce este vital sa dormim si sa visam - Editura Vellant\" class=\"wp-image-6650 size-full\" srcset=\"https:\/\/www.autonom.ro\/blog\/wp-content\/uploads\/2023\/08\/Matthew-Walker-Despre-Somn-De-ce-este-vital-sa-dormim-si-sa-visam-Editura-Vellant-645x1024.png 645w, https:\/\/www.autonom.ro\/blog\/wp-content\/uploads\/2023\/08\/Matthew-Walker-Despre-Somn-De-ce-este-vital-sa-dormim-si-sa-visam-Editura-Vellant-189x300.png 189w, https:\/\/www.autonom.ro\/blog\/wp-content\/uploads\/2023\/08\/Matthew-Walker-Despre-Somn-De-ce-este-vital-sa-dormim-si-sa-visam-Editura-Vellant-768x1220.png 768w, https:\/\/www.autonom.ro\/blog\/wp-content\/uploads\/2023\/08\/Matthew-Walker-Despre-Somn-De-ce-este-vital-sa-dormim-si-sa-visam-Editura-Vellant-967x1536.png 967w, https:\/\/www.autonom.ro\/blog\/wp-content\/uploads\/2023\/08\/Matthew-Walker-Despre-Somn-De-ce-este-vital-sa-dormim-si-sa-visam-Editura-Vellant.png 1000w\" sizes=\"auto, (max-width: 645px) 100vw, 645px\" \/><\/figure><div class=\"wp-block-media-text__content\">\n<p><strong><em><mark style=\"background-color:rgba(0, 0, 0, 0)\" class=\"has-inline-color has-purple-color\">Despre somn. De ce este vital s\u0103 dormim \u0219i s\u0103 vis\u0103m, <\/mark><\/em><mark style=\"background-color:rgba(0, 0, 0, 0)\" class=\"has-inline-color has-purple-color\">Matthew Walker.<\/mark><\/strong> \u201eOamenii de \u0219tiin\u021b\u0103 au descoperit un nou tratament revolu\u021bionar care te face s\u0103 tr\u0103ie\u0219ti mai mult. \u00ce\u021bi \u00eembun\u0103t\u0103\u021be\u0219te memoria, te face mai atractiv. Te men\u021bine sub\u021bire \u0219i reduce pofta de m\u00e2ncare. Te protejeaz\u0103 de cancer \u0219i demen\u021b\u0103. Alung\u0103 r\u0103ceala \u0219i gripa. Reduce riscul de atacuri de cord \u0219i accident vascular cerebral, ca s\u0103 nu mai vorbim de diabet. Te vei sim\u021bi chiar mai fericit, mai pu\u021bin deprimat \u0219i mai pu\u021bin anxios. E\u0219ti interesat?\u201d Matthew ne ofer\u0103 o explorare revolu\u021bionar\u0103 a somnului examin\u00e2nd modul \u00een care acesta afecteaz\u0103 fiecare aspect al bun\u0103st\u0103rii noastre fizice \u0219i mentale \u0219i ne explic\u0103 cum putem valorifica somnul.<\/p>\n<\/div><\/div>\n\n\n\n<div class=\"wp-block-media-text alignwide is-stacked-on-mobile is-vertically-aligned-center\" style=\"grid-template-columns:20% auto\"><figure class=\"wp-block-media-text__media\"><img loading=\"lazy\" decoding=\"async\" width=\"671\" height=\"1024\" src=\"https:\/\/www.autonom.ro\/blog\/wp-content\/uploads\/2023\/08\/Dave-Grohl-Povestitorul-Istorisiri-din-viata-si-muzica-Editura-Publica-671x1024.png\" alt=\"Dave Grohl - Povestitorul - Istorisiri din viata si muzica - Editura Publica\" class=\"wp-image-6649 size-full\" srcset=\"https:\/\/www.autonom.ro\/blog\/wp-content\/uploads\/2023\/08\/Dave-Grohl-Povestitorul-Istorisiri-din-viata-si-muzica-Editura-Publica-671x1024.png 671w, https:\/\/www.autonom.ro\/blog\/wp-content\/uploads\/2023\/08\/Dave-Grohl-Povestitorul-Istorisiri-din-viata-si-muzica-Editura-Publica-196x300.png 196w, https:\/\/www.autonom.ro\/blog\/wp-content\/uploads\/2023\/08\/Dave-Grohl-Povestitorul-Istorisiri-din-viata-si-muzica-Editura-Publica-768x1173.png 768w, https:\/\/www.autonom.ro\/blog\/wp-content\/uploads\/2023\/08\/Dave-Grohl-Povestitorul-Istorisiri-din-viata-si-muzica-Editura-Publica.png 1000w\" sizes=\"auto, (max-width: 671px) 100vw, 671px\" \/><\/figure><div class=\"wp-block-media-text__content\">\n<p><strong><em><mark style=\"background-color:rgba(0, 0, 0, 0)\" class=\"has-inline-color has-purple-color\">Povestitorul. Istorisiri din via\u021b\u0103 \u0219i muzic\u0103, <\/mark><\/em><mark style=\"background-color:rgba(0, 0, 0, 0)\" class=\"has-inline-color has-purple-color\">Dave Grohl.<\/mark><\/strong> V\u0103 propunem o poveste scris\u0103 \u0219i nu c\u00e2ntat\u0103 din suflet, a\u0219a cum ne-a obi\u0219nuit Dave Grohl. \u201eAi face bine s\u0103 fii bun\u201d, i-a spus mama sa, o profesoar\u0103 de liceu de englez\u0103, atunci c\u00e2nd acesta a anun\u021bat-o la 17 ani c\u0103 vrea s\u0103 se lase de \u0219coal\u0103 \u0219i s\u0103 se dedice muzicii. S-a conformat \u0219i a devenit chiar unul dintre cei mai buni. Dac\u0103 numele lui nu v\u0103 sun\u0103 cunoscut, cu siguran\u021b\u0103 atunci c\u00e2nd citi\u021bi \u201eSmells like teen spirit\u201d v\u0103 r\u0103sun\u0103 \u00een cap deja primele acorduri ale melodiei. Dave ne istorise\u0219te despre cum s-a apucat de c\u00e2ntat la tobe \u0219i resetarea mental\u0103 dup\u0103 primul concert de punk din adolescen\u021b\u0103, cum a ajuns s\u0103 c\u00e2nte \u00eentr-o forma\u021bie obscur\u0103 din Seattle care a cucerit lumea \u0219i cum s-a \u00eentors la muzic\u0103 dup\u0103 dispari\u021bia lui Kurt Cobain, prin \u00eenfiin\u021barea forma\u021biei Foo Fighters. De fiecare dat\u0103 cu ingenuitatea unui copil descoper\u0103 lumea cu o atitudine smerit\u0103, chiar dac\u0103 este o persoan\u0103 care \u0219i-a pus amprenta asupra muzicii rock \u0219i care este dincolo de orice autentic.<\/p>\n<\/div><\/div>\n\n\n\n<div class=\"wp-block-media-text alignwide is-stacked-on-mobile\" style=\"grid-template-columns:20% auto\"><figure class=\"wp-block-media-text__media\"><img loading=\"lazy\" decoding=\"async\" width=\"729\" height=\"1024\" src=\"https:\/\/www.autonom.ro\/blog\/wp-content\/uploads\/2023\/08\/Daniel-Pink-Puterea-regretului-Cum-sa-mergi-inainte-privind-in-urma-Editura-Publica-729x1024.png\" alt=\"Daniel Pink - Puterea regretului - Cum sa mergi inainte, privind in urma - Editura Publica\" class=\"wp-image-6651 size-full\" srcset=\"https:\/\/www.autonom.ro\/blog\/wp-content\/uploads\/2023\/08\/Daniel-Pink-Puterea-regretului-Cum-sa-mergi-inainte-privind-in-urma-Editura-Publica-729x1024.png 729w, https:\/\/www.autonom.ro\/blog\/wp-content\/uploads\/2023\/08\/Daniel-Pink-Puterea-regretului-Cum-sa-mergi-inainte-privind-in-urma-Editura-Publica-214x300.png 214w, https:\/\/www.autonom.ro\/blog\/wp-content\/uploads\/2023\/08\/Daniel-Pink-Puterea-regretului-Cum-sa-mergi-inainte-privind-in-urma-Editura-Publica-768x1078.png 768w, https:\/\/www.autonom.ro\/blog\/wp-content\/uploads\/2023\/08\/Daniel-Pink-Puterea-regretului-Cum-sa-mergi-inainte-privind-in-urma-Editura-Publica.png 1000w\" sizes=\"auto, (max-width: 729px) 100vw, 729px\" \/><\/figure><div class=\"wp-block-media-text__content\">\n<p><strong><em><mark style=\"background-color:rgba(0, 0, 0, 0)\" class=\"has-inline-color has-purple-color\">Puterea regretului, <\/mark><\/em><mark style=\"background-color:rgba(0, 0, 0, 0)\" class=\"has-inline-color has-purple-color\">Daniel Pink.<\/mark><\/strong> Autorul ne invit\u0103 s\u0103 descoperim pove\u0219ti adev\u0103rate despre regretele oamenilor \u0219i sugestii despre reimaginarea ca \u0219i for\u021b\u0103 pozitiv\u0103 care ne ajut\u0103 s\u0103 lu\u0103m decizii mai inteligente, s\u0103 g\u0103sim o cale mai bun\u0103 de urmat \u0219i s\u0103 d\u0103m mai mult sens vie\u021bii noastre. Demonteaz\u0103 mitul filosofiei \u201evia\u021ba f\u0103r\u0103 regrete\u201d \u0219i ne demonstreaz\u0103 cum acesta este o component\u0103 universal\u0103 \u0219i s\u0103n\u0103toas\u0103 a vie\u021bii umane. \u201eRegretul s-ar putea s\u0103 aib\u0103 nevoie urgent\u0103 de rebranding\u2026 Privind \u00een urm\u0103, am putea afla cum s\u0103 mergem \u00eenainte. S-ar putea s\u0103 descoperim adev\u0103rate lec\u021bii \u00een momentele pe care le-am ascuns deliberat de noi \u00een\u0219ine. Regretul a fost considerat mult timp un semn de sl\u0103biciune, dar ce-ar fi dac\u0103 l-am privi ca pe un punct forte?\u201c, The Washington Post.<\/p>\n<\/div><\/div>\n\n\n\n<hr class=\"wp-block-separator has-text-color has-alpha-channel-opacity has-background is-style-default\" style=\"background-color:#b8d7f1;color:#b8d7f1\"\/>\n\n\n\n<p class=\"has-text-align-center\">Acceseaz\u0103 link-ul de mai jos dac\u0103 vrei s\u0103 cite\u0219ti un episod anterior \ud83c\udf81<\/p>\n\n\n\n<div class=\"wp-block-buttons is-content-justification-center is-layout-flex wp-container-core-buttons-is-layout-16018d1d wp-block-buttons-is-layout-flex\">\n<div class=\"wp-block-button is-style-outline is-style-outline--1\"><a class=\"wp-block-button__link has-green-color has-text-color has-background wp-element-button\" href=\"https:\/\/www.autonom.ro\/blog\/descopera\/\" style=\"background-color:#e5f9ef\" target=\"_blank\" rel=\"noreferrer noopener\"><strong>Descoper\u0103<\/strong><\/a><\/div>\n<\/div>\n\n\n\n<hr class=\"wp-block-separator has-text-color has-alpha-channel-opacity has-background is-style-default\" style=\"background-color:#b8d7f1;color:#b8d7f1\"\/>\n\n\n\n<h2 class=\"wp-block-heading has-text-align-center\"><strong><em><mark style=\"background-color:rgba(0, 0, 0, 0)\" class=\"has-inline-color has-blue-one-color\">#\u00centreb\u0103riCuSens din Jocul Autonom<\/mark><\/em><\/strong><\/h2>\n\n\n\n<p class=\"has-text-align-center\"><strong><em><mark style=\"background-color:rgba(0, 0, 0, 0)\" class=\"has-inline-color has-blue-two-color\">Ce \u00eenseamn\u0103 fericirea pentru tine?<\/mark><\/em><\/strong><\/p>\n\n\n\n<hr class=\"wp-block-separator has-text-color has-alpha-channel-opacity has-background is-style-default\" style=\"background-color:#b8d7f1;color:#b8d7f1\"\/>\n\n\n\n<h2 class=\"wp-block-heading has-text-align-center\"><strong><em><mark style=\"background-color:rgba(0, 0, 0, 0)\" class=\"has-inline-color has-blue-one-color\">#DeAscultat<\/mark><\/em><\/strong><\/h2>\n\n\n\n<div class=\"wp-block-columns is-layout-flex wp-container-core-columns-is-layout-9d6595d7 wp-block-columns-is-layout-flex\">\n<div class=\"wp-block-column is-layout-flow wp-block-column-is-layout-flow\">\n<figure class=\"wp-block-embed aligncenter is-type-video is-provider-youtube wp-block-embed-youtube wp-embed-aspect-16-9 wp-has-aspect-ratio\"><div class=\"wp-block-embed__wrapper\">\n<iframe loading=\"lazy\" title=\"Sleep Is Your Superpower | Matt Walker | TED\" width=\"500\" height=\"281\" src=\"https:\/\/www.youtube.com\/embed\/5MuIMqhT8DM?feature=oembed\" frameborder=\"0\" allow=\"accelerometer; autoplay; clipboard-write; encrypted-media; gyroscope; picture-in-picture; web-share\" referrerpolicy=\"strict-origin-when-cross-origin\" allowfullscreen><\/iframe>\n<\/div><figcaption class=\"wp-element-caption\">Matt Walker \u2013 Sleep is your superpower<\/figcaption><\/figure>\n<\/div>\n\n\n\n<div class=\"wp-block-column is-layout-flow wp-block-column-is-layout-flow\">\n<figure class=\"wp-block-embed aligncenter is-type-video is-provider-youtube wp-block-embed-youtube wp-embed-aspect-16-9 wp-has-aspect-ratio\"><div class=\"wp-block-embed__wrapper\">\n<iframe loading=\"lazy\" title=\"Dave Grohl - Play (Official Video)\" width=\"500\" height=\"281\" src=\"https:\/\/www.youtube.com\/embed\/e05H80-k0mY?feature=oembed\" frameborder=\"0\" allow=\"accelerometer; autoplay; clipboard-write; encrypted-media; gyroscope; picture-in-picture; web-share\" referrerpolicy=\"strict-origin-when-cross-origin\" allowfullscreen><\/iframe>\n<\/div><figcaption class=\"wp-element-caption\">Dave Grohl &#8211; Play<\/figcaption><\/figure>\n<\/div>\n<\/div>\n\n\n\n<div class=\"wp-block-columns is-layout-flex wp-container-core-columns-is-layout-9d6595d7 wp-block-columns-is-layout-flex\">\n<div class=\"wp-block-column is-layout-flow wp-block-column-is-layout-flow\">\n<figure class=\"wp-block-embed aligncenter is-type-video is-provider-youtube wp-block-embed-youtube wp-embed-aspect-16-9 wp-has-aspect-ratio\"><div class=\"wp-block-embed__wrapper\">\n<iframe loading=\"lazy\" title=\"The power of introverts | Susan Cain | TED\" width=\"500\" height=\"281\" src=\"https:\/\/www.youtube.com\/embed\/c0KYU2j0TM4?feature=oembed\" frameborder=\"0\" allow=\"accelerometer; autoplay; clipboard-write; encrypted-media; gyroscope; picture-in-picture; web-share\" referrerpolicy=\"strict-origin-when-cross-origin\" allowfullscreen><\/iframe>\n<\/div><figcaption class=\"wp-element-caption\">Susan Cain &#8211; The power of introverts<\/figcaption><\/figure>\n<\/div>\n\n\n\n<div class=\"wp-block-column is-layout-flow wp-block-column-is-layout-flow\">\n<figure class=\"wp-block-embed aligncenter is-type-video is-provider-youtube wp-block-embed-youtube wp-embed-aspect-16-9 wp-has-aspect-ratio\"><div class=\"wp-block-embed__wrapper\">\n<iframe loading=\"lazy\" title=\"Robert Waldinger: What makes a good life? Lessons from the longest study on happiness | TED\" width=\"500\" height=\"281\" src=\"https:\/\/www.youtube.com\/embed\/8KkKuTCFvzI?feature=oembed\" frameborder=\"0\" allow=\"accelerometer; autoplay; clipboard-write; encrypted-media; gyroscope; picture-in-picture; web-share\" referrerpolicy=\"strict-origin-when-cross-origin\" allowfullscreen><\/iframe>\n<\/div><figcaption class=\"wp-element-caption\">Robert Waldinger &#8211; What makes a good life? Lessons from the longest study on happiness<\/figcaption><\/figure>\n<\/div>\n<\/div>\n\n\n\n<div class=\"wp-block-columns is-layout-flex wp-container-core-columns-is-layout-9d6595d7 wp-block-columns-is-layout-flex\">\n<div class=\"wp-block-column is-layout-flow wp-block-column-is-layout-flow\">\n<figure class=\"wp-block-embed aligncenter is-type-video is-provider-youtube wp-block-embed-youtube wp-embed-aspect-16-9 wp-has-aspect-ratio\"><div class=\"wp-block-embed__wrapper\">\n<iframe loading=\"lazy\" title=\"How to stop screwing yourself over | Mel Robbins | TEDxSF\" width=\"500\" height=\"281\" src=\"https:\/\/www.youtube.com\/embed\/Lp7E973zozc?feature=oembed\" frameborder=\"0\" allow=\"accelerometer; autoplay; clipboard-write; encrypted-media; gyroscope; picture-in-picture; web-share\" referrerpolicy=\"strict-origin-when-cross-origin\" allowfullscreen><\/iframe>\n<\/div><figcaption class=\"wp-element-caption\">Mel Robbins &#8211; How to stop screwing yourself over<\/figcaption><\/figure>\n<\/div>\n\n\n\n<div class=\"wp-block-column is-layout-flow wp-block-column-is-layout-flow\">\n<figure class=\"wp-block-embed aligncenter is-type-video is-provider-youtube wp-block-embed-youtube wp-embed-aspect-16-9 wp-has-aspect-ratio\"><div class=\"wp-block-embed__wrapper\">\n<iframe loading=\"lazy\" title=\"4 Kinds of Regret \u2013 and What They Teach You about Yourself | Daniel H. Pink | TED\" width=\"500\" height=\"281\" src=\"https:\/\/www.youtube.com\/embed\/cenxg8j-Rc0?feature=oembed\" frameborder=\"0\" allow=\"accelerometer; autoplay; clipboard-write; encrypted-media; gyroscope; picture-in-picture; web-share\" referrerpolicy=\"strict-origin-when-cross-origin\" allowfullscreen><\/iframe>\n<\/div><figcaption class=\"wp-element-caption\">Daniel H.Pink &#8211; 4 kinds of regret and what they teach you about yourself<\/figcaption><\/figure>\n<\/div>\n<\/div>\n\n\n\n<hr class=\"wp-block-separator has-text-color has-alpha-channel-opacity has-background is-style-default\" style=\"background-color:#b8d7f1;color:#b8d7f1\"\/>\n\n\n\n<p class=\"has-text-align-center\"><strong><mark style=\"background-color:rgba(0, 0, 0, 0)\" class=\"has-inline-color has-blue-one-color\">Pe data viitoare!<\/mark><\/strong><\/p>\n","protected":false},"excerpt":{"rendered":"<p>Salutare, Continu\u0103m seria de recomand\u0103ri numai bune de ascultat \u0219i citit pentru perioada de vacan\u021b\u0103. Spor la ascultat \u0219i citit! Dac\u0103 v-a pl\u0103cut sau a\u021bi dori s\u0103 abord\u0103m \u0219i alte subiecte de interes nu ezita\u021bi s\u0103 ne scrie\u021bi. #DozaDeLectur\u0103 Despre somn. De ce este vital s\u0103 dormim \u0219i s\u0103 vis\u0103m, Matthew Walker. \u201eOamenii de \u0219tiin\u021b\u0103 [&hellip;]<\/p>\n","protected":false},"author":4,"featured_media":6006,"comment_status":"closed","ping_status":"closed","sticky":false,"template":"","format":"standard","meta":{"inline_featured_image":false,"footnotes":""},"categories":[1923],"tags":[],"class_list":["post-6648","post","type-post","status-publish","format-standard","has-post-thumbnail","hentry","category-learning-tip-of-the-week"],"yoast_head":"<!-- This site is optimized with the Yoast SEO plugin v27.3 - https:\/\/yoast.com\/product\/yoast-seo-wordpress\/ -->\n<title>Recomand\u0103ri pentru vacan\u021b\u0103 \u2013 partea a doua #39 - Blog Autonom<\/title>\n<meta name=\"description\" content=\"Continu\u0103m seria de recomand\u0103ri numai bune de ascultat \u0219i citit pentru perioada de vacan\u021b\u0103.\" \/>\n<meta name=\"robots\" content=\"index, follow, max-snippet:-1, max-image-preview:large, max-video-preview:-1\" \/>\n<link rel=\"canonical\" href=\"https:\/\/www.autonom.ro\/blog\/learning-tip-of-the-week-39-recomandari-pentru-vacanta-partea-a-doua\/\" \/>\n<meta property=\"og:locale\" content=\"ro_RO\" \/>\n<meta property=\"og:type\" content=\"article\" \/>\n<meta property=\"og:title\" content=\"Learning Tip of The Week by Autonom\" \/>\n<meta property=\"og:description\" content=\"Continu\u0103m seria de recomand\u0103ri numai bune de ascultat \u0219i citit pentru perioada de vacan\u021b\u0103.\" \/>\n<meta property=\"og:url\" content=\"https:\/\/www.autonom.ro\/blog\/learning-tip-of-the-week-39-recomandari-pentru-vacanta-partea-a-doua\/\" \/>\n<meta property=\"og:site_name\" content=\"Blog Autonom\" \/>\n<meta property=\"article:publisher\" content=\"https:\/\/www.facebook.com\/AutonomRomania\/\" \/>\n<meta property=\"article:published_time\" content=\"2023-08-18T14:12:16+00:00\" \/>\n<meta property=\"article:modified_time\" content=\"2023-08-18T14:50:34+00:00\" \/>\n<meta property=\"og:image\" content=\"https:\/\/www.autonom.ro\/blog\/wp-content\/uploads\/2022\/11\/newsletter-elements_Social-Card.jpg\" \/>\n\t<meta property=\"og:image:width\" content=\"1200\" \/>\n\t<meta property=\"og:image:height\" content=\"630\" \/>\n\t<meta property=\"og:image:type\" content=\"image\/jpeg\" \/>\n<meta name=\"author\" content=\"Sorina Volerat\" \/>\n<meta name=\"twitter:card\" content=\"summary_large_image\" \/>\n<meta name=\"twitter:label1\" content=\"Scris de\" \/>\n\t<meta name=\"twitter:data1\" content=\"Sorina Volerat\" \/>\n\t<meta name=\"twitter:label2\" content=\"Timp estimat pentru citire\" \/>\n\t<meta name=\"twitter:data2\" content=\"4 minute\" \/>\n<script type=\"application\/ld+json\" class=\"yoast-schema-graph\">{\"@context\":\"https:\\\/\\\/schema.org\",\"@graph\":[{\"@type\":\"Article\",\"@id\":\"https:\\\/\\\/www.autonom.ro\\\/blog\\\/learning-tip-of-the-week-39-recomandari-pentru-vacanta-partea-a-doua\\\/#article\",\"isPartOf\":{\"@id\":\"https:\\\/\\\/www.autonom.ro\\\/blog\\\/learning-tip-of-the-week-39-recomandari-pentru-vacanta-partea-a-doua\\\/\"},\"author\":{\"name\":\"Sorina Volerat\",\"@id\":\"https:\\\/\\\/www.autonom.ro\\\/blog\\\/#\\\/schema\\\/person\\\/969476990feb32c04946c9f242c3210e\"},\"headline\":\"Recomand\u0103ri pentru vacan\u021b\u0103 \u2013 partea a doua #39\",\"datePublished\":\"2023-08-18T14:12:16+00:00\",\"dateModified\":\"2023-08-18T14:50:34+00:00\",\"mainEntityOfPage\":{\"@id\":\"https:\\\/\\\/www.autonom.ro\\\/blog\\\/learning-tip-of-the-week-39-recomandari-pentru-vacanta-partea-a-doua\\\/\"},\"wordCount\":655,\"publisher\":{\"@id\":\"https:\\\/\\\/www.autonom.ro\\\/blog\\\/#organization\"},\"image\":{\"@id\":\"https:\\\/\\\/www.autonom.ro\\\/blog\\\/learning-tip-of-the-week-39-recomandari-pentru-vacanta-partea-a-doua\\\/#primaryimage\"},\"thumbnailUrl\":\"https:\\\/\\\/www.autonom.ro\\\/blog\\\/wp-content\\\/uploads\\\/2022\\\/11\\\/newsletter-elements_Social-Card.jpg\",\"articleSection\":[\"Learning Tip of the Week\"],\"inLanguage\":\"ro-RO\"},{\"@type\":\"WebPage\",\"@id\":\"https:\\\/\\\/www.autonom.ro\\\/blog\\\/learning-tip-of-the-week-39-recomandari-pentru-vacanta-partea-a-doua\\\/\",\"url\":\"https:\\\/\\\/www.autonom.ro\\\/blog\\\/learning-tip-of-the-week-39-recomandari-pentru-vacanta-partea-a-doua\\\/\",\"name\":\"Recomand\u0103ri pentru vacan\u021b\u0103 \u2013 partea a doua #39 - Blog Autonom\",\"isPartOf\":{\"@id\":\"https:\\\/\\\/www.autonom.ro\\\/blog\\\/#website\"},\"primaryImageOfPage\":{\"@id\":\"https:\\\/\\\/www.autonom.ro\\\/blog\\\/learning-tip-of-the-week-39-recomandari-pentru-vacanta-partea-a-doua\\\/#primaryimage\"},\"image\":{\"@id\":\"https:\\\/\\\/www.autonom.ro\\\/blog\\\/learning-tip-of-the-week-39-recomandari-pentru-vacanta-partea-a-doua\\\/#primaryimage\"},\"thumbnailUrl\":\"https:\\\/\\\/www.autonom.ro\\\/blog\\\/wp-content\\\/uploads\\\/2022\\\/11\\\/newsletter-elements_Social-Card.jpg\",\"datePublished\":\"2023-08-18T14:12:16+00:00\",\"dateModified\":\"2023-08-18T14:50:34+00:00\",\"description\":\"Continu\u0103m seria de recomand\u0103ri numai bune de ascultat \u0219i citit pentru perioada de vacan\u021b\u0103.\",\"breadcrumb\":{\"@id\":\"https:\\\/\\\/www.autonom.ro\\\/blog\\\/learning-tip-of-the-week-39-recomandari-pentru-vacanta-partea-a-doua\\\/#breadcrumb\"},\"inLanguage\":\"ro-RO\",\"potentialAction\":[{\"@type\":\"ReadAction\",\"target\":[\"https:\\\/\\\/www.autonom.ro\\\/blog\\\/learning-tip-of-the-week-39-recomandari-pentru-vacanta-partea-a-doua\\\/\"]}]},{\"@type\":\"ImageObject\",\"inLanguage\":\"ro-RO\",\"@id\":\"https:\\\/\\\/www.autonom.ro\\\/blog\\\/learning-tip-of-the-week-39-recomandari-pentru-vacanta-partea-a-doua\\\/#primaryimage\",\"url\":\"https:\\\/\\\/www.autonom.ro\\\/blog\\\/wp-content\\\/uploads\\\/2022\\\/11\\\/newsletter-elements_Social-Card.jpg\",\"contentUrl\":\"https:\\\/\\\/www.autonom.ro\\\/blog\\\/wp-content\\\/uploads\\\/2022\\\/11\\\/newsletter-elements_Social-Card.jpg\",\"width\":1200,\"height\":630,\"caption\":\"Dup\u0103 o scurt\u0103 pauz\u0103 am revenit cu recomand\u0103rile de resurse de \u00eenv\u0103\u021bare.\"},{\"@type\":\"BreadcrumbList\",\"@id\":\"https:\\\/\\\/www.autonom.ro\\\/blog\\\/learning-tip-of-the-week-39-recomandari-pentru-vacanta-partea-a-doua\\\/#breadcrumb\",\"itemListElement\":[{\"@type\":\"ListItem\",\"position\":1,\"name\":\"Prima pagin\u0103\",\"item\":\"https:\\\/\\\/www.autonom.ro\\\/blog\\\/\"},{\"@type\":\"ListItem\",\"position\":2,\"name\":\"Recomand\u0103ri pentru vacan\u021b\u0103 \u2013 partea a doua #39\"}]},{\"@type\":\"WebSite\",\"@id\":\"https:\\\/\\\/www.autonom.ro\\\/blog\\\/#website\",\"url\":\"https:\\\/\\\/www.autonom.ro\\\/blog\\\/\",\"name\":\"Blog Autonom\",\"description\":\"\",\"publisher\":{\"@id\":\"https:\\\/\\\/www.autonom.ro\\\/blog\\\/#organization\"},\"potentialAction\":[{\"@type\":\"SearchAction\",\"target\":{\"@type\":\"EntryPoint\",\"urlTemplate\":\"https:\\\/\\\/www.autonom.ro\\\/blog\\\/?s={search_term_string}\"},\"query-input\":{\"@type\":\"PropertyValueSpecification\",\"valueRequired\":true,\"valueName\":\"search_term_string\"}}],\"inLanguage\":\"ro-RO\"},{\"@type\":\"Organization\",\"@id\":\"https:\\\/\\\/www.autonom.ro\\\/blog\\\/#organization\",\"name\":\"Blog Autonom\",\"url\":\"https:\\\/\\\/www.autonom.ro\\\/blog\\\/\",\"logo\":{\"@type\":\"ImageObject\",\"inLanguage\":\"ro-RO\",\"@id\":\"https:\\\/\\\/www.autonom.ro\\\/blog\\\/#\\\/schema\\\/logo\\\/image\\\/\",\"url\":\"https:\\\/\\\/www.autonom.ro\\\/blog\\\/wp-content\\\/uploads\\\/2020\\\/10\\\/cropped-Autonom_Corporate-Logo-Color-Orizontal-RGB.png\",\"contentUrl\":\"https:\\\/\\\/www.autonom.ro\\\/blog\\\/wp-content\\\/uploads\\\/2020\\\/10\\\/cropped-Autonom_Corporate-Logo-Color-Orizontal-RGB.png\",\"width\":724,\"height\":250,\"caption\":\"Blog Autonom\"},\"image\":{\"@id\":\"https:\\\/\\\/www.autonom.ro\\\/blog\\\/#\\\/schema\\\/logo\\\/image\\\/\"},\"sameAs\":[\"https:\\\/\\\/www.facebook.com\\\/AutonomRomania\\\/\",\"http:\\\/\\\/www.instagram.com\\\/autonom.romania\\\/\",\"https:\\\/\\\/www.linkedin.com\\\/company\\\/autonom-rent-a-car\"]},{\"@type\":\"Person\",\"@id\":\"https:\\\/\\\/www.autonom.ro\\\/blog\\\/#\\\/schema\\\/person\\\/969476990feb32c04946c9f242c3210e\",\"name\":\"Sorina Volerat\",\"image\":{\"@type\":\"ImageObject\",\"inLanguage\":\"ro-RO\",\"@id\":\"https:\\\/\\\/secure.gravatar.com\\\/avatar\\\/5221880dfa47580a11a0ddaf1f3f28ac8589c9aa842cf5defb698776cde8960a?s=96&d=mm&r=g\",\"url\":\"https:\\\/\\\/secure.gravatar.com\\\/avatar\\\/5221880dfa47580a11a0ddaf1f3f28ac8589c9aa842cf5defb698776cde8960a?s=96&d=mm&r=g\",\"contentUrl\":\"https:\\\/\\\/secure.gravatar.com\\\/avatar\\\/5221880dfa47580a11a0ddaf1f3f28ac8589c9aa842cf5defb698776cde8960a?s=96&d=mm&r=g\",\"caption\":\"Sorina Volerat\"},\"url\":\"https:\\\/\\\/www.autonom.ro\\\/blog\\\/author\\\/sorinavolerat\\\/\"}]}<\/script>\n<!-- \/ Yoast SEO plugin. -->","yoast_head_json":{"title":"Recomand\u0103ri pentru vacan\u021b\u0103 \u2013 partea a doua #39 - Blog Autonom","description":"Continu\u0103m seria de recomand\u0103ri numai bune de ascultat \u0219i citit pentru perioada de vacan\u021b\u0103.","robots":{"index":"index","follow":"follow","max-snippet":"max-snippet:-1","max-image-preview":"max-image-preview:large","max-video-preview":"max-video-preview:-1"},"canonical":"https:\/\/www.autonom.ro\/blog\/learning-tip-of-the-week-39-recomandari-pentru-vacanta-partea-a-doua\/","og_locale":"ro_RO","og_type":"article","og_title":"Learning Tip of The Week by Autonom","og_description":"Continu\u0103m seria de recomand\u0103ri numai bune de ascultat \u0219i citit pentru perioada de vacan\u021b\u0103.","og_url":"https:\/\/www.autonom.ro\/blog\/learning-tip-of-the-week-39-recomandari-pentru-vacanta-partea-a-doua\/","og_site_name":"Blog Autonom","article_publisher":"https:\/\/www.facebook.com\/AutonomRomania\/","article_published_time":"2023-08-18T14:12:16+00:00","article_modified_time":"2023-08-18T14:50:34+00:00","og_image":[{"width":1200,"height":630,"url":"https:\/\/www.autonom.ro\/blog\/wp-content\/uploads\/2022\/11\/newsletter-elements_Social-Card.jpg","type":"image\/jpeg"}],"author":"Sorina Volerat","twitter_card":"summary_large_image","twitter_misc":{"Scris de":"Sorina Volerat","Timp estimat pentru citire":"4 minute"},"schema":{"@context":"https:\/\/schema.org","@graph":[{"@type":"Article","@id":"https:\/\/www.autonom.ro\/blog\/learning-tip-of-the-week-39-recomandari-pentru-vacanta-partea-a-doua\/#article","isPartOf":{"@id":"https:\/\/www.autonom.ro\/blog\/learning-tip-of-the-week-39-recomandari-pentru-vacanta-partea-a-doua\/"},"author":{"name":"Sorina Volerat","@id":"https:\/\/www.autonom.ro\/blog\/#\/schema\/person\/969476990feb32c04946c9f242c3210e"},"headline":"Recomand\u0103ri pentru vacan\u021b\u0103 \u2013 partea a doua #39","datePublished":"2023-08-18T14:12:16+00:00","dateModified":"2023-08-18T14:50:34+00:00","mainEntityOfPage":{"@id":"https:\/\/www.autonom.ro\/blog\/learning-tip-of-the-week-39-recomandari-pentru-vacanta-partea-a-doua\/"},"wordCount":655,"publisher":{"@id":"https:\/\/www.autonom.ro\/blog\/#organization"},"image":{"@id":"https:\/\/www.autonom.ro\/blog\/learning-tip-of-the-week-39-recomandari-pentru-vacanta-partea-a-doua\/#primaryimage"},"thumbnailUrl":"https:\/\/www.autonom.ro\/blog\/wp-content\/uploads\/2022\/11\/newsletter-elements_Social-Card.jpg","articleSection":["Learning Tip of the Week"],"inLanguage":"ro-RO"},{"@type":"WebPage","@id":"https:\/\/www.autonom.ro\/blog\/learning-tip-of-the-week-39-recomandari-pentru-vacanta-partea-a-doua\/","url":"https:\/\/www.autonom.ro\/blog\/learning-tip-of-the-week-39-recomandari-pentru-vacanta-partea-a-doua\/","name":"Recomand\u0103ri pentru vacan\u021b\u0103 \u2013 partea a doua #39 - Blog Autonom","isPartOf":{"@id":"https:\/\/www.autonom.ro\/blog\/#website"},"primaryImageOfPage":{"@id":"https:\/\/www.autonom.ro\/blog\/learning-tip-of-the-week-39-recomandari-pentru-vacanta-partea-a-doua\/#primaryimage"},"image":{"@id":"https:\/\/www.autonom.ro\/blog\/learning-tip-of-the-week-39-recomandari-pentru-vacanta-partea-a-doua\/#primaryimage"},"thumbnailUrl":"https:\/\/www.autonom.ro\/blog\/wp-content\/uploads\/2022\/11\/newsletter-elements_Social-Card.jpg","datePublished":"2023-08-18T14:12:16+00:00","dateModified":"2023-08-18T14:50:34+00:00","description":"Continu\u0103m seria de recomand\u0103ri numai bune de ascultat \u0219i citit pentru perioada de vacan\u021b\u0103.","breadcrumb":{"@id":"https:\/\/www.autonom.ro\/blog\/learning-tip-of-the-week-39-recomandari-pentru-vacanta-partea-a-doua\/#breadcrumb"},"inLanguage":"ro-RO","potentialAction":[{"@type":"ReadAction","target":["https:\/\/www.autonom.ro\/blog\/learning-tip-of-the-week-39-recomandari-pentru-vacanta-partea-a-doua\/"]}]},{"@type":"ImageObject","inLanguage":"ro-RO","@id":"https:\/\/www.autonom.ro\/blog\/learning-tip-of-the-week-39-recomandari-pentru-vacanta-partea-a-doua\/#primaryimage","url":"https:\/\/www.autonom.ro\/blog\/wp-content\/uploads\/2022\/11\/newsletter-elements_Social-Card.jpg","contentUrl":"https:\/\/www.autonom.ro\/blog\/wp-content\/uploads\/2022\/11\/newsletter-elements_Social-Card.jpg","width":1200,"height":630,"caption":"Dup\u0103 o scurt\u0103 pauz\u0103 am revenit cu recomand\u0103rile de resurse de \u00eenv\u0103\u021bare."},{"@type":"BreadcrumbList","@id":"https:\/\/www.autonom.ro\/blog\/learning-tip-of-the-week-39-recomandari-pentru-vacanta-partea-a-doua\/#breadcrumb","itemListElement":[{"@type":"ListItem","position":1,"name":"Prima pagin\u0103","item":"https:\/\/www.autonom.ro\/blog\/"},{"@type":"ListItem","position":2,"name":"Recomand\u0103ri pentru vacan\u021b\u0103 \u2013 partea a doua #39"}]},{"@type":"WebSite","@id":"https:\/\/www.autonom.ro\/blog\/#website","url":"https:\/\/www.autonom.ro\/blog\/","name":"Blog Autonom","description":"","publisher":{"@id":"https:\/\/www.autonom.ro\/blog\/#organization"},"potentialAction":[{"@type":"SearchAction","target":{"@type":"EntryPoint","urlTemplate":"https:\/\/www.autonom.ro\/blog\/?s={search_term_string}"},"query-input":{"@type":"PropertyValueSpecification","valueRequired":true,"valueName":"search_term_string"}}],"inLanguage":"ro-RO"},{"@type":"Organization","@id":"https:\/\/www.autonom.ro\/blog\/#organization","name":"Blog Autonom","url":"https:\/\/www.autonom.ro\/blog\/","logo":{"@type":"ImageObject","inLanguage":"ro-RO","@id":"https:\/\/www.autonom.ro\/blog\/#\/schema\/logo\/image\/","url":"https:\/\/www.autonom.ro\/blog\/wp-content\/uploads\/2020\/10\/cropped-Autonom_Corporate-Logo-Color-Orizontal-RGB.png","contentUrl":"https:\/\/www.autonom.ro\/blog\/wp-content\/uploads\/2020\/10\/cropped-Autonom_Corporate-Logo-Color-Orizontal-RGB.png","width":724,"height":250,"caption":"Blog Autonom"},"image":{"@id":"https:\/\/www.autonom.ro\/blog\/#\/schema\/logo\/image\/"},"sameAs":["https:\/\/www.facebook.com\/AutonomRomania\/","http:\/\/www.instagram.com\/autonom.romania\/","https:\/\/www.linkedin.com\/company\/autonom-rent-a-car"]},{"@type":"Person","@id":"https:\/\/www.autonom.ro\/blog\/#\/schema\/person\/969476990feb32c04946c9f242c3210e","name":"Sorina Volerat","image":{"@type":"ImageObject","inLanguage":"ro-RO","@id":"https:\/\/secure.gravatar.com\/avatar\/5221880dfa47580a11a0ddaf1f3f28ac8589c9aa842cf5defb698776cde8960a?s=96&d=mm&r=g","url":"https:\/\/secure.gravatar.com\/avatar\/5221880dfa47580a11a0ddaf1f3f28ac8589c9aa842cf5defb698776cde8960a?s=96&d=mm&r=g","contentUrl":"https:\/\/secure.gravatar.com\/avatar\/5221880dfa47580a11a0ddaf1f3f28ac8589c9aa842cf5defb698776cde8960a?s=96&d=mm&r=g","caption":"Sorina Volerat"},"url":"https:\/\/www.autonom.ro\/blog\/author\/sorinavolerat\/"}]}},"_links":{"self":[{"href":"https:\/\/www.autonom.ro\/blog\/wp-json\/wp\/v2\/posts\/6648","targetHints":{"allow":["GET"]}}],"collection":[{"href":"https:\/\/www.autonom.ro\/blog\/wp-json\/wp\/v2\/posts"}],"about":[{"href":"https:\/\/www.autonom.ro\/blog\/wp-json\/wp\/v2\/types\/post"}],"author":[{"embeddable":true,"href":"https:\/\/www.autonom.ro\/blog\/wp-json\/wp\/v2\/users\/4"}],"replies":[{"embeddable":true,"href":"https:\/\/www.autonom.ro\/blog\/wp-json\/wp\/v2\/comments?post=6648"}],"version-history":[{"count":5,"href":"https:\/\/www.autonom.ro\/blog\/wp-json\/wp\/v2\/posts\/6648\/revisions"}],"predecessor-version":[{"id":6659,"href":"https:\/\/www.autonom.ro\/blog\/wp-json\/wp\/v2\/posts\/6648\/revisions\/6659"}],"wp:featuredmedia":[{"embeddable":true,"href":"https:\/\/www.autonom.ro\/blog\/wp-json\/wp\/v2\/media\/6006"}],"wp:attachment":[{"href":"https:\/\/www.autonom.ro\/blog\/wp-json\/wp\/v2\/media?parent=6648"}],"wp:term":[{"taxonomy":"category","embeddable":true,"href":"https:\/\/www.autonom.ro\/blog\/wp-json\/wp\/v2\/categories?post=6648"},{"taxonomy":"post_tag","embeddable":true,"href":"https:\/\/www.autonom.ro\/blog\/wp-json\/wp\/v2\/tags?post=6648"}],"curies":[{"name":"wp","href":"https:\/\/api.w.org\/{rel}","templated":true}]}}