{"id":6740,"date":"2023-09-22T10:59:06","date_gmt":"2023-09-22T07:59:06","guid":{"rendered":"https:\/\/www.autonom.ro\/blog\/?p=6740"},"modified":"2023-09-22T11:04:42","modified_gmt":"2023-09-22T08:04:42","slug":"learning-tip-of-the-week-44-expunerea-accelereaza-procesul-de-invatare","status":"publish","type":"post","link":"https:\/\/www.autonom.ro\/blog\/learning-tip-of-the-week-44-expunerea-accelereaza-procesul-de-invatare\/","title":{"rendered":"Expunerea accelereaz\u0103 procesul de \u00eenv\u0103\u021bare #44"},"content":{"rendered":"\n<p><strong><mark style=\"background-color:rgba(0, 0, 0, 0)\" class=\"has-inline-color has-blue-one-color\">Salutare,<\/mark><\/strong><\/p>\n\n\n\n<p>S\u0103pt\u0103m\u00e2na aceasta continu\u0103m recomand\u0103rile de resurse de \u00eenv\u0103\u021bare \u0219i povestim despre cum oamenii se comport\u0103 \u00eentr-un mod dictat de mediul fizic \u00een care tr\u0103iesc, despre nevoia unui plan \u0219i importan\u021ba lucrurilor m\u0103runte care, puse \u00een aplicare, pot declan\u0219a consecin\u021be majore \u0219i despre cum expunerea la contexte diferite poate scurta curba de \u00eenv\u0103\u021barea a oamenilor din echip\u0103.<\/p>\n\n\n\n<p>Spor la citit! Dac\u0103 v-a pl\u0103cut sau a\u021bi dori s\u0103 abord\u0103m \u0219i alte subiecte de interes nu ezita\u021bi s\u0103 ne scrie\u021bi.<\/p>\n\n\n\n<hr class=\"wp-block-separator has-text-color has-alpha-channel-opacity has-background is-style-default\" style=\"background-color:#b8d7f1;color:#b8d7f1\"\/>\n\n\n\n<h2 class=\"wp-block-heading has-text-align-center\"><strong><em><mark style=\"background-color:rgba(0, 0, 0, 0)\" class=\"has-inline-color has-blue-one-color\">#EvolveDaily by Autonom<\/mark><\/em><\/strong><\/h2>\n\n\n<div class=\"wp-block-image\">\n<figure class=\"aligncenter size-full is-resized\"><img decoding=\"async\" src=\"https:\/\/www.autonom.ro\/blog\/wp-content\/uploads\/2023\/09\/Vizual_Monica-Zara.png\" alt=\"Monica Zara - Head of Conference \u2013 How To Web\" class=\"wp-image-6743\" width=\"600\" srcset=\"https:\/\/www.autonom.ro\/blog\/wp-content\/uploads\/2023\/09\/Vizual_Monica-Zara.png 5000w, https:\/\/www.autonom.ro\/blog\/wp-content\/uploads\/2023\/09\/Vizual_Monica-Zara-300x138.png 300w, https:\/\/www.autonom.ro\/blog\/wp-content\/uploads\/2023\/09\/Vizual_Monica-Zara-1024x471.png 1024w, https:\/\/www.autonom.ro\/blog\/wp-content\/uploads\/2023\/09\/Vizual_Monica-Zara-768x353.png 768w, https:\/\/www.autonom.ro\/blog\/wp-content\/uploads\/2023\/09\/Vizual_Monica-Zara-1536x706.png 1536w, https:\/\/www.autonom.ro\/blog\/wp-content\/uploads\/2023\/09\/Vizual_Monica-Zara-2048x941.png 2048w\" sizes=\"(max-width: 5000px) 100vw, 5000px\" \/><\/figure>\n<\/div>\n\n\n<p><strong><em><mark style=\"background-color:rgba(0, 0, 0, 0)\" class=\"has-inline-color has-blue-one-color\">Expunerea la oamenii relevan\u021bi din industrie ne ajut\u0103 s\u0103 \u00eenv\u0103\u021b\u0103m mai repede<\/mark><\/em><\/strong>, un text preg\u0103tit \u00eempreun\u0103 cu <strong><mark style=\"background-color:rgba(0, 0, 0, 0)\" class=\"has-inline-color has-blue-one-color\">Monica Zara, Head of Conference \u2013 <em>How To Web<\/em><\/mark><\/strong>.<\/p>\n\n\n\n<p>Monica Zara a fost nominalizat\u0103 \u00een promo\u021bia 2021 al Forbes 30 sub 30 \u0219i coordoneaz\u0103 \u00een momentul de fa\u021b\u0103 campaniile de v\u00e2nz\u0103ri \u0219i Conferin\u021ba <em>How To Web<\/em> &#8211; cel mai relevant eveniment de antreprenoriat \u0219i inova\u021bie din Europa de Est, care are loc chiar \u00een Bucure\u0219ti. <em>How to Web<\/em> creeaz\u0103 contextul \u00een care oamenii pasiona\u021bi de business \u0219i tehnologie pot \u00eent\u00e2lni exper\u021bi globali, investitori, fondatori de succes \u0219i echipe dedicate care vor s\u0103 \u00eenve\u021be \u0219i s\u0103 cunoasc\u0103 al\u021bi profesioni\u0219ti ca ei pentru a g\u0103si cele mai bune idei \u0219i solu\u021bii pentru provoc\u0103rile pe care le au. Anul acesta Conferin\u021ba va avea loc pe 4 \u0219i pe 5 octombrie \u0219i a\u0219teapt\u0103 peste 2500 de participan\u021bi. Reprezint\u0103 de fapt un eveniment la intersec\u021bia dintre business \u0219i tehnologie \u0219i cine decide s\u0103 participe este cel pentru care e important s\u0103 fie num\u0103rul unu \u0219i s\u0103 fie la curent \u00een pia\u021b\u0103, cu noile tehnologii \u0219i solu\u021bii. Exist\u0103 firme mari care zic c\u0103 fac inova\u021bie, c\u0103 sunt driver, dar lucrurile de fapt se mi\u0219c\u0103 foarte greu \u00een interior datorit\u0103 procedurilor \u0219i proceselor. A\u0219a c\u0103 la How to Web pot g\u0103si contextul \u00een care s\u0103 adopte o tehnologie prin care s\u0103 aib\u0103 impact mult mai rapid.<\/p>\n\n\n\n<p>Am invitat-o pe Monica s\u0103 ne \u00eemp\u0103rt\u0103\u0219easc\u0103 c\u00e2teva din lucrurile pe care le-a observat \u00een procesul ei de \u00eenv\u0103\u021bare.<\/p>\n\n\n\n<blockquote class=\"wp-block-quote is-layout-flow wp-block-quote-is-layout-flow\">\n<p><img loading=\"lazy\" decoding=\"async\" width=\"30\" height=\"30\" class=\"wp-image-5902\" style=\"width: 30px;\" src=\"https:\/\/www.autonom.ro\/blog\/wp-content\/uploads\/2023\/03\/newsletter-elements_1-albastru-inchis.png\" alt=\"\" srcset=\"https:\/\/www.autonom.ro\/blog\/wp-content\/uploads\/2023\/03\/newsletter-elements_1-albastru-inchis.png 163w, https:\/\/www.autonom.ro\/blog\/wp-content\/uploads\/2023\/03\/newsletter-elements_1-albastru-inchis-150x150.png 150w, https:\/\/www.autonom.ro\/blog\/wp-content\/uploads\/2023\/03\/newsletter-elements_1-albastru-inchis-100x100.png 100w\" sizes=\"auto, (max-width: 30px) 100vw, 30px\" \/><strong><mark style=\"background-color:rgba(0, 0, 0, 0)\" class=\"has-inline-color has-blue-one-color\"> Planul este bun, execu\u021bia face diferen\u021ba. <\/mark><\/strong>Este necesar s\u0103 pornim la drum cu un plan \u0219i o viziune pentru c\u0103 a\u0219a \u0219tim unde vrem s\u0103 ajungem. \u00cens\u0103 este important s\u0103 existe flexibilitate pe parcurs \u0219i s\u0103 urm\u0103rim nevoile clientului. Planul se poate schimba \u0219i a\u0219tept\u0103rile noastre trebuie s\u0103 fie setate realist \u0219i s\u0103 existe flexibilitate. La <em>How to Web<\/em> nu \u0219tim cum arat\u0103 produsul nostru final, \u00eens\u0103 vizualizam ceea ce putem s\u0103 ob\u021binem \u0219i lu\u0103m decizii \u00een direc\u021bia respectiv\u0103. Este important s\u0103 credem, s\u0103 facem \u0219i dac\u0103 este nevoie s\u0103 schimb\u0103m. Deciziile trebuie luate rapid \u0219i este important s\u0103 test\u0103m mult p\u00e2n\u0103 ajungem la versiunea optim\u0103. Un lucru f\u0103cut la timp e mai bun dec\u00e2t un lucru perfect f\u0103cut prea t\u00e2rziu.<\/p>\n\n\n\n<p><img loading=\"lazy\" decoding=\"async\" width=\"30\" height=\"30\" class=\"wp-image-5916\" style=\"width: 30px;\" src=\"https:\/\/www.autonom.ro\/blog\/wp-content\/uploads\/2023\/03\/newsletter-elements_2-albastru-inchis.png\" alt=\"\" srcset=\"https:\/\/www.autonom.ro\/blog\/wp-content\/uploads\/2023\/03\/newsletter-elements_2-albastru-inchis.png 163w, https:\/\/www.autonom.ro\/blog\/wp-content\/uploads\/2023\/03\/newsletter-elements_2-albastru-inchis-150x150.png 150w, https:\/\/www.autonom.ro\/blog\/wp-content\/uploads\/2023\/03\/newsletter-elements_2-albastru-inchis-100x100.png 100w\" sizes=\"auto, (max-width: 30px) 100vw, 30px\" \/> <strong><mark style=\"background-color:rgba(0, 0, 0, 0)\" class=\"has-inline-color has-blue-one-color\">E important s\u0103 credem \u00een echipele noastre \u0219i s\u0103 le oferim responsabilit\u0103\u021bi at\u00e2t c\u00e2t pot ei s\u0103 duc\u0103. <\/mark><\/strong>Echipa reprezint\u0103 sufletul proiectului \u0219i f\u0103r\u0103 fiecare persoan\u0103 din ea nu s-ar \u00eent\u00e2mpla nimic. Oamenii sunt baza \u0219i au nevoie de \u00eencuraj\u0103ri \u0219i echilibru. Atunci c\u00e2nd ne \u00eenc\u0103rc\u0103m mai mult oamenii, \u00eei set\u0103m mai mult c\u0103tre e\u0219ec dec\u00e2t pentru succes. Cei care vin \u00een echip\u0103 descoper\u0103 proiectul cu fiecare pas pe care \u00eel fac \u0219i cu fiecare etap\u0103. La \u00eenceput nu este foarte clar ce urmeaz\u0103 s\u0103 fac\u0103, \u00eens\u0103 dac\u0103 au \u00eencredere c\u0103 ei contribuie la un obiectiv semnificativ \u0219i pot vizualiza produsul final, ei pot s\u0103 mearg\u0103 de cele mai multe ori orbe\u0219te. De fapt managerul este cel care le comunic\u0103 ce trebuie s\u0103 fac\u0103, \u00eens\u0103 vorbim de un proces al c\u0103rui rezultat \u00eel vor \u00een\u021belege mai t\u00e2rziu. De aceea este nevoie s\u0103 avem r\u0103bdare, s\u0103-i integr\u0103m \u00een proces, este necesar un management de a\u0219tept\u0103ri \u0219i o comunicare foarte bun\u0103. Experien\u021ba este pentru fiecare altfel \u0219i este o experien\u021b\u0103 sim\u021bit\u0103 diferit.<\/p>\n\n\n\n<p><img loading=\"lazy\" decoding=\"async\" width=\"30\" height=\"30\" class=\"wp-image-5917\" style=\"width: 30px;\" src=\"https:\/\/www.autonom.ro\/blog\/wp-content\/uploads\/2023\/03\/newsletter-elements_3-albastru-inchis.png\" alt=\"\" srcset=\"https:\/\/www.autonom.ro\/blog\/wp-content\/uploads\/2023\/03\/newsletter-elements_3-albastru-inchis.png 163w, https:\/\/www.autonom.ro\/blog\/wp-content\/uploads\/2023\/03\/newsletter-elements_3-albastru-inchis-150x150.png 150w, https:\/\/www.autonom.ro\/blog\/wp-content\/uploads\/2023\/03\/newsletter-elements_3-albastru-inchis-100x100.png 100w\" sizes=\"auto, (max-width: 30px) 100vw, 30px\" \/> <strong><mark style=\"background-color:rgba(0, 0, 0, 0)\" class=\"has-inline-color has-blue-one-color\">Expunerea oamenilor din echip\u0103 la un alt context scurteaz\u0103 curba de \u00eenv\u0103\u021bare a acestora.<\/mark><\/strong> Cei din echipele noastre au nevoie de contexte \u00een care s\u0103-i vad\u0103 pe al\u021bii cum g\u00e2ndesc \u0219i cum fac lucrurile \u0219i acest lucru este vital pentru reu\u0219ita lor. Oamenii au nevoie s\u0103 le oferim suficient\u0103 responsabilitate, au nevoie de inspira\u021bie \u0219i informa\u021bii, de contexte \u00een care observ\u0103 cum g\u00e2ndesc al\u021bii. Face o diferen\u021b\u0103 semnificativ\u0103 atunci c\u00e2nd echipa are acela\u0219i limbaj de business \u0219i cunosc acelea\u0219i concepte. Acest lucru contribuie la \u00eenchegarea \u0219i la succesul echipei.<\/p>\n\n\n\n<p>Recomand\u0103ri de carte: <em>Bob Moesta &#8211; Jobs to be Done, Demand Side Sales 101, Learning to Build.<\/em><\/p>\n<\/blockquote>\n\n\n\n<hr class=\"wp-block-separator has-text-color has-alpha-channel-opacity has-background is-style-default\" style=\"background-color:#b8d7f1;color:#b8d7f1\"\/>\n\n\n\n<p class=\"has-text-align-center\">Acceseaz\u0103 link-ul de mai jos dac\u0103 vrei s\u0103 cite\u0219ti un episod anterior \ud83c\udf81<\/p>\n\n\n\n<div class=\"wp-block-buttons is-content-justification-center is-layout-flex wp-container-core-buttons-is-layout-16018d1d wp-block-buttons-is-layout-flex\">\n<div class=\"wp-block-button is-style-outline is-style-outline--1\"><a class=\"wp-block-button__link has-green-color has-text-color has-background wp-element-button\" style=\"background-color:#e5f9ef\"><strong>Descoper\u0103<\/strong><\/a><\/div>\n<\/div>\n\n\n\n<hr class=\"wp-block-separator has-text-color has-alpha-channel-opacity has-background is-style-default\" style=\"background-color:#b8d7f1;color:#b8d7f1\"\/>\n\n\n\n<h2 class=\"wp-block-heading has-text-align-center\"><strong><em><mark style=\"background-color:rgba(0, 0, 0, 0)\" class=\"has-inline-color has-blue-one-color\">#DozaDeLectur\u0103<\/mark><\/em><\/strong><\/h2>\n\n\n\n<div class=\"wp-block-media-text alignwide is-stacked-on-mobile\" style=\"grid-template-columns:20% auto\"><figure class=\"wp-block-media-text__media\"><a href=\"https:\/\/www.publica.ro\/the-tipping-point.html\" target=\"_blank\" rel=\"noreferrer noopener\"><img loading=\"lazy\" decoding=\"async\" width=\"433\" height=\"570\" src=\"https:\/\/www.autonom.ro\/blog\/wp-content\/uploads\/2023\/09\/Malcolm-Gladwell-The-Tipping-Point.jpg\" alt=\"\" class=\"wp-image-6742 size-full\" srcset=\"https:\/\/www.autonom.ro\/blog\/wp-content\/uploads\/2023\/09\/Malcolm-Gladwell-The-Tipping-Point.jpg 433w, https:\/\/www.autonom.ro\/blog\/wp-content\/uploads\/2023\/09\/Malcolm-Gladwell-The-Tipping-Point-228x300.jpg 228w\" sizes=\"auto, (max-width: 433px) 100vw, 433px\" \/><\/a><\/figure><div class=\"wp-block-media-text__content\">\n<p>V\u0103 propunem pentru aceast\u0103 s\u0103pt\u0103m\u00e2n\u0103 o surs\u0103 de inspira\u021bie pentru cei care vor s\u0103 afle mai mult despre tiparul invizibil pe baza c\u0103ruia se lanseaz\u0103 diverse comportamente contagioase. <strong><em><mark style=\"background-color:rgba(0, 0, 0, 0)\" class=\"has-inline-color has-purple-color\">The Tipping Point<\/mark><\/em><\/strong>, scris\u0103 de <strong><mark style=\"background-color:rgba(0, 0, 0, 0)\" class=\"has-inline-color has-purple-color\">Malcolm Gladwell<\/mark><\/strong>, reprezint\u0103 o carte care ne poate schimba modalitatea de a g\u00e2ndi despre lucruri \u0219i din care afl\u0103m despre un fenomen mai pu\u021bin cunoscut, cel de epidemie social\u0103, dar \u0219i despre puterea ideilor \u0219i a modific\u0103rilor minore, care pot declan\u0219a consecin\u021be majore pentru indivizi, organiza\u021bii \u0219i comunit\u0103\u021bi.<\/p>\n<\/div><\/div>\n\n\n\n<p><img loading=\"lazy\" decoding=\"async\" width=\"30\" height=\"30\" class=\"wp-image-5920\" style=\"width: 30px;\" src=\"https:\/\/www.autonom.ro\/blog\/wp-content\/uploads\/2023\/03\/newsletter-elements_1-mov.png\" alt=\"\" srcset=\"https:\/\/www.autonom.ro\/blog\/wp-content\/uploads\/2023\/03\/newsletter-elements_1-mov.png 163w, https:\/\/www.autonom.ro\/blog\/wp-content\/uploads\/2023\/03\/newsletter-elements_1-mov-150x150.png 150w, https:\/\/www.autonom.ro\/blog\/wp-content\/uploads\/2023\/03\/newsletter-elements_1-mov-100x100.png 100w\" sizes=\"auto, (max-width: 30px) 100vw, 30px\" \/> <mark style=\"background-color:rgba(0, 0, 0, 0)\" class=\"has-inline-color has-purple-color\"><strong>Comportamentul este o func\u021bie a contextului social.<\/strong><\/mark> Credem c\u0103 fiin\u021bele umane se comport\u0103 \u00eentr-un mod previzibil \u00een majoritatea cazurilor, \u00eens\u0103 \u00een realitate, oamenii se comport\u0103 \u00eentr-un mod dictat de mediul fizic \u00een care tr\u0103iesc ei \u00een realitate. Iar acest context este diferit de la un loc la altul. \u00centr-o situa\u021bie dat\u0103 reac\u021bion\u0103m \u00eentr-un anumit fel care, nu \u00eenseamn\u0103 c\u0103 va fi de fiecare dat\u0103 la fel. Aici contribuie mai multe criterii precum inteligen\u021ba, v\u00e2rsta, familia, natura situa\u021biei \u00eens\u0103\u0219i \u0219i raportul pe care \u00eel avem cu acea situa\u021bie. Ceea ce conteaz\u0103 de fapt sunt lucrurile m\u0103runte pe care le facem, atent concepute, care puse \u00een aplicare pot declan\u0219a consecin\u021be majore pentru indivizi, organiza\u021bii \u0219i comunit\u0103\u021bi. Dac\u0103 ne dorim s\u0103 aducem o schimbare fundamental\u0103 \u00een credin\u021ba \u0219i comportamentul oamenilor, atunci trebuie s\u0103 cre\u0103m o comunitate \u00een jurul lor, unde aceste noi credin\u021be s\u0103 poat\u0103 fi practicate, exprimate \u0219i hr\u0103nite.<\/p>\n\n\n\n<p><img loading=\"lazy\" decoding=\"async\" width=\"30\" height=\"30\" class=\"wp-image-5921\" style=\"width: 30px;\" src=\"https:\/\/www.autonom.ro\/blog\/wp-content\/uploads\/2023\/03\/newsletter-elements_2-mov.png\" alt=\"\" srcset=\"https:\/\/www.autonom.ro\/blog\/wp-content\/uploads\/2023\/03\/newsletter-elements_2-mov.png 163w, https:\/\/www.autonom.ro\/blog\/wp-content\/uploads\/2023\/03\/newsletter-elements_2-mov-150x150.png 150w, https:\/\/www.autonom.ro\/blog\/wp-content\/uploads\/2023\/03\/newsletter-elements_2-mov-100x100.png 100w\" sizes=\"auto, (max-width: 30px) 100vw, 30px\" \/> <strong><mark style=\"background-color:rgba(0, 0, 0, 0)\" class=\"has-inline-color has-purple-color\">St\u0103rile noastre interne sunt rezultatul circumstan\u021belor exterioare.<\/mark><\/strong> Contextul \u00eenseamn\u0103 c\u0103 acela\u0219i lucru este adev\u0103rat pentru anumite tipuri de medii \u00een care ne afl\u0103m. Exist\u0103 o Lege a Minoritarilor care sugereaz\u0103 c\u0103 st\u0103rile interne, preferin\u021be \u0219i emo\u021bii, sunt de fapt afectate puternic \u0219i imperceptibil de influen\u021ba altor persoane, \u00een aparen\u021b\u0103 irelevant\u0103, de exemplu de un prezentator de \u0219tiri pe care \u00eel urm\u0103rim c\u00e2teva minute pe zi sau de cineva de l\u00e2ng\u0103 care st\u0103m.<\/p>\n\n\n\n<p><img loading=\"lazy\" decoding=\"async\" width=\"30\" height=\"30\" class=\"wp-image-5922\" style=\"width: 30px;\" src=\"https:\/\/www.autonom.ro\/blog\/wp-content\/uploads\/2023\/03\/newsletter-elements_3-mov.png\" alt=\"\" srcset=\"https:\/\/www.autonom.ro\/blog\/wp-content\/uploads\/2023\/03\/newsletter-elements_3-mov.png 163w, https:\/\/www.autonom.ro\/blog\/wp-content\/uploads\/2023\/03\/newsletter-elements_3-mov-150x150.png 150w, https:\/\/www.autonom.ro\/blog\/wp-content\/uploads\/2023\/03\/newsletter-elements_3-mov-100x100.png 100w\" sizes=\"auto, (max-width: 30px) 100vw, 30px\" \/> <strong><mark style=\"background-color:rgba(0, 0, 0, 0)\" class=\"has-inline-color has-purple-color\">Autorul descrie trei reguli ale epidemiilor sau ale schimb\u0103rii: Legea schimb\u0103rii, Factorul lipicios \u0219i Puterea contextului.<\/mark><\/strong> Succesul oric\u0103rui tip de epidemie social\u0103 depinde \u00een mare m\u0103sur\u0103 de oamenii implica\u021bi \u00een procesul comunic\u0103rii \u0219i propag\u0103rii ideilor, identific\u00e2nd trei tipuri de persoane: conectori, exper\u021bi \u0219i v\u00e2nz\u0103tori. Apoi sunt foarte importante ideile care, pentru a deveni epidemii, au nevoie de acel factor de aderen\u021b\u0103. Con\u021binutul specific al unei idei face impactul s\u0103u memorabil, aceasta trebuie s\u0103 fie atractiv\u0103 sau, altfel spus, lipicioas\u0103. \u0218i cel de-a treilea element este contextul necesar pentru a r\u0103sp\u00e2ndi aceste idei, deoarece comportamentul oamenilor este dictat de mediul fizic \u00een care tr\u0103iesc ei \u00een realitate.<\/p>\n\n\n\n<hr class=\"wp-block-separator has-text-color has-alpha-channel-opacity has-background is-style-default\" style=\"background-color:#b8d7f1;color:#b8d7f1\"\/>\n\n\n\n<h2 class=\"wp-block-heading has-text-align-center\"><strong><em><mark style=\"background-color:rgba(0, 0, 0, 0)\" class=\"has-inline-color has-blue-one-color\">#\u00centreb\u0103riCuSens din Jocul Autonom<\/mark><\/em><\/strong><\/h2>\n\n\n\n<p class=\"has-text-align-center\"><strong><em><mark style=\"background-color:rgba(0, 0, 0, 0)\" class=\"has-inline-color has-blue-two-color\">Ce \u021bi-ai dorit mereu s\u0103 \u00eenve\u021bi, dar nu ai avut timp sau resurse pentru acest lucru?<\/mark><\/em><\/strong><\/p>\n\n\n\n<hr class=\"wp-block-separator has-text-color has-alpha-channel-opacity has-background is-style-default\" style=\"background-color:#b8d7f1;color:#b8d7f1\"\/>\n\n\n\n<h2 class=\"wp-block-heading has-text-align-center\"><strong><em><mark style=\"background-color:rgba(0, 0, 0, 0)\" class=\"has-inline-color has-blue-one-color\">#DeAscultat<\/mark><\/em><\/strong><\/h2>\n\n\n\n<p>V\u0103 invit\u0103m s\u0103 asculta\u021bi episodul 602 cu <strong><mark style=\"background-color:rgba(0, 0, 0, 0)\" class=\"has-inline-color has-blue-one-color\">Bob Moesta, <em><a href=\"https:\/\/gamethinking.io\/podcast\/602-bob-moesta\/\" target=\"_blank\" rel=\"noreferrer noopener\">From nothing to something<\/a><\/em>, Podcastul Game Thinking<\/mark><\/strong>.<\/p>\n\n\n\n<div class=\"wp-block-media-text alignwide is-stacked-on-mobile\" style=\"grid-template-columns:20% auto\"><figure class=\"wp-block-media-text__media\"><a href=\"https:\/\/gamethinking.io\/podcast\/602-bob-moesta\/\"><img loading=\"lazy\" decoding=\"async\" width=\"963\" height=\"1024\" src=\"https:\/\/www.autonom.ro\/blog\/wp-content\/uploads\/2023\/09\/Vizual_Game-Thinking-963x1024.png\" alt=\"\" class=\"wp-image-6741 size-full\" srcset=\"https:\/\/www.autonom.ro\/blog\/wp-content\/uploads\/2023\/09\/Vizual_Game-Thinking-963x1024.png 963w, https:\/\/www.autonom.ro\/blog\/wp-content\/uploads\/2023\/09\/Vizual_Game-Thinking-282x300.png 282w, https:\/\/www.autonom.ro\/blog\/wp-content\/uploads\/2023\/09\/Vizual_Game-Thinking-768x817.png 768w, https:\/\/www.autonom.ro\/blog\/wp-content\/uploads\/2023\/09\/Vizual_Game-Thinking.png 1080w\" sizes=\"auto, (max-width: 963px) 100vw, 963px\" \/><\/a><\/figure><div class=\"wp-block-media-text__content\">\n<p>Bob Moesta este CEO \u0219i pre\u0219edinte al grupului Re-Wired, o companie de consultan\u021b\u0103 specializat\u0103 \u00een inovarea pe partea cererii. Bob \u0219i echipa sa ajut\u0103 companiile mari s\u0103 inoveze mai inteligent cu tehnici bazate pe cerere \u0219i s\u0103 pun\u0103 \u00eentreb\u0103ri mai bune, ceea ce \u00eenseamn\u0103 c\u0103 le ajut\u0103 s\u0103 valideze cererea pie\u021bei \u00eenainte de a construi ceva.<\/p>\n<\/div><\/div>\n\n\n\n<hr class=\"wp-block-separator has-text-color has-alpha-channel-opacity has-background is-style-default\" style=\"background-color:#b8d7f1;color:#b8d7f1\"\/>\n\n\n\n<p class=\"has-text-align-center\">Dac\u0103 vrei s\u0103 prime\u0219ti epidoasele <strong><mark style=\"background-color:rgba(0, 0, 0, 0)\" class=\"has-inline-color has-blue-two-color\"><a href=\"https:\/\/www.autonom.ro\/blog\/categorie\/learning-tip-of-the-week\/\" target=\"_blank\" rel=\"noreferrer noopener\">Learning Tip of The Week<\/a><\/mark><\/strong> \u00een inboxul t\u0103u, te invit\u0103m s\u0103 te abonezi fie pe platforma <strong><mark style=\"background-color:rgba(0, 0, 0, 0)\" class=\"has-inline-color has-blue-two-color\"><a href=\"https:\/\/www.linkedin.com\/build-relation\/newsletter-follow?entityUrn=7039697296023769088\" target=\"_blank\" rel=\"noreferrer noopener\">LinkedIn<\/a><\/mark><\/strong>, fie acces\u00e2nd pagina de mai jos:<\/p>\n\n\n\n<div class=\"wp-block-buttons is-content-justification-center is-layout-flex wp-container-core-buttons-is-layout-16018d1d wp-block-buttons-is-layout-flex\">\n<div class=\"wp-block-button is-style-outline is-style-outline--2\"><a class=\"wp-block-button__link has-blue-one-color has-text-color has-background wp-element-button\" href=\"http:\/\/eepurl.com\/goH5QP\" style=\"background-color:#ecebf7\" target=\"_blank\" rel=\"noreferrer noopener\"><strong>Aboneaz\u0103-te<\/strong><\/a><\/div>\n<\/div>\n\n\n\n<hr class=\"wp-block-separator has-text-color has-alpha-channel-opacity has-background is-style-default\" style=\"background-color:#b8d7f1;color:#b8d7f1\"\/>\n\n\n\n<p class=\"has-text-align-center\"><strong><mark style=\"background-color:rgba(0, 0, 0, 0)\" class=\"has-inline-color has-blue-one-color\">Ne vedem \u00een episodul urm\u0103tor!<\/mark><\/strong><\/p>\n","protected":false},"excerpt":{"rendered":"<p>Salutare, S\u0103pt\u0103m\u00e2na aceasta continu\u0103m recomand\u0103rile de resurse de \u00eenv\u0103\u021bare \u0219i povestim despre cum oamenii se comport\u0103 \u00eentr-un mod dictat de mediul fizic \u00een care tr\u0103iesc, despre nevoia unui plan \u0219i importan\u021ba lucrurilor m\u0103runte care, puse \u00een aplicare, pot declan\u0219a consecin\u021be majore \u0219i despre cum expunerea la contexte diferite poate scurta curba de \u00eenv\u0103\u021barea a oamenilor [&hellip;]<\/p>\n","protected":false},"author":4,"featured_media":6006,"comment_status":"closed","ping_status":"closed","sticky":false,"template":"","format":"standard","meta":{"inline_featured_image":false,"footnotes":""},"categories":[1,1923],"tags":[],"class_list":["post-6740","post","type-post","status-publish","format-standard","has-post-thumbnail","hentry","category-fara-categorie","category-learning-tip-of-the-week"],"yoast_head":"<!-- This site is optimized with the Yoast SEO plugin v27.3 - https:\/\/yoast.com\/product\/yoast-seo-wordpress\/ -->\n<title>Expunerea accelereaz\u0103 procesul de \u00eenv\u0103\u021bare #44 - Blog Autonom<\/title>\n<meta name=\"robots\" content=\"index, follow, max-snippet:-1, max-image-preview:large, max-video-preview:-1\" \/>\n<link rel=\"canonical\" href=\"https:\/\/www.autonom.ro\/blog\/learning-tip-of-the-week-44-expunerea-accelereaza-procesul-de-invatare\/\" \/>\n<meta property=\"og:locale\" content=\"ro_RO\" \/>\n<meta property=\"og:type\" content=\"article\" \/>\n<meta property=\"og:title\" content=\"Learning Tip of the Week powered by Autonom\" \/>\n<meta property=\"og:description\" content=\"Expunerea accelereaz\u0103 procesul de \u00eenv\u0103\u021bare - S\u0103pt\u0103m\u00e2na aceasta continu\u0103m recomand\u0103rile de resurse de \u00eenv\u0103\u021bare \u0219i povestim despre cum oamenii se comport\u0103 \u00eentr-un mod dictat de mediul fizic \u00een care tr\u0103iesc, despre nevoia unui plan \u0219i importan\u021ba lucrurilor m\u0103runte care, puse \u00een aplicare, pot declan\u0219a consecin\u021be majore \u0219i despre cum expunerea la contexte diferite poate scurta curba de \u00eenv\u0103\u021barea a oamenilor din echip\u0103.\" \/>\n<meta property=\"og:url\" content=\"https:\/\/www.autonom.ro\/blog\/learning-tip-of-the-week-44-expunerea-accelereaza-procesul-de-invatare\/\" \/>\n<meta property=\"og:site_name\" content=\"Blog Autonom\" \/>\n<meta property=\"article:publisher\" content=\"https:\/\/www.facebook.com\/AutonomRomania\/\" \/>\n<meta property=\"article:published_time\" content=\"2023-09-22T07:59:06+00:00\" \/>\n<meta property=\"article:modified_time\" content=\"2023-09-22T08:04:42+00:00\" \/>\n<meta property=\"og:image\" content=\"https:\/\/www.autonom.ro\/blog\/wp-content\/uploads\/2022\/11\/newsletter-elements_Social-Card.jpg\" \/>\n\t<meta property=\"og:image:width\" content=\"1200\" \/>\n\t<meta property=\"og:image:height\" content=\"630\" \/>\n\t<meta property=\"og:image:type\" content=\"image\/jpeg\" \/>\n<meta name=\"author\" content=\"Sorina Volerat\" \/>\n<meta name=\"twitter:card\" content=\"summary_large_image\" \/>\n<meta name=\"twitter:label1\" content=\"Scris de\" \/>\n\t<meta name=\"twitter:data1\" content=\"Sorina Volerat\" \/>\n\t<meta name=\"twitter:label2\" content=\"Timp estimat pentru citire\" \/>\n\t<meta name=\"twitter:data2\" content=\"6 minute\" \/>\n<script type=\"application\/ld+json\" class=\"yoast-schema-graph\">{\"@context\":\"https:\\\/\\\/schema.org\",\"@graph\":[{\"@type\":\"Article\",\"@id\":\"https:\\\/\\\/www.autonom.ro\\\/blog\\\/learning-tip-of-the-week-44-expunerea-accelereaza-procesul-de-invatare\\\/#article\",\"isPartOf\":{\"@id\":\"https:\\\/\\\/www.autonom.ro\\\/blog\\\/learning-tip-of-the-week-44-expunerea-accelereaza-procesul-de-invatare\\\/\"},\"author\":{\"name\":\"Sorina Volerat\",\"@id\":\"https:\\\/\\\/www.autonom.ro\\\/blog\\\/#\\\/schema\\\/person\\\/969476990feb32c04946c9f242c3210e\"},\"headline\":\"Expunerea accelereaz\u0103 procesul de \u00eenv\u0103\u021bare #44\",\"datePublished\":\"2023-09-22T07:59:06+00:00\",\"dateModified\":\"2023-09-22T08:04:42+00:00\",\"mainEntityOfPage\":{\"@id\":\"https:\\\/\\\/www.autonom.ro\\\/blog\\\/learning-tip-of-the-week-44-expunerea-accelereaza-procesul-de-invatare\\\/\"},\"wordCount\":1445,\"publisher\":{\"@id\":\"https:\\\/\\\/www.autonom.ro\\\/blog\\\/#organization\"},\"image\":{\"@id\":\"https:\\\/\\\/www.autonom.ro\\\/blog\\\/learning-tip-of-the-week-44-expunerea-accelereaza-procesul-de-invatare\\\/#primaryimage\"},\"thumbnailUrl\":\"https:\\\/\\\/www.autonom.ro\\\/blog\\\/wp-content\\\/uploads\\\/2022\\\/11\\\/newsletter-elements_Social-Card.jpg\",\"articleSection\":{\"1\":\"Learning Tip of the Week\"},\"inLanguage\":\"ro-RO\"},{\"@type\":\"WebPage\",\"@id\":\"https:\\\/\\\/www.autonom.ro\\\/blog\\\/learning-tip-of-the-week-44-expunerea-accelereaza-procesul-de-invatare\\\/\",\"url\":\"https:\\\/\\\/www.autonom.ro\\\/blog\\\/learning-tip-of-the-week-44-expunerea-accelereaza-procesul-de-invatare\\\/\",\"name\":\"Expunerea accelereaz\u0103 procesul de \u00eenv\u0103\u021bare #44 - Blog Autonom\",\"isPartOf\":{\"@id\":\"https:\\\/\\\/www.autonom.ro\\\/blog\\\/#website\"},\"primaryImageOfPage\":{\"@id\":\"https:\\\/\\\/www.autonom.ro\\\/blog\\\/learning-tip-of-the-week-44-expunerea-accelereaza-procesul-de-invatare\\\/#primaryimage\"},\"image\":{\"@id\":\"https:\\\/\\\/www.autonom.ro\\\/blog\\\/learning-tip-of-the-week-44-expunerea-accelereaza-procesul-de-invatare\\\/#primaryimage\"},\"thumbnailUrl\":\"https:\\\/\\\/www.autonom.ro\\\/blog\\\/wp-content\\\/uploads\\\/2022\\\/11\\\/newsletter-elements_Social-Card.jpg\",\"datePublished\":\"2023-09-22T07:59:06+00:00\",\"dateModified\":\"2023-09-22T08:04:42+00:00\",\"breadcrumb\":{\"@id\":\"https:\\\/\\\/www.autonom.ro\\\/blog\\\/learning-tip-of-the-week-44-expunerea-accelereaza-procesul-de-invatare\\\/#breadcrumb\"},\"inLanguage\":\"ro-RO\",\"potentialAction\":[{\"@type\":\"ReadAction\",\"target\":[\"https:\\\/\\\/www.autonom.ro\\\/blog\\\/learning-tip-of-the-week-44-expunerea-accelereaza-procesul-de-invatare\\\/\"]}]},{\"@type\":\"ImageObject\",\"inLanguage\":\"ro-RO\",\"@id\":\"https:\\\/\\\/www.autonom.ro\\\/blog\\\/learning-tip-of-the-week-44-expunerea-accelereaza-procesul-de-invatare\\\/#primaryimage\",\"url\":\"https:\\\/\\\/www.autonom.ro\\\/blog\\\/wp-content\\\/uploads\\\/2022\\\/11\\\/newsletter-elements_Social-Card.jpg\",\"contentUrl\":\"https:\\\/\\\/www.autonom.ro\\\/blog\\\/wp-content\\\/uploads\\\/2022\\\/11\\\/newsletter-elements_Social-Card.jpg\",\"width\":1200,\"height\":630,\"caption\":\"Dup\u0103 o scurt\u0103 pauz\u0103 am revenit cu recomand\u0103rile de resurse de \u00eenv\u0103\u021bare.\"},{\"@type\":\"BreadcrumbList\",\"@id\":\"https:\\\/\\\/www.autonom.ro\\\/blog\\\/learning-tip-of-the-week-44-expunerea-accelereaza-procesul-de-invatare\\\/#breadcrumb\",\"itemListElement\":[{\"@type\":\"ListItem\",\"position\":1,\"name\":\"Prima pagin\u0103\",\"item\":\"https:\\\/\\\/www.autonom.ro\\\/blog\\\/\"},{\"@type\":\"ListItem\",\"position\":2,\"name\":\"Expunerea accelereaz\u0103 procesul de \u00eenv\u0103\u021bare #44\"}]},{\"@type\":\"WebSite\",\"@id\":\"https:\\\/\\\/www.autonom.ro\\\/blog\\\/#website\",\"url\":\"https:\\\/\\\/www.autonom.ro\\\/blog\\\/\",\"name\":\"Blog Autonom\",\"description\":\"\",\"publisher\":{\"@id\":\"https:\\\/\\\/www.autonom.ro\\\/blog\\\/#organization\"},\"potentialAction\":[{\"@type\":\"SearchAction\",\"target\":{\"@type\":\"EntryPoint\",\"urlTemplate\":\"https:\\\/\\\/www.autonom.ro\\\/blog\\\/?s={search_term_string}\"},\"query-input\":{\"@type\":\"PropertyValueSpecification\",\"valueRequired\":true,\"valueName\":\"search_term_string\"}}],\"inLanguage\":\"ro-RO\"},{\"@type\":\"Organization\",\"@id\":\"https:\\\/\\\/www.autonom.ro\\\/blog\\\/#organization\",\"name\":\"Blog Autonom\",\"url\":\"https:\\\/\\\/www.autonom.ro\\\/blog\\\/\",\"logo\":{\"@type\":\"ImageObject\",\"inLanguage\":\"ro-RO\",\"@id\":\"https:\\\/\\\/www.autonom.ro\\\/blog\\\/#\\\/schema\\\/logo\\\/image\\\/\",\"url\":\"https:\\\/\\\/www.autonom.ro\\\/blog\\\/wp-content\\\/uploads\\\/2020\\\/10\\\/cropped-Autonom_Corporate-Logo-Color-Orizontal-RGB.png\",\"contentUrl\":\"https:\\\/\\\/www.autonom.ro\\\/blog\\\/wp-content\\\/uploads\\\/2020\\\/10\\\/cropped-Autonom_Corporate-Logo-Color-Orizontal-RGB.png\",\"width\":724,\"height\":250,\"caption\":\"Blog Autonom\"},\"image\":{\"@id\":\"https:\\\/\\\/www.autonom.ro\\\/blog\\\/#\\\/schema\\\/logo\\\/image\\\/\"},\"sameAs\":[\"https:\\\/\\\/www.facebook.com\\\/AutonomRomania\\\/\",\"http:\\\/\\\/www.instagram.com\\\/autonom.romania\\\/\",\"https:\\\/\\\/www.linkedin.com\\\/company\\\/autonom-rent-a-car\"]},{\"@type\":\"Person\",\"@id\":\"https:\\\/\\\/www.autonom.ro\\\/blog\\\/#\\\/schema\\\/person\\\/969476990feb32c04946c9f242c3210e\",\"name\":\"Sorina Volerat\",\"image\":{\"@type\":\"ImageObject\",\"inLanguage\":\"ro-RO\",\"@id\":\"https:\\\/\\\/secure.gravatar.com\\\/avatar\\\/5221880dfa47580a11a0ddaf1f3f28ac8589c9aa842cf5defb698776cde8960a?s=96&d=mm&r=g\",\"url\":\"https:\\\/\\\/secure.gravatar.com\\\/avatar\\\/5221880dfa47580a11a0ddaf1f3f28ac8589c9aa842cf5defb698776cde8960a?s=96&d=mm&r=g\",\"contentUrl\":\"https:\\\/\\\/secure.gravatar.com\\\/avatar\\\/5221880dfa47580a11a0ddaf1f3f28ac8589c9aa842cf5defb698776cde8960a?s=96&d=mm&r=g\",\"caption\":\"Sorina Volerat\"},\"url\":\"https:\\\/\\\/www.autonom.ro\\\/blog\\\/author\\\/sorinavolerat\\\/\"}]}<\/script>\n<!-- \/ Yoast SEO plugin. -->","yoast_head_json":{"title":"Expunerea accelereaz\u0103 procesul de \u00eenv\u0103\u021bare #44 - Blog Autonom","robots":{"index":"index","follow":"follow","max-snippet":"max-snippet:-1","max-image-preview":"max-image-preview:large","max-video-preview":"max-video-preview:-1"},"canonical":"https:\/\/www.autonom.ro\/blog\/learning-tip-of-the-week-44-expunerea-accelereaza-procesul-de-invatare\/","og_locale":"ro_RO","og_type":"article","og_title":"Learning Tip of the Week powered by Autonom","og_description":"Expunerea accelereaz\u0103 procesul de \u00eenv\u0103\u021bare - S\u0103pt\u0103m\u00e2na aceasta continu\u0103m recomand\u0103rile de resurse de \u00eenv\u0103\u021bare \u0219i povestim despre cum oamenii se comport\u0103 \u00eentr-un mod dictat de mediul fizic \u00een care tr\u0103iesc, despre nevoia unui plan \u0219i importan\u021ba lucrurilor m\u0103runte care, puse \u00een aplicare, pot declan\u0219a consecin\u021be majore \u0219i despre cum expunerea la contexte diferite poate scurta curba de \u00eenv\u0103\u021barea a oamenilor din echip\u0103.","og_url":"https:\/\/www.autonom.ro\/blog\/learning-tip-of-the-week-44-expunerea-accelereaza-procesul-de-invatare\/","og_site_name":"Blog Autonom","article_publisher":"https:\/\/www.facebook.com\/AutonomRomania\/","article_published_time":"2023-09-22T07:59:06+00:00","article_modified_time":"2023-09-22T08:04:42+00:00","og_image":[{"width":1200,"height":630,"url":"https:\/\/www.autonom.ro\/blog\/wp-content\/uploads\/2022\/11\/newsletter-elements_Social-Card.jpg","type":"image\/jpeg"}],"author":"Sorina Volerat","twitter_card":"summary_large_image","twitter_misc":{"Scris de":"Sorina Volerat","Timp estimat pentru citire":"6 minute"},"schema":{"@context":"https:\/\/schema.org","@graph":[{"@type":"Article","@id":"https:\/\/www.autonom.ro\/blog\/learning-tip-of-the-week-44-expunerea-accelereaza-procesul-de-invatare\/#article","isPartOf":{"@id":"https:\/\/www.autonom.ro\/blog\/learning-tip-of-the-week-44-expunerea-accelereaza-procesul-de-invatare\/"},"author":{"name":"Sorina Volerat","@id":"https:\/\/www.autonom.ro\/blog\/#\/schema\/person\/969476990feb32c04946c9f242c3210e"},"headline":"Expunerea accelereaz\u0103 procesul de \u00eenv\u0103\u021bare #44","datePublished":"2023-09-22T07:59:06+00:00","dateModified":"2023-09-22T08:04:42+00:00","mainEntityOfPage":{"@id":"https:\/\/www.autonom.ro\/blog\/learning-tip-of-the-week-44-expunerea-accelereaza-procesul-de-invatare\/"},"wordCount":1445,"publisher":{"@id":"https:\/\/www.autonom.ro\/blog\/#organization"},"image":{"@id":"https:\/\/www.autonom.ro\/blog\/learning-tip-of-the-week-44-expunerea-accelereaza-procesul-de-invatare\/#primaryimage"},"thumbnailUrl":"https:\/\/www.autonom.ro\/blog\/wp-content\/uploads\/2022\/11\/newsletter-elements_Social-Card.jpg","articleSection":{"1":"Learning Tip of the Week"},"inLanguage":"ro-RO"},{"@type":"WebPage","@id":"https:\/\/www.autonom.ro\/blog\/learning-tip-of-the-week-44-expunerea-accelereaza-procesul-de-invatare\/","url":"https:\/\/www.autonom.ro\/blog\/learning-tip-of-the-week-44-expunerea-accelereaza-procesul-de-invatare\/","name":"Expunerea accelereaz\u0103 procesul de \u00eenv\u0103\u021bare #44 - Blog Autonom","isPartOf":{"@id":"https:\/\/www.autonom.ro\/blog\/#website"},"primaryImageOfPage":{"@id":"https:\/\/www.autonom.ro\/blog\/learning-tip-of-the-week-44-expunerea-accelereaza-procesul-de-invatare\/#primaryimage"},"image":{"@id":"https:\/\/www.autonom.ro\/blog\/learning-tip-of-the-week-44-expunerea-accelereaza-procesul-de-invatare\/#primaryimage"},"thumbnailUrl":"https:\/\/www.autonom.ro\/blog\/wp-content\/uploads\/2022\/11\/newsletter-elements_Social-Card.jpg","datePublished":"2023-09-22T07:59:06+00:00","dateModified":"2023-09-22T08:04:42+00:00","breadcrumb":{"@id":"https:\/\/www.autonom.ro\/blog\/learning-tip-of-the-week-44-expunerea-accelereaza-procesul-de-invatare\/#breadcrumb"},"inLanguage":"ro-RO","potentialAction":[{"@type":"ReadAction","target":["https:\/\/www.autonom.ro\/blog\/learning-tip-of-the-week-44-expunerea-accelereaza-procesul-de-invatare\/"]}]},{"@type":"ImageObject","inLanguage":"ro-RO","@id":"https:\/\/www.autonom.ro\/blog\/learning-tip-of-the-week-44-expunerea-accelereaza-procesul-de-invatare\/#primaryimage","url":"https:\/\/www.autonom.ro\/blog\/wp-content\/uploads\/2022\/11\/newsletter-elements_Social-Card.jpg","contentUrl":"https:\/\/www.autonom.ro\/blog\/wp-content\/uploads\/2022\/11\/newsletter-elements_Social-Card.jpg","width":1200,"height":630,"caption":"Dup\u0103 o scurt\u0103 pauz\u0103 am revenit cu recomand\u0103rile de resurse de \u00eenv\u0103\u021bare."},{"@type":"BreadcrumbList","@id":"https:\/\/www.autonom.ro\/blog\/learning-tip-of-the-week-44-expunerea-accelereaza-procesul-de-invatare\/#breadcrumb","itemListElement":[{"@type":"ListItem","position":1,"name":"Prima pagin\u0103","item":"https:\/\/www.autonom.ro\/blog\/"},{"@type":"ListItem","position":2,"name":"Expunerea accelereaz\u0103 procesul de \u00eenv\u0103\u021bare #44"}]},{"@type":"WebSite","@id":"https:\/\/www.autonom.ro\/blog\/#website","url":"https:\/\/www.autonom.ro\/blog\/","name":"Blog Autonom","description":"","publisher":{"@id":"https:\/\/www.autonom.ro\/blog\/#organization"},"potentialAction":[{"@type":"SearchAction","target":{"@type":"EntryPoint","urlTemplate":"https:\/\/www.autonom.ro\/blog\/?s={search_term_string}"},"query-input":{"@type":"PropertyValueSpecification","valueRequired":true,"valueName":"search_term_string"}}],"inLanguage":"ro-RO"},{"@type":"Organization","@id":"https:\/\/www.autonom.ro\/blog\/#organization","name":"Blog Autonom","url":"https:\/\/www.autonom.ro\/blog\/","logo":{"@type":"ImageObject","inLanguage":"ro-RO","@id":"https:\/\/www.autonom.ro\/blog\/#\/schema\/logo\/image\/","url":"https:\/\/www.autonom.ro\/blog\/wp-content\/uploads\/2020\/10\/cropped-Autonom_Corporate-Logo-Color-Orizontal-RGB.png","contentUrl":"https:\/\/www.autonom.ro\/blog\/wp-content\/uploads\/2020\/10\/cropped-Autonom_Corporate-Logo-Color-Orizontal-RGB.png","width":724,"height":250,"caption":"Blog Autonom"},"image":{"@id":"https:\/\/www.autonom.ro\/blog\/#\/schema\/logo\/image\/"},"sameAs":["https:\/\/www.facebook.com\/AutonomRomania\/","http:\/\/www.instagram.com\/autonom.romania\/","https:\/\/www.linkedin.com\/company\/autonom-rent-a-car"]},{"@type":"Person","@id":"https:\/\/www.autonom.ro\/blog\/#\/schema\/person\/969476990feb32c04946c9f242c3210e","name":"Sorina Volerat","image":{"@type":"ImageObject","inLanguage":"ro-RO","@id":"https:\/\/secure.gravatar.com\/avatar\/5221880dfa47580a11a0ddaf1f3f28ac8589c9aa842cf5defb698776cde8960a?s=96&d=mm&r=g","url":"https:\/\/secure.gravatar.com\/avatar\/5221880dfa47580a11a0ddaf1f3f28ac8589c9aa842cf5defb698776cde8960a?s=96&d=mm&r=g","contentUrl":"https:\/\/secure.gravatar.com\/avatar\/5221880dfa47580a11a0ddaf1f3f28ac8589c9aa842cf5defb698776cde8960a?s=96&d=mm&r=g","caption":"Sorina Volerat"},"url":"https:\/\/www.autonom.ro\/blog\/author\/sorinavolerat\/"}]}},"_links":{"self":[{"href":"https:\/\/www.autonom.ro\/blog\/wp-json\/wp\/v2\/posts\/6740","targetHints":{"allow":["GET"]}}],"collection":[{"href":"https:\/\/www.autonom.ro\/blog\/wp-json\/wp\/v2\/posts"}],"about":[{"href":"https:\/\/www.autonom.ro\/blog\/wp-json\/wp\/v2\/types\/post"}],"author":[{"embeddable":true,"href":"https:\/\/www.autonom.ro\/blog\/wp-json\/wp\/v2\/users\/4"}],"replies":[{"embeddable":true,"href":"https:\/\/www.autonom.ro\/blog\/wp-json\/wp\/v2\/comments?post=6740"}],"version-history":[{"count":1,"href":"https:\/\/www.autonom.ro\/blog\/wp-json\/wp\/v2\/posts\/6740\/revisions"}],"predecessor-version":[{"id":6744,"href":"https:\/\/www.autonom.ro\/blog\/wp-json\/wp\/v2\/posts\/6740\/revisions\/6744"}],"wp:featuredmedia":[{"embeddable":true,"href":"https:\/\/www.autonom.ro\/blog\/wp-json\/wp\/v2\/media\/6006"}],"wp:attachment":[{"href":"https:\/\/www.autonom.ro\/blog\/wp-json\/wp\/v2\/media?parent=6740"}],"wp:term":[{"taxonomy":"category","embeddable":true,"href":"https:\/\/www.autonom.ro\/blog\/wp-json\/wp\/v2\/categories?post=6740"},{"taxonomy":"post_tag","embeddable":true,"href":"https:\/\/www.autonom.ro\/blog\/wp-json\/wp\/v2\/tags?post=6740"}],"curies":[{"name":"wp","href":"https:\/\/api.w.org\/{rel}","templated":true}]}}