{"id":6794,"date":"2023-11-03T10:00:00","date_gmt":"2023-11-03T07:00:00","guid":{"rendered":"https:\/\/www.autonom.ro\/blog\/?p=6794"},"modified":"2023-11-10T12:48:46","modified_gmt":"2023-11-10T09:48:46","slug":"learning-tip-of-the-week-50-despre-curajul-de-a-nu-te-opri-din-a-incerca","status":"publish","type":"post","link":"https:\/\/www.autonom.ro\/blog\/learning-tip-of-the-week-50-despre-curajul-de-a-nu-te-opri-din-a-incerca\/","title":{"rendered":"Despre curajul de a nu te opri din a \u00eencerca #50"},"content":{"rendered":"\n<p><strong><mark style=\"background-color:rgba(0, 0, 0, 0)\" class=\"has-inline-color has-blue-one-color\">Salutare,<\/mark><\/strong><\/p>\n\n\n\n<p>Ne bucur\u0103m tare mult c\u0103 am ajuns la episodul cu num\u0103rul 50 \u0219i v\u0103 mul\u021bumim pentru c\u0103 ne citi\u021bi. Am ales ast\u0103zi s\u0103 vorbim despre oameni \u0219i puterea pove\u0219tilor din spatele lor, despre dorin\u021ba de a face \u0219i curajul de a nu te opri din a \u00eencerca \u0219i despre c\u00e2t de important este s\u0103 \u00ee\u021bi g\u0103se\u0219ti locul \u00een ceea ce faci.<\/p>\n\n\n\n<p>Spor la citit! Dac\u0103 v-a pl\u0103cut sau a\u021bi dori s\u0103 abord\u0103m \u0219i alte subiecte de interes nu ezita\u021bi s\u0103 ne scrie\u021bi.<\/p>\n\n\n\n<hr class=\"wp-block-separator has-text-color has-alpha-channel-opacity has-background is-style-default\" style=\"background-color:#b8d7f1;color:#b8d7f1\"\/>\n\n\n\n<h2 class=\"wp-block-heading has-text-align-center\"><strong><em><mark style=\"background-color:rgba(0, 0, 0, 0)\" class=\"has-inline-color has-blue-one-color\">#EvolveDaily by Autonom<\/mark><\/em><\/strong><\/h2>\n\n\n<div class=\"wp-block-image\">\n<figure class=\"aligncenter size-full is-resized\"><img decoding=\"async\" src=\"https:\/\/www.autonom.ro\/blog\/wp-content\/uploads\/2023\/11\/Vizual_Elena-Georgica-Stefan.png\" alt=\"\" class=\"wp-image-6795\" width=\"600\" srcset=\"https:\/\/www.autonom.ro\/blog\/wp-content\/uploads\/2023\/11\/Vizual_Elena-Georgica-Stefan.png 2500w, https:\/\/www.autonom.ro\/blog\/wp-content\/uploads\/2023\/11\/Vizual_Elena-Georgica-Stefan-300x138.png 300w, https:\/\/www.autonom.ro\/blog\/wp-content\/uploads\/2023\/11\/Vizual_Elena-Georgica-Stefan-1024x471.png 1024w, https:\/\/www.autonom.ro\/blog\/wp-content\/uploads\/2023\/11\/Vizual_Elena-Georgica-Stefan-768x353.png 768w, https:\/\/www.autonom.ro\/blog\/wp-content\/uploads\/2023\/11\/Vizual_Elena-Georgica-Stefan-1536x706.png 1536w, https:\/\/www.autonom.ro\/blog\/wp-content\/uploads\/2023\/11\/Vizual_Elena-Georgica-Stefan-2048x941.png 2048w\" sizes=\"(max-width: 2500px) 100vw, 2500px\" \/><\/figure>\n<\/div>\n\n\n<p><strong><mark style=\"background-color:rgba(0, 0, 0, 0)\" class=\"has-inline-color has-blue-one-color\">Despre dorin\u021ba de a face ceva cu sens \u0219i importan\u021ba oamenilor \u00een aceast\u0103 c\u0103l\u0103torie<\/mark><\/strong>, un text scris \u00eempreun\u0103 cu <strong><mark style=\"background-color:rgba(0, 0, 0, 0)\" class=\"has-inline-color has-blue-one-color\">Elena \u0219i Georgic\u0103 \u0218tefan<\/mark><\/strong>, co-fondatori \u0218tefan \u0219i Compania.<\/p>\n\n\n\n<p>Povestea noastr\u0103 a cuprins, de-a lungul timpului, mai multe capitole, \u00een care am avut norocul s\u0103 construim o familie extins\u0103 frumoas\u0103 \u0219i s\u0103 facem ce ne-am dorit, prin testare continu\u0103 de idei. Am ales s\u0103 \u00eemp\u0103rt\u0103\u0219im c\u00e2teva g\u00e2nduri care sper\u0103m s\u0103 reprezinte o surs\u0103 de inspira\u021bie, deoarece credem \u00een puterea \u0219i valoarea pove\u0219tilor.<\/p>\n\n\n\n<p><img loading=\"lazy\" decoding=\"async\" width=\"30\" height=\"30\" class=\"wp-image-5902\" style=\"width: 30px;\" src=\"https:\/\/www.autonom.ro\/blog\/wp-content\/uploads\/2023\/03\/newsletter-elements_1-albastru-inchis.png\" alt=\"\" srcset=\"https:\/\/www.autonom.ro\/blog\/wp-content\/uploads\/2023\/03\/newsletter-elements_1-albastru-inchis.png 163w, https:\/\/www.autonom.ro\/blog\/wp-content\/uploads\/2023\/03\/newsletter-elements_1-albastru-inchis-150x150.png 150w, https:\/\/www.autonom.ro\/blog\/wp-content\/uploads\/2023\/03\/newsletter-elements_1-albastru-inchis-100x100.png 100w\" sizes=\"auto, (max-width: 30px) 100vw, 30px\" \/> <strong><mark style=\"background-color:rgba(0, 0, 0, 0)\" class=\"has-inline-color has-blue-one-color\">Dorin\u021ba de a face a fost mereu mai mare dec\u00e2t dorin\u021ba de c\u00e2\u0219tig.<\/mark><\/strong> Aceasta a fost mereu un fel de \u201edrive\u201d, test\u00e2nd tot timpul foarte multe idei. Atunci c\u00e2nd vezi c\u0103 ceva nu merge, te opre\u0219ti \u0219i \u00eencerci altceva. Important este s\u0103 nu renun\u021bi \u0219i s\u0103 \u00ee\u021bi p\u0103strezi curiozitatea, s\u0103 \u00ee\u021bi umble mintea. Am pornit de la un anticariat \u0219i un service auto \u201e\u0218tefan \u0219i Compania\u201d \u0219i am reu\u0219it s\u0103 construim mai multe business-uri de-a lungul timpului. Anii 90 au fost altfel \u0219i pe l\u00e2ng\u0103 ce munceam fiecare, ne-am dorit s\u0103 construim altceva. Am crescut \u00eencet dar sustenabil, tonet\u0103 cu tonet\u0103. Ne amintim de drumurile multe c\u0103tre Bucure\u0219ti pentru a prinde c\u0103r\u021bi c\u00e2t mai interesante \u0219i bune, pentru c\u0103 pe vremea respectiv\u0103 nu exista livrare de carte. Nu ne-am mul\u021bumim niciodat\u0103 cu pu\u021bin \u0219i am c\u0103utat s\u0103 evolu\u0103m prin fiecare lucru pe care \u00eel descopeream. De exemplu, atunci c\u00e2nd c\u0103l\u0103toream exploram mult \u0219i c\u0103utam \u00een locurile respective idei noi, pe care s\u0103 le punem \u00een aplicare \u00een comunitatea din care f\u0103ceam parte.<\/p>\n\n\n\n<p><img loading=\"lazy\" decoding=\"async\" width=\"30\" height=\"30\" class=\"wp-image-5916\" style=\"width: 30px;\" src=\"https:\/\/www.autonom.ro\/blog\/wp-content\/uploads\/2023\/03\/newsletter-elements_2-albastru-inchis.png\" alt=\"\" srcset=\"https:\/\/www.autonom.ro\/blog\/wp-content\/uploads\/2023\/03\/newsletter-elements_2-albastru-inchis.png 163w, https:\/\/www.autonom.ro\/blog\/wp-content\/uploads\/2023\/03\/newsletter-elements_2-albastru-inchis-150x150.png 150w, https:\/\/www.autonom.ro\/blog\/wp-content\/uploads\/2023\/03\/newsletter-elements_2-albastru-inchis-100x100.png 100w\" sizes=\"auto, (max-width: 30px) 100vw, 30px\" \/> <strong><mark style=\"background-color:rgba(0, 0, 0, 0)\" class=\"has-inline-color has-blue-one-color\">Este important s\u0103 ne g\u0103sim locul \u00een ceea ce facem.<\/mark><\/strong> Ceea ce alegem s\u0103 facem \u00een via\u021b\u0103 este, de fapt, ceea ce ne define\u0219te \u0219i este important s\u0103 ne plac\u0103 \u0219i s\u0103 fim m\u00e2ndri. \u0218i, \u00een c\u0103l\u0103toria aceasta, un element foarte important este familia, care trebuie s\u0103 fie parte din ceea ce faci. A\u0219a au fost la noi copiii, care s-au implicat \u0219i ne-au ajutat foarte mult, descoperind treptat dorin\u021ba \u0219i motiva\u021bia noastr\u0103 de a construi lucruri. \u0218i acest fapt i-a f\u0103cut s\u0103 fie deschi\u0219i la conexiuni prin puterea observa\u021biei \u0219i a \u00eencerc\u0103rii s\u0103 identifice oportunit\u0103\u021bi. La noi, munca \u0219i familia s-au suprapus. \u0218i prin procesul de a pune, zilnic, c\u00e2te o c\u0103r\u0103mid\u0103, am reu\u0219it s\u0103 facem lucrurile pe care ni le-am dorit.<\/p>\n\n\n\n<p><img loading=\"lazy\" decoding=\"async\" width=\"30\" height=\"30\" class=\"wp-image-5917\" style=\"width: 30px;\" src=\"https:\/\/www.autonom.ro\/blog\/wp-content\/uploads\/2023\/03\/newsletter-elements_3-albastru-inchis.png\" alt=\"\" srcset=\"https:\/\/www.autonom.ro\/blog\/wp-content\/uploads\/2023\/03\/newsletter-elements_3-albastru-inchis.png 163w, https:\/\/www.autonom.ro\/blog\/wp-content\/uploads\/2023\/03\/newsletter-elements_3-albastru-inchis-150x150.png 150w, https:\/\/www.autonom.ro\/blog\/wp-content\/uploads\/2023\/03\/newsletter-elements_3-albastru-inchis-100x100.png 100w\" sizes=\"auto, (max-width: 30px) 100vw, 30px\" \/> <strong><mark style=\"background-color:rgba(0, 0, 0, 0)\" class=\"has-inline-color has-blue-one-color\">Datorit\u0103 oamenilor suntem aici \u0219i am reu\u0219it s\u0103 construim ceea ce avem ast\u0103zi.<\/mark><\/strong> Pe vremuri nu exista acest cult al \u00eenv\u0103\u021b\u0103rii, dar noi am vorbit cu oamenii despre ce vrem s\u0103 rezolv\u0103m, ce vrem s\u0103 facem, s\u0103 aducem claritate printr-o cultur\u0103 a \u00eentreb\u0103rilor. \u00cen acest fel am construit \u00eempreun\u0103 echipe trainice, care au pus pe primul loc calitatea serviciilor oferite. Este foarte important s\u0103 p\u0103str\u0103m oamenii aproape prin ac\u021biunile pe care le facem, s\u0103 le oferim \u00eencredere \u0219i conexiuni puternice, s\u0103 \u00eenv\u0103\u021b\u0103m \u00eempreun\u0103. Echipele au nevoie s\u0103 avem grij\u0103 nu doar la cum rezolv\u0103m provoc\u0103rile, ci \u0219i la cum ne sim\u021bim \u0219i le suntem al\u0103turi de-a lungul c\u0103l\u0103toriei. Sunt c\u00e2teva elemente pe care le-am practicat \u0219i cultivat precum: cultul muncii, conectarea \u0219i unitatea, disciplina, transparen\u021ba, dezvoltarea continu\u0103 \u0219i \u00eencurajarea oamenilor. De asemenea, trebuie s\u0103 \u00eenv\u0103\u021b\u0103m s\u0103 \u00eei ascult\u0103m pe cei din jurul nostru pentru a g\u0103si firele comune \u0219i a dezvolta un climat de \u00eencredere.<\/p>\n\n\n\n<hr class=\"wp-block-separator has-text-color has-alpha-channel-opacity has-background is-style-default\" style=\"background-color:#b8d7f1;color:#b8d7f1\"\/>\n\n\n\n<p class=\"has-text-align-center\">Acceseaz\u0103 link-ul de mai jos dac\u0103 vrei s\u0103 cite\u0219ti un episod anterior \ud83c\udf81<\/p>\n\n\n\n<div class=\"wp-block-buttons is-content-justification-center is-layout-flex wp-container-core-buttons-is-layout-16018d1d wp-block-buttons-is-layout-flex\">\n<div class=\"wp-block-button is-style-outline is-style-outline--1\"><a class=\"wp-block-button__link has-green-color has-text-color has-background wp-element-button\" href=\"https:\/\/www.autonom.ro\/blog\/descopera\/\" style=\"background-color:#e5f9ef\" target=\"_blank\" rel=\"noreferrer noopener\"><strong>Descoper\u0103<\/strong><\/a><\/div>\n<\/div>\n\n\n\n<hr class=\"wp-block-separator has-text-color has-alpha-channel-opacity has-background is-style-default\" style=\"background-color:#b8d7f1;color:#b8d7f1\"\/>\n\n\n\n<h2 class=\"wp-block-heading has-text-align-center\"><strong><em><mark style=\"background-color:rgba(0, 0, 0, 0)\" class=\"has-inline-color has-blue-one-color\">#DozaDeLectur\u0103<\/mark><\/em><\/strong><\/h2>\n\n\n\n<div class=\"wp-block-media-text alignwide is-stacked-on-mobile\" style=\"grid-template-columns:30% auto\"><figure class=\"wp-block-media-text__media\"><img loading=\"lazy\" decoding=\"async\" width=\"500\" height=\"466\" src=\"https:\/\/www.autonom.ro\/blog\/wp-content\/uploads\/2023\/11\/Ryan-Holiday-Obstacolul-este-calea.png\" alt=\"\" class=\"wp-image-6796 size-full\" srcset=\"https:\/\/www.autonom.ro\/blog\/wp-content\/uploads\/2023\/11\/Ryan-Holiday-Obstacolul-este-calea.png 500w, https:\/\/www.autonom.ro\/blog\/wp-content\/uploads\/2023\/11\/Ryan-Holiday-Obstacolul-este-calea-300x280.png 300w\" sizes=\"auto, (max-width: 500px) 100vw, 500px\" \/><\/figure><div class=\"wp-block-media-text__content\">\n<p>Pentru recomandarea de carte l-am ales pe <strong><mark style=\"background-color:rgba(0, 0, 0, 0)\" class=\"has-inline-color has-purple-color\">Ryan Holiday<\/mark><\/strong> \u0219i lucrarea inspirat\u0103 din filozofia stoic\u0103 <strong><em><mark style=\"background-color:rgba(0, 0, 0, 0)\" class=\"has-inline-color has-purple-color\">Obstacolul este calea<\/mark><\/em><\/strong>, din care afl\u0103m mai multe despre cultivarea determin\u0103rii, a curajului \u0219i a \u00een\u021belepciunii \u00een via\u021ba de zi cu zi, despre cum s\u0103 transform\u0103m obstacolele \u00een oportunit\u0103\u021bi \u0219i s\u0103 ne folosim de dificult\u0103\u021bi pentru a cre\u0219te.<\/p>\n<\/div><\/div>\n\n\n\n<p><img loading=\"lazy\" decoding=\"async\" width=\"30\" height=\"30\" class=\"wp-image-5920\" style=\"width: 30px;\" src=\"https:\/\/www.autonom.ro\/blog\/wp-content\/uploads\/2023\/03\/newsletter-elements_1-mov.png\" alt=\"\" srcset=\"https:\/\/www.autonom.ro\/blog\/wp-content\/uploads\/2023\/03\/newsletter-elements_1-mov.png 163w, https:\/\/www.autonom.ro\/blog\/wp-content\/uploads\/2023\/03\/newsletter-elements_1-mov-150x150.png 150w, https:\/\/www.autonom.ro\/blog\/wp-content\/uploads\/2023\/03\/newsletter-elements_1-mov-100x100.png 100w\" sizes=\"auto, (max-width: 30px) 100vw, 30px\" \/> <strong><mark style=\"background-color:rgba(0, 0, 0, 0)\" class=\"has-inline-color has-purple-color\">Percep\u021bia asupra evenimentelor este cea care ne afecteaz\u0103.<\/mark><\/strong> Este nevoie s\u0103 schimb\u0103m de fapt modalitatea \u00een care privim obstacolele \u0219i \u00een acest fel putem identifica c\u0103i nea\u0219teptate de a reu\u0219i, dar \u0219i de a deveni mai rezilien\u021bi \u0219i mai buni. De fapt aceste greut\u0103\u021bi trebuie privite ca ni\u0219te trepte spre succes \u0219i nu bariere.<\/p>\n\n\n\n<p><img loading=\"lazy\" decoding=\"async\" width=\"30\" height=\"30\" class=\"wp-image-5921\" style=\"width: 30px;\" src=\"https:\/\/www.autonom.ro\/blog\/wp-content\/uploads\/2023\/03\/newsletter-elements_2-mov.png\" alt=\"\" srcset=\"https:\/\/www.autonom.ro\/blog\/wp-content\/uploads\/2023\/03\/newsletter-elements_2-mov.png 163w, https:\/\/www.autonom.ro\/blog\/wp-content\/uploads\/2023\/03\/newsletter-elements_2-mov-150x150.png 150w, https:\/\/www.autonom.ro\/blog\/wp-content\/uploads\/2023\/03\/newsletter-elements_2-mov-100x100.png 100w\" sizes=\"auto, (max-width: 30px) 100vw, 30px\" \/> <strong><mark style=\"background-color:rgba(0, 0, 0, 0)\" class=\"has-inline-color has-purple-color\">Cheile spre succes sunt percep\u021bia, ac\u021biunea \u0219i voin\u021ba.<\/mark><\/strong> Percep\u021biile noastre pot fi un izvor de energie sau o surs\u0103 de sl\u0103biciune \u0219i de aceea este important s\u0103 ne concentr\u0103m asupra lucrurilor pe care le putem controla. Obstacolele ne st\u00e2rnesc emo\u021bii, iar singura modalitate prin care le putem supravie\u021bui este s\u0103 le st\u0103p\u00e2nim.<\/p>\n\n\n\n<p><img loading=\"lazy\" decoding=\"async\" width=\"30\" height=\"30\" class=\"wp-image-5922\" style=\"width: 30px;\" src=\"https:\/\/www.autonom.ro\/blog\/wp-content\/uploads\/2023\/03\/newsletter-elements_3-mov.png\" alt=\"\" srcset=\"https:\/\/www.autonom.ro\/blog\/wp-content\/uploads\/2023\/03\/newsletter-elements_3-mov.png 163w, https:\/\/www.autonom.ro\/blog\/wp-content\/uploads\/2023\/03\/newsletter-elements_3-mov-150x150.png 150w, https:\/\/www.autonom.ro\/blog\/wp-content\/uploads\/2023\/03\/newsletter-elements_3-mov-100x100.png 100w\" sizes=\"auto, (max-width: 30px) 100vw, 30px\" \/> <em>\u201e<strong><mark style=\"background-color:rgba(0, 0, 0, 0)\" class=\"has-inline-color has-purple-color\">G\u00e2nde\u0219te-te la progres, nu la perfec\u021biune.<\/mark><\/strong> \u00cen via\u021b\u0103, nu conteaz\u0103 ce \u021bi se \u00eent\u00e2mpl\u0103 sau de unde ai venit. Conteaz\u0103 ce faci cu ce se \u00eent\u00e2mpl\u0103 \u0219i ce \u021bi-a fost dat. Impedimentul \u00eentr-o activitate duce mai departe activitatea. Ceea ce ne st\u0103 \u00een cale devine chiar calea de urmat.\u201d<\/em><\/p>\n\n\n\n<hr class=\"wp-block-separator has-text-color has-alpha-channel-opacity has-background is-style-default\" style=\"background-color:#b8d7f1;color:#b8d7f1\"\/>\n\n\n\n<h2 class=\"wp-block-heading has-text-align-center\"><strong><em><mark style=\"background-color:rgba(0, 0, 0, 0)\" class=\"has-inline-color has-blue-one-color\">#\u00centreb\u0103riCuSens din Jocul Autonom<\/mark><\/em><\/strong><\/h2>\n\n\n\n<p class=\"has-text-align-center\"><strong><em><mark style=\"background-color:rgba(0, 0, 0, 0)\" class=\"has-inline-color has-blue-two-color\">G\u00e2nde\u0219te-te care sunt trei valori dup\u0103 care \u00ee\u021bi ghidezi deciziile.<\/mark><\/em><\/strong><\/p>\n\n\n\n<hr class=\"wp-block-separator has-text-color has-alpha-channel-opacity has-background is-style-default\" style=\"background-color:#b8d7f1;color:#b8d7f1\"\/>\n\n\n\n<h2 class=\"wp-block-heading has-text-align-center\"><strong><em><mark style=\"background-color:rgba(0, 0, 0, 0)\" class=\"has-inline-color has-blue-one-color\">#DeAscultat<\/mark><\/em><\/strong><\/h2>\n\n\n\n<p>Pentru recomandarea din c\u0103\u0219ti v\u0103 invit\u0103m s\u0103 asculta\u021bi discursul lui <strong><mark style=\"background-color:rgba(0, 0, 0, 0)\" class=\"has-inline-color has-blue-one-color\">Simon Sinek, <em>Why good leaders make you feel safe<\/em><\/mark><\/strong>, la TED Talks.<\/p>\n\n\n\n<figure class=\"wp-block-embed aligncenter is-type-video is-provider-youtube wp-block-embed-youtube wp-embed-aspect-16-9 wp-has-aspect-ratio\"><div class=\"wp-block-embed__wrapper\">\n<iframe loading=\"lazy\" title=\"Why good leaders make you feel safe | Simon Sinek | TED\" width=\"500\" height=\"281\" src=\"https:\/\/www.youtube.com\/embed\/lmyZMtPVodo?feature=oembed\" frameborder=\"0\" allow=\"accelerometer; autoplay; clipboard-write; encrypted-media; gyroscope; picture-in-picture; web-share\" referrerpolicy=\"strict-origin-when-cross-origin\" allowfullscreen><\/iframe>\n<\/div><\/figure>\n\n\n\n<hr class=\"wp-block-separator has-text-color has-alpha-channel-opacity has-background is-style-default\" style=\"background-color:#b8d7f1;color:#b8d7f1\"\/>\n\n\n\n<p class=\"has-text-align-center\">Dac\u0103 vrei s\u0103 prime\u0219ti epidoasele <strong><mark style=\"background-color:rgba(0, 0, 0, 0)\" class=\"has-inline-color has-blue-two-color\"><a href=\"https:\/\/www.autonom.ro\/blog\/categorie\/learning-tip-of-the-week\/\" target=\"_blank\" rel=\"noreferrer noopener\">Learning Tip of The Week<\/a><\/mark><\/strong> \u00een inboxul t\u0103u, te invit\u0103m s\u0103 te abonezi fie pe platforma <strong><mark style=\"background-color:rgba(0, 0, 0, 0)\" class=\"has-inline-color has-blue-two-color\"><a href=\"https:\/\/www.linkedin.com\/build-relation\/newsletter-follow?entityUrn=7039697296023769088\" target=\"_blank\" rel=\"noreferrer noopener\">LinkedIn<\/a><\/mark><\/strong>, fie acces\u00e2nd pagina de mai jos:<\/p>\n\n\n\n<div class=\"wp-block-buttons is-content-justification-center is-layout-flex wp-container-core-buttons-is-layout-16018d1d wp-block-buttons-is-layout-flex\">\n<div class=\"wp-block-button is-style-outline is-style-outline--2\"><a class=\"wp-block-button__link has-blue-one-color has-text-color has-background wp-element-button\" href=\"http:\/\/eepurl.com\/goH5QP\" style=\"background-color:#ecebf7\" target=\"_blank\" rel=\"noreferrer noopener\"><strong>Aboneaz\u0103-te<\/strong><\/a><\/div>\n<\/div>\n\n\n\n<hr class=\"wp-block-separator has-text-color has-alpha-channel-opacity has-background is-style-default\" style=\"background-color:#b8d7f1;color:#b8d7f1\"\/>\n\n\n\n<p class=\"has-text-align-center\"><strong><mark style=\"background-color:rgba(0, 0, 0, 0)\" class=\"has-inline-color has-blue-one-color\">Ne vedem \u00een episodul urm\u0103tor!<\/mark><\/strong><\/p>\n","protected":false},"excerpt":{"rendered":"<p>Salutare, Ne bucur\u0103m tare mult c\u0103 am ajuns la episodul cu num\u0103rul 50 \u0219i v\u0103 mul\u021bumim pentru c\u0103 ne citi\u021bi. Am ales ast\u0103zi s\u0103 vorbim despre oameni \u0219i puterea pove\u0219tilor din spatele lor, despre dorin\u021ba de a face \u0219i curajul de a nu te opri din a \u00eencerca \u0219i despre c\u00e2t de important este s\u0103 [&hellip;]<\/p>\n","protected":false},"author":2,"featured_media":6006,"comment_status":"closed","ping_status":"closed","sticky":false,"template":"","format":"standard","meta":{"inline_featured_image":false,"footnotes":""},"categories":[1,1923],"tags":[],"class_list":["post-6794","post","type-post","status-publish","format-standard","has-post-thumbnail","hentry","category-fara-categorie","category-learning-tip-of-the-week"],"yoast_head":"<!-- This site is optimized with the Yoast SEO plugin v27.5 - https:\/\/yoast.com\/product\/yoast-seo-wordpress\/ -->\n<title>Despre curajul de a nu te opri din a \u00eencerca #50 - Blog Autonom<\/title>\n<meta name=\"description\" content=\"Ast\u0103zi vorbim despre oameni \u0219i puterea pove\u0219tilor din spatele lor, despre dorin\u021ba de a face \u0219i curajul de a nu te opri din a \u00eencerca \u0219i despre c\u00e2t de important este s\u0103 \u00ee\u021bi g\u0103se\u0219ti locul \u00een ceea ce faci.\" \/>\n<meta name=\"robots\" content=\"index, follow, max-snippet:-1, max-image-preview:large, max-video-preview:-1\" \/>\n<link rel=\"canonical\" href=\"https:\/\/www.autonom.ro\/blog\/learning-tip-of-the-week-50-despre-curajul-de-a-nu-te-opri-din-a-incerca\/\" \/>\n<meta property=\"og:locale\" content=\"ro_RO\" \/>\n<meta property=\"og:type\" content=\"article\" \/>\n<meta property=\"og:title\" content=\"Learning Tip of the Week powered by Autonom\" \/>\n<meta property=\"og:description\" content=\"Ast\u0103zi vorbim despre oameni \u0219i puterea pove\u0219tilor din spatele lor, despre dorin\u021ba de a face \u0219i curajul de a nu te opri din a \u00eencerca \u0219i despre c\u00e2t de important este s\u0103 \u00ee\u021bi g\u0103se\u0219ti locul \u00een ceea ce faci.\" \/>\n<meta property=\"og:url\" content=\"https:\/\/www.autonom.ro\/blog\/learning-tip-of-the-week-50-despre-curajul-de-a-nu-te-opri-din-a-incerca\/\" \/>\n<meta property=\"og:site_name\" content=\"Blog Autonom\" \/>\n<meta property=\"article:publisher\" content=\"https:\/\/www.facebook.com\/AutonomRomania\/\" \/>\n<meta property=\"article:published_time\" content=\"2023-11-03T07:00:00+00:00\" \/>\n<meta property=\"article:modified_time\" content=\"2023-11-10T09:48:46+00:00\" \/>\n<meta property=\"og:image\" content=\"https:\/\/www.autonom.ro\/blog\/wp-content\/uploads\/2022\/11\/newsletter-elements_Social-Card.jpg\" \/>\n\t<meta property=\"og:image:width\" content=\"1200\" \/>\n\t<meta property=\"og:image:height\" content=\"630\" \/>\n\t<meta property=\"og:image:type\" content=\"image\/jpeg\" \/>\n<meta name=\"author\" content=\"Autonom\" \/>\n<meta name=\"twitter:card\" content=\"summary_large_image\" \/>\n<meta name=\"twitter:label1\" content=\"Scris de\" \/>\n\t<meta name=\"twitter:data1\" content=\"Autonom\" \/>\n\t<meta name=\"twitter:label2\" content=\"Timp estimat pentru citire\" \/>\n\t<meta name=\"twitter:data2\" content=\"7 minute\" \/>\n<script type=\"application\/ld+json\" class=\"yoast-schema-graph\">{\"@context\":\"https:\\\/\\\/schema.org\",\"@graph\":[{\"@type\":\"Article\",\"@id\":\"https:\\\/\\\/www.autonom.ro\\\/blog\\\/learning-tip-of-the-week-50-despre-curajul-de-a-nu-te-opri-din-a-incerca\\\/#article\",\"isPartOf\":{\"@id\":\"https:\\\/\\\/www.autonom.ro\\\/blog\\\/learning-tip-of-the-week-50-despre-curajul-de-a-nu-te-opri-din-a-incerca\\\/\"},\"author\":{\"name\":\"Autonom\",\"@id\":\"https:\\\/\\\/www.autonom.ro\\\/blog\\\/#\\\/schema\\\/person\\\/ea5961c2ebc8070c672571e6d52b8a78\"},\"headline\":\"Despre curajul de a nu te opri din a \u00eencerca #50\",\"datePublished\":\"2023-11-03T07:00:00+00:00\",\"dateModified\":\"2023-11-10T09:48:46+00:00\",\"mainEntityOfPage\":{\"@id\":\"https:\\\/\\\/www.autonom.ro\\\/blog\\\/learning-tip-of-the-week-50-despre-curajul-de-a-nu-te-opri-din-a-incerca\\\/\"},\"wordCount\":1057,\"publisher\":{\"@id\":\"https:\\\/\\\/www.autonom.ro\\\/blog\\\/#organization\"},\"image\":{\"@id\":\"https:\\\/\\\/www.autonom.ro\\\/blog\\\/learning-tip-of-the-week-50-despre-curajul-de-a-nu-te-opri-din-a-incerca\\\/#primaryimage\"},\"thumbnailUrl\":\"https:\\\/\\\/www.autonom.ro\\\/blog\\\/wp-content\\\/uploads\\\/2022\\\/11\\\/newsletter-elements_Social-Card.jpg\",\"articleSection\":{\"1\":\"Learning Tip of the Week\"},\"inLanguage\":\"ro-RO\"},{\"@type\":\"WebPage\",\"@id\":\"https:\\\/\\\/www.autonom.ro\\\/blog\\\/learning-tip-of-the-week-50-despre-curajul-de-a-nu-te-opri-din-a-incerca\\\/\",\"url\":\"https:\\\/\\\/www.autonom.ro\\\/blog\\\/learning-tip-of-the-week-50-despre-curajul-de-a-nu-te-opri-din-a-incerca\\\/\",\"name\":\"Despre curajul de a nu te opri din a \u00eencerca #50 - Blog Autonom\",\"isPartOf\":{\"@id\":\"https:\\\/\\\/www.autonom.ro\\\/blog\\\/#website\"},\"primaryImageOfPage\":{\"@id\":\"https:\\\/\\\/www.autonom.ro\\\/blog\\\/learning-tip-of-the-week-50-despre-curajul-de-a-nu-te-opri-din-a-incerca\\\/#primaryimage\"},\"image\":{\"@id\":\"https:\\\/\\\/www.autonom.ro\\\/blog\\\/learning-tip-of-the-week-50-despre-curajul-de-a-nu-te-opri-din-a-incerca\\\/#primaryimage\"},\"thumbnailUrl\":\"https:\\\/\\\/www.autonom.ro\\\/blog\\\/wp-content\\\/uploads\\\/2022\\\/11\\\/newsletter-elements_Social-Card.jpg\",\"datePublished\":\"2023-11-03T07:00:00+00:00\",\"dateModified\":\"2023-11-10T09:48:46+00:00\",\"description\":\"Ast\u0103zi vorbim despre oameni \u0219i puterea pove\u0219tilor din spatele lor, despre dorin\u021ba de a face \u0219i curajul de a nu te opri din a \u00eencerca \u0219i despre c\u00e2t de important este s\u0103 \u00ee\u021bi g\u0103se\u0219ti locul \u00een ceea ce faci.\",\"breadcrumb\":{\"@id\":\"https:\\\/\\\/www.autonom.ro\\\/blog\\\/learning-tip-of-the-week-50-despre-curajul-de-a-nu-te-opri-din-a-incerca\\\/#breadcrumb\"},\"inLanguage\":\"ro-RO\",\"potentialAction\":[{\"@type\":\"ReadAction\",\"target\":[\"https:\\\/\\\/www.autonom.ro\\\/blog\\\/learning-tip-of-the-week-50-despre-curajul-de-a-nu-te-opri-din-a-incerca\\\/\"]}]},{\"@type\":\"ImageObject\",\"inLanguage\":\"ro-RO\",\"@id\":\"https:\\\/\\\/www.autonom.ro\\\/blog\\\/learning-tip-of-the-week-50-despre-curajul-de-a-nu-te-opri-din-a-incerca\\\/#primaryimage\",\"url\":\"https:\\\/\\\/www.autonom.ro\\\/blog\\\/wp-content\\\/uploads\\\/2022\\\/11\\\/newsletter-elements_Social-Card.jpg\",\"contentUrl\":\"https:\\\/\\\/www.autonom.ro\\\/blog\\\/wp-content\\\/uploads\\\/2022\\\/11\\\/newsletter-elements_Social-Card.jpg\",\"width\":1200,\"height\":630,\"caption\":\"Dup\u0103 o scurt\u0103 pauz\u0103 am revenit cu recomand\u0103rile de resurse de \u00eenv\u0103\u021bare.\"},{\"@type\":\"BreadcrumbList\",\"@id\":\"https:\\\/\\\/www.autonom.ro\\\/blog\\\/learning-tip-of-the-week-50-despre-curajul-de-a-nu-te-opri-din-a-incerca\\\/#breadcrumb\",\"itemListElement\":[{\"@type\":\"ListItem\",\"position\":1,\"name\":\"Prima pagin\u0103\",\"item\":\"https:\\\/\\\/www.autonom.ro\\\/blog\\\/\"},{\"@type\":\"ListItem\",\"position\":2,\"name\":\"Despre curajul de a nu te opri din a \u00eencerca #50\"}]},{\"@type\":\"WebSite\",\"@id\":\"https:\\\/\\\/www.autonom.ro\\\/blog\\\/#website\",\"url\":\"https:\\\/\\\/www.autonom.ro\\\/blog\\\/\",\"name\":\"Blog Autonom\",\"description\":\"\",\"publisher\":{\"@id\":\"https:\\\/\\\/www.autonom.ro\\\/blog\\\/#organization\"},\"potentialAction\":[{\"@type\":\"SearchAction\",\"target\":{\"@type\":\"EntryPoint\",\"urlTemplate\":\"https:\\\/\\\/www.autonom.ro\\\/blog\\\/?s={search_term_string}\"},\"query-input\":{\"@type\":\"PropertyValueSpecification\",\"valueRequired\":true,\"valueName\":\"search_term_string\"}}],\"inLanguage\":\"ro-RO\"},{\"@type\":\"Organization\",\"@id\":\"https:\\\/\\\/www.autonom.ro\\\/blog\\\/#organization\",\"name\":\"Blog Autonom\",\"url\":\"https:\\\/\\\/www.autonom.ro\\\/blog\\\/\",\"logo\":{\"@type\":\"ImageObject\",\"inLanguage\":\"ro-RO\",\"@id\":\"https:\\\/\\\/www.autonom.ro\\\/blog\\\/#\\\/schema\\\/logo\\\/image\\\/\",\"url\":\"https:\\\/\\\/www.autonom.ro\\\/blog\\\/wp-content\\\/uploads\\\/2020\\\/10\\\/cropped-Autonom_Corporate-Logo-Color-Orizontal-RGB.png\",\"contentUrl\":\"https:\\\/\\\/www.autonom.ro\\\/blog\\\/wp-content\\\/uploads\\\/2020\\\/10\\\/cropped-Autonom_Corporate-Logo-Color-Orizontal-RGB.png\",\"width\":724,\"height\":250,\"caption\":\"Blog Autonom\"},\"image\":{\"@id\":\"https:\\\/\\\/www.autonom.ro\\\/blog\\\/#\\\/schema\\\/logo\\\/image\\\/\"},\"sameAs\":[\"https:\\\/\\\/www.facebook.com\\\/AutonomRomania\\\/\",\"http:\\\/\\\/www.instagram.com\\\/autonom.romania\\\/\",\"https:\\\/\\\/www.linkedin.com\\\/company\\\/autonom-rent-a-car\"]},{\"@type\":\"Person\",\"@id\":\"https:\\\/\\\/www.autonom.ro\\\/blog\\\/#\\\/schema\\\/person\\\/ea5961c2ebc8070c672571e6d52b8a78\",\"name\":\"Autonom\",\"image\":{\"@type\":\"ImageObject\",\"inLanguage\":\"ro-RO\",\"@id\":\"https:\\\/\\\/secure.gravatar.com\\\/avatar\\\/bd0293e675420709298b7e1b87e42729832f151e0bf4555fdbb0e351104e17ba?s=96&d=mm&r=g\",\"url\":\"https:\\\/\\\/secure.gravatar.com\\\/avatar\\\/bd0293e675420709298b7e1b87e42729832f151e0bf4555fdbb0e351104e17ba?s=96&d=mm&r=g\",\"contentUrl\":\"https:\\\/\\\/secure.gravatar.com\\\/avatar\\\/bd0293e675420709298b7e1b87e42729832f151e0bf4555fdbb0e351104e17ba?s=96&d=mm&r=g\",\"caption\":\"Autonom\"},\"url\":\"https:\\\/\\\/www.autonom.ro\\\/blog\\\/author\\\/autonom\\\/\"}]}<\/script>\n<!-- \/ Yoast SEO plugin. -->","yoast_head_json":{"title":"Despre curajul de a nu te opri din a \u00eencerca #50 - Blog Autonom","description":"Ast\u0103zi vorbim despre oameni \u0219i puterea pove\u0219tilor din spatele lor, despre dorin\u021ba de a face \u0219i curajul de a nu te opri din a \u00eencerca \u0219i despre c\u00e2t de important este s\u0103 \u00ee\u021bi g\u0103se\u0219ti locul \u00een ceea ce faci.","robots":{"index":"index","follow":"follow","max-snippet":"max-snippet:-1","max-image-preview":"max-image-preview:large","max-video-preview":"max-video-preview:-1"},"canonical":"https:\/\/www.autonom.ro\/blog\/learning-tip-of-the-week-50-despre-curajul-de-a-nu-te-opri-din-a-incerca\/","og_locale":"ro_RO","og_type":"article","og_title":"Learning Tip of the Week powered by Autonom","og_description":"Ast\u0103zi vorbim despre oameni \u0219i puterea pove\u0219tilor din spatele lor, despre dorin\u021ba de a face \u0219i curajul de a nu te opri din a \u00eencerca \u0219i despre c\u00e2t de important este s\u0103 \u00ee\u021bi g\u0103se\u0219ti locul \u00een ceea ce faci.","og_url":"https:\/\/www.autonom.ro\/blog\/learning-tip-of-the-week-50-despre-curajul-de-a-nu-te-opri-din-a-incerca\/","og_site_name":"Blog Autonom","article_publisher":"https:\/\/www.facebook.com\/AutonomRomania\/","article_published_time":"2023-11-03T07:00:00+00:00","article_modified_time":"2023-11-10T09:48:46+00:00","og_image":[{"width":1200,"height":630,"url":"https:\/\/www.autonom.ro\/blog\/wp-content\/uploads\/2022\/11\/newsletter-elements_Social-Card.jpg","type":"image\/jpeg"}],"author":"Autonom","twitter_card":"summary_large_image","twitter_misc":{"Scris de":"Autonom","Timp estimat pentru citire":"7 minute"},"schema":{"@context":"https:\/\/schema.org","@graph":[{"@type":"Article","@id":"https:\/\/www.autonom.ro\/blog\/learning-tip-of-the-week-50-despre-curajul-de-a-nu-te-opri-din-a-incerca\/#article","isPartOf":{"@id":"https:\/\/www.autonom.ro\/blog\/learning-tip-of-the-week-50-despre-curajul-de-a-nu-te-opri-din-a-incerca\/"},"author":{"name":"Autonom","@id":"https:\/\/www.autonom.ro\/blog\/#\/schema\/person\/ea5961c2ebc8070c672571e6d52b8a78"},"headline":"Despre curajul de a nu te opri din a \u00eencerca #50","datePublished":"2023-11-03T07:00:00+00:00","dateModified":"2023-11-10T09:48:46+00:00","mainEntityOfPage":{"@id":"https:\/\/www.autonom.ro\/blog\/learning-tip-of-the-week-50-despre-curajul-de-a-nu-te-opri-din-a-incerca\/"},"wordCount":1057,"publisher":{"@id":"https:\/\/www.autonom.ro\/blog\/#organization"},"image":{"@id":"https:\/\/www.autonom.ro\/blog\/learning-tip-of-the-week-50-despre-curajul-de-a-nu-te-opri-din-a-incerca\/#primaryimage"},"thumbnailUrl":"https:\/\/www.autonom.ro\/blog\/wp-content\/uploads\/2022\/11\/newsletter-elements_Social-Card.jpg","articleSection":{"1":"Learning Tip of the Week"},"inLanguage":"ro-RO"},{"@type":"WebPage","@id":"https:\/\/www.autonom.ro\/blog\/learning-tip-of-the-week-50-despre-curajul-de-a-nu-te-opri-din-a-incerca\/","url":"https:\/\/www.autonom.ro\/blog\/learning-tip-of-the-week-50-despre-curajul-de-a-nu-te-opri-din-a-incerca\/","name":"Despre curajul de a nu te opri din a \u00eencerca #50 - Blog Autonom","isPartOf":{"@id":"https:\/\/www.autonom.ro\/blog\/#website"},"primaryImageOfPage":{"@id":"https:\/\/www.autonom.ro\/blog\/learning-tip-of-the-week-50-despre-curajul-de-a-nu-te-opri-din-a-incerca\/#primaryimage"},"image":{"@id":"https:\/\/www.autonom.ro\/blog\/learning-tip-of-the-week-50-despre-curajul-de-a-nu-te-opri-din-a-incerca\/#primaryimage"},"thumbnailUrl":"https:\/\/www.autonom.ro\/blog\/wp-content\/uploads\/2022\/11\/newsletter-elements_Social-Card.jpg","datePublished":"2023-11-03T07:00:00+00:00","dateModified":"2023-11-10T09:48:46+00:00","description":"Ast\u0103zi vorbim despre oameni \u0219i puterea pove\u0219tilor din spatele lor, despre dorin\u021ba de a face \u0219i curajul de a nu te opri din a \u00eencerca \u0219i despre c\u00e2t de important este s\u0103 \u00ee\u021bi g\u0103se\u0219ti locul \u00een ceea ce faci.","breadcrumb":{"@id":"https:\/\/www.autonom.ro\/blog\/learning-tip-of-the-week-50-despre-curajul-de-a-nu-te-opri-din-a-incerca\/#breadcrumb"},"inLanguage":"ro-RO","potentialAction":[{"@type":"ReadAction","target":["https:\/\/www.autonom.ro\/blog\/learning-tip-of-the-week-50-despre-curajul-de-a-nu-te-opri-din-a-incerca\/"]}]},{"@type":"ImageObject","inLanguage":"ro-RO","@id":"https:\/\/www.autonom.ro\/blog\/learning-tip-of-the-week-50-despre-curajul-de-a-nu-te-opri-din-a-incerca\/#primaryimage","url":"https:\/\/www.autonom.ro\/blog\/wp-content\/uploads\/2022\/11\/newsletter-elements_Social-Card.jpg","contentUrl":"https:\/\/www.autonom.ro\/blog\/wp-content\/uploads\/2022\/11\/newsletter-elements_Social-Card.jpg","width":1200,"height":630,"caption":"Dup\u0103 o scurt\u0103 pauz\u0103 am revenit cu recomand\u0103rile de resurse de \u00eenv\u0103\u021bare."},{"@type":"BreadcrumbList","@id":"https:\/\/www.autonom.ro\/blog\/learning-tip-of-the-week-50-despre-curajul-de-a-nu-te-opri-din-a-incerca\/#breadcrumb","itemListElement":[{"@type":"ListItem","position":1,"name":"Prima pagin\u0103","item":"https:\/\/www.autonom.ro\/blog\/"},{"@type":"ListItem","position":2,"name":"Despre curajul de a nu te opri din a \u00eencerca #50"}]},{"@type":"WebSite","@id":"https:\/\/www.autonom.ro\/blog\/#website","url":"https:\/\/www.autonom.ro\/blog\/","name":"Blog Autonom","description":"","publisher":{"@id":"https:\/\/www.autonom.ro\/blog\/#organization"},"potentialAction":[{"@type":"SearchAction","target":{"@type":"EntryPoint","urlTemplate":"https:\/\/www.autonom.ro\/blog\/?s={search_term_string}"},"query-input":{"@type":"PropertyValueSpecification","valueRequired":true,"valueName":"search_term_string"}}],"inLanguage":"ro-RO"},{"@type":"Organization","@id":"https:\/\/www.autonom.ro\/blog\/#organization","name":"Blog Autonom","url":"https:\/\/www.autonom.ro\/blog\/","logo":{"@type":"ImageObject","inLanguage":"ro-RO","@id":"https:\/\/www.autonom.ro\/blog\/#\/schema\/logo\/image\/","url":"https:\/\/www.autonom.ro\/blog\/wp-content\/uploads\/2020\/10\/cropped-Autonom_Corporate-Logo-Color-Orizontal-RGB.png","contentUrl":"https:\/\/www.autonom.ro\/blog\/wp-content\/uploads\/2020\/10\/cropped-Autonom_Corporate-Logo-Color-Orizontal-RGB.png","width":724,"height":250,"caption":"Blog Autonom"},"image":{"@id":"https:\/\/www.autonom.ro\/blog\/#\/schema\/logo\/image\/"},"sameAs":["https:\/\/www.facebook.com\/AutonomRomania\/","http:\/\/www.instagram.com\/autonom.romania\/","https:\/\/www.linkedin.com\/company\/autonom-rent-a-car"]},{"@type":"Person","@id":"https:\/\/www.autonom.ro\/blog\/#\/schema\/person\/ea5961c2ebc8070c672571e6d52b8a78","name":"Autonom","image":{"@type":"ImageObject","inLanguage":"ro-RO","@id":"https:\/\/secure.gravatar.com\/avatar\/bd0293e675420709298b7e1b87e42729832f151e0bf4555fdbb0e351104e17ba?s=96&d=mm&r=g","url":"https:\/\/secure.gravatar.com\/avatar\/bd0293e675420709298b7e1b87e42729832f151e0bf4555fdbb0e351104e17ba?s=96&d=mm&r=g","contentUrl":"https:\/\/secure.gravatar.com\/avatar\/bd0293e675420709298b7e1b87e42729832f151e0bf4555fdbb0e351104e17ba?s=96&d=mm&r=g","caption":"Autonom"},"url":"https:\/\/www.autonom.ro\/blog\/author\/autonom\/"}]}},"_links":{"self":[{"href":"https:\/\/www.autonom.ro\/blog\/wp-json\/wp\/v2\/posts\/6794","targetHints":{"allow":["GET"]}}],"collection":[{"href":"https:\/\/www.autonom.ro\/blog\/wp-json\/wp\/v2\/posts"}],"about":[{"href":"https:\/\/www.autonom.ro\/blog\/wp-json\/wp\/v2\/types\/post"}],"author":[{"embeddable":true,"href":"https:\/\/www.autonom.ro\/blog\/wp-json\/wp\/v2\/users\/2"}],"replies":[{"embeddable":true,"href":"https:\/\/www.autonom.ro\/blog\/wp-json\/wp\/v2\/comments?post=6794"}],"version-history":[{"count":3,"href":"https:\/\/www.autonom.ro\/blog\/wp-json\/wp\/v2\/posts\/6794\/revisions"}],"predecessor-version":[{"id":6801,"href":"https:\/\/www.autonom.ro\/blog\/wp-json\/wp\/v2\/posts\/6794\/revisions\/6801"}],"wp:featuredmedia":[{"embeddable":true,"href":"https:\/\/www.autonom.ro\/blog\/wp-json\/wp\/v2\/media\/6006"}],"wp:attachment":[{"href":"https:\/\/www.autonom.ro\/blog\/wp-json\/wp\/v2\/media?parent=6794"}],"wp:term":[{"taxonomy":"category","embeddable":true,"href":"https:\/\/www.autonom.ro\/blog\/wp-json\/wp\/v2\/categories?post=6794"},{"taxonomy":"post_tag","embeddable":true,"href":"https:\/\/www.autonom.ro\/blog\/wp-json\/wp\/v2\/tags?post=6794"}],"curies":[{"name":"wp","href":"https:\/\/api.w.org\/{rel}","templated":true}]}}