{"id":6817,"date":"2023-11-10T11:58:47","date_gmt":"2023-11-10T08:58:47","guid":{"rendered":"https:\/\/www.autonom.ro\/blog\/?p=6817"},"modified":"2023-11-10T12:47:52","modified_gmt":"2023-11-10T09:47:52","slug":"learning-tip-of-the-week-51-preocuparea-de-a-face-cel-mai-bun-lucru-posibil","status":"publish","type":"post","link":"https:\/\/www.autonom.ro\/blog\/learning-tip-of-the-week-51-preocuparea-de-a-face-cel-mai-bun-lucru-posibil\/","title":{"rendered":"Preocuparea de a face cel mai bun lucru posibil #51"},"content":{"rendered":"\n<p>Salutare,<\/p>\n\n\n\n<p>\u00cen episodul de s\u0103pt\u0103m\u00e2na aceasta povestim despre complexitatea existen\u021bei umane, despre libertatea de a alege ce \u0219i cum g\u00e2ndim \u0219i despre ce facem profesional face parte din via\u021ba noastr\u0103 \u0219i ar trebui s\u0103 ne bucure. Via\u021ba noastr\u0103 cap\u0103t\u0103 sens atunci c\u00e2nd suntem la locul potrivit, \u00een momentul potrivit, \u00eentr-un echilibru \u0219i c\u00e2nd suntem preocupa\u021bi de a face cel mai bun lucru posibil.<\/p>\n\n\n\n<p>Spor la citit! Dac\u0103 v-a pl\u0103cut sau a\u021bi dori s\u0103 abord\u0103m \u0219i alte subiecte de interes nu ezita\u021bi s\u0103 ne scrie\u021bi.<\/p>\n\n\n\n<hr class=\"wp-block-separator has-text-color has-alpha-channel-opacity has-background is-style-default\" style=\"background-color:#b8d7f1;color:#b8d7f1\"\/>\n\n\n\n<h2 class=\"wp-block-heading has-text-align-center\"><strong><em><mark style=\"background-color:rgba(0, 0, 0, 0)\" class=\"has-inline-color has-blue-one-color\">#AerProasp\u0103tPentruMinte by Andreea Ro\u0219ca<\/mark><\/em><\/strong><\/h2>\n\n\n<div class=\"wp-block-image\">\n<figure class=\"aligncenter size-full is-resized\"><img decoding=\"async\" src=\"https:\/\/www.autonom.ro\/blog\/wp-content\/uploads\/2023\/11\/The-Vast-and-The-Curious-Ioan-Iacob-2.png\" alt=\"\" class=\"wp-image-6821\" width=\"600\" srcset=\"https:\/\/www.autonom.ro\/blog\/wp-content\/uploads\/2023\/11\/The-Vast-and-The-Curious-Ioan-Iacob-2.png 2500w, https:\/\/www.autonom.ro\/blog\/wp-content\/uploads\/2023\/11\/The-Vast-and-The-Curious-Ioan-Iacob-2-300x254.png 300w, https:\/\/www.autonom.ro\/blog\/wp-content\/uploads\/2023\/11\/The-Vast-and-The-Curious-Ioan-Iacob-2-1024x868.png 1024w, https:\/\/www.autonom.ro\/blog\/wp-content\/uploads\/2023\/11\/The-Vast-and-The-Curious-Ioan-Iacob-2-768x651.png 768w, https:\/\/www.autonom.ro\/blog\/wp-content\/uploads\/2023\/11\/The-Vast-and-The-Curious-Ioan-Iacob-2-1536x1302.png 1536w, https:\/\/www.autonom.ro\/blog\/wp-content\/uploads\/2023\/11\/The-Vast-and-The-Curious-Ioan-Iacob-2-2048x1736.png 2048w\" sizes=\"(max-width: 2500px) 100vw, 2500px\" \/><\/figure>\n<\/div>\n\n\n<p><strong><mark style=\"background-color:rgba(0, 0, 0, 0)\" class=\"has-inline-color has-blue-one-color\">Ioan Iacob<\/mark><\/strong> este cofondator al Flowx.ai, o companie de tehnologie care creeaz\u0103 solu\u021bii bazate pe inteligen\u021b\u0103 artificial\u0103 pentru mari organiza\u021bii financiare globale. Are o perspectiv\u0103 diferit\u0103 despre multe lucruri \u0219i refuz\u0103, \u00een general, s\u0103 accepte felul majoritar de a g\u00e2ndi.<\/p>\n\n\n\n<p>A vorbit cu Andreea Ro\u0219ca despre libertatea de a alege ce \u0219i cum s\u0103 g\u00e2nde\u0219ti \u0219i despre principiile pe care construie\u0219te o organiza\u021bie cu scopul nerezonabil de a schimba \u201emodul \u00een care societatea uman\u0103 creeaz\u0103 software\u201d.<\/p>\n\n\n\n<p>Ca partener strategic al acestei serii de conversa\u021bii, Autonom v\u0103 prezint\u0103 trei idei esen\u021biale din acest interviu:<\/p>\n\n\n\n<p><img loading=\"lazy\" decoding=\"async\" width=\"30\" height=\"30\" class=\"wp-image-5902\" style=\"width: 30px;\" src=\"https:\/\/www.autonom.ro\/blog\/wp-content\/uploads\/2023\/03\/newsletter-elements_1-albastru-inchis.png\" alt=\"\" srcset=\"https:\/\/www.autonom.ro\/blog\/wp-content\/uploads\/2023\/03\/newsletter-elements_1-albastru-inchis.png 163w, https:\/\/www.autonom.ro\/blog\/wp-content\/uploads\/2023\/03\/newsletter-elements_1-albastru-inchis-150x150.png 150w, https:\/\/www.autonom.ro\/blog\/wp-content\/uploads\/2023\/03\/newsletter-elements_1-albastru-inchis-100x100.png 100w\" sizes=\"auto, (max-width: 30px) 100vw, 30px\" \/> <strong><mark style=\"background-color:rgba(0, 0, 0, 0)\" class=\"has-inline-color has-blue-one-color\">Oameni obseda\u021bi de calitate.<\/mark><\/strong> Pentru a realiza lucruri nerezonabile, \u00een centrul echipelor trebuie s\u0103 stea oameni preocupa\u021bi autentic de a face cel mai bun lucru posibil. Instrumentele \u0219i procesul se creeaz\u0103 \u00een jurul lor.<\/p>\n\n\n\n<p><img loading=\"lazy\" decoding=\"async\" width=\"30\" height=\"30\" class=\"wp-image-5916\" style=\"width: 30px;\" src=\"https:\/\/www.autonom.ro\/blog\/wp-content\/uploads\/2023\/03\/newsletter-elements_2-albastru-inchis.png\" alt=\"\" srcset=\"https:\/\/www.autonom.ro\/blog\/wp-content\/uploads\/2023\/03\/newsletter-elements_2-albastru-inchis.png 163w, https:\/\/www.autonom.ro\/blog\/wp-content\/uploads\/2023\/03\/newsletter-elements_2-albastru-inchis-150x150.png 150w, https:\/\/www.autonom.ro\/blog\/wp-content\/uploads\/2023\/03\/newsletter-elements_2-albastru-inchis-100x100.png 100w\" sizes=\"auto, (max-width: 30px) 100vw, 30px\" \/> <mark style=\"background-color:rgba(0, 0, 0, 0)\" class=\"has-inline-color has-blue-one-color\"><strong>\u00cen\u021belegem gre\u0219it stresul.<\/strong> <\/mark>Avem tendin\u021ba s\u0103 consider\u0103m stresul un fenomen negativ. Dar, pe termen scurt, este unul dintre cele mai puternice stimulente. Stresul e mediat de dopamin\u0103, care e produs\u0103 atunci c\u00e2nd marc\u0103m un succes pe o direc\u021bie care are sens.<\/p>\n\n\n\n<p><img loading=\"lazy\" decoding=\"async\" width=\"30\" height=\"30\" class=\"wp-image-5917\" style=\"width: 30px;\" src=\"https:\/\/www.autonom.ro\/blog\/wp-content\/uploads\/2023\/03\/newsletter-elements_3-albastru-inchis.png\" alt=\"\" srcset=\"https:\/\/www.autonom.ro\/blog\/wp-content\/uploads\/2023\/03\/newsletter-elements_3-albastru-inchis.png 163w, https:\/\/www.autonom.ro\/blog\/wp-content\/uploads\/2023\/03\/newsletter-elements_3-albastru-inchis-150x150.png 150w, https:\/\/www.autonom.ro\/blog\/wp-content\/uploads\/2023\/03\/newsletter-elements_3-albastru-inchis-100x100.png 100w\" sizes=\"auto, (max-width: 30px) 100vw, 30px\" \/> <mark style=\"background-color:rgba(0, 0, 0, 0)\" class=\"has-inline-color has-blue-one-color\"><strong>Ideea de echilibru \u00eentre munc\u0103 \u0219i via\u021b\u0103 e absurd\u0103.<\/strong> <\/mark>Presupune c\u0103 munca nu face parte din via\u021b\u0103 sau c\u0103 via\u021ba nu mai e via\u021b\u0103 dac\u0103 muncim. Ceea ce faci profesional ar trebui s\u0103 fie parte din via\u021ba ta, ceva de care e\u0219ti m\u00e2ndru, care te bucur\u0103.<\/p>\n\n\n\n<hr class=\"wp-block-separator has-text-color has-alpha-channel-opacity has-background is-style-default\" style=\"background-color:#b8d7f1;color:#b8d7f1\"\/>\n\n\n\n<p class=\"has-text-align-center\">Acceseaz\u0103 link-ul de mai jos dac\u0103 vrei s\u0103 cite\u0219ti un episod anterior \ud83c\udf81<\/p>\n\n\n\n<div class=\"wp-block-buttons is-content-justification-center is-layout-flex wp-container-core-buttons-is-layout-16018d1d wp-block-buttons-is-layout-flex\">\n<div class=\"wp-block-button is-style-outline is-style-outline--1\"><a class=\"wp-block-button__link has-green-color has-text-color has-background wp-element-button\" href=\"https:\/\/www.autonom.ro\/blog\/descopera\/\" style=\"background-color:#e5f9ef\" target=\"_blank\" rel=\"noreferrer noopener\"><strong>Descoper\u0103<\/strong><\/a><\/div>\n<\/div>\n\n\n\n<hr class=\"wp-block-separator has-text-color has-alpha-channel-opacity has-background is-style-default\" style=\"background-color:#b8d7f1;color:#b8d7f1\"\/>\n\n\n\n<h2 class=\"wp-block-heading has-text-align-center\"><strong><em><mark style=\"background-color:rgba(0, 0, 0, 0)\" class=\"has-inline-color has-blue-one-color\">#DozaDeLectur\u0103<\/mark><\/em><\/strong><\/h2>\n\n\n\n<div class=\"wp-block-media-text alignwide is-stacked-on-mobile\" style=\"grid-template-columns:30% auto\"><figure class=\"wp-block-media-text__media\"><img loading=\"lazy\" decoding=\"async\" width=\"472\" height=\"599\" src=\"https:\/\/www.autonom.ro\/blog\/wp-content\/uploads\/2023\/11\/Jordan-Peterson-12-reguli-viata-antidot-haosul-din-jurul-nostru.jpg\" alt=\"\" class=\"wp-image-6818 size-full\" srcset=\"https:\/\/www.autonom.ro\/blog\/wp-content\/uploads\/2023\/11\/Jordan-Peterson-12-reguli-viata-antidot-haosul-din-jurul-nostru.jpg 472w, https:\/\/www.autonom.ro\/blog\/wp-content\/uploads\/2023\/11\/Jordan-Peterson-12-reguli-viata-antidot-haosul-din-jurul-nostru-236x300.jpg 236w\" sizes=\"auto, (max-width: 472px) 100vw, 472px\" \/><\/figure><div class=\"wp-block-media-text__content\">\n<p>Pentru acest episod v\u0103 propunem s\u0103 citi\u021bi o carte ce ofer\u0103 o perspectiv\u0103 bine argumentat\u0103 asupra modalit\u0103\u021bii de a tr\u0103i o via\u021b\u0103 cu sens \u0219i integritate. <strong><mark style=\"background-color:rgba(0, 0, 0, 0)\" class=\"has-inline-color has-purple-color\">Jordan Peterson<\/mark><\/strong> reitereaz\u0103 \u00een <strong><em><mark style=\"background-color:rgba(0, 0, 0, 0)\" class=\"has-inline-color has-purple-color\">12 Reguli de Viat\u0103: Un antidot la haosul din jurul nostru<\/mark><\/em><\/strong> ideea c\u0103 fiecare individ are puterea de a-\u0219i modela realitatea prin intermediul deciziilor pe care le ia \u0219i ac\u021biunilor pe care le \u00eentreprinde.<\/p>\n<\/div><\/div>\n\n\n\n<p><img loading=\"lazy\" decoding=\"async\" width=\"30\" height=\"30\" class=\"wp-image-5920\" style=\"width: 30px;\" src=\"https:\/\/www.autonom.ro\/blog\/wp-content\/uploads\/2023\/03\/newsletter-elements_1-mov.png\" alt=\"\" srcset=\"https:\/\/www.autonom.ro\/blog\/wp-content\/uploads\/2023\/03\/newsletter-elements_1-mov.png 163w, https:\/\/www.autonom.ro\/blog\/wp-content\/uploads\/2023\/03\/newsletter-elements_1-mov-150x150.png 150w, https:\/\/www.autonom.ro\/blog\/wp-content\/uploads\/2023\/03\/newsletter-elements_1-mov-100x100.png 100w\" sizes=\"auto, (max-width: 30px) 100vw, 30px\" \/> <strong><mark style=\"background-color:rgba(0, 0, 0, 0)\" class=\"has-inline-color has-purple-color\">Linia care desparte binele de r\u0103u trece prin inima fiec\u0103rei fiin\u021be umane.<\/mark><\/strong> Sensul survine la un moment dat \u00een via\u021ba fiec\u0103ruia, \u00eens\u0103 acesta nu este determinat de simplul act de voin\u021b\u0103. Atunci c\u00e2nd via\u021ba noastr\u0103 cap\u0103t\u0103 sens \u00eenseamn\u0103 c\u0103 suntem la locul potrivit, \u00een momentul potrivit, \u00eentr-un echilibru ideal dintre ordine \u0219i haos, c\u00e2nd totul se ordoneaz\u0103 \u00een cel mai bun tipar din acea clip\u0103. Oamenii sunt foarte rezisten\u021bi \u0219i pot s\u0103 supravie\u021buiasc\u0103 durerii \u0219i pierderii suferite. \u00cens\u0103 pentru a persevera este nevoie de a vedea binele \u00een Fiin\u021b\u0103 \u0219i dac\u0103 se pierde acest lucru suntem cu adev\u0103rat pierdu\u021bi. De fapt, c\u0103utarea sensului \u0219i a scopului \u00een via\u021b\u0103 este esen\u021bial\u0103 pentru bun\u0103stare \u0219i fericire.<\/p>\n\n\n\n<p><img loading=\"lazy\" decoding=\"async\" width=\"30\" height=\"30\" class=\"wp-image-5921\" style=\"width: 30px;\" src=\"https:\/\/www.autonom.ro\/blog\/wp-content\/uploads\/2023\/03\/newsletter-elements_2-mov.png\" alt=\"\" srcset=\"https:\/\/www.autonom.ro\/blog\/wp-content\/uploads\/2023\/03\/newsletter-elements_2-mov.png 163w, https:\/\/www.autonom.ro\/blog\/wp-content\/uploads\/2023\/03\/newsletter-elements_2-mov-150x150.png 150w, https:\/\/www.autonom.ro\/blog\/wp-content\/uploads\/2023\/03\/newsletter-elements_2-mov-100x100.png 100w\" sizes=\"auto, (max-width: 30px) 100vw, 30px\" \/> <strong><mark style=\"background-color:rgba(0, 0, 0, 0)\" class=\"has-inline-color has-purple-color\">Compara\u021bia este \u00eentre cel ce erai tu \u00een trecut, nu cu altcineva din prezent.<\/mark><\/strong> Compara\u021bia reprezint\u0103 de fapt un obiceiul distructiv ce poate avea consecin\u021be negative pe termen lung. De fapt, focusul ar trebui s\u0103 fie pe cre\u0219terea \u0219i progresul personal, \u00een loc s\u0103 se m\u0103soare \u00een func\u021bie de al\u021bii. Trebuie s\u0103 fim con\u0219tien\u021bi de evolu\u021bia personal\u0103 \u0219i s\u0103 avem setate obiective realiste. \u201eAlege\u021bi-v\u0103 destina\u021bia \u0219i articula\u021bi-v\u0103 Fiin\u021ba. Sunt ni\u0219te for\u021be irezistibile, capabile s\u0103 transforme ni\u0219te obstacole aparent de necucerit \u00een ni\u0219te pun\u021bi \u0219i oportunit\u0103\u021bi de cre\u0219tere.\u201d<\/p>\n\n\n\n<p><img loading=\"lazy\" decoding=\"async\" width=\"30\" height=\"30\" class=\"wp-image-5922\" style=\"width: 30px;\" src=\"https:\/\/www.autonom.ro\/blog\/wp-content\/uploads\/2023\/03\/newsletter-elements_3-mov.png\" alt=\"\" srcset=\"https:\/\/www.autonom.ro\/blog\/wp-content\/uploads\/2023\/03\/newsletter-elements_3-mov.png 163w, https:\/\/www.autonom.ro\/blog\/wp-content\/uploads\/2023\/03\/newsletter-elements_3-mov-150x150.png 150w, https:\/\/www.autonom.ro\/blog\/wp-content\/uploads\/2023\/03\/newsletter-elements_3-mov-100x100.png 100w\" sizes=\"auto, (max-width: 30px) 100vw, 30px\" \/> <strong><mark style=\"background-color:rgba(0, 0, 0, 0)\" class=\"has-inline-color has-purple-color\">Este important s\u0103 ne concentr\u0103m pe lucrurile cu adev\u0103rat importante.<\/mark><\/strong> Cu greu \u021binem pasul cu ritmul ame\u021bitor al modernit\u0103\u021bii \u0219i c\u00e2teodat\u0103 acesta poate fi cople\u0219itor. \u00cens\u0103 trebuie s\u0103 facem diferen\u021ba dintre pl\u0103cerile de scurt\u0103 durat\u0103, experien\u021be \u0219i urm\u0103rirea unor scopuri lungi \u0219i semnificative. \u0218i de asemenea, s\u0103 apreciem bucuriile mici din via\u021b\u0103 \u0219i s\u0103 g\u0103sim momente de frumuse\u021be \u0219i fericire \u00een experien\u021bele de zi cu zi.<\/p>\n\n\n\n<p><img loading=\"lazy\" decoding=\"async\" width=\"30\" height=\"30\" class=\"wp-image-5923\" style=\"width: 30px;\" src=\"https:\/\/www.autonom.ro\/blog\/wp-content\/uploads\/2023\/03\/newsletter-elements_4-mov.png\" alt=\"\" srcset=\"https:\/\/www.autonom.ro\/blog\/wp-content\/uploads\/2023\/03\/newsletter-elements_4-mov.png 163w, https:\/\/www.autonom.ro\/blog\/wp-content\/uploads\/2023\/03\/newsletter-elements_4-mov-150x150.png 150w, https:\/\/www.autonom.ro\/blog\/wp-content\/uploads\/2023\/03\/newsletter-elements_4-mov-100x100.png 100w\" sizes=\"auto, (max-width: 30px) 100vw, 30px\" \/> <strong><mark style=\"background-color:rgba(0, 0, 0, 0)\" class=\"has-inline-color has-purple-color\">Ordinea \u00eenseamn\u0103 rutin\u0103 \u0219i tradi\u021bie.<\/mark><\/strong> \u201eDac\u0103 am tr\u0103i cum se cuvine, am fi capabili s\u0103 toler\u0103m povara con\u0219tiin\u021bei de sine. Dac\u0103 am tr\u0103i cum se cuvine, am reu\u0219i s\u0103 ne asum\u0103m propria fragilitate \u0219i mortalitate, f\u0103r\u0103 s\u0103 ne sim\u021bim ca ni\u0219te victime nevinovate.\u201d<\/p>\n\n\n\n<hr class=\"wp-block-separator has-text-color has-alpha-channel-opacity has-background is-style-default\" style=\"background-color:#b8d7f1;color:#b8d7f1\"\/>\n\n\n\n<h2 class=\"wp-block-heading has-text-align-center\"><strong><em><mark style=\"background-color:rgba(0, 0, 0, 0)\" class=\"has-inline-color has-blue-one-color\">#\u00centreb\u0103riCuSens din Jocul Autonom<\/mark><\/em><\/strong><\/h2>\n\n\n\n<p class=\"has-text-align-center\"><strong><em><mark style=\"background-color:rgba(0, 0, 0, 0)\" class=\"has-inline-color has-blue-two-color\">Ai face echip\u0103 cu o persoan\u0103 identic\u0103 cu tine?<\/mark><\/em><\/strong><\/p>\n\n\n\n<hr class=\"wp-block-separator has-text-color has-alpha-channel-opacity has-background is-style-default\" style=\"background-color:#b8d7f1;color:#b8d7f1\"\/>\n\n\n\n<h2 class=\"wp-block-heading has-text-align-center\"><mark style=\"background-color:rgba(0, 0, 0, 0)\" class=\"has-inline-color has-blue-one-color\"><strong><em>#DeAscultat<\/em><\/strong><\/mark><\/h2>\n\n\n\n<p>V\u0103 invit\u0103m s\u0103 asculta\u021bi \u00eentreaga discu\u021bie pe care Andreea Ro\u0219ca a avut-o cu Ioan Iacob, o conversa\u021bie despre a ne re-examina \u0219i schimba limitele \u0219i convingerile, despre a ne c\u00e2\u0219tiga libertatea atunci c\u00e2nd punem ideile sub semnul \u00eendoielii.<\/p>\n\n\n\n<figure class=\"wp-block-embed aligncenter is-type-video is-provider-youtube wp-block-embed-youtube wp-embed-aspect-16-9 wp-has-aspect-ratio\"><div class=\"wp-block-embed__wrapper\">\n<iframe loading=\"lazy\" title=\"Ioan Iacob. Libertatea de a alege ce e important \u00een via\u021b\u0103 | THE VAST&amp;THE CURIOUS live\" width=\"500\" height=\"281\" src=\"https:\/\/www.youtube.com\/embed\/f3PXOX6xHUg?feature=oembed\" frameborder=\"0\" allow=\"accelerometer; autoplay; clipboard-write; encrypted-media; gyroscope; picture-in-picture; web-share\" referrerpolicy=\"strict-origin-when-cross-origin\" allowfullscreen><\/iframe>\n<\/div><\/figure>\n\n\n\n<hr class=\"wp-block-separator has-text-color has-alpha-channel-opacity has-background is-style-default\" style=\"background-color:#b8d7f1;color:#b8d7f1\"\/>\n\n\n\n<p class=\"has-text-align-center\">Dac\u0103 vrei s\u0103 prime\u0219ti epidoasele <strong><mark style=\"background-color:rgba(0, 0, 0, 0)\" class=\"has-inline-color has-blue-two-color\"><a href=\"https:\/\/www.autonom.ro\/blog\/categorie\/learning-tip-of-the-week\/\" target=\"_blank\" rel=\"noreferrer noopener\">Learning Tip of The Week<\/a><\/mark><\/strong> \u00een inboxul t\u0103u, te invit\u0103m s\u0103 te abonezi fie pe platforma <strong><mark style=\"background-color:rgba(0, 0, 0, 0)\" class=\"has-inline-color has-blue-two-color\"><a href=\"https:\/\/www.linkedin.com\/build-relation\/newsletter-follow?entityUrn=7039697296023769088\" target=\"_blank\" rel=\"noreferrer noopener\">LinkedIn<\/a><\/mark><\/strong>, fie acces\u00e2nd pagina de mai jos:<\/p>\n\n\n\n<div class=\"wp-block-buttons is-content-justification-center is-layout-flex wp-container-core-buttons-is-layout-16018d1d wp-block-buttons-is-layout-flex\">\n<div class=\"wp-block-button is-style-outline is-style-outline--2\"><a class=\"wp-block-button__link has-blue-one-color has-text-color has-background wp-element-button\" href=\"http:\/\/eepurl.com\/goH5QP\" style=\"background-color:#ecebf7\" target=\"_blank\" rel=\"noreferrer noopener\"><strong>Aboneaz\u0103-te<\/strong><\/a><\/div>\n<\/div>\n\n\n\n<hr class=\"wp-block-separator has-text-color has-alpha-channel-opacity has-background is-style-default\" style=\"background-color:#b8d7f1;color:#b8d7f1\"\/>\n\n\n\n<p class=\"has-text-align-center\"><strong><mark style=\"background-color:rgba(0, 0, 0, 0)\" class=\"has-inline-color has-blue-one-color\">Ne vedem \u00een episodul urm\u0103tor!<\/mark><\/strong><\/p>\n","protected":false},"excerpt":{"rendered":"<p>Salutare, \u00cen episodul de s\u0103pt\u0103m\u00e2na aceasta povestim despre complexitatea existen\u021bei umane, despre libertatea de a alege ce \u0219i cum g\u00e2ndim \u0219i despre ce facem profesional face parte din via\u021ba noastr\u0103 \u0219i ar trebui s\u0103 ne bucure. Via\u021ba noastr\u0103 cap\u0103t\u0103 sens atunci c\u00e2nd suntem la locul potrivit, \u00een momentul potrivit, \u00eentr-un echilibru \u0219i c\u00e2nd suntem preocupa\u021bi [&hellip;]<\/p>\n","protected":false},"author":2,"featured_media":6006,"comment_status":"closed","ping_status":"closed","sticky":false,"template":"","format":"standard","meta":{"inline_featured_image":false,"footnotes":""},"categories":[1923],"tags":[],"class_list":["post-6817","post","type-post","status-publish","format-standard","has-post-thumbnail","hentry","category-learning-tip-of-the-week"],"yoast_head":"<!-- This site is optimized with the Yoast SEO plugin v27.3 - https:\/\/yoast.com\/product\/yoast-seo-wordpress\/ -->\n<title>Preocuparea de a face cel mai bun lucru posibil #51 - Blog Autonom<\/title>\n<meta name=\"description\" content=\"\u00cen episodul de s\u0103pt\u0103m\u00e2na aceasta povestim despre complexitatea existen\u021bei umane, despre libertatea de a alege ce \u0219i cum g\u00e2ndim \u0219i despre ce facem profesional face parte din via\u021ba noastr\u0103 \u0219i ar trebui s\u0103 ne bucure. Via\u021ba noastr\u0103 cap\u0103t\u0103 sens atunci c\u00e2nd suntem la locul potrivit, \u00een momentul potrivit, \u00eentr-un echilibru \u0219i c\u00e2nd suntem preocupa\u021bi de a face cel mai bun lucru posibil.\" \/>\n<meta name=\"robots\" content=\"index, follow, max-snippet:-1, max-image-preview:large, max-video-preview:-1\" \/>\n<link rel=\"canonical\" href=\"https:\/\/www.autonom.ro\/blog\/learning-tip-of-the-week-51-preocuparea-de-a-face-cel-mai-bun-lucru-posibil\/\" \/>\n<meta property=\"og:locale\" content=\"ro_RO\" \/>\n<meta property=\"og:type\" content=\"article\" \/>\n<meta property=\"og:title\" content=\"Learning Tip of the Week powered by Autonom\" \/>\n<meta property=\"og:description\" content=\"\u00cen episodul de s\u0103pt\u0103m\u00e2na aceasta povestim despre complexitatea existen\u021bei umane, despre libertatea de a alege ce \u0219i cum g\u00e2ndim \u0219i despre ce facem profesional face parte din via\u021ba noastr\u0103 \u0219i ar trebui s\u0103 ne bucure. Via\u021ba noastr\u0103 cap\u0103t\u0103 sens atunci c\u00e2nd suntem la locul potrivit, \u00een momentul potrivit, \u00eentr-un echilibru \u0219i c\u00e2nd suntem preocupa\u021bi de a face cel mai bun lucru posibil.\" \/>\n<meta property=\"og:url\" content=\"https:\/\/www.autonom.ro\/blog\/learning-tip-of-the-week-51-preocuparea-de-a-face-cel-mai-bun-lucru-posibil\/\" \/>\n<meta property=\"og:site_name\" content=\"Blog Autonom\" \/>\n<meta property=\"article:publisher\" content=\"https:\/\/www.facebook.com\/AutonomRomania\/\" \/>\n<meta property=\"article:published_time\" content=\"2023-11-10T08:58:47+00:00\" \/>\n<meta property=\"article:modified_time\" content=\"2023-11-10T09:47:52+00:00\" \/>\n<meta property=\"og:image\" content=\"https:\/\/www.autonom.ro\/blog\/wp-content\/uploads\/2022\/11\/newsletter-elements_Social-Card.jpg\" \/>\n\t<meta property=\"og:image:width\" content=\"1200\" \/>\n\t<meta property=\"og:image:height\" content=\"630\" \/>\n\t<meta property=\"og:image:type\" content=\"image\/jpeg\" \/>\n<meta name=\"author\" content=\"Autonom\" \/>\n<meta name=\"twitter:card\" content=\"summary_large_image\" \/>\n<meta name=\"twitter:label1\" content=\"Scris de\" \/>\n\t<meta name=\"twitter:data1\" content=\"Autonom\" \/>\n\t<meta name=\"twitter:label2\" content=\"Timp estimat pentru citire\" \/>\n\t<meta name=\"twitter:data2\" content=\"7 minute\" \/>\n<script type=\"application\/ld+json\" class=\"yoast-schema-graph\">{\"@context\":\"https:\\\/\\\/schema.org\",\"@graph\":[{\"@type\":\"Article\",\"@id\":\"https:\\\/\\\/www.autonom.ro\\\/blog\\\/learning-tip-of-the-week-51-preocuparea-de-a-face-cel-mai-bun-lucru-posibil\\\/#article\",\"isPartOf\":{\"@id\":\"https:\\\/\\\/www.autonom.ro\\\/blog\\\/learning-tip-of-the-week-51-preocuparea-de-a-face-cel-mai-bun-lucru-posibil\\\/\"},\"author\":{\"name\":\"Autonom\",\"@id\":\"https:\\\/\\\/www.autonom.ro\\\/blog\\\/#\\\/schema\\\/person\\\/ea5961c2ebc8070c672571e6d52b8a78\"},\"headline\":\"Preocuparea de a face cel mai bun lucru posibil #51\",\"datePublished\":\"2023-11-10T08:58:47+00:00\",\"dateModified\":\"2023-11-10T09:47:52+00:00\",\"mainEntityOfPage\":{\"@id\":\"https:\\\/\\\/www.autonom.ro\\\/blog\\\/learning-tip-of-the-week-51-preocuparea-de-a-face-cel-mai-bun-lucru-posibil\\\/\"},\"wordCount\":916,\"publisher\":{\"@id\":\"https:\\\/\\\/www.autonom.ro\\\/blog\\\/#organization\"},\"image\":{\"@id\":\"https:\\\/\\\/www.autonom.ro\\\/blog\\\/learning-tip-of-the-week-51-preocuparea-de-a-face-cel-mai-bun-lucru-posibil\\\/#primaryimage\"},\"thumbnailUrl\":\"https:\\\/\\\/www.autonom.ro\\\/blog\\\/wp-content\\\/uploads\\\/2022\\\/11\\\/newsletter-elements_Social-Card.jpg\",\"articleSection\":[\"Learning Tip of the Week\"],\"inLanguage\":\"ro-RO\"},{\"@type\":\"WebPage\",\"@id\":\"https:\\\/\\\/www.autonom.ro\\\/blog\\\/learning-tip-of-the-week-51-preocuparea-de-a-face-cel-mai-bun-lucru-posibil\\\/\",\"url\":\"https:\\\/\\\/www.autonom.ro\\\/blog\\\/learning-tip-of-the-week-51-preocuparea-de-a-face-cel-mai-bun-lucru-posibil\\\/\",\"name\":\"Preocuparea de a face cel mai bun lucru posibil #51 - Blog Autonom\",\"isPartOf\":{\"@id\":\"https:\\\/\\\/www.autonom.ro\\\/blog\\\/#website\"},\"primaryImageOfPage\":{\"@id\":\"https:\\\/\\\/www.autonom.ro\\\/blog\\\/learning-tip-of-the-week-51-preocuparea-de-a-face-cel-mai-bun-lucru-posibil\\\/#primaryimage\"},\"image\":{\"@id\":\"https:\\\/\\\/www.autonom.ro\\\/blog\\\/learning-tip-of-the-week-51-preocuparea-de-a-face-cel-mai-bun-lucru-posibil\\\/#primaryimage\"},\"thumbnailUrl\":\"https:\\\/\\\/www.autonom.ro\\\/blog\\\/wp-content\\\/uploads\\\/2022\\\/11\\\/newsletter-elements_Social-Card.jpg\",\"datePublished\":\"2023-11-10T08:58:47+00:00\",\"dateModified\":\"2023-11-10T09:47:52+00:00\",\"description\":\"\u00cen episodul de s\u0103pt\u0103m\u00e2na aceasta povestim despre complexitatea existen\u021bei umane, despre libertatea de a alege ce \u0219i cum g\u00e2ndim \u0219i despre ce facem profesional face parte din via\u021ba noastr\u0103 \u0219i ar trebui s\u0103 ne bucure. Via\u021ba noastr\u0103 cap\u0103t\u0103 sens atunci c\u00e2nd suntem la locul potrivit, \u00een momentul potrivit, \u00eentr-un echilibru \u0219i c\u00e2nd suntem preocupa\u021bi de a face cel mai bun lucru posibil.\",\"breadcrumb\":{\"@id\":\"https:\\\/\\\/www.autonom.ro\\\/blog\\\/learning-tip-of-the-week-51-preocuparea-de-a-face-cel-mai-bun-lucru-posibil\\\/#breadcrumb\"},\"inLanguage\":\"ro-RO\",\"potentialAction\":[{\"@type\":\"ReadAction\",\"target\":[\"https:\\\/\\\/www.autonom.ro\\\/blog\\\/learning-tip-of-the-week-51-preocuparea-de-a-face-cel-mai-bun-lucru-posibil\\\/\"]}]},{\"@type\":\"ImageObject\",\"inLanguage\":\"ro-RO\",\"@id\":\"https:\\\/\\\/www.autonom.ro\\\/blog\\\/learning-tip-of-the-week-51-preocuparea-de-a-face-cel-mai-bun-lucru-posibil\\\/#primaryimage\",\"url\":\"https:\\\/\\\/www.autonom.ro\\\/blog\\\/wp-content\\\/uploads\\\/2022\\\/11\\\/newsletter-elements_Social-Card.jpg\",\"contentUrl\":\"https:\\\/\\\/www.autonom.ro\\\/blog\\\/wp-content\\\/uploads\\\/2022\\\/11\\\/newsletter-elements_Social-Card.jpg\",\"width\":1200,\"height\":630,\"caption\":\"Dup\u0103 o scurt\u0103 pauz\u0103 am revenit cu recomand\u0103rile de resurse de \u00eenv\u0103\u021bare.\"},{\"@type\":\"BreadcrumbList\",\"@id\":\"https:\\\/\\\/www.autonom.ro\\\/blog\\\/learning-tip-of-the-week-51-preocuparea-de-a-face-cel-mai-bun-lucru-posibil\\\/#breadcrumb\",\"itemListElement\":[{\"@type\":\"ListItem\",\"position\":1,\"name\":\"Prima pagin\u0103\",\"item\":\"https:\\\/\\\/www.autonom.ro\\\/blog\\\/\"},{\"@type\":\"ListItem\",\"position\":2,\"name\":\"Preocuparea de a face cel mai bun lucru posibil #51\"}]},{\"@type\":\"WebSite\",\"@id\":\"https:\\\/\\\/www.autonom.ro\\\/blog\\\/#website\",\"url\":\"https:\\\/\\\/www.autonom.ro\\\/blog\\\/\",\"name\":\"Blog Autonom\",\"description\":\"\",\"publisher\":{\"@id\":\"https:\\\/\\\/www.autonom.ro\\\/blog\\\/#organization\"},\"potentialAction\":[{\"@type\":\"SearchAction\",\"target\":{\"@type\":\"EntryPoint\",\"urlTemplate\":\"https:\\\/\\\/www.autonom.ro\\\/blog\\\/?s={search_term_string}\"},\"query-input\":{\"@type\":\"PropertyValueSpecification\",\"valueRequired\":true,\"valueName\":\"search_term_string\"}}],\"inLanguage\":\"ro-RO\"},{\"@type\":\"Organization\",\"@id\":\"https:\\\/\\\/www.autonom.ro\\\/blog\\\/#organization\",\"name\":\"Blog Autonom\",\"url\":\"https:\\\/\\\/www.autonom.ro\\\/blog\\\/\",\"logo\":{\"@type\":\"ImageObject\",\"inLanguage\":\"ro-RO\",\"@id\":\"https:\\\/\\\/www.autonom.ro\\\/blog\\\/#\\\/schema\\\/logo\\\/image\\\/\",\"url\":\"https:\\\/\\\/www.autonom.ro\\\/blog\\\/wp-content\\\/uploads\\\/2020\\\/10\\\/cropped-Autonom_Corporate-Logo-Color-Orizontal-RGB.png\",\"contentUrl\":\"https:\\\/\\\/www.autonom.ro\\\/blog\\\/wp-content\\\/uploads\\\/2020\\\/10\\\/cropped-Autonom_Corporate-Logo-Color-Orizontal-RGB.png\",\"width\":724,\"height\":250,\"caption\":\"Blog Autonom\"},\"image\":{\"@id\":\"https:\\\/\\\/www.autonom.ro\\\/blog\\\/#\\\/schema\\\/logo\\\/image\\\/\"},\"sameAs\":[\"https:\\\/\\\/www.facebook.com\\\/AutonomRomania\\\/\",\"http:\\\/\\\/www.instagram.com\\\/autonom.romania\\\/\",\"https:\\\/\\\/www.linkedin.com\\\/company\\\/autonom-rent-a-car\"]},{\"@type\":\"Person\",\"@id\":\"https:\\\/\\\/www.autonom.ro\\\/blog\\\/#\\\/schema\\\/person\\\/ea5961c2ebc8070c672571e6d52b8a78\",\"name\":\"Autonom\",\"image\":{\"@type\":\"ImageObject\",\"inLanguage\":\"ro-RO\",\"@id\":\"https:\\\/\\\/secure.gravatar.com\\\/avatar\\\/bd0293e675420709298b7e1b87e42729832f151e0bf4555fdbb0e351104e17ba?s=96&d=mm&r=g\",\"url\":\"https:\\\/\\\/secure.gravatar.com\\\/avatar\\\/bd0293e675420709298b7e1b87e42729832f151e0bf4555fdbb0e351104e17ba?s=96&d=mm&r=g\",\"contentUrl\":\"https:\\\/\\\/secure.gravatar.com\\\/avatar\\\/bd0293e675420709298b7e1b87e42729832f151e0bf4555fdbb0e351104e17ba?s=96&d=mm&r=g\",\"caption\":\"Autonom\"},\"url\":\"https:\\\/\\\/www.autonom.ro\\\/blog\\\/author\\\/autonom\\\/\"}]}<\/script>\n<!-- \/ Yoast SEO plugin. -->","yoast_head_json":{"title":"Preocuparea de a face cel mai bun lucru posibil #51 - Blog Autonom","description":"\u00cen episodul de s\u0103pt\u0103m\u00e2na aceasta povestim despre complexitatea existen\u021bei umane, despre libertatea de a alege ce \u0219i cum g\u00e2ndim \u0219i despre ce facem profesional face parte din via\u021ba noastr\u0103 \u0219i ar trebui s\u0103 ne bucure. Via\u021ba noastr\u0103 cap\u0103t\u0103 sens atunci c\u00e2nd suntem la locul potrivit, \u00een momentul potrivit, \u00eentr-un echilibru \u0219i c\u00e2nd suntem preocupa\u021bi de a face cel mai bun lucru posibil.","robots":{"index":"index","follow":"follow","max-snippet":"max-snippet:-1","max-image-preview":"max-image-preview:large","max-video-preview":"max-video-preview:-1"},"canonical":"https:\/\/www.autonom.ro\/blog\/learning-tip-of-the-week-51-preocuparea-de-a-face-cel-mai-bun-lucru-posibil\/","og_locale":"ro_RO","og_type":"article","og_title":"Learning Tip of the Week powered by Autonom","og_description":"\u00cen episodul de s\u0103pt\u0103m\u00e2na aceasta povestim despre complexitatea existen\u021bei umane, despre libertatea de a alege ce \u0219i cum g\u00e2ndim \u0219i despre ce facem profesional face parte din via\u021ba noastr\u0103 \u0219i ar trebui s\u0103 ne bucure. Via\u021ba noastr\u0103 cap\u0103t\u0103 sens atunci c\u00e2nd suntem la locul potrivit, \u00een momentul potrivit, \u00eentr-un echilibru \u0219i c\u00e2nd suntem preocupa\u021bi de a face cel mai bun lucru posibil.","og_url":"https:\/\/www.autonom.ro\/blog\/learning-tip-of-the-week-51-preocuparea-de-a-face-cel-mai-bun-lucru-posibil\/","og_site_name":"Blog Autonom","article_publisher":"https:\/\/www.facebook.com\/AutonomRomania\/","article_published_time":"2023-11-10T08:58:47+00:00","article_modified_time":"2023-11-10T09:47:52+00:00","og_image":[{"width":1200,"height":630,"url":"https:\/\/www.autonom.ro\/blog\/wp-content\/uploads\/2022\/11\/newsletter-elements_Social-Card.jpg","type":"image\/jpeg"}],"author":"Autonom","twitter_card":"summary_large_image","twitter_misc":{"Scris de":"Autonom","Timp estimat pentru citire":"7 minute"},"schema":{"@context":"https:\/\/schema.org","@graph":[{"@type":"Article","@id":"https:\/\/www.autonom.ro\/blog\/learning-tip-of-the-week-51-preocuparea-de-a-face-cel-mai-bun-lucru-posibil\/#article","isPartOf":{"@id":"https:\/\/www.autonom.ro\/blog\/learning-tip-of-the-week-51-preocuparea-de-a-face-cel-mai-bun-lucru-posibil\/"},"author":{"name":"Autonom","@id":"https:\/\/www.autonom.ro\/blog\/#\/schema\/person\/ea5961c2ebc8070c672571e6d52b8a78"},"headline":"Preocuparea de a face cel mai bun lucru posibil #51","datePublished":"2023-11-10T08:58:47+00:00","dateModified":"2023-11-10T09:47:52+00:00","mainEntityOfPage":{"@id":"https:\/\/www.autonom.ro\/blog\/learning-tip-of-the-week-51-preocuparea-de-a-face-cel-mai-bun-lucru-posibil\/"},"wordCount":916,"publisher":{"@id":"https:\/\/www.autonom.ro\/blog\/#organization"},"image":{"@id":"https:\/\/www.autonom.ro\/blog\/learning-tip-of-the-week-51-preocuparea-de-a-face-cel-mai-bun-lucru-posibil\/#primaryimage"},"thumbnailUrl":"https:\/\/www.autonom.ro\/blog\/wp-content\/uploads\/2022\/11\/newsletter-elements_Social-Card.jpg","articleSection":["Learning Tip of the Week"],"inLanguage":"ro-RO"},{"@type":"WebPage","@id":"https:\/\/www.autonom.ro\/blog\/learning-tip-of-the-week-51-preocuparea-de-a-face-cel-mai-bun-lucru-posibil\/","url":"https:\/\/www.autonom.ro\/blog\/learning-tip-of-the-week-51-preocuparea-de-a-face-cel-mai-bun-lucru-posibil\/","name":"Preocuparea de a face cel mai bun lucru posibil #51 - Blog Autonom","isPartOf":{"@id":"https:\/\/www.autonom.ro\/blog\/#website"},"primaryImageOfPage":{"@id":"https:\/\/www.autonom.ro\/blog\/learning-tip-of-the-week-51-preocuparea-de-a-face-cel-mai-bun-lucru-posibil\/#primaryimage"},"image":{"@id":"https:\/\/www.autonom.ro\/blog\/learning-tip-of-the-week-51-preocuparea-de-a-face-cel-mai-bun-lucru-posibil\/#primaryimage"},"thumbnailUrl":"https:\/\/www.autonom.ro\/blog\/wp-content\/uploads\/2022\/11\/newsletter-elements_Social-Card.jpg","datePublished":"2023-11-10T08:58:47+00:00","dateModified":"2023-11-10T09:47:52+00:00","description":"\u00cen episodul de s\u0103pt\u0103m\u00e2na aceasta povestim despre complexitatea existen\u021bei umane, despre libertatea de a alege ce \u0219i cum g\u00e2ndim \u0219i despre ce facem profesional face parte din via\u021ba noastr\u0103 \u0219i ar trebui s\u0103 ne bucure. Via\u021ba noastr\u0103 cap\u0103t\u0103 sens atunci c\u00e2nd suntem la locul potrivit, \u00een momentul potrivit, \u00eentr-un echilibru \u0219i c\u00e2nd suntem preocupa\u021bi de a face cel mai bun lucru posibil.","breadcrumb":{"@id":"https:\/\/www.autonom.ro\/blog\/learning-tip-of-the-week-51-preocuparea-de-a-face-cel-mai-bun-lucru-posibil\/#breadcrumb"},"inLanguage":"ro-RO","potentialAction":[{"@type":"ReadAction","target":["https:\/\/www.autonom.ro\/blog\/learning-tip-of-the-week-51-preocuparea-de-a-face-cel-mai-bun-lucru-posibil\/"]}]},{"@type":"ImageObject","inLanguage":"ro-RO","@id":"https:\/\/www.autonom.ro\/blog\/learning-tip-of-the-week-51-preocuparea-de-a-face-cel-mai-bun-lucru-posibil\/#primaryimage","url":"https:\/\/www.autonom.ro\/blog\/wp-content\/uploads\/2022\/11\/newsletter-elements_Social-Card.jpg","contentUrl":"https:\/\/www.autonom.ro\/blog\/wp-content\/uploads\/2022\/11\/newsletter-elements_Social-Card.jpg","width":1200,"height":630,"caption":"Dup\u0103 o scurt\u0103 pauz\u0103 am revenit cu recomand\u0103rile de resurse de \u00eenv\u0103\u021bare."},{"@type":"BreadcrumbList","@id":"https:\/\/www.autonom.ro\/blog\/learning-tip-of-the-week-51-preocuparea-de-a-face-cel-mai-bun-lucru-posibil\/#breadcrumb","itemListElement":[{"@type":"ListItem","position":1,"name":"Prima pagin\u0103","item":"https:\/\/www.autonom.ro\/blog\/"},{"@type":"ListItem","position":2,"name":"Preocuparea de a face cel mai bun lucru posibil #51"}]},{"@type":"WebSite","@id":"https:\/\/www.autonom.ro\/blog\/#website","url":"https:\/\/www.autonom.ro\/blog\/","name":"Blog Autonom","description":"","publisher":{"@id":"https:\/\/www.autonom.ro\/blog\/#organization"},"potentialAction":[{"@type":"SearchAction","target":{"@type":"EntryPoint","urlTemplate":"https:\/\/www.autonom.ro\/blog\/?s={search_term_string}"},"query-input":{"@type":"PropertyValueSpecification","valueRequired":true,"valueName":"search_term_string"}}],"inLanguage":"ro-RO"},{"@type":"Organization","@id":"https:\/\/www.autonom.ro\/blog\/#organization","name":"Blog Autonom","url":"https:\/\/www.autonom.ro\/blog\/","logo":{"@type":"ImageObject","inLanguage":"ro-RO","@id":"https:\/\/www.autonom.ro\/blog\/#\/schema\/logo\/image\/","url":"https:\/\/www.autonom.ro\/blog\/wp-content\/uploads\/2020\/10\/cropped-Autonom_Corporate-Logo-Color-Orizontal-RGB.png","contentUrl":"https:\/\/www.autonom.ro\/blog\/wp-content\/uploads\/2020\/10\/cropped-Autonom_Corporate-Logo-Color-Orizontal-RGB.png","width":724,"height":250,"caption":"Blog Autonom"},"image":{"@id":"https:\/\/www.autonom.ro\/blog\/#\/schema\/logo\/image\/"},"sameAs":["https:\/\/www.facebook.com\/AutonomRomania\/","http:\/\/www.instagram.com\/autonom.romania\/","https:\/\/www.linkedin.com\/company\/autonom-rent-a-car"]},{"@type":"Person","@id":"https:\/\/www.autonom.ro\/blog\/#\/schema\/person\/ea5961c2ebc8070c672571e6d52b8a78","name":"Autonom","image":{"@type":"ImageObject","inLanguage":"ro-RO","@id":"https:\/\/secure.gravatar.com\/avatar\/bd0293e675420709298b7e1b87e42729832f151e0bf4555fdbb0e351104e17ba?s=96&d=mm&r=g","url":"https:\/\/secure.gravatar.com\/avatar\/bd0293e675420709298b7e1b87e42729832f151e0bf4555fdbb0e351104e17ba?s=96&d=mm&r=g","contentUrl":"https:\/\/secure.gravatar.com\/avatar\/bd0293e675420709298b7e1b87e42729832f151e0bf4555fdbb0e351104e17ba?s=96&d=mm&r=g","caption":"Autonom"},"url":"https:\/\/www.autonom.ro\/blog\/author\/autonom\/"}]}},"_links":{"self":[{"href":"https:\/\/www.autonom.ro\/blog\/wp-json\/wp\/v2\/posts\/6817","targetHints":{"allow":["GET"]}}],"collection":[{"href":"https:\/\/www.autonom.ro\/blog\/wp-json\/wp\/v2\/posts"}],"about":[{"href":"https:\/\/www.autonom.ro\/blog\/wp-json\/wp\/v2\/types\/post"}],"author":[{"embeddable":true,"href":"https:\/\/www.autonom.ro\/blog\/wp-json\/wp\/v2\/users\/2"}],"replies":[{"embeddable":true,"href":"https:\/\/www.autonom.ro\/blog\/wp-json\/wp\/v2\/comments?post=6817"}],"version-history":[{"count":2,"href":"https:\/\/www.autonom.ro\/blog\/wp-json\/wp\/v2\/posts\/6817\/revisions"}],"predecessor-version":[{"id":6822,"href":"https:\/\/www.autonom.ro\/blog\/wp-json\/wp\/v2\/posts\/6817\/revisions\/6822"}],"wp:featuredmedia":[{"embeddable":true,"href":"https:\/\/www.autonom.ro\/blog\/wp-json\/wp\/v2\/media\/6006"}],"wp:attachment":[{"href":"https:\/\/www.autonom.ro\/blog\/wp-json\/wp\/v2\/media?parent=6817"}],"wp:term":[{"taxonomy":"category","embeddable":true,"href":"https:\/\/www.autonom.ro\/blog\/wp-json\/wp\/v2\/categories?post=6817"},{"taxonomy":"post_tag","embeddable":true,"href":"https:\/\/www.autonom.ro\/blog\/wp-json\/wp\/v2\/tags?post=6817"}],"curies":[{"name":"wp","href":"https:\/\/api.w.org\/{rel}","templated":true}]}}