{"id":6824,"date":"2023-11-17T09:30:00","date_gmt":"2023-11-17T06:30:00","guid":{"rendered":"https:\/\/www.autonom.ro\/blog\/?p=6824"},"modified":"2023-11-24T13:07:11","modified_gmt":"2023-11-24T10:07:11","slug":"learning-tip-of-the-week-52-procesul-de-tranzitie-necesita-rabdare-si-acceptare","status":"publish","type":"post","link":"https:\/\/www.autonom.ro\/blog\/learning-tip-of-the-week-52-procesul-de-tranzitie-necesita-rabdare-si-acceptare\/","title":{"rendered":"Procesul de tranzi\u021bie necesit\u0103 r\u0103bdare \u0219i acceptare #52"},"content":{"rendered":"\n<p><strong><mark style=\"background-color:rgba(0, 0, 0, 0)\" class=\"has-inline-color has-blue-one-color\">Salutare,<\/mark><\/strong><\/p>\n\n\n\n<p>\u00cen episodul de s\u0103pt\u0103m\u00e2na aceasta povestim un pic despre a reflecta asupra propriei finitudini \u0219i fragilit\u0103\u021bi, despre cum s\u0103 ne p\u0103str\u0103m vii \u0219i s\u0103 discernem ce este important, despre acceptare, \u0219i cump\u0103tare. \u00cen c\u0103l\u0103toria noastr\u0103 de a deveni o versiune mai bun\u0103 trecem de fapt, prin mai multe feluri de contexte \u0219i urm\u0103m un proces de tranzi\u021bie, ce necesit\u0103 r\u0103bdare, iar calitatea credin\u021belor noastre joac\u0103 un rol crucial, al\u0103turi de valori, \u00een modelarea existen\u021bei noastre.<\/p>\n\n\n\n<p>Spor la citit! Dac\u0103 v-a pl\u0103cut sau a\u021bi dori s\u0103 abord\u0103m \u0219i alte subiecte de interes nu ezita\u021bi s\u0103 ne scrie\u021bi.<\/p>\n\n\n\n<hr class=\"wp-block-separator has-text-color has-alpha-channel-opacity has-background is-style-default\" style=\"background-color:#b8d7f1;color:#b8d7f1\"\/>\n\n\n\n<h2 class=\"wp-block-heading has-text-align-center\"><strong><em><mark style=\"background-color:rgba(0, 0, 0, 0)\" class=\"has-inline-color has-blue-one-color\">#evolutionjourney by Trend Consult<\/mark><\/em><\/strong><\/h2>\n\n\n<div class=\"wp-block-image\">\n<figure class=\"aligncenter size-full is-resized\"><img decoding=\"async\" src=\"https:\/\/www.autonom.ro\/blog\/wp-content\/uploads\/2023\/04\/Trend-Consult-Roxana-Mitu.jpg\" alt=\"\" class=\"wp-image-6313\" width=\"600\" srcset=\"https:\/\/www.autonom.ro\/blog\/wp-content\/uploads\/2023\/04\/Trend-Consult-Roxana-Mitu.jpg 600w, https:\/\/www.autonom.ro\/blog\/wp-content\/uploads\/2023\/04\/Trend-Consult-Roxana-Mitu-300x175.jpg 300w\" sizes=\"(max-width: 600px) 100vw, 600px\" \/><\/figure>\n<\/div>\n\n\n<p><strong><mark style=\"background-color:rgba(0, 0, 0, 0)\" class=\"has-inline-color has-blue-one-color\">\u201eIt\u2019s ok to be not ok\u201d, un text de Roxana M\u00ee\u021bu, People Growth Coordinator Trend Consult.<\/mark><\/strong><\/p>\n\n\n\n<blockquote class=\"wp-block-quote is-layout-flow wp-block-quote-is-layout-flow\">\n<p>Scriu aceste r\u00e2nduri pentru mine la fel de mult pe c\u00e2t le scriu pentru voi. \u00cen c\u0103l\u0103toriile noastre de dezvoltare trecem prin felurite terenuri. La \u00eenceput, c\u00e2nd devenim con\u0219tien\u021bi c\u0103 lucr\u0103m la noi \u00een\u0219ine chiar ne imaginam cu ochii min\u021bii c\u0103 vom trece prin terenurile ml\u0103\u0219tinoase \u0219i confuze. Coachii \u0219i terapeu\u021bii no\u0219tri ne spun asta \u0219i noi, din rol de coach \u0219i mentori \u0219i terapeu\u021bi, le spunem asta celorlal\u021bi. Ne a\u0219tept\u0103m \u0219i la momentele de teren st\u00e2ncos care urmeaz\u0103; \u0219tim c\u0103 ne vom lovi de pietre, c\u0103 va fi greu \u0219i mergem mai departe cu g\u00e2ndul c\u0103 vom da \u0219i de c\u00e2mpii, dac\u0103 nu chiar verde-idilic, m\u0103car c\u00e2mpii cu pace. Ajungem \u0219i acolo. Mergem luni, ani, uneori chiar mul\u021bi ani prin c\u00e2mpiile astea \u00een care chiar dac\u0103 ne mai \u00eempiedic\u0103m, dezvoltarea noastr\u0103 continu\u0103. \u0218i \u00een acest context de nou\u0103 normalitate din via\u021ba noastr\u0103, din dezvoltarea noastr\u0103, uneori peisajul se schimb\u0103 complet \u0219i e ca \u0219i cum suntem \u00eentr-un joc video \u0219i suntem arunca\u021bi \u00eentr-un Nivel X \u00een care \u201eiar nu suntem bine\u201d. Fie c\u0103 e un nivel pe care l-am mai jucat sau e un nivel nou, sentimentul generalizat este \u201ec\u0103 iar nu suntem ok\u201d.<\/p>\n\n\n\n<p>V\u0103 spun \u0219i vou\u0103 ce \u00eemi spun \u0219i mie, e \u00een regul\u0103 s\u0103 nu fim mereu bine. Chiar \u0219i atunci c\u00e2nd mergem pe c\u00e2mpii bune \u0219i rodnice ale dezvolt\u0103rii personale se vor ar\u0103ta perioade de timp confuze, din nou neclare, cu tumult de emo\u021bii \u0219i de g\u00e2nduri pe care credeam c\u0103 le-am integrat, c\u0103 le-am acceptat. Dac\u0103 v\u0103 ajut\u0103 defini\u021biile sau explica\u021biile tehnice mai bine dec\u00e2t metafora de mai sus pot s\u0103 v\u0103 spun c\u0103 astfel de perioade de \u201enot ok\u201d pot fi din diverse categorii ale evolu\u021biei noastre personale.<\/p>\n\n\n\n<p><img loading=\"lazy\" decoding=\"async\" width=\"30\" height=\"30\" class=\"wp-image-5902\" style=\"width: 30px;\" src=\"https:\/\/www.autonom.ro\/blog\/wp-content\/uploads\/2023\/03\/newsletter-elements_1-albastru-inchis.png\" alt=\"\" srcset=\"https:\/\/www.autonom.ro\/blog\/wp-content\/uploads\/2023\/03\/newsletter-elements_1-albastru-inchis.png 163w, https:\/\/www.autonom.ro\/blog\/wp-content\/uploads\/2023\/03\/newsletter-elements_1-albastru-inchis-150x150.png 150w, https:\/\/www.autonom.ro\/blog\/wp-content\/uploads\/2023\/03\/newsletter-elements_1-albastru-inchis-100x100.png 100w\" sizes=\"auto, (max-width: 30px) 100vw, 30px\" \/> <strong><mark style=\"background-color:rgba(0, 0, 0, 0)\" class=\"has-inline-color has-blue-one-color\">Pe de-o parte, pot fi regresii declan\u0219ate de lucruri aparent m\u0103runte (ca venirea toamnei sau re\u00eent\u00e2lnirea cu un prieten de demult) care ne \u00eentorc \u00een jocul video<\/mark><\/strong> mai sus men\u021bionat la exact acel nivel \u00een care am mai jucat odat\u0103 sentimentele, st\u0103rile sau g\u00e2ndurile nepl\u0103cute pe care le experiment\u0103m acum. Invita\u021bia acestui moment prezent este ca noi s\u0103 alegem acum alte unelte, alte resurse pentru a trece de Nivel cu mai mult constructivism. Dac\u0103 toamna trecut\u0103 m-am uitat (s\u0103 zicem) la 5 seriale ca s\u0103 trec peste \u201ethe blues\u201d, cu resursele de acum, c\u00e2\u0219tigate prin tot ce \u00eenv\u0103\u021b, abordez etapa altfel: poate sun prietenii, poate am grij\u0103 de c\u00e2inii \u0219i pisicile amicilor pleca\u021bi \u00een delega\u021bie, poate m\u0103 plimb prin ploaie prin parc. \u0218i e \u00een regul\u0103 s\u0103 nu fiu ok. Caut s\u0103 aleg diferit \u0219i mai s\u0103n\u0103tos dec\u00e2t am ales \u00een trecut.<\/p>\n\n\n\n<p><img loading=\"lazy\" decoding=\"async\" width=\"30\" height=\"30\" class=\"wp-image-5916\" style=\"width: 30px;\" src=\"https:\/\/www.autonom.ro\/blog\/wp-content\/uploads\/2023\/03\/newsletter-elements_2-albastru-inchis.png\" alt=\"\" srcset=\"https:\/\/www.autonom.ro\/blog\/wp-content\/uploads\/2023\/03\/newsletter-elements_2-albastru-inchis.png 163w, https:\/\/www.autonom.ro\/blog\/wp-content\/uploads\/2023\/03\/newsletter-elements_2-albastru-inchis-150x150.png 150w, https:\/\/www.autonom.ro\/blog\/wp-content\/uploads\/2023\/03\/newsletter-elements_2-albastru-inchis-100x100.png 100w\" sizes=\"auto, (max-width: 30px) 100vw, 30px\" \/> <strong><mark style=\"background-color:rgba(0, 0, 0, 0)\" class=\"has-inline-color has-blue-one-color\">Pe de alt\u0103 parte, poate fi vorba de o restructurare a felului \u00een care ne privim noi pe noi \u00een\u0219ine. <\/mark><\/strong>Extrem de preten\u021bios o putem numi o criz\u0103 de identitate. \u00cen via\u021ba de zi cu zi \u00eens\u0103, ea este etapa \u00een care, dup\u0103 perioade ample de calm \u0219i a\u0219ezare ne d\u0103m seama c\u0103 rolurile pe care le \u00eendeplinim \u00een via\u021ba de zi cu zi nu mai coincid cu felul \u00een care noi suntem acum. Poate am fost omul \u201eprovider\u201d, stabil, cel care a adus at\u00e2t la munc\u0103, c\u00e2t \u0219i \u00een familia mea siguran\u021ba. Poate am acumulat suficient \u0219i mi-a pl\u0103cut etapa asta, iar acum observ cum etapa ia sf\u00e2r\u0219it pentru c\u0103 \u00eemi doresc s\u0103 explorez, s\u0103 construiesc noi idei, s\u0103 caut noi lumi. Asta nu \u00eenseamn\u0103 c\u0103 d\u0103r\u00e2m un nivel din joc, nu \u00eenseamn\u0103 c\u0103 nu mai fac ceea ce f\u0103ceam, \u00eens\u0103 energia mea vrea s\u0103 se canalizeze spre noi niveluri. Dac\u0103 \u00een trecut, \u00een dezvoltarea noastr\u0103 asta a venit cu fric\u0103 cum c\u0103 renun\u021barea la o anumit\u0103 identitate \u00eenseamn\u0103 c\u0103 renun\u021b\u0103m la roluri, la oameni, la ce am acumulat deja atunci e firesc s\u0103 nu ne sim\u021bim bine acum c\u00e2nd suntem iar \u00een fa\u021ba acelea\u0219i alegeri. Asta nu \u00eenseamn\u0103 c\u0103 acum vom arunca un job pe geam sau c\u0103 vom \u0219terge o rela\u021bie la fel cum am f\u0103cut \u00een trecut. Poate de data asta vom explora mai mult, ne vom \u00eenc\u0103rca mai mult din c\u0103l\u0103torii, din proiecte, din afaceri noi, din a petrece mai mult timp f\u0103c\u00e2nd ceea ce este aproape de valorile noastre.<\/p>\n\n\n\n<p><img loading=\"lazy\" decoding=\"async\" width=\"30\" height=\"30\" class=\"wp-image-5917\" style=\"width: 30px;\" src=\"https:\/\/www.autonom.ro\/blog\/wp-content\/uploads\/2023\/03\/newsletter-elements_3-albastru-inchis.png\" alt=\"\" srcset=\"https:\/\/www.autonom.ro\/blog\/wp-content\/uploads\/2023\/03\/newsletter-elements_3-albastru-inchis.png 163w, https:\/\/www.autonom.ro\/blog\/wp-content\/uploads\/2023\/03\/newsletter-elements_3-albastru-inchis-150x150.png 150w, https:\/\/www.autonom.ro\/blog\/wp-content\/uploads\/2023\/03\/newsletter-elements_3-albastru-inchis-100x100.png 100w\" sizes=\"auto, (max-width: 30px) 100vw, 30px\" \/> <strong><mark style=\"background-color:rgba(0, 0, 0, 0)\" class=\"has-inline-color has-blue-one-color\">\u0218i-ar mai putea fi \u0219i un moment \u00een care nu suntem bine tocmai pentru c\u0103 opunem rezisten\u021b\u0103. <\/mark><\/strong>Cum mergem noi prin c\u00e2mpiile cu dezvoltare personal\u0103 \u0219i cu momente de c\u00e2\u0219tig, de adaos \u0219i bucurie (sau m\u0103car lini\u0219te \u0219i pace) realiz\u0103m c\u0103 avem dorin\u021be nesatisf\u0103cute, c\u0103 sunt vise pe care am vrea s\u0103 le urm\u0103m, \u00eencep s\u0103 se contureze noi realit\u0103\u021bi. Uneori nu suntem bine tocmai pentru c\u0103 am ajuns s\u0103 vedem noua etap\u0103 cu ochii \u00eens\u0103 e \u00eenc\u0103 rezisten\u021ba binelui de la acest nivel unde ne afl\u0103m aici. Suntem mult prea con\u0219tien\u021bi c\u0103 pentru a s\u0103ri \u00eentr-un nou nivel, s\u0103 urm\u0103rim un nou vis o s\u0103 fie nevoie de energie. \u0218tim prea bine c\u0103 vom da de mla\u0219tini \u0219i mun\u021bi \u0219i h\u0103uri \u0219i uneori nu suntem bine tocmai pentru c\u0103 rezist\u0103m \u00een fa\u021ba acestei noi tranzi\u021bii. \u0218i asta e ok.<\/p>\n\n\n\n<p>De c\u00e2te ori v-am zis c\u0103 e ok? Nu \u0219tiu, dar \u0219tiu c\u0103 o s\u0103 v\u0103 spun \u0219i vou\u0103 \u0219i mie p\u00e2n\u0103 c\u00e2nd reprogramez g\u00e2ndirea magic\u0103 \u0219i idilic\u0103 conform c\u0103reia dezvoltarea personal\u0103 e o spiral\u0103 cu mi\u0219care doar \u00een sus. Nu e. E mai mult dec\u00e2t o spiral\u0103. E chiar un caleidoscop de spirale pe care dac\u0103 le mi\u0219ti un milimetru, lucrurile se rea\u0219az\u0103 \u00een noi forme \u0219i perspective \u00een 4D. \u0218i e ok s\u0103 nu fim ok.<\/p>\n\n\n\n<p>V\u0103 las cu dou\u0103 recomand\u0103ri, una muzical\u0103 \u0219i una literar\u0103: unul dintre cei mai cunoscu\u021bi activi\u0219ti pro terapie <a href=\"https:\/\/youtu.be\/W_yRODJ6kfc?feature=shared\" target=\"_blank\" rel=\"noreferrer noopener\">Dan Reynolds<\/a> de la Imagine Dragons \u2013 It\u2019s ok to be not ok \u0219i Angela Duckworth, Grit: Puterea Pasiunii \u0219i Aten\u021biei Sustenabile, care se concentreaz\u0103 asupra ideii de tenacitate \u0219i perseveren\u021b\u0103 ca elemente cheie ale succesului, dar subliniaz\u0103, de asemenea, c\u0103 dezvoltarea personal\u0103 implic\u0103 adesea munc\u0103 grea \u0219i rezilien\u021b\u0103, cu sui\u0219uri \u0219i cobor\u00e2\u0219uri.<\/p>\n<\/blockquote>\n\n\n\n<hr class=\"wp-block-separator has-text-color has-alpha-channel-opacity has-background is-style-default\" style=\"background-color:#b8d7f1;color:#b8d7f1\"\/>\n\n\n\n<p class=\"has-text-align-center\">Acceseaz\u0103 link-ul de mai jos dac\u0103 vrei s\u0103 cite\u0219ti un episod anterior \ud83c\udf81<\/p>\n\n\n\n<div class=\"wp-block-buttons is-content-justification-center is-layout-flex wp-container-core-buttons-is-layout-16018d1d wp-block-buttons-is-layout-flex\">\n<div class=\"wp-block-button is-style-outline is-style-outline--1\"><a class=\"wp-block-button__link has-green-color has-text-color has-background wp-element-button\" href=\"https:\/\/www.autonom.ro\/blog\/descopera\/\" style=\"background-color:#e5f9ef\" target=\"_blank\" rel=\"noreferrer noopener\"><strong>Descoper\u0103<\/strong><\/a><\/div>\n<\/div>\n\n\n\n<hr class=\"wp-block-separator has-text-color has-alpha-channel-opacity has-background is-style-default\" style=\"background-color:#b8d7f1;color:#b8d7f1\"\/>\n\n\n\n<h2 class=\"wp-block-heading has-text-align-center\"><strong><em><mark style=\"background-color:rgba(0, 0, 0, 0)\" class=\"has-inline-color has-blue-one-color\">#DozaDeLectur\u0103<\/mark><\/em><\/strong><\/h2>\n\n\n\n<div class=\"wp-block-media-text alignwide is-stacked-on-mobile\" style=\"grid-template-columns:30% auto\"><figure class=\"wp-block-media-text__media\"><img loading=\"lazy\" decoding=\"async\" width=\"428\" height=\"600\" src=\"https:\/\/www.autonom.ro\/blog\/wp-content\/uploads\/2023\/11\/Seneca-Ramai-cu-bine.jpg\" alt=\"Seneca - Ramai cu bine\" class=\"wp-image-6827 size-full\" srcset=\"https:\/\/www.autonom.ro\/blog\/wp-content\/uploads\/2023\/11\/Seneca-Ramai-cu-bine.jpg 428w, https:\/\/www.autonom.ro\/blog\/wp-content\/uploads\/2023\/11\/Seneca-Ramai-cu-bine-214x300.jpg 214w\" sizes=\"auto, (max-width: 428px) 100vw, 428px\" \/><\/figure><div class=\"wp-block-media-text__content\">\n<p>Volumul ales pentru recomandarea de carte de s\u0103pt\u0103m\u00e2na aceasta reprezint\u0103 de fapt un set de scrisori care ne-au fost trimise de <strong><mark style=\"background-color:rgba(0, 0, 0, 0)\" class=\"has-inline-color has-purple-color\">Seneca<\/mark><\/strong> acum 2000 de ani \u0219i care, ne aduc aminte de importan\u021ba faptului de a avea \u00een ordine valorile noastre \u0219i felul \u00een care tr\u0103im. \u00cen <strong><em><mark style=\"background-color:rgba(0, 0, 0, 0)\" class=\"has-inline-color has-purple-color\">R\u0103m\u00e2i cu bine<\/mark><\/em><\/strong> filosoful ne arat\u0103, de fapt c\u0103 \u00een esen\u021b\u0103, fiin\u021ba uman\u0103 r\u0103m\u00e2ne neschimbat\u0103, acelea\u0219i temeri, acelea\u0219i fr\u0103m\u00e2nt\u0103ri, acelea\u0219i dorin\u021be, acelea\u0219i visuri, indiferent de vremea \u00een care tr\u0103iesc \u0219i \u00eenv\u0103\u021b\u0103turile dep\u0103\u0219esc contextul specific, fiind aplicabile oric\u0103rui cititor, indiferent de perioada sau locul istoric \u00een care se afl\u0103.<\/p>\n<\/div><\/div>\n\n\n\n<p><img loading=\"lazy\" decoding=\"async\" width=\"30\" height=\"30\" class=\"wp-image-5920\" style=\"width: 30px;\" src=\"https:\/\/www.autonom.ro\/blog\/wp-content\/uploads\/2023\/03\/newsletter-elements_1-mov.png\" alt=\"\" srcset=\"https:\/\/www.autonom.ro\/blog\/wp-content\/uploads\/2023\/03\/newsletter-elements_1-mov.png 163w, https:\/\/www.autonom.ro\/blog\/wp-content\/uploads\/2023\/03\/newsletter-elements_1-mov-150x150.png 150w, https:\/\/www.autonom.ro\/blog\/wp-content\/uploads\/2023\/03\/newsletter-elements_1-mov-100x100.png 100w\" sizes=\"auto, (max-width: 30px) 100vw, 30px\" \/> <strong><mark style=\"background-color:rgba(0, 0, 0, 0)\" class=\"has-inline-color has-purple-color\">\u201e\u00centotdeauna e\u0219ti cu tine. Ai grij\u0103 de ceea ce este cu adev\u0103rat al t\u0103u: timpul t\u0103u \u0219i partea cea bun\u0103 din tine.\u201d<\/mark><\/strong> Dac\u0103 lipse\u0219te \u021binta, via\u021ba e o r\u0103t\u0103cire. Surprinz\u0103tor, poate, pentru anumite persoane, mult prea convinse c\u0103 fericirea st\u0103 \u00een \u00eemplinirea ambi\u021biilor personale \u0219i c\u0103 atingerea acestora scuz\u0103 mijloacele folosite, filosoful infirm\u0103 astfel de concep\u021bii, propun\u00e2nd o viziune stoic\u0103, potrivit c\u0103reia fericirea are de-a face cu acceptarea a ceea ce via\u021ba ne-a oferit.<\/p>\n\n\n\n<p><img loading=\"lazy\" decoding=\"async\" width=\"30\" height=\"30\" class=\"wp-image-5921\" style=\"width: 30px;\" src=\"https:\/\/www.autonom.ro\/blog\/wp-content\/uploads\/2023\/03\/newsletter-elements_2-mov.png\" alt=\"\" srcset=\"https:\/\/www.autonom.ro\/blog\/wp-content\/uploads\/2023\/03\/newsletter-elements_2-mov.png 163w, https:\/\/www.autonom.ro\/blog\/wp-content\/uploads\/2023\/03\/newsletter-elements_2-mov-150x150.png 150w, https:\/\/www.autonom.ro\/blog\/wp-content\/uploads\/2023\/03\/newsletter-elements_2-mov-100x100.png 100w\" sizes=\"auto, (max-width: 30px) 100vw, 30px\" \/> <strong><mark style=\"background-color:rgba(0, 0, 0, 0)\" class=\"has-inline-color has-purple-color\">\u201eNimic nu ne apar\u021bine, Lucilius, doar timpul este al nostru.\u201d<\/mark><\/strong> Nu pre\u021buim timpul pe care-l avem, risipindu-l ca \u0219i cum ar reprezenta o resurs\u0103 inepuizabil\u0103. Dac\u0103 cu alte resurse efemere precum banii, oamenii pot fi zg\u00e2rci\u021bi, \u00een cazul timpului devin extrem de genero\u0219i, ca \u0219i cum l-ar primi \u00eenapoi. Filosoful ne spune c\u0103 via\u021ba ne este dat\u0103 pentru a \u00eenv\u0103\u021ba s\u0103 tr\u0103im \u0219i s\u0103 murim, dar din p\u0103cate nemul\u021bumirile din prezent sunt observate mai u\u0219or, sper\u00e2nd mereu c\u0103 viitorul ne va aduce ceva mai bun \u0219i mai mul\u021bumitor. De fapt, via\u021ba se transform\u0103 \u00eentr-o alergare dup\u0103 lucruri efemere. \u201eNimeni nu se g\u00e2nde\u0219te c\u0103 ar trebui s\u0103 fie dator pentru timpul primit, cu toate c\u0103 este singurul lucru pe care nici m\u0103car un om plin de recuno\u0219tin\u021b\u0103 nu l-ar putea da \u00eend\u0103r\u0103t.\u201d<\/p>\n\n\n\n<p><img loading=\"lazy\" decoding=\"async\" width=\"30\" height=\"30\" class=\"wp-image-5922\" style=\"width: 30px;\" src=\"https:\/\/www.autonom.ro\/blog\/wp-content\/uploads\/2023\/03\/newsletter-elements_3-mov.png\" alt=\"\" srcset=\"https:\/\/www.autonom.ro\/blog\/wp-content\/uploads\/2023\/03\/newsletter-elements_3-mov.png 163w, https:\/\/www.autonom.ro\/blog\/wp-content\/uploads\/2023\/03\/newsletter-elements_3-mov-150x150.png 150w, https:\/\/www.autonom.ro\/blog\/wp-content\/uploads\/2023\/03\/newsletter-elements_3-mov-100x100.png 100w\" sizes=\"auto, (max-width: 30px) 100vw, 30px\" \/> <strong><mark style=\"background-color:rgba(0, 0, 0, 0)\" class=\"has-inline-color has-purple-color\">Dac\u0103 lipse\u0219te \u021binta, via\u021ba e o r\u0103t\u0103cire. Mergi mai departe \u0219i nu te opri din drum. <\/mark><\/strong>Cu timpul de fapt \u00een\u021belegem c\u0103 unele lucruri sunt cu at\u00e2t mai pu\u021bin de temut cu c\u00e2t provoac\u0103 mai mult\u0103 spaim\u0103. \u0218i cu c\u00e2t continu\u0103m \u0219i ne gr\u0103bim \u00een acest proces, de fapt reu\u0219im s\u0103 ne bucur\u0103m mai mult de un spirit \u00eendreptat \u0219i mai bine a\u0219ezat, dar \u0219i de str\u0103dania din timpul procesului.<\/p>\n\n\n\n<hr class=\"wp-block-separator has-text-color has-alpha-channel-opacity has-background is-style-default\" style=\"background-color:#b8d7f1;color:#b8d7f1\"\/>\n\n\n\n<h2 class=\"wp-block-heading has-text-align-center\"><strong><em><mark style=\"background-color:rgba(0, 0, 0, 0)\" class=\"has-inline-color has-blue-one-color\">#\u00centreb\u0103riCuSens din Jocul Autonom<\/mark><\/em><\/strong><\/h2>\n\n\n\n<p class=\"has-text-align-center\"><strong><em><mark style=\"background-color:rgba(0, 0, 0, 0)\" class=\"has-inline-color has-blue-two-color\">Cum ai grij\u0103 de tine? Cum \u00ee\u021bi \u00eentre\u021bii starea de bine?<\/mark><\/em><\/strong><\/p>\n\n\n\n<hr class=\"wp-block-separator has-text-color has-alpha-channel-opacity has-background is-style-default\" style=\"background-color:#b8d7f1;color:#b8d7f1\"\/>\n\n\n\n<h2 class=\"wp-block-heading has-text-align-center\"><strong><em><mark style=\"background-color:rgba(0, 0, 0, 0)\" class=\"has-inline-color has-blue-one-color\">#DeAscultat<\/mark><\/em><\/strong><\/h2>\n\n\n\n<p>Pentru inspira\u021bia din c\u0103\u0219ti v\u0103 invit\u0103m s\u0103-l asculta\u021bi pe jurnalistul Johann Hari, care ne \u00eemp\u0103rt\u0103\u0219e\u0219te perspective noi despre cauzele depresiei \u0219i anxiet\u0103\u021bii \u0219i c\u00e2teva solu\u021bii incitante.<\/p>\n\n\n\n<figure class=\"wp-block-embed aligncenter is-type-video is-provider-youtube wp-block-embed-youtube wp-embed-aspect-16-9 wp-has-aspect-ratio\"><div class=\"wp-block-embed__wrapper\">\n<iframe loading=\"lazy\" title=\"This could be why you&#039;re depressed or anxious | Johann Hari | TED\" width=\"500\" height=\"281\" src=\"https:\/\/www.youtube.com\/embed\/MB5IX-np5fE?feature=oembed\" frameborder=\"0\" allow=\"accelerometer; autoplay; clipboard-write; encrypted-media; gyroscope; picture-in-picture; web-share\" referrerpolicy=\"strict-origin-when-cross-origin\" allowfullscreen><\/iframe>\n<\/div><\/figure>\n\n\n\n<hr class=\"wp-block-separator has-text-color has-alpha-channel-opacity has-background is-style-default\" style=\"background-color:#b8d7f1;color:#b8d7f1\"\/>\n\n\n\n<p class=\"has-text-align-center\">Dac\u0103 vrei s\u0103 prime\u0219ti epidoasele <strong><mark style=\"background-color:rgba(0, 0, 0, 0)\" class=\"has-inline-color has-blue-two-color\"><a href=\"https:\/\/www.autonom.ro\/blog\/categorie\/learning-tip-of-the-week\/\" target=\"_blank\" rel=\"noreferrer noopener\">Learning Tip of The Week<\/a><\/mark><\/strong> \u00een inboxul t\u0103u, te invit\u0103m s\u0103 te abonezi fie pe platforma <strong><mark style=\"background-color:rgba(0, 0, 0, 0)\" class=\"has-inline-color has-blue-two-color\"><a href=\"https:\/\/www.linkedin.com\/build-relation\/newsletter-follow?entityUrn=7039697296023769088\" target=\"_blank\" rel=\"noreferrer noopener\">LinkedIn<\/a><\/mark><\/strong>, fie acces\u00e2nd pagina de mai jos:<\/p>\n\n\n\n<div class=\"wp-block-buttons is-content-justification-center is-layout-flex wp-container-core-buttons-is-layout-16018d1d wp-block-buttons-is-layout-flex\">\n<div class=\"wp-block-button is-style-outline is-style-outline--2\"><a class=\"wp-block-button__link has-blue-one-color has-text-color has-background wp-element-button\" href=\"http:\/\/eepurl.com\/goH5QP\" style=\"background-color:#ecebf7\" target=\"_blank\" rel=\"noreferrer noopener\"><strong>Aboneaz\u0103-te<\/strong><\/a><\/div>\n<\/div>\n\n\n\n<hr class=\"wp-block-separator has-text-color has-alpha-channel-opacity has-background is-style-default\" style=\"background-color:#b8d7f1;color:#b8d7f1\"\/>\n\n\n\n<p class=\"has-text-align-center\"><strong><mark style=\"background-color:rgba(0, 0, 0, 0)\" class=\"has-inline-color has-blue-one-color\">Ne vedem \u00een episodul urm\u0103tor!<\/mark><\/strong><\/p>\n","protected":false},"excerpt":{"rendered":"<p>Salutare, \u00cen episodul de s\u0103pt\u0103m\u00e2na aceasta povestim un pic despre a reflecta asupra propriei finitudini \u0219i fragilit\u0103\u021bi, despre cum s\u0103 ne p\u0103str\u0103m vii \u0219i s\u0103 discernem ce este important, despre acceptare, \u0219i cump\u0103tare. \u00cen c\u0103l\u0103toria noastr\u0103 de a deveni o versiune mai bun\u0103 trecem de fapt, prin mai multe feluri de contexte \u0219i urm\u0103m un [&hellip;]<\/p>\n","protected":false},"author":4,"featured_media":6006,"comment_status":"closed","ping_status":"closed","sticky":false,"template":"","format":"standard","meta":{"inline_featured_image":false,"footnotes":""},"categories":[1923],"tags":[],"class_list":["post-6824","post","type-post","status-publish","format-standard","has-post-thumbnail","hentry","category-learning-tip-of-the-week"],"yoast_head":"<!-- This site is optimized with the Yoast SEO plugin v27.5 - https:\/\/yoast.com\/product\/yoast-seo-wordpress\/ -->\n<title>Procesul de tranzi\u021bie necesit\u0103 r\u0103bdare \u0219i acceptare #52 - Blog Autonom<\/title>\n<meta name=\"robots\" content=\"index, follow, max-snippet:-1, max-image-preview:large, max-video-preview:-1\" \/>\n<link rel=\"canonical\" href=\"https:\/\/www.autonom.ro\/blog\/learning-tip-of-the-week-52-procesul-de-tranzitie-necesita-rabdare-si-acceptare\/\" \/>\n<meta property=\"og:locale\" content=\"ro_RO\" \/>\n<meta property=\"og:type\" content=\"article\" \/>\n<meta property=\"og:title\" content=\"Learning Tip of the Week Powered by Autonom\" \/>\n<meta property=\"og:description\" content=\"\u00cen episodul de s\u0103pt\u0103m\u00e2na aceasta povestim un pic despre a reflecta asupra propriei finitudini \u0219i fragilit\u0103\u021bi, despre cum s\u0103 ne p\u0103str\u0103m vii \u0219i s\u0103 discernem ce este important, despre acceptare, \u0219i cump\u0103tare. \u00cen c\u0103l\u0103toria noastr\u0103 de a deveni o versiune mai bun\u0103 trecem de fapt, prin mai multe feluri de contexte \u0219i urm\u0103m un proces de tranzi\u021bie, ce necesit\u0103 r\u0103bdare, iar calitatea credin\u021belor noastre joac\u0103 un rol crucial, al\u0103turi de valori, \u00een modelarea existen\u021bei noastre.\" \/>\n<meta property=\"og:url\" content=\"https:\/\/www.autonom.ro\/blog\/learning-tip-of-the-week-52-procesul-de-tranzitie-necesita-rabdare-si-acceptare\/\" \/>\n<meta property=\"og:site_name\" content=\"Blog Autonom\" \/>\n<meta property=\"article:publisher\" content=\"https:\/\/www.facebook.com\/AutonomRomania\/\" \/>\n<meta property=\"article:published_time\" content=\"2023-11-17T06:30:00+00:00\" \/>\n<meta property=\"article:modified_time\" content=\"2023-11-24T10:07:11+00:00\" \/>\n<meta property=\"og:image\" content=\"https:\/\/www.autonom.ro\/blog\/wp-content\/uploads\/2022\/11\/newsletter-elements_Social-Card.jpg\" \/>\n\t<meta property=\"og:image:width\" content=\"1200\" \/>\n\t<meta property=\"og:image:height\" content=\"630\" \/>\n\t<meta property=\"og:image:type\" content=\"image\/jpeg\" \/>\n<meta name=\"author\" content=\"Sorina Volerat\" \/>\n<meta name=\"twitter:card\" content=\"summary_large_image\" \/>\n<meta name=\"twitter:label1\" content=\"Scris de\" \/>\n\t<meta name=\"twitter:data1\" content=\"Sorina Volerat\" \/>\n\t<meta name=\"twitter:label2\" content=\"Timp estimat pentru citire\" \/>\n\t<meta name=\"twitter:data2\" content=\"5 minute\" \/>\n<script type=\"application\/ld+json\" class=\"yoast-schema-graph\">{\"@context\":\"https:\\\/\\\/schema.org\",\"@graph\":[{\"@type\":\"Article\",\"@id\":\"https:\\\/\\\/www.autonom.ro\\\/blog\\\/learning-tip-of-the-week-52-procesul-de-tranzitie-necesita-rabdare-si-acceptare\\\/#article\",\"isPartOf\":{\"@id\":\"https:\\\/\\\/www.autonom.ro\\\/blog\\\/learning-tip-of-the-week-52-procesul-de-tranzitie-necesita-rabdare-si-acceptare\\\/\"},\"author\":{\"name\":\"Sorina Volerat\",\"@id\":\"https:\\\/\\\/www.autonom.ro\\\/blog\\\/#\\\/schema\\\/person\\\/969476990feb32c04946c9f242c3210e\"},\"headline\":\"Procesul de tranzi\u021bie necesit\u0103 r\u0103bdare \u0219i acceptare #52\",\"datePublished\":\"2023-11-17T06:30:00+00:00\",\"dateModified\":\"2023-11-24T10:07:11+00:00\",\"mainEntityOfPage\":{\"@id\":\"https:\\\/\\\/www.autonom.ro\\\/blog\\\/learning-tip-of-the-week-52-procesul-de-tranzitie-necesita-rabdare-si-acceptare\\\/\"},\"wordCount\":1794,\"publisher\":{\"@id\":\"https:\\\/\\\/www.autonom.ro\\\/blog\\\/#organization\"},\"image\":{\"@id\":\"https:\\\/\\\/www.autonom.ro\\\/blog\\\/learning-tip-of-the-week-52-procesul-de-tranzitie-necesita-rabdare-si-acceptare\\\/#primaryimage\"},\"thumbnailUrl\":\"https:\\\/\\\/www.autonom.ro\\\/blog\\\/wp-content\\\/uploads\\\/2022\\\/11\\\/newsletter-elements_Social-Card.jpg\",\"articleSection\":[\"Learning Tip of the Week\"],\"inLanguage\":\"ro-RO\"},{\"@type\":\"WebPage\",\"@id\":\"https:\\\/\\\/www.autonom.ro\\\/blog\\\/learning-tip-of-the-week-52-procesul-de-tranzitie-necesita-rabdare-si-acceptare\\\/\",\"url\":\"https:\\\/\\\/www.autonom.ro\\\/blog\\\/learning-tip-of-the-week-52-procesul-de-tranzitie-necesita-rabdare-si-acceptare\\\/\",\"name\":\"Procesul de tranzi\u021bie necesit\u0103 r\u0103bdare \u0219i acceptare #52 - Blog Autonom\",\"isPartOf\":{\"@id\":\"https:\\\/\\\/www.autonom.ro\\\/blog\\\/#website\"},\"primaryImageOfPage\":{\"@id\":\"https:\\\/\\\/www.autonom.ro\\\/blog\\\/learning-tip-of-the-week-52-procesul-de-tranzitie-necesita-rabdare-si-acceptare\\\/#primaryimage\"},\"image\":{\"@id\":\"https:\\\/\\\/www.autonom.ro\\\/blog\\\/learning-tip-of-the-week-52-procesul-de-tranzitie-necesita-rabdare-si-acceptare\\\/#primaryimage\"},\"thumbnailUrl\":\"https:\\\/\\\/www.autonom.ro\\\/blog\\\/wp-content\\\/uploads\\\/2022\\\/11\\\/newsletter-elements_Social-Card.jpg\",\"datePublished\":\"2023-11-17T06:30:00+00:00\",\"dateModified\":\"2023-11-24T10:07:11+00:00\",\"breadcrumb\":{\"@id\":\"https:\\\/\\\/www.autonom.ro\\\/blog\\\/learning-tip-of-the-week-52-procesul-de-tranzitie-necesita-rabdare-si-acceptare\\\/#breadcrumb\"},\"inLanguage\":\"ro-RO\",\"potentialAction\":[{\"@type\":\"ReadAction\",\"target\":[\"https:\\\/\\\/www.autonom.ro\\\/blog\\\/learning-tip-of-the-week-52-procesul-de-tranzitie-necesita-rabdare-si-acceptare\\\/\"]}]},{\"@type\":\"ImageObject\",\"inLanguage\":\"ro-RO\",\"@id\":\"https:\\\/\\\/www.autonom.ro\\\/blog\\\/learning-tip-of-the-week-52-procesul-de-tranzitie-necesita-rabdare-si-acceptare\\\/#primaryimage\",\"url\":\"https:\\\/\\\/www.autonom.ro\\\/blog\\\/wp-content\\\/uploads\\\/2022\\\/11\\\/newsletter-elements_Social-Card.jpg\",\"contentUrl\":\"https:\\\/\\\/www.autonom.ro\\\/blog\\\/wp-content\\\/uploads\\\/2022\\\/11\\\/newsletter-elements_Social-Card.jpg\",\"width\":1200,\"height\":630,\"caption\":\"Dup\u0103 o scurt\u0103 pauz\u0103 am revenit cu recomand\u0103rile de resurse de \u00eenv\u0103\u021bare.\"},{\"@type\":\"BreadcrumbList\",\"@id\":\"https:\\\/\\\/www.autonom.ro\\\/blog\\\/learning-tip-of-the-week-52-procesul-de-tranzitie-necesita-rabdare-si-acceptare\\\/#breadcrumb\",\"itemListElement\":[{\"@type\":\"ListItem\",\"position\":1,\"name\":\"Prima pagin\u0103\",\"item\":\"https:\\\/\\\/www.autonom.ro\\\/blog\\\/\"},{\"@type\":\"ListItem\",\"position\":2,\"name\":\"Procesul de tranzi\u021bie necesit\u0103 r\u0103bdare \u0219i acceptare #52\"}]},{\"@type\":\"WebSite\",\"@id\":\"https:\\\/\\\/www.autonom.ro\\\/blog\\\/#website\",\"url\":\"https:\\\/\\\/www.autonom.ro\\\/blog\\\/\",\"name\":\"Blog Autonom\",\"description\":\"\",\"publisher\":{\"@id\":\"https:\\\/\\\/www.autonom.ro\\\/blog\\\/#organization\"},\"potentialAction\":[{\"@type\":\"SearchAction\",\"target\":{\"@type\":\"EntryPoint\",\"urlTemplate\":\"https:\\\/\\\/www.autonom.ro\\\/blog\\\/?s={search_term_string}\"},\"query-input\":{\"@type\":\"PropertyValueSpecification\",\"valueRequired\":true,\"valueName\":\"search_term_string\"}}],\"inLanguage\":\"ro-RO\"},{\"@type\":\"Organization\",\"@id\":\"https:\\\/\\\/www.autonom.ro\\\/blog\\\/#organization\",\"name\":\"Blog Autonom\",\"url\":\"https:\\\/\\\/www.autonom.ro\\\/blog\\\/\",\"logo\":{\"@type\":\"ImageObject\",\"inLanguage\":\"ro-RO\",\"@id\":\"https:\\\/\\\/www.autonom.ro\\\/blog\\\/#\\\/schema\\\/logo\\\/image\\\/\",\"url\":\"https:\\\/\\\/www.autonom.ro\\\/blog\\\/wp-content\\\/uploads\\\/2020\\\/10\\\/cropped-Autonom_Corporate-Logo-Color-Orizontal-RGB.png\",\"contentUrl\":\"https:\\\/\\\/www.autonom.ro\\\/blog\\\/wp-content\\\/uploads\\\/2020\\\/10\\\/cropped-Autonom_Corporate-Logo-Color-Orizontal-RGB.png\",\"width\":724,\"height\":250,\"caption\":\"Blog Autonom\"},\"image\":{\"@id\":\"https:\\\/\\\/www.autonom.ro\\\/blog\\\/#\\\/schema\\\/logo\\\/image\\\/\"},\"sameAs\":[\"https:\\\/\\\/www.facebook.com\\\/AutonomRomania\\\/\",\"http:\\\/\\\/www.instagram.com\\\/autonom.romania\\\/\",\"https:\\\/\\\/www.linkedin.com\\\/company\\\/autonom-rent-a-car\"]},{\"@type\":\"Person\",\"@id\":\"https:\\\/\\\/www.autonom.ro\\\/blog\\\/#\\\/schema\\\/person\\\/969476990feb32c04946c9f242c3210e\",\"name\":\"Sorina Volerat\",\"image\":{\"@type\":\"ImageObject\",\"inLanguage\":\"ro-RO\",\"@id\":\"https:\\\/\\\/secure.gravatar.com\\\/avatar\\\/5221880dfa47580a11a0ddaf1f3f28ac8589c9aa842cf5defb698776cde8960a?s=96&d=mm&r=g\",\"url\":\"https:\\\/\\\/secure.gravatar.com\\\/avatar\\\/5221880dfa47580a11a0ddaf1f3f28ac8589c9aa842cf5defb698776cde8960a?s=96&d=mm&r=g\",\"contentUrl\":\"https:\\\/\\\/secure.gravatar.com\\\/avatar\\\/5221880dfa47580a11a0ddaf1f3f28ac8589c9aa842cf5defb698776cde8960a?s=96&d=mm&r=g\",\"caption\":\"Sorina Volerat\"},\"url\":\"https:\\\/\\\/www.autonom.ro\\\/blog\\\/author\\\/sorinavolerat\\\/\"}]}<\/script>\n<!-- \/ Yoast SEO plugin. -->","yoast_head_json":{"title":"Procesul de tranzi\u021bie necesit\u0103 r\u0103bdare \u0219i acceptare #52 - Blog Autonom","robots":{"index":"index","follow":"follow","max-snippet":"max-snippet:-1","max-image-preview":"max-image-preview:large","max-video-preview":"max-video-preview:-1"},"canonical":"https:\/\/www.autonom.ro\/blog\/learning-tip-of-the-week-52-procesul-de-tranzitie-necesita-rabdare-si-acceptare\/","og_locale":"ro_RO","og_type":"article","og_title":"Learning Tip of the Week Powered by Autonom","og_description":"\u00cen episodul de s\u0103pt\u0103m\u00e2na aceasta povestim un pic despre a reflecta asupra propriei finitudini \u0219i fragilit\u0103\u021bi, despre cum s\u0103 ne p\u0103str\u0103m vii \u0219i s\u0103 discernem ce este important, despre acceptare, \u0219i cump\u0103tare. \u00cen c\u0103l\u0103toria noastr\u0103 de a deveni o versiune mai bun\u0103 trecem de fapt, prin mai multe feluri de contexte \u0219i urm\u0103m un proces de tranzi\u021bie, ce necesit\u0103 r\u0103bdare, iar calitatea credin\u021belor noastre joac\u0103 un rol crucial, al\u0103turi de valori, \u00een modelarea existen\u021bei noastre.","og_url":"https:\/\/www.autonom.ro\/blog\/learning-tip-of-the-week-52-procesul-de-tranzitie-necesita-rabdare-si-acceptare\/","og_site_name":"Blog Autonom","article_publisher":"https:\/\/www.facebook.com\/AutonomRomania\/","article_published_time":"2023-11-17T06:30:00+00:00","article_modified_time":"2023-11-24T10:07:11+00:00","og_image":[{"width":1200,"height":630,"url":"https:\/\/www.autonom.ro\/blog\/wp-content\/uploads\/2022\/11\/newsletter-elements_Social-Card.jpg","type":"image\/jpeg"}],"author":"Sorina Volerat","twitter_card":"summary_large_image","twitter_misc":{"Scris de":"Sorina Volerat","Timp estimat pentru citire":"5 minute"},"schema":{"@context":"https:\/\/schema.org","@graph":[{"@type":"Article","@id":"https:\/\/www.autonom.ro\/blog\/learning-tip-of-the-week-52-procesul-de-tranzitie-necesita-rabdare-si-acceptare\/#article","isPartOf":{"@id":"https:\/\/www.autonom.ro\/blog\/learning-tip-of-the-week-52-procesul-de-tranzitie-necesita-rabdare-si-acceptare\/"},"author":{"name":"Sorina Volerat","@id":"https:\/\/www.autonom.ro\/blog\/#\/schema\/person\/969476990feb32c04946c9f242c3210e"},"headline":"Procesul de tranzi\u021bie necesit\u0103 r\u0103bdare \u0219i acceptare #52","datePublished":"2023-11-17T06:30:00+00:00","dateModified":"2023-11-24T10:07:11+00:00","mainEntityOfPage":{"@id":"https:\/\/www.autonom.ro\/blog\/learning-tip-of-the-week-52-procesul-de-tranzitie-necesita-rabdare-si-acceptare\/"},"wordCount":1794,"publisher":{"@id":"https:\/\/www.autonom.ro\/blog\/#organization"},"image":{"@id":"https:\/\/www.autonom.ro\/blog\/learning-tip-of-the-week-52-procesul-de-tranzitie-necesita-rabdare-si-acceptare\/#primaryimage"},"thumbnailUrl":"https:\/\/www.autonom.ro\/blog\/wp-content\/uploads\/2022\/11\/newsletter-elements_Social-Card.jpg","articleSection":["Learning Tip of the Week"],"inLanguage":"ro-RO"},{"@type":"WebPage","@id":"https:\/\/www.autonom.ro\/blog\/learning-tip-of-the-week-52-procesul-de-tranzitie-necesita-rabdare-si-acceptare\/","url":"https:\/\/www.autonom.ro\/blog\/learning-tip-of-the-week-52-procesul-de-tranzitie-necesita-rabdare-si-acceptare\/","name":"Procesul de tranzi\u021bie necesit\u0103 r\u0103bdare \u0219i acceptare #52 - Blog Autonom","isPartOf":{"@id":"https:\/\/www.autonom.ro\/blog\/#website"},"primaryImageOfPage":{"@id":"https:\/\/www.autonom.ro\/blog\/learning-tip-of-the-week-52-procesul-de-tranzitie-necesita-rabdare-si-acceptare\/#primaryimage"},"image":{"@id":"https:\/\/www.autonom.ro\/blog\/learning-tip-of-the-week-52-procesul-de-tranzitie-necesita-rabdare-si-acceptare\/#primaryimage"},"thumbnailUrl":"https:\/\/www.autonom.ro\/blog\/wp-content\/uploads\/2022\/11\/newsletter-elements_Social-Card.jpg","datePublished":"2023-11-17T06:30:00+00:00","dateModified":"2023-11-24T10:07:11+00:00","breadcrumb":{"@id":"https:\/\/www.autonom.ro\/blog\/learning-tip-of-the-week-52-procesul-de-tranzitie-necesita-rabdare-si-acceptare\/#breadcrumb"},"inLanguage":"ro-RO","potentialAction":[{"@type":"ReadAction","target":["https:\/\/www.autonom.ro\/blog\/learning-tip-of-the-week-52-procesul-de-tranzitie-necesita-rabdare-si-acceptare\/"]}]},{"@type":"ImageObject","inLanguage":"ro-RO","@id":"https:\/\/www.autonom.ro\/blog\/learning-tip-of-the-week-52-procesul-de-tranzitie-necesita-rabdare-si-acceptare\/#primaryimage","url":"https:\/\/www.autonom.ro\/blog\/wp-content\/uploads\/2022\/11\/newsletter-elements_Social-Card.jpg","contentUrl":"https:\/\/www.autonom.ro\/blog\/wp-content\/uploads\/2022\/11\/newsletter-elements_Social-Card.jpg","width":1200,"height":630,"caption":"Dup\u0103 o scurt\u0103 pauz\u0103 am revenit cu recomand\u0103rile de resurse de \u00eenv\u0103\u021bare."},{"@type":"BreadcrumbList","@id":"https:\/\/www.autonom.ro\/blog\/learning-tip-of-the-week-52-procesul-de-tranzitie-necesita-rabdare-si-acceptare\/#breadcrumb","itemListElement":[{"@type":"ListItem","position":1,"name":"Prima pagin\u0103","item":"https:\/\/www.autonom.ro\/blog\/"},{"@type":"ListItem","position":2,"name":"Procesul de tranzi\u021bie necesit\u0103 r\u0103bdare \u0219i acceptare #52"}]},{"@type":"WebSite","@id":"https:\/\/www.autonom.ro\/blog\/#website","url":"https:\/\/www.autonom.ro\/blog\/","name":"Blog Autonom","description":"","publisher":{"@id":"https:\/\/www.autonom.ro\/blog\/#organization"},"potentialAction":[{"@type":"SearchAction","target":{"@type":"EntryPoint","urlTemplate":"https:\/\/www.autonom.ro\/blog\/?s={search_term_string}"},"query-input":{"@type":"PropertyValueSpecification","valueRequired":true,"valueName":"search_term_string"}}],"inLanguage":"ro-RO"},{"@type":"Organization","@id":"https:\/\/www.autonom.ro\/blog\/#organization","name":"Blog Autonom","url":"https:\/\/www.autonom.ro\/blog\/","logo":{"@type":"ImageObject","inLanguage":"ro-RO","@id":"https:\/\/www.autonom.ro\/blog\/#\/schema\/logo\/image\/","url":"https:\/\/www.autonom.ro\/blog\/wp-content\/uploads\/2020\/10\/cropped-Autonom_Corporate-Logo-Color-Orizontal-RGB.png","contentUrl":"https:\/\/www.autonom.ro\/blog\/wp-content\/uploads\/2020\/10\/cropped-Autonom_Corporate-Logo-Color-Orizontal-RGB.png","width":724,"height":250,"caption":"Blog Autonom"},"image":{"@id":"https:\/\/www.autonom.ro\/blog\/#\/schema\/logo\/image\/"},"sameAs":["https:\/\/www.facebook.com\/AutonomRomania\/","http:\/\/www.instagram.com\/autonom.romania\/","https:\/\/www.linkedin.com\/company\/autonom-rent-a-car"]},{"@type":"Person","@id":"https:\/\/www.autonom.ro\/blog\/#\/schema\/person\/969476990feb32c04946c9f242c3210e","name":"Sorina Volerat","image":{"@type":"ImageObject","inLanguage":"ro-RO","@id":"https:\/\/secure.gravatar.com\/avatar\/5221880dfa47580a11a0ddaf1f3f28ac8589c9aa842cf5defb698776cde8960a?s=96&d=mm&r=g","url":"https:\/\/secure.gravatar.com\/avatar\/5221880dfa47580a11a0ddaf1f3f28ac8589c9aa842cf5defb698776cde8960a?s=96&d=mm&r=g","contentUrl":"https:\/\/secure.gravatar.com\/avatar\/5221880dfa47580a11a0ddaf1f3f28ac8589c9aa842cf5defb698776cde8960a?s=96&d=mm&r=g","caption":"Sorina Volerat"},"url":"https:\/\/www.autonom.ro\/blog\/author\/sorinavolerat\/"}]}},"_links":{"self":[{"href":"https:\/\/www.autonom.ro\/blog\/wp-json\/wp\/v2\/posts\/6824","targetHints":{"allow":["GET"]}}],"collection":[{"href":"https:\/\/www.autonom.ro\/blog\/wp-json\/wp\/v2\/posts"}],"about":[{"href":"https:\/\/www.autonom.ro\/blog\/wp-json\/wp\/v2\/types\/post"}],"author":[{"embeddable":true,"href":"https:\/\/www.autonom.ro\/blog\/wp-json\/wp\/v2\/users\/4"}],"replies":[{"embeddable":true,"href":"https:\/\/www.autonom.ro\/blog\/wp-json\/wp\/v2\/comments?post=6824"}],"version-history":[{"count":3,"href":"https:\/\/www.autonom.ro\/blog\/wp-json\/wp\/v2\/posts\/6824\/revisions"}],"predecessor-version":[{"id":6834,"href":"https:\/\/www.autonom.ro\/blog\/wp-json\/wp\/v2\/posts\/6824\/revisions\/6834"}],"wp:featuredmedia":[{"embeddable":true,"href":"https:\/\/www.autonom.ro\/blog\/wp-json\/wp\/v2\/media\/6006"}],"wp:attachment":[{"href":"https:\/\/www.autonom.ro\/blog\/wp-json\/wp\/v2\/media?parent=6824"}],"wp:term":[{"taxonomy":"category","embeddable":true,"href":"https:\/\/www.autonom.ro\/blog\/wp-json\/wp\/v2\/categories?post=6824"},{"taxonomy":"post_tag","embeddable":true,"href":"https:\/\/www.autonom.ro\/blog\/wp-json\/wp\/v2\/tags?post=6824"}],"curies":[{"name":"wp","href":"https:\/\/api.w.org\/{rel}","templated":true}]}}