{"id":6977,"date":"2024-10-10T17:16:25","date_gmt":"2024-10-10T14:16:25","guid":{"rendered":"https:\/\/www.autonom.ro\/blog\/?p=6977"},"modified":"2024-10-10T17:30:15","modified_gmt":"2024-10-10T14:30:15","slug":"autonom-isi-actualizeaza-strategia-de-sustenabilitate-cu-o-ambitie-clara-pentru-viitorul-pe-termen-mediu-si-lung","status":"publish","type":"post","link":"https:\/\/www.autonom.ro\/blog\/autonom-isi-actualizeaza-strategia-de-sustenabilitate-cu-o-ambitie-clara-pentru-viitorul-pe-termen-mediu-si-lung\/","title":{"rendered":"Autonom \u00ee\u0219i actualizeaz\u0103 strategia de sustenabilitate cu o ambi\u021bie clar\u0103 pentru viitorul pe termen mediu \u0219i lung"},"content":{"rendered":"\n<figure class=\"wp-block-image size-large\"><img loading=\"lazy\" decoding=\"async\" width=\"1024\" height=\"683\" src=\"https:\/\/www.autonom.ro\/blog\/wp-content\/uploads\/2024\/10\/ART02884-lanscape-2-1024x683.jpg\" alt=\"\" class=\"wp-image-6992\" srcset=\"https:\/\/www.autonom.ro\/blog\/wp-content\/uploads\/2024\/10\/ART02884-lanscape-2-1024x683.jpg 1024w, https:\/\/www.autonom.ro\/blog\/wp-content\/uploads\/2024\/10\/ART02884-lanscape-2-300x200.jpg 300w, https:\/\/www.autonom.ro\/blog\/wp-content\/uploads\/2024\/10\/ART02884-lanscape-2-768x512.jpg 768w, https:\/\/www.autonom.ro\/blog\/wp-content\/uploads\/2024\/10\/ART02884-lanscape-2-1536x1024.jpg 1536w, https:\/\/www.autonom.ro\/blog\/wp-content\/uploads\/2024\/10\/ART02884-lanscape-2-2048x1365.jpg 2048w\" sizes=\"auto, (max-width: 1024px) 100vw, 1024px\" \/><\/figure>\n\n\n\n<p><strong>Bucure\u0219ti, <\/strong><strong>11 octombrie 2024<\/strong>&nbsp;\u2013 Autonom Services SA, cel mai important juc\u0103tor independent de pe pie\u021bele de leasing opera\u021bional \u0219i rent-a-car din Rom\u00e2nia, \u00ee\u0219i actualizeaz\u0103 Strategia de Sustenabilitate \u0219i \u00ee\u0219i propune reducerea emisiilor medii ale flotei opera\u021bionale de autoturisme cu 30% p\u00e2n\u0103 \u00een 2028 \u0219i, pe termen lung, cu 55% p\u00e2n\u0103 \u00een 2030, revizuind totodat\u0103 baza de referin\u021b\u0103 pentru monitorizarea progresului de reducere a emisiilor, din 2020, \u00een 2021, \u00een conformitate cu noile reglement\u0103ri ale Uniunii Europene \u00een domeniul transportului. Nivelul de ambi\u021bie aferent anului 2025, asumat prin strategia publicat\u0103 \u00een 2021, r\u0103m\u00e2ne nemodificat.<\/p>\n\n\n\n<p>\u00cen plus, introduce un nou indicator aferent pilonului \u201cOameni \u0219i comunitate\u201d: ponderea reprezent\u0103rii feminine \u00een func\u021bii de management, cu un obiectiv de cre\u0219tere p\u00e2n\u0103 la 46% \u00een 2030.<\/p>\n\n\n\n<p>P\u00e2n\u0103 \u00een prezent, compania a reu\u0219it reducerea emisiilor medii cu 7,49% fa\u021b\u0103 de anul de referin\u021b\u0103 2020, \u00een contextul cre\u0219terii cu peste 70% a flotei totale, conform celui mai recent raport de sustenabilitate al companiei publicat voluntar, realizat conform standardelor GRI 2021 (Global Reporting Initiative). \u00cen vederea tranzi\u021biei facile c\u0103tre raportarea conform Standardelor ESRS, analiza de dubl\u0103 materialitate a urm\u0103rit criteriile din ghidul EFRAG. Raportul poate fi consultat integral <a href=\"https:\/\/sr2023.autonom.ro\/\"><strong><em>aici<\/em><\/strong><\/a><strong><em>, &nbsp;<\/em><\/strong>at\u00e2t \u00een limba rom\u00e2n\u0103, c\u00e2t \u0219i \u00een englez\u0103. <strong><\/strong><\/p>\n\n\n\n<p><em>\u201eSustenabilitatea nu \u00eenseamn\u0103 renun\u021barea la profit, ci g\u0103sirea echilibrului, con\u0219tientizarea zonelor de impact, mult\u0103 inova\u021bie \u0219i flexibilitate \u00een construirea de valoare pentru cre\u0219terea impactului pozitiv \u0219i reducerea impactului negativ. Fie c\u0103 e\u0219ti companie, asocia\u021bie sau ONG, ai nevoie s\u0103 generezi venituri, din care s\u0103 te sus\u021bii \u0219i s\u0103 po\u021bi contribui. Tranzi\u021bia de la un \u2018nice to have\u2019 la un \u2018must to have\u2019 aduce implicit \u0219i multe presiuni de a ne schimba \u201ebusiness as usual\u201d, ceea ce duce, \u00een mod firesc, la opozi\u021bie \u0219i reticen\u021b\u0103 \u00een procesul de schimbare. P\u00e2n\u0103 recent, \u00een modelul economic clasic, compania era ca o \u201ccutie neagr\u0103\u201d \u00een care aveai cu greu acces din exterior, dar devine din ce \u00een ce mai vulnerabil\u0103, mai expus\u0103 privirilor diver\u0219ilor stakeholderi, de la angaja\u021bi, clien\u021bi, furnizori, investitori, autorit\u0103\u021bi, la social media, organiza\u021bii non-profit \u0219i activi\u0219ti, cu o direc\u021bie din ce \u00een ce mai clar\u0103 c\u0103tre o \u201ecutie de sticl\u0103\u201d<strong>, a precizat Magdalena Caramilea, Director Sustenabilitate Autonom.<\/strong><\/em><\/p>\n\n\n\n<p>Raportul non-financiar anual include ac\u021biunile concrete de sustenabilitate ale companiei \u0219i analizeaz\u0103 progresele \u00eenregistrate din perspectiva impactului economic, social \u0219i de mediu, pe care compania \u00eel genereaz\u0103, precum \u0219i o serie de indicatori-cheie de performan\u021b\u0103 non-financiar\u0103 relevan\u021bi, structura\u021bi \u00een 3 piloni: \u201eMediul \u00eenconjur\u0103tor\u201d, \u201eOamenii \u0219i comunitatea\u201d \u0219i \u201eAfacere sustenabil\u0103 \u0219i guvernan\u021ba\u201d, aliniat cu Strategia de dezvoltare durabil\u0103 a organiza\u021biei \u201cC\u0103tre o mobilitate sustenabil\u0103\u201d.<\/p>\n\n\n\n<p><strong>Principalele rezultate ale celui de-al treilea raport voluntar sunt:<\/strong><\/p>\n\n\n\n<p><strong>Mediu<\/strong><\/p>\n\n\n\n<ul class=\"wp-block-list\">\n<li>Emisiile medii au fost reduse cu 7,49% fa\u021b\u0103 de anul de referin\u021b\u0103 2020, ajung\u00e2nd la o medie WLTP de 142,06 gC02\/km. Progresul c\u0103tre obiectivele de reducere emisii asumate a fost confirmat de Sustainalytics \u0219i Raportul de Verificare Anual\u0103 este disponibil public.<\/li>\n\n\n\n<li>Flota a crescut \u00een 2023 cu 7%, dar ponderea auto diesel a continuat s\u0103 scad\u0103, de la 46% \u00een anul 2022 la 39,76% la sf\u00e2r\u0219itul anului 2023. Ponderea de autovehicule hibride a crescut de la 11% la 14,21% \u0219i ponderea celor electrice a crescut de la 2% la 3,46% din flot\u0103.<\/li>\n\n\n\n<li>Prima comand\u0103 de 200 auto electrice Tesla Model 3 \u0219i Model Y, lansat\u0103 la \u00eenceputul anului 2023 a fost integrat\u0103 cu succes \u00een flot\u0103 \u0219i a contribuit inclusiv la lansarea serviciului de ridesharing Blue.<\/li>\n<\/ul>\n\n\n\n<figure class=\"wp-block-image size-large\"><a href=\"https:\/\/sr2023.autonom.ro\/\"><img loading=\"lazy\" decoding=\"async\" width=\"1024\" height=\"682\" src=\"https:\/\/www.autonom.ro\/blog\/wp-content\/uploads\/2024\/10\/2-1024x682.jpg\" alt=\"\" class=\"wp-image-6983\" srcset=\"https:\/\/www.autonom.ro\/blog\/wp-content\/uploads\/2024\/10\/2-1024x682.jpg 1024w, https:\/\/www.autonom.ro\/blog\/wp-content\/uploads\/2024\/10\/2-300x200.jpg 300w, https:\/\/www.autonom.ro\/blog\/wp-content\/uploads\/2024\/10\/2-768x512.jpg 768w, https:\/\/www.autonom.ro\/blog\/wp-content\/uploads\/2024\/10\/2-1536x1023.jpg 1536w, https:\/\/www.autonom.ro\/blog\/wp-content\/uploads\/2024\/10\/2-2048x1365.jpg 2048w\" sizes=\"auto, (max-width: 1024px) 100vw, 1024px\" \/><\/a><\/figure>\n\n\n\n<p><strong>Oameni \u0219i comunitate<\/strong><\/p>\n\n\n\n<ul class=\"wp-block-list\">\n<li>Rata de reten\u021bie a personalului a crescut \u00een ultimii 3 ani de la 59,19% \u00een 2021, la 71,56% \u00een 2023.<\/li>\n\n\n\n<li>\u00cen 2023, angaja\u021bii Autonom au citit 5.908 de c\u0103r\u021bi, au participant la 33.717 ore de training \u0219i au \u00eenc\u0103rcat \u00een platforma intern\u0103 1.394 de propuneri de inova\u021bie.<\/li>\n\n\n\n<li>Peste 400 de colegi au ales s\u0103 fac\u0103 voluntariat \u0219i s\u0103 dedice 3.192 ore c\u0103tre proiecte educa\u021bionale \u00een comunit\u0103\u021bile din care fac parte.<\/li>\n\n\n\n<li>Am sus\u021binut 30 de organiza\u021bii \u0219i proiecte (cultur\u0103, mediu, sport, educa\u021bie) \u00een valoare total\u0103 de 1.581.303 lei.<\/li>\n<\/ul>\n\n\n\n<figure class=\"wp-block-image size-large\"><a href=\"https:\/\/sr2023.autonom.ro\/\"><img loading=\"lazy\" decoding=\"async\" width=\"1024\" height=\"683\" src=\"https:\/\/www.autonom.ro\/blog\/wp-content\/uploads\/2024\/10\/Echipa-Autonom-1024x683.jpg\" alt=\"\" class=\"wp-image-6982\" srcset=\"https:\/\/www.autonom.ro\/blog\/wp-content\/uploads\/2024\/10\/Echipa-Autonom-1024x683.jpg 1024w, https:\/\/www.autonom.ro\/blog\/wp-content\/uploads\/2024\/10\/Echipa-Autonom-300x200.jpg 300w, https:\/\/www.autonom.ro\/blog\/wp-content\/uploads\/2024\/10\/Echipa-Autonom-768x512.jpg 768w, https:\/\/www.autonom.ro\/blog\/wp-content\/uploads\/2024\/10\/Echipa-Autonom-1536x1024.jpg 1536w, https:\/\/www.autonom.ro\/blog\/wp-content\/uploads\/2024\/10\/Echipa-Autonom.jpg 2048w\" sizes=\"auto, (max-width: 1024px) 100vw, 1024px\" \/><\/a><\/figure>\n\n\n\n<p><strong>Economic<\/strong><\/p>\n\n\n\n<ul class=\"wp-block-list\">\n<li>Anul 2023 a fost al 17-lea an consecutiv de cre\u0219tere cu 2 cifre, cu cre\u0219teri de venituri pe toate liniile principale de activitate, \u00eens\u0103 marcat de infla\u021bie galopant\u0103 \u0219i de major\u0103ri semnificative ale costurilor financiare aferente dob\u00e2nzilor.<\/li>\n\n\n\n<li>Compania a \u00eenregistrat o cre\u0219tere de 13% fa\u021b\u0103 de anul anterior \u00een cifra de afaceri, ajung\u00e2nd la 728,9 milioane lei \u0219i la un profit net de 30,04 milioane lei, \u00een sc\u0103dere cu 48%.<\/li>\n\n\n\n<li>A fost analizat\u0103 pentru prima oar\u0103 eligibilitatea la Taxonomia UE a activit\u0103\u021bii liniilor principale de business \u0219i cuantificarea impactului prin folosirea indicatorilor cheie de performan\u0163\u0103 relevan\u0163i (KPIs): Cifra de Afaceri (%), CapEx (%) \u0219i OpEx (%).<\/li>\n<\/ul>\n\n\n\n<figure class=\"wp-block-image size-large\"><a href=\"https:\/\/sr2023.autonom.ro\/\"><img loading=\"lazy\" decoding=\"async\" width=\"1024\" height=\"683\" src=\"https:\/\/www.autonom.ro\/blog\/wp-content\/uploads\/2024\/10\/RBC3618-1024x683.jpg\" alt=\"\" class=\"wp-image-6984\" srcset=\"https:\/\/www.autonom.ro\/blog\/wp-content\/uploads\/2024\/10\/RBC3618-1024x683.jpg 1024w, https:\/\/www.autonom.ro\/blog\/wp-content\/uploads\/2024\/10\/RBC3618-300x200.jpg 300w, https:\/\/www.autonom.ro\/blog\/wp-content\/uploads\/2024\/10\/RBC3618-768x512.jpg 768w, https:\/\/www.autonom.ro\/blog\/wp-content\/uploads\/2024\/10\/RBC3618-1536x1024.jpg 1536w, https:\/\/www.autonom.ro\/blog\/wp-content\/uploads\/2024\/10\/RBC3618-2048x1365.jpg 2048w\" sizes=\"auto, (max-width: 1024px) 100vw, 1024px\" \/><\/a><\/figure>\n\n\n\n<p>Strategia de sustenabilitate actualizat\u0103 st\u0103 la baza Documentului Cadru privind Finan\u021barea Corelat\u0103 cu Obiective de Sustenabilitate (Sustainability-Linked Finance Framework). Acesta a fost validat de c\u0103tre Sustainalytics, un consultant extern interna\u021bional cu expertiz\u0103 recunoscut\u0103 \u00een zona ESG, \u0219i a apreciat obiectivele ca fiind ambi\u021bioase.<\/p>\n\n\n\n<p>Opinia integral\u0103 a consultantului, \u00eempreun\u0103 cu Strategia de Sustenabilitate \u0219i Documentul Cadru privind Finan\u021barea corelat\u0103 cu Obiective de Sustenabilitate pot fi consultate pe site-ul companiei la sec\u021biunea: <a href=\"https:\/\/www.autonom.ro\/sustenabilitate\">https:\/\/www.autonom.ro\/sustenabilitate<\/a>.<\/p>\n\n\n\n<p><strong>Despre Autonom<\/strong><strong><\/strong><\/p>\n\n\n\n<p>Autonom este o companie cu capital 100% rom\u00e2nesc, pornit\u0103 \u00een 2006, \u00een Piatra Neam\u021b \u0219i este un juc\u0103tor \u00een top 3, dup\u0103 cifra de afaceri, \u00een sectoarele principale de activitate: leasing opera\u021bional \u0219i \u00eenchirieri auto.<br>Compania ofer\u0103 solu\u021bii moderne de mobilitate \u0219i finan\u021bare precum: \u00eenchirieri pe termen scurt \u0219i mediu, leasing opera\u021bional, transferuri cu \u0219ofer, \u00eenchirierea temporar\u0103 de flote, servicii de fleet management, asisten\u021b\u0103 rutier\u0103, servicii de sp\u0103l\u0103torie auto \u0219i \u00eenchiriere de echipamente. Acestea sunt furnizate printr-o re\u021bea na\u021bional\u0103 unic\u0103, prezent\u0103 \u00een 38 de ora\u0219e din Rom\u00e2nia, iar compania opereaz\u0103 o flot\u0103 de aproximativ 15.000 de ma\u0219ini.<\/p>\n\n\n\n<p>Compania are \u00een derulare dou\u0103 emisiuni de obliga\u0163iuni la BVB: prima listat\u0103 \u00een 2019 \u015fi scadent\u0103 \u00een 12 noiembrie 2024 cu o valoare de 20 mil. euro \u015fi dob\u00e2nd\u0103 de 4,45% pe an \u015fi a doua listat\u0103 \u00een 2021 \u015fi scadent\u0103 \u00een 23 noiembrie 2026 cu o valoare de 10 mil. euro \u015fi dob\u00e2nd\u0103 de 4,11%.<\/p>\n\n\n\n<p><\/p>\n","protected":false},"excerpt":{"rendered":"<p>Bucure\u0219ti, 11 octombrie 2024&nbsp;\u2013 Autonom Services SA, cel mai important juc\u0103tor independent de pe pie\u021bele de leasing opera\u021bional \u0219i rent-a-car din Rom\u00e2nia, \u00ee\u0219i actualizeaz\u0103 Strategia de Sustenabilitate \u0219i \u00ee\u0219i propune reducerea emisiilor medii ale flotei opera\u021bionale de autoturisme cu 30% p\u00e2n\u0103 \u00een 2028 \u0219i, pe termen lung, cu 55% p\u00e2n\u0103 \u00een 2030, revizuind totodat\u0103 baza [&hellip;]<\/p>\n","protected":false},"author":3,"featured_media":6978,"comment_status":"closed","ping_status":"closed","sticky":false,"template":"","format":"standard","meta":{"inline_featured_image":false,"footnotes":""},"categories":[1920,1908,1917],"tags":[],"class_list":["post-6977","post","type-post","status-publish","format-standard","has-post-thumbnail","hentry","category-autonom-in-presa","category-autonom-news","category-sustenabilitate"],"yoast_head":"<!-- This site is optimized with the Yoast SEO plugin v27.3 - https:\/\/yoast.com\/product\/yoast-seo-wordpress\/ -->\n<title>Autonom \u00ee\u0219i actualizeaz\u0103 strategia de sustenabilitate cu o ambi\u021bie clar\u0103 pentru viitorul pe termen mediu \u0219i lung - Blog Autonom<\/title>\n<meta name=\"robots\" content=\"index, follow, max-snippet:-1, max-image-preview:large, max-video-preview:-1\" \/>\n<link rel=\"canonical\" href=\"https:\/\/www.autonom.ro\/blog\/autonom-isi-actualizeaza-strategia-de-sustenabilitate-cu-o-ambitie-clara-pentru-viitorul-pe-termen-mediu-si-lung\/\" \/>\n<meta property=\"og:locale\" content=\"ro_RO\" \/>\n<meta property=\"og:type\" content=\"article\" \/>\n<meta property=\"og:title\" content=\"Autonom \u00ee\u0219i actualizeaz\u0103 strategia de sustenabilitate cu o ambi\u021bie clar\u0103 pentru viitorul pe termen mediu \u0219i lung - Blog Autonom\" \/>\n<meta property=\"og:description\" content=\"Bucure\u0219ti, 11 octombrie 2024&nbsp;\u2013 Autonom Services SA, cel mai important juc\u0103tor independent de pe pie\u021bele de leasing opera\u021bional \u0219i rent-a-car din Rom\u00e2nia, \u00ee\u0219i actualizeaz\u0103 Strategia de Sustenabilitate \u0219i \u00ee\u0219i propune reducerea emisiilor medii ale flotei opera\u021bionale de autoturisme cu 30% p\u00e2n\u0103 \u00een 2028 \u0219i, pe termen lung, cu 55% p\u00e2n\u0103 \u00een 2030, revizuind totodat\u0103 baza [&hellip;]\" \/>\n<meta property=\"og:url\" content=\"https:\/\/www.autonom.ro\/blog\/autonom-isi-actualizeaza-strategia-de-sustenabilitate-cu-o-ambitie-clara-pentru-viitorul-pe-termen-mediu-si-lung\/\" \/>\n<meta property=\"og:site_name\" content=\"Blog Autonom\" \/>\n<meta property=\"article:publisher\" content=\"https:\/\/www.facebook.com\/AutonomRomania\/\" \/>\n<meta property=\"article:published_time\" content=\"2024-10-10T14:16:25+00:00\" \/>\n<meta property=\"article:modified_time\" content=\"2024-10-10T14:30:15+00:00\" \/>\n<meta property=\"og:image\" content=\"https:\/\/www.autonom.ro\/blog\/wp-content\/uploads\/2024\/10\/ART02884-lanscape-scaled.jpg\" \/>\n\t<meta property=\"og:image:width\" content=\"2560\" \/>\n\t<meta property=\"og:image:height\" content=\"1707\" \/>\n\t<meta property=\"og:image:type\" content=\"image\/jpeg\" \/>\n<meta name=\"author\" content=\"ejumpadmin\" \/>\n<meta name=\"twitter:card\" content=\"summary_large_image\" \/>\n<meta name=\"twitter:label1\" content=\"Scris de\" \/>\n\t<meta name=\"twitter:data1\" content=\"ejumpadmin\" \/>\n\t<meta name=\"twitter:label2\" content=\"Timp estimat pentru citire\" \/>\n\t<meta name=\"twitter:data2\" content=\"7 minute\" \/>\n<script type=\"application\/ld+json\" class=\"yoast-schema-graph\">{\"@context\":\"https:\\\/\\\/schema.org\",\"@graph\":[{\"@type\":\"Article\",\"@id\":\"https:\\\/\\\/www.autonom.ro\\\/blog\\\/autonom-isi-actualizeaza-strategia-de-sustenabilitate-cu-o-ambitie-clara-pentru-viitorul-pe-termen-mediu-si-lung\\\/#article\",\"isPartOf\":{\"@id\":\"https:\\\/\\\/www.autonom.ro\\\/blog\\\/autonom-isi-actualizeaza-strategia-de-sustenabilitate-cu-o-ambitie-clara-pentru-viitorul-pe-termen-mediu-si-lung\\\/\"},\"author\":{\"name\":\"ejumpadmin\",\"@id\":\"https:\\\/\\\/www.autonom.ro\\\/blog\\\/#\\\/schema\\\/person\\\/f1fb1363348130209d6874b844b15eb6\"},\"headline\":\"Autonom \u00ee\u0219i actualizeaz\u0103 strategia de sustenabilitate cu o ambi\u021bie clar\u0103 pentru viitorul pe termen mediu \u0219i lung\",\"datePublished\":\"2024-10-10T14:16:25+00:00\",\"dateModified\":\"2024-10-10T14:30:15+00:00\",\"mainEntityOfPage\":{\"@id\":\"https:\\\/\\\/www.autonom.ro\\\/blog\\\/autonom-isi-actualizeaza-strategia-de-sustenabilitate-cu-o-ambitie-clara-pentru-viitorul-pe-termen-mediu-si-lung\\\/\"},\"wordCount\":1032,\"publisher\":{\"@id\":\"https:\\\/\\\/www.autonom.ro\\\/blog\\\/#organization\"},\"image\":{\"@id\":\"https:\\\/\\\/www.autonom.ro\\\/blog\\\/autonom-isi-actualizeaza-strategia-de-sustenabilitate-cu-o-ambitie-clara-pentru-viitorul-pe-termen-mediu-si-lung\\\/#primaryimage\"},\"thumbnailUrl\":\"https:\\\/\\\/www.autonom.ro\\\/blog\\\/wp-content\\\/uploads\\\/2024\\\/10\\\/ART02884-lanscape-scaled.jpg\",\"articleSection\":[\"Autonom in presa\",\"Noutati Autonom\",\"Sustenabilitate\"],\"inLanguage\":\"ro-RO\"},{\"@type\":\"WebPage\",\"@id\":\"https:\\\/\\\/www.autonom.ro\\\/blog\\\/autonom-isi-actualizeaza-strategia-de-sustenabilitate-cu-o-ambitie-clara-pentru-viitorul-pe-termen-mediu-si-lung\\\/\",\"url\":\"https:\\\/\\\/www.autonom.ro\\\/blog\\\/autonom-isi-actualizeaza-strategia-de-sustenabilitate-cu-o-ambitie-clara-pentru-viitorul-pe-termen-mediu-si-lung\\\/\",\"name\":\"Autonom \u00ee\u0219i actualizeaz\u0103 strategia de sustenabilitate cu o ambi\u021bie clar\u0103 pentru viitorul pe termen mediu \u0219i lung - Blog Autonom\",\"isPartOf\":{\"@id\":\"https:\\\/\\\/www.autonom.ro\\\/blog\\\/#website\"},\"primaryImageOfPage\":{\"@id\":\"https:\\\/\\\/www.autonom.ro\\\/blog\\\/autonom-isi-actualizeaza-strategia-de-sustenabilitate-cu-o-ambitie-clara-pentru-viitorul-pe-termen-mediu-si-lung\\\/#primaryimage\"},\"image\":{\"@id\":\"https:\\\/\\\/www.autonom.ro\\\/blog\\\/autonom-isi-actualizeaza-strategia-de-sustenabilitate-cu-o-ambitie-clara-pentru-viitorul-pe-termen-mediu-si-lung\\\/#primaryimage\"},\"thumbnailUrl\":\"https:\\\/\\\/www.autonom.ro\\\/blog\\\/wp-content\\\/uploads\\\/2024\\\/10\\\/ART02884-lanscape-scaled.jpg\",\"datePublished\":\"2024-10-10T14:16:25+00:00\",\"dateModified\":\"2024-10-10T14:30:15+00:00\",\"breadcrumb\":{\"@id\":\"https:\\\/\\\/www.autonom.ro\\\/blog\\\/autonom-isi-actualizeaza-strategia-de-sustenabilitate-cu-o-ambitie-clara-pentru-viitorul-pe-termen-mediu-si-lung\\\/#breadcrumb\"},\"inLanguage\":\"ro-RO\",\"potentialAction\":[{\"@type\":\"ReadAction\",\"target\":[\"https:\\\/\\\/www.autonom.ro\\\/blog\\\/autonom-isi-actualizeaza-strategia-de-sustenabilitate-cu-o-ambitie-clara-pentru-viitorul-pe-termen-mediu-si-lung\\\/\"]}]},{\"@type\":\"ImageObject\",\"inLanguage\":\"ro-RO\",\"@id\":\"https:\\\/\\\/www.autonom.ro\\\/blog\\\/autonom-isi-actualizeaza-strategia-de-sustenabilitate-cu-o-ambitie-clara-pentru-viitorul-pe-termen-mediu-si-lung\\\/#primaryimage\",\"url\":\"https:\\\/\\\/www.autonom.ro\\\/blog\\\/wp-content\\\/uploads\\\/2024\\\/10\\\/ART02884-lanscape-scaled.jpg\",\"contentUrl\":\"https:\\\/\\\/www.autonom.ro\\\/blog\\\/wp-content\\\/uploads\\\/2024\\\/10\\\/ART02884-lanscape-scaled.jpg\",\"width\":2560,\"height\":1707},{\"@type\":\"BreadcrumbList\",\"@id\":\"https:\\\/\\\/www.autonom.ro\\\/blog\\\/autonom-isi-actualizeaza-strategia-de-sustenabilitate-cu-o-ambitie-clara-pentru-viitorul-pe-termen-mediu-si-lung\\\/#breadcrumb\",\"itemListElement\":[{\"@type\":\"ListItem\",\"position\":1,\"name\":\"Prima pagin\u0103\",\"item\":\"https:\\\/\\\/www.autonom.ro\\\/blog\\\/\"},{\"@type\":\"ListItem\",\"position\":2,\"name\":\"Autonom \u00ee\u0219i actualizeaz\u0103 strategia de sustenabilitate cu o ambi\u021bie clar\u0103 pentru viitorul pe termen mediu \u0219i lung\"}]},{\"@type\":\"WebSite\",\"@id\":\"https:\\\/\\\/www.autonom.ro\\\/blog\\\/#website\",\"url\":\"https:\\\/\\\/www.autonom.ro\\\/blog\\\/\",\"name\":\"Blog Autonom\",\"description\":\"\",\"publisher\":{\"@id\":\"https:\\\/\\\/www.autonom.ro\\\/blog\\\/#organization\"},\"potentialAction\":[{\"@type\":\"SearchAction\",\"target\":{\"@type\":\"EntryPoint\",\"urlTemplate\":\"https:\\\/\\\/www.autonom.ro\\\/blog\\\/?s={search_term_string}\"},\"query-input\":{\"@type\":\"PropertyValueSpecification\",\"valueRequired\":true,\"valueName\":\"search_term_string\"}}],\"inLanguage\":\"ro-RO\"},{\"@type\":\"Organization\",\"@id\":\"https:\\\/\\\/www.autonom.ro\\\/blog\\\/#organization\",\"name\":\"Blog Autonom\",\"url\":\"https:\\\/\\\/www.autonom.ro\\\/blog\\\/\",\"logo\":{\"@type\":\"ImageObject\",\"inLanguage\":\"ro-RO\",\"@id\":\"https:\\\/\\\/www.autonom.ro\\\/blog\\\/#\\\/schema\\\/logo\\\/image\\\/\",\"url\":\"https:\\\/\\\/www.autonom.ro\\\/blog\\\/wp-content\\\/uploads\\\/2020\\\/10\\\/cropped-Autonom_Corporate-Logo-Color-Orizontal-RGB.png\",\"contentUrl\":\"https:\\\/\\\/www.autonom.ro\\\/blog\\\/wp-content\\\/uploads\\\/2020\\\/10\\\/cropped-Autonom_Corporate-Logo-Color-Orizontal-RGB.png\",\"width\":724,\"height\":250,\"caption\":\"Blog Autonom\"},\"image\":{\"@id\":\"https:\\\/\\\/www.autonom.ro\\\/blog\\\/#\\\/schema\\\/logo\\\/image\\\/\"},\"sameAs\":[\"https:\\\/\\\/www.facebook.com\\\/AutonomRomania\\\/\",\"http:\\\/\\\/www.instagram.com\\\/autonom.romania\\\/\",\"https:\\\/\\\/www.linkedin.com\\\/company\\\/autonom-rent-a-car\"]},{\"@type\":\"Person\",\"@id\":\"https:\\\/\\\/www.autonom.ro\\\/blog\\\/#\\\/schema\\\/person\\\/f1fb1363348130209d6874b844b15eb6\",\"name\":\"ejumpadmin\",\"image\":{\"@type\":\"ImageObject\",\"inLanguage\":\"ro-RO\",\"@id\":\"https:\\\/\\\/secure.gravatar.com\\\/avatar\\\/fada40facfde12e5447936e32aa16524a47a263ebad3418b2eeefd949036196c?s=96&d=mm&r=g\",\"url\":\"https:\\\/\\\/secure.gravatar.com\\\/avatar\\\/fada40facfde12e5447936e32aa16524a47a263ebad3418b2eeefd949036196c?s=96&d=mm&r=g\",\"contentUrl\":\"https:\\\/\\\/secure.gravatar.com\\\/avatar\\\/fada40facfde12e5447936e32aa16524a47a263ebad3418b2eeefd949036196c?s=96&d=mm&r=g\",\"caption\":\"ejumpadmin\"},\"url\":\"https:\\\/\\\/www.autonom.ro\\\/blog\\\/author\\\/ejumpadmin\\\/\"}]}<\/script>\n<!-- \/ Yoast SEO plugin. -->","yoast_head_json":{"title":"Autonom \u00ee\u0219i actualizeaz\u0103 strategia de sustenabilitate cu o ambi\u021bie clar\u0103 pentru viitorul pe termen mediu \u0219i lung - Blog Autonom","robots":{"index":"index","follow":"follow","max-snippet":"max-snippet:-1","max-image-preview":"max-image-preview:large","max-video-preview":"max-video-preview:-1"},"canonical":"https:\/\/www.autonom.ro\/blog\/autonom-isi-actualizeaza-strategia-de-sustenabilitate-cu-o-ambitie-clara-pentru-viitorul-pe-termen-mediu-si-lung\/","og_locale":"ro_RO","og_type":"article","og_title":"Autonom \u00ee\u0219i actualizeaz\u0103 strategia de sustenabilitate cu o ambi\u021bie clar\u0103 pentru viitorul pe termen mediu \u0219i lung - Blog Autonom","og_description":"Bucure\u0219ti, 11 octombrie 2024&nbsp;\u2013 Autonom Services SA, cel mai important juc\u0103tor independent de pe pie\u021bele de leasing opera\u021bional \u0219i rent-a-car din Rom\u00e2nia, \u00ee\u0219i actualizeaz\u0103 Strategia de Sustenabilitate \u0219i \u00ee\u0219i propune reducerea emisiilor medii ale flotei opera\u021bionale de autoturisme cu 30% p\u00e2n\u0103 \u00een 2028 \u0219i, pe termen lung, cu 55% p\u00e2n\u0103 \u00een 2030, revizuind totodat\u0103 baza [&hellip;]","og_url":"https:\/\/www.autonom.ro\/blog\/autonom-isi-actualizeaza-strategia-de-sustenabilitate-cu-o-ambitie-clara-pentru-viitorul-pe-termen-mediu-si-lung\/","og_site_name":"Blog Autonom","article_publisher":"https:\/\/www.facebook.com\/AutonomRomania\/","article_published_time":"2024-10-10T14:16:25+00:00","article_modified_time":"2024-10-10T14:30:15+00:00","og_image":[{"width":2560,"height":1707,"url":"https:\/\/www.autonom.ro\/blog\/wp-content\/uploads\/2024\/10\/ART02884-lanscape-scaled.jpg","type":"image\/jpeg"}],"author":"ejumpadmin","twitter_card":"summary_large_image","twitter_misc":{"Scris de":"ejumpadmin","Timp estimat pentru citire":"7 minute"},"schema":{"@context":"https:\/\/schema.org","@graph":[{"@type":"Article","@id":"https:\/\/www.autonom.ro\/blog\/autonom-isi-actualizeaza-strategia-de-sustenabilitate-cu-o-ambitie-clara-pentru-viitorul-pe-termen-mediu-si-lung\/#article","isPartOf":{"@id":"https:\/\/www.autonom.ro\/blog\/autonom-isi-actualizeaza-strategia-de-sustenabilitate-cu-o-ambitie-clara-pentru-viitorul-pe-termen-mediu-si-lung\/"},"author":{"name":"ejumpadmin","@id":"https:\/\/www.autonom.ro\/blog\/#\/schema\/person\/f1fb1363348130209d6874b844b15eb6"},"headline":"Autonom \u00ee\u0219i actualizeaz\u0103 strategia de sustenabilitate cu o ambi\u021bie clar\u0103 pentru viitorul pe termen mediu \u0219i lung","datePublished":"2024-10-10T14:16:25+00:00","dateModified":"2024-10-10T14:30:15+00:00","mainEntityOfPage":{"@id":"https:\/\/www.autonom.ro\/blog\/autonom-isi-actualizeaza-strategia-de-sustenabilitate-cu-o-ambitie-clara-pentru-viitorul-pe-termen-mediu-si-lung\/"},"wordCount":1032,"publisher":{"@id":"https:\/\/www.autonom.ro\/blog\/#organization"},"image":{"@id":"https:\/\/www.autonom.ro\/blog\/autonom-isi-actualizeaza-strategia-de-sustenabilitate-cu-o-ambitie-clara-pentru-viitorul-pe-termen-mediu-si-lung\/#primaryimage"},"thumbnailUrl":"https:\/\/www.autonom.ro\/blog\/wp-content\/uploads\/2024\/10\/ART02884-lanscape-scaled.jpg","articleSection":["Autonom in presa","Noutati Autonom","Sustenabilitate"],"inLanguage":"ro-RO"},{"@type":"WebPage","@id":"https:\/\/www.autonom.ro\/blog\/autonom-isi-actualizeaza-strategia-de-sustenabilitate-cu-o-ambitie-clara-pentru-viitorul-pe-termen-mediu-si-lung\/","url":"https:\/\/www.autonom.ro\/blog\/autonom-isi-actualizeaza-strategia-de-sustenabilitate-cu-o-ambitie-clara-pentru-viitorul-pe-termen-mediu-si-lung\/","name":"Autonom \u00ee\u0219i actualizeaz\u0103 strategia de sustenabilitate cu o ambi\u021bie clar\u0103 pentru viitorul pe termen mediu \u0219i lung - Blog Autonom","isPartOf":{"@id":"https:\/\/www.autonom.ro\/blog\/#website"},"primaryImageOfPage":{"@id":"https:\/\/www.autonom.ro\/blog\/autonom-isi-actualizeaza-strategia-de-sustenabilitate-cu-o-ambitie-clara-pentru-viitorul-pe-termen-mediu-si-lung\/#primaryimage"},"image":{"@id":"https:\/\/www.autonom.ro\/blog\/autonom-isi-actualizeaza-strategia-de-sustenabilitate-cu-o-ambitie-clara-pentru-viitorul-pe-termen-mediu-si-lung\/#primaryimage"},"thumbnailUrl":"https:\/\/www.autonom.ro\/blog\/wp-content\/uploads\/2024\/10\/ART02884-lanscape-scaled.jpg","datePublished":"2024-10-10T14:16:25+00:00","dateModified":"2024-10-10T14:30:15+00:00","breadcrumb":{"@id":"https:\/\/www.autonom.ro\/blog\/autonom-isi-actualizeaza-strategia-de-sustenabilitate-cu-o-ambitie-clara-pentru-viitorul-pe-termen-mediu-si-lung\/#breadcrumb"},"inLanguage":"ro-RO","potentialAction":[{"@type":"ReadAction","target":["https:\/\/www.autonom.ro\/blog\/autonom-isi-actualizeaza-strategia-de-sustenabilitate-cu-o-ambitie-clara-pentru-viitorul-pe-termen-mediu-si-lung\/"]}]},{"@type":"ImageObject","inLanguage":"ro-RO","@id":"https:\/\/www.autonom.ro\/blog\/autonom-isi-actualizeaza-strategia-de-sustenabilitate-cu-o-ambitie-clara-pentru-viitorul-pe-termen-mediu-si-lung\/#primaryimage","url":"https:\/\/www.autonom.ro\/blog\/wp-content\/uploads\/2024\/10\/ART02884-lanscape-scaled.jpg","contentUrl":"https:\/\/www.autonom.ro\/blog\/wp-content\/uploads\/2024\/10\/ART02884-lanscape-scaled.jpg","width":2560,"height":1707},{"@type":"BreadcrumbList","@id":"https:\/\/www.autonom.ro\/blog\/autonom-isi-actualizeaza-strategia-de-sustenabilitate-cu-o-ambitie-clara-pentru-viitorul-pe-termen-mediu-si-lung\/#breadcrumb","itemListElement":[{"@type":"ListItem","position":1,"name":"Prima pagin\u0103","item":"https:\/\/www.autonom.ro\/blog\/"},{"@type":"ListItem","position":2,"name":"Autonom \u00ee\u0219i actualizeaz\u0103 strategia de sustenabilitate cu o ambi\u021bie clar\u0103 pentru viitorul pe termen mediu \u0219i lung"}]},{"@type":"WebSite","@id":"https:\/\/www.autonom.ro\/blog\/#website","url":"https:\/\/www.autonom.ro\/blog\/","name":"Blog Autonom","description":"","publisher":{"@id":"https:\/\/www.autonom.ro\/blog\/#organization"},"potentialAction":[{"@type":"SearchAction","target":{"@type":"EntryPoint","urlTemplate":"https:\/\/www.autonom.ro\/blog\/?s={search_term_string}"},"query-input":{"@type":"PropertyValueSpecification","valueRequired":true,"valueName":"search_term_string"}}],"inLanguage":"ro-RO"},{"@type":"Organization","@id":"https:\/\/www.autonom.ro\/blog\/#organization","name":"Blog Autonom","url":"https:\/\/www.autonom.ro\/blog\/","logo":{"@type":"ImageObject","inLanguage":"ro-RO","@id":"https:\/\/www.autonom.ro\/blog\/#\/schema\/logo\/image\/","url":"https:\/\/www.autonom.ro\/blog\/wp-content\/uploads\/2020\/10\/cropped-Autonom_Corporate-Logo-Color-Orizontal-RGB.png","contentUrl":"https:\/\/www.autonom.ro\/blog\/wp-content\/uploads\/2020\/10\/cropped-Autonom_Corporate-Logo-Color-Orizontal-RGB.png","width":724,"height":250,"caption":"Blog Autonom"},"image":{"@id":"https:\/\/www.autonom.ro\/blog\/#\/schema\/logo\/image\/"},"sameAs":["https:\/\/www.facebook.com\/AutonomRomania\/","http:\/\/www.instagram.com\/autonom.romania\/","https:\/\/www.linkedin.com\/company\/autonom-rent-a-car"]},{"@type":"Person","@id":"https:\/\/www.autonom.ro\/blog\/#\/schema\/person\/f1fb1363348130209d6874b844b15eb6","name":"ejumpadmin","image":{"@type":"ImageObject","inLanguage":"ro-RO","@id":"https:\/\/secure.gravatar.com\/avatar\/fada40facfde12e5447936e32aa16524a47a263ebad3418b2eeefd949036196c?s=96&d=mm&r=g","url":"https:\/\/secure.gravatar.com\/avatar\/fada40facfde12e5447936e32aa16524a47a263ebad3418b2eeefd949036196c?s=96&d=mm&r=g","contentUrl":"https:\/\/secure.gravatar.com\/avatar\/fada40facfde12e5447936e32aa16524a47a263ebad3418b2eeefd949036196c?s=96&d=mm&r=g","caption":"ejumpadmin"},"url":"https:\/\/www.autonom.ro\/blog\/author\/ejumpadmin\/"}]}},"_links":{"self":[{"href":"https:\/\/www.autonom.ro\/blog\/wp-json\/wp\/v2\/posts\/6977","targetHints":{"allow":["GET"]}}],"collection":[{"href":"https:\/\/www.autonom.ro\/blog\/wp-json\/wp\/v2\/posts"}],"about":[{"href":"https:\/\/www.autonom.ro\/blog\/wp-json\/wp\/v2\/types\/post"}],"author":[{"embeddable":true,"href":"https:\/\/www.autonom.ro\/blog\/wp-json\/wp\/v2\/users\/3"}],"replies":[{"embeddable":true,"href":"https:\/\/www.autonom.ro\/blog\/wp-json\/wp\/v2\/comments?post=6977"}],"version-history":[{"count":7,"href":"https:\/\/www.autonom.ro\/blog\/wp-json\/wp\/v2\/posts\/6977\/revisions"}],"predecessor-version":[{"id":6993,"href":"https:\/\/www.autonom.ro\/blog\/wp-json\/wp\/v2\/posts\/6977\/revisions\/6993"}],"wp:featuredmedia":[{"embeddable":true,"href":"https:\/\/www.autonom.ro\/blog\/wp-json\/wp\/v2\/media\/6978"}],"wp:attachment":[{"href":"https:\/\/www.autonom.ro\/blog\/wp-json\/wp\/v2\/media?parent=6977"}],"wp:term":[{"taxonomy":"category","embeddable":true,"href":"https:\/\/www.autonom.ro\/blog\/wp-json\/wp\/v2\/categories?post=6977"},{"taxonomy":"post_tag","embeddable":true,"href":"https:\/\/www.autonom.ro\/blog\/wp-json\/wp\/v2\/tags?post=6977"}],"curies":[{"name":"wp","href":"https:\/\/api.w.org\/{rel}","templated":true}]}}