{"id":6999,"date":"2024-11-14T14:54:32","date_gmt":"2024-11-14T11:54:32","guid":{"rendered":"https:\/\/www.autonom.ro\/blog\/?p=6999"},"modified":"2024-11-14T14:55:59","modified_gmt":"2024-11-14T11:55:59","slug":"programul-devino-autonom-se-afla-printre-proiectele-sustinute-de-fundatia-orange","status":"publish","type":"post","link":"https:\/\/www.autonom.ro\/blog\/programul-devino-autonom-se-afla-printre-proiectele-sustinute-de-fundatia-orange\/","title":{"rendered":"Programul \u201cDevino Autonom\u201d se afl\u0103 printre proiectele sus\u021binute de Funda\u021bia Orange"},"content":{"rendered":"\n<h2 class=\"wp-block-heading\"><strong>Proiectul Devino Autonom, dezvoltat de Funda\u021bia Autonom, este sprijinit anul acesta de Funda\u021bia Orange, prin programul \u00a0<a href=\"https:\/\/www.fundatiaorange.ro\/programe\/sustine-un-ong\/\">Sus\u021bine un ONG<\/a>, ini\u021biativa prin care angaja\u021bii Orange se implic\u0103 activ \u00een ac\u021biuni de voluntariat \u0219i de sprijinire a comunit\u0103\u021bilor.<\/strong><\/h2>\n\n\n\n<figure class=\"wp-block-image size-large\"><img loading=\"lazy\" decoding=\"async\" width=\"1024\" height=\"724\" src=\"https:\/\/www.autonom.ro\/blog\/wp-content\/uploads\/2024\/11\/Orange-1-1024x724.jpeg\" alt=\"\" class=\"wp-image-7002\" srcset=\"https:\/\/www.autonom.ro\/blog\/wp-content\/uploads\/2024\/11\/Orange-1-1024x724.jpeg 1024w, https:\/\/www.autonom.ro\/blog\/wp-content\/uploads\/2024\/11\/Orange-1-300x212.jpeg 300w, https:\/\/www.autonom.ro\/blog\/wp-content\/uploads\/2024\/11\/Orange-1-768x543.jpeg 768w, https:\/\/www.autonom.ro\/blog\/wp-content\/uploads\/2024\/11\/Orange-1-1536x1086.jpeg 1536w, https:\/\/www.autonom.ro\/blog\/wp-content\/uploads\/2024\/11\/Orange-1.jpeg 1600w\" sizes=\"auto, (max-width: 1024px) 100vw, 1024px\" \/><\/figure>\n\n\n\n<p>Programul implementat de Funda\u021bia Autonom are scopul de a contribui la formarea de caractere puternice, integre \u0219i empatice. Prin intermediul a 10 cursuri, 60 de elevi de gimnaziu din zonele rurale pornesc \u00eentr-o c\u0103l\u0103torie de autodescoperire, prin care Funda\u021bia Autonom \u00eei sprijin\u0103 \u00een parcursul lor de \u00een\u021belegere a valorilor personale, a pasiunilor, a importan\u021bei implic\u0103rii \u00een comunitate, s\u0103 \u00ee\u0219i formeze abilit\u0103\u021bile financiare \u0219i nu numai.<\/p>\n\n\n\n<blockquote class=\"wp-block-quote is-layout-flow wp-block-quote-is-layout-flow\">\n<blockquote class=\"wp-block-quote is-layout-flow wp-block-quote-is-layout-flow\">\n<p>\u201cSuntem entuziasma\u021bi de oportunitatea de a duce acest program \u00een comunit\u0103\u021bi defavorizate, unde impactul pozitiv poate fi resim\u021bit cel mai puternic. Prin sprijinul Funda\u021biei Orange \u0219i al volunatrilor implica\u021bi \u00een proiect, vom putea oferi tinerilor instrumentele necesare pentru a deveni adul\u021bi responsabili \u0219i implica\u021bi. Mul\u021bumim tuturor celor care au f\u0103cut posibil\u0103 aceast\u0103 realizare \u0219i a\u0219tept\u0103m cu ner\u0103bdare s\u0103 vedem rezultatele frumoase pe care le va aduce programul \u201eDevino Autonom\u201d.\u201d a declarat C\u0103t\u0103lina Nicola, directorul executiv al Funda\u021biei Autonom.<\/p>\n<\/blockquote>\n<\/blockquote>\n\n\n\n<p>Proiectul Devino Autonom a luat na\u0219tere \u00een 2021, fiind predat claselor de a VII-a \u0219i a VIII-a, \u00een localit\u0103\u021bile Bra\u0219ov, Bucure\u0219ti, Cluj-Napoca, Constan\u021ba, Craiova, Piatra-Neam\u021b, Ploie\u0219ti \u0219i Tarc\u0103u. P\u00e2n\u0103 \u00een prezent, proiectul a fost implementat \u00een peste 60 de clase din toat\u0103 \u021bara, ajung\u00e2nd la peste 1500 de beneficiari.<\/p>\n\n\n\n<p>Funda\u021bia Orange investe\u0219te 130.000 de euro \u00een cele 13 proiecte selectate anul acesta, menite s\u0103 ajung\u0103 la 4700 beneficiari din comunit\u0103\u021bi defavorizate.&nbsp;<\/p>\n\n\n\n<p><strong>Despre Funda\u021bia Autonom<\/strong><\/p>\n\n\n\n<p>Funda\u021bia Autonom este o organiza\u021bie non-profit pornit\u0103 \u00een urm\u0103 cu 11 ani de Marius \u0219i Dan \u0218tefan, menit\u0103 s\u0103 participe la dezvoltarea educa\u0163iei \u0219i s\u0103 ofere un mediu prielnic \u00een care angaja\u021bii Autonom s\u0103 se implice \u0219i s\u0103 poat\u0103 deveni voluntarii care aduc schimb\u0103ri \u00een sistemul educa\u0163ional al comunit\u0103\u0163ilor din care fac parte.<\/p>\n\n\n\n<p>Prin intermediul Funda\u021biei Autonom, au fost dezvoltate 1.075 de proiecte \u00een cei 11 ani de activitate, ajung\u00e2nd la peste 10.000 de beneficiari din 100 de localit\u0103\u021bi din Rom\u00e2nia, cu ajutorul a 400 de voluntari.<\/p>\n\n\n\n<p><strong>Despre Funda\u021bia Orange<\/strong><\/p>\n\n\n\n<p><a href=\"https:\/\/www.fundatiaorange.ro\/despre-noi\/\">Funda\u021bia Orange<\/a>&nbsp;este o organiza\u021bie non-profit care se implic\u0103 \u00een via\u021ba comunit\u0103\u021bii prin realizarea de proiecte de filantropie menite s\u0103 aduc\u0103 schimb\u0103ri pozitive \u00een via\u021ba persoanelor dezavantajate. \u00cen cei 12 ani de activitate, Funda\u021bia Orange a investit peste 7,8&nbsp; milioane de euro \u00een proiecte de educa\u021bie digital\u0103 pentru persoane defavorizate \u0219i \u00een proiecte de s\u0103n\u0103tate, educa\u021bie, cultur\u0103 \u00een beneficiul persoanelor cu deficien\u021be de vedere \u0219i\/sau de auz, \u00een scopul incluziunii lor sociale. Principalele programe ale funda\u021biei sunt: \u201dOrange Digital Center\u201d, \u201eDigitaliada\u201d, \u201eSus\u021bine un ONG\u201d, \u201eLumea prin culoare \u0219i sunet\u201d, \u201cSolidarity FabLabs\u201d \u0219i \u201cCentrul Digital pentru Femei\u201d.<\/p>\n\n\n\n<p><\/p>\n","protected":false},"excerpt":{"rendered":"<p>Proiectul Devino Autonom, dezvoltat de Funda\u021bia Autonom, este sprijinit anul acesta de Funda\u021bia Orange, prin programul \u00a0Sus\u021bine un ONG, ini\u021biativa prin care angaja\u021bii Orange se implic\u0103 activ \u00een ac\u021biuni de voluntariat \u0219i de sprijinire a comunit\u0103\u021bilor. Programul implementat de Funda\u021bia Autonom are scopul de a contribui la formarea de caractere puternice, integre \u0219i empatice. Prin [&hellip;]<\/p>\n","protected":false},"author":3,"featured_media":7001,"comment_status":"closed","ping_status":"closed","sticky":false,"template":"","format":"standard","meta":{"inline_featured_image":false,"footnotes":""},"categories":[1915,1913],"tags":[],"class_list":["post-6999","post","type-post","status-publish","format-standard","has-post-thumbnail","hentry","category-diverse","category-evoluam-in-fiecare-zi"],"yoast_head":"<!-- This site is optimized with the Yoast SEO plugin v27.3 - https:\/\/yoast.com\/product\/yoast-seo-wordpress\/ -->\n<title>Programul \u201cDevino Autonom\u201d se afl\u0103 printre proiectele sus\u021binute de Funda\u021bia Orange - Blog Autonom<\/title>\n<meta name=\"robots\" content=\"index, follow, max-snippet:-1, max-image-preview:large, max-video-preview:-1\" \/>\n<link rel=\"canonical\" href=\"https:\/\/www.autonom.ro\/blog\/programul-devino-autonom-se-afla-printre-proiectele-sustinute-de-fundatia-orange\/\" \/>\n<meta property=\"og:locale\" content=\"ro_RO\" \/>\n<meta property=\"og:type\" content=\"article\" \/>\n<meta property=\"og:title\" content=\"Programul \u201cDevino Autonom\u201d se afl\u0103 printre proiectele sus\u021binute de Funda\u021bia Orange - Blog Autonom\" \/>\n<meta property=\"og:description\" content=\"Proiectul Devino Autonom, dezvoltat de Funda\u021bia Autonom, este sprijinit anul acesta de Funda\u021bia Orange, prin programul \u00a0Sus\u021bine un ONG, ini\u021biativa prin care angaja\u021bii Orange se implic\u0103 activ \u00een ac\u021biuni de voluntariat \u0219i de sprijinire a comunit\u0103\u021bilor. Programul implementat de Funda\u021bia Autonom are scopul de a contribui la formarea de caractere puternice, integre \u0219i empatice. Prin [&hellip;]\" \/>\n<meta property=\"og:url\" content=\"https:\/\/www.autonom.ro\/blog\/programul-devino-autonom-se-afla-printre-proiectele-sustinute-de-fundatia-orange\/\" \/>\n<meta property=\"og:site_name\" content=\"Blog Autonom\" \/>\n<meta property=\"article:publisher\" content=\"https:\/\/www.facebook.com\/AutonomRomania\/\" \/>\n<meta property=\"article:published_time\" content=\"2024-11-14T11:54:32+00:00\" \/>\n<meta property=\"article:modified_time\" content=\"2024-11-14T11:55:59+00:00\" \/>\n<meta property=\"og:image\" content=\"https:\/\/www.autonom.ro\/blog\/wp-content\/uploads\/2024\/11\/Orange.jpeg\" \/>\n\t<meta property=\"og:image:width\" content=\"1600\" \/>\n\t<meta property=\"og:image:height\" content=\"1131\" \/>\n\t<meta property=\"og:image:type\" content=\"image\/jpeg\" \/>\n<meta name=\"author\" content=\"ejumpadmin\" \/>\n<meta name=\"twitter:card\" content=\"summary_large_image\" \/>\n<meta name=\"twitter:label1\" content=\"Scris de\" \/>\n\t<meta name=\"twitter:data1\" content=\"ejumpadmin\" \/>\n\t<meta name=\"twitter:label2\" content=\"Timp estimat pentru citire\" \/>\n\t<meta name=\"twitter:data2\" content=\"3 minute\" \/>\n<script type=\"application\/ld+json\" class=\"yoast-schema-graph\">{\"@context\":\"https:\\\/\\\/schema.org\",\"@graph\":[{\"@type\":\"Article\",\"@id\":\"https:\\\/\\\/www.autonom.ro\\\/blog\\\/programul-devino-autonom-se-afla-printre-proiectele-sustinute-de-fundatia-orange\\\/#article\",\"isPartOf\":{\"@id\":\"https:\\\/\\\/www.autonom.ro\\\/blog\\\/programul-devino-autonom-se-afla-printre-proiectele-sustinute-de-fundatia-orange\\\/\"},\"author\":{\"name\":\"ejumpadmin\",\"@id\":\"https:\\\/\\\/www.autonom.ro\\\/blog\\\/#\\\/schema\\\/person\\\/f1fb1363348130209d6874b844b15eb6\"},\"headline\":\"Programul \u201cDevino Autonom\u201d se afl\u0103 printre proiectele sus\u021binute de Funda\u021bia Orange\",\"datePublished\":\"2024-11-14T11:54:32+00:00\",\"dateModified\":\"2024-11-14T11:55:59+00:00\",\"mainEntityOfPage\":{\"@id\":\"https:\\\/\\\/www.autonom.ro\\\/blog\\\/programul-devino-autonom-se-afla-printre-proiectele-sustinute-de-fundatia-orange\\\/\"},\"wordCount\":509,\"publisher\":{\"@id\":\"https:\\\/\\\/www.autonom.ro\\\/blog\\\/#organization\"},\"image\":{\"@id\":\"https:\\\/\\\/www.autonom.ro\\\/blog\\\/programul-devino-autonom-se-afla-printre-proiectele-sustinute-de-fundatia-orange\\\/#primaryimage\"},\"thumbnailUrl\":\"https:\\\/\\\/www.autonom.ro\\\/blog\\\/wp-content\\\/uploads\\\/2024\\\/11\\\/Orange.jpeg\",\"articleSection\":[\"Diverse\",\"Evoluam in fiecare zi\"],\"inLanguage\":\"ro-RO\"},{\"@type\":\"WebPage\",\"@id\":\"https:\\\/\\\/www.autonom.ro\\\/blog\\\/programul-devino-autonom-se-afla-printre-proiectele-sustinute-de-fundatia-orange\\\/\",\"url\":\"https:\\\/\\\/www.autonom.ro\\\/blog\\\/programul-devino-autonom-se-afla-printre-proiectele-sustinute-de-fundatia-orange\\\/\",\"name\":\"Programul \u201cDevino Autonom\u201d se afl\u0103 printre proiectele sus\u021binute de Funda\u021bia Orange - Blog Autonom\",\"isPartOf\":{\"@id\":\"https:\\\/\\\/www.autonom.ro\\\/blog\\\/#website\"},\"primaryImageOfPage\":{\"@id\":\"https:\\\/\\\/www.autonom.ro\\\/blog\\\/programul-devino-autonom-se-afla-printre-proiectele-sustinute-de-fundatia-orange\\\/#primaryimage\"},\"image\":{\"@id\":\"https:\\\/\\\/www.autonom.ro\\\/blog\\\/programul-devino-autonom-se-afla-printre-proiectele-sustinute-de-fundatia-orange\\\/#primaryimage\"},\"thumbnailUrl\":\"https:\\\/\\\/www.autonom.ro\\\/blog\\\/wp-content\\\/uploads\\\/2024\\\/11\\\/Orange.jpeg\",\"datePublished\":\"2024-11-14T11:54:32+00:00\",\"dateModified\":\"2024-11-14T11:55:59+00:00\",\"breadcrumb\":{\"@id\":\"https:\\\/\\\/www.autonom.ro\\\/blog\\\/programul-devino-autonom-se-afla-printre-proiectele-sustinute-de-fundatia-orange\\\/#breadcrumb\"},\"inLanguage\":\"ro-RO\",\"potentialAction\":[{\"@type\":\"ReadAction\",\"target\":[\"https:\\\/\\\/www.autonom.ro\\\/blog\\\/programul-devino-autonom-se-afla-printre-proiectele-sustinute-de-fundatia-orange\\\/\"]}]},{\"@type\":\"ImageObject\",\"inLanguage\":\"ro-RO\",\"@id\":\"https:\\\/\\\/www.autonom.ro\\\/blog\\\/programul-devino-autonom-se-afla-printre-proiectele-sustinute-de-fundatia-orange\\\/#primaryimage\",\"url\":\"https:\\\/\\\/www.autonom.ro\\\/blog\\\/wp-content\\\/uploads\\\/2024\\\/11\\\/Orange.jpeg\",\"contentUrl\":\"https:\\\/\\\/www.autonom.ro\\\/blog\\\/wp-content\\\/uploads\\\/2024\\\/11\\\/Orange.jpeg\",\"width\":1600,\"height\":1131},{\"@type\":\"BreadcrumbList\",\"@id\":\"https:\\\/\\\/www.autonom.ro\\\/blog\\\/programul-devino-autonom-se-afla-printre-proiectele-sustinute-de-fundatia-orange\\\/#breadcrumb\",\"itemListElement\":[{\"@type\":\"ListItem\",\"position\":1,\"name\":\"Prima pagin\u0103\",\"item\":\"https:\\\/\\\/www.autonom.ro\\\/blog\\\/\"},{\"@type\":\"ListItem\",\"position\":2,\"name\":\"Programul \u201cDevino Autonom\u201d se afl\u0103 printre proiectele sus\u021binute de Funda\u021bia Orange\"}]},{\"@type\":\"WebSite\",\"@id\":\"https:\\\/\\\/www.autonom.ro\\\/blog\\\/#website\",\"url\":\"https:\\\/\\\/www.autonom.ro\\\/blog\\\/\",\"name\":\"Blog Autonom\",\"description\":\"\",\"publisher\":{\"@id\":\"https:\\\/\\\/www.autonom.ro\\\/blog\\\/#organization\"},\"potentialAction\":[{\"@type\":\"SearchAction\",\"target\":{\"@type\":\"EntryPoint\",\"urlTemplate\":\"https:\\\/\\\/www.autonom.ro\\\/blog\\\/?s={search_term_string}\"},\"query-input\":{\"@type\":\"PropertyValueSpecification\",\"valueRequired\":true,\"valueName\":\"search_term_string\"}}],\"inLanguage\":\"ro-RO\"},{\"@type\":\"Organization\",\"@id\":\"https:\\\/\\\/www.autonom.ro\\\/blog\\\/#organization\",\"name\":\"Blog Autonom\",\"url\":\"https:\\\/\\\/www.autonom.ro\\\/blog\\\/\",\"logo\":{\"@type\":\"ImageObject\",\"inLanguage\":\"ro-RO\",\"@id\":\"https:\\\/\\\/www.autonom.ro\\\/blog\\\/#\\\/schema\\\/logo\\\/image\\\/\",\"url\":\"https:\\\/\\\/www.autonom.ro\\\/blog\\\/wp-content\\\/uploads\\\/2020\\\/10\\\/cropped-Autonom_Corporate-Logo-Color-Orizontal-RGB.png\",\"contentUrl\":\"https:\\\/\\\/www.autonom.ro\\\/blog\\\/wp-content\\\/uploads\\\/2020\\\/10\\\/cropped-Autonom_Corporate-Logo-Color-Orizontal-RGB.png\",\"width\":724,\"height\":250,\"caption\":\"Blog Autonom\"},\"image\":{\"@id\":\"https:\\\/\\\/www.autonom.ro\\\/blog\\\/#\\\/schema\\\/logo\\\/image\\\/\"},\"sameAs\":[\"https:\\\/\\\/www.facebook.com\\\/AutonomRomania\\\/\",\"http:\\\/\\\/www.instagram.com\\\/autonom.romania\\\/\",\"https:\\\/\\\/www.linkedin.com\\\/company\\\/autonom-rent-a-car\"]},{\"@type\":\"Person\",\"@id\":\"https:\\\/\\\/www.autonom.ro\\\/blog\\\/#\\\/schema\\\/person\\\/f1fb1363348130209d6874b844b15eb6\",\"name\":\"ejumpadmin\",\"image\":{\"@type\":\"ImageObject\",\"inLanguage\":\"ro-RO\",\"@id\":\"https:\\\/\\\/secure.gravatar.com\\\/avatar\\\/fada40facfde12e5447936e32aa16524a47a263ebad3418b2eeefd949036196c?s=96&d=mm&r=g\",\"url\":\"https:\\\/\\\/secure.gravatar.com\\\/avatar\\\/fada40facfde12e5447936e32aa16524a47a263ebad3418b2eeefd949036196c?s=96&d=mm&r=g\",\"contentUrl\":\"https:\\\/\\\/secure.gravatar.com\\\/avatar\\\/fada40facfde12e5447936e32aa16524a47a263ebad3418b2eeefd949036196c?s=96&d=mm&r=g\",\"caption\":\"ejumpadmin\"},\"url\":\"https:\\\/\\\/www.autonom.ro\\\/blog\\\/author\\\/ejumpadmin\\\/\"}]}<\/script>\n<!-- \/ Yoast SEO plugin. -->","yoast_head_json":{"title":"Programul \u201cDevino Autonom\u201d se afl\u0103 printre proiectele sus\u021binute de Funda\u021bia Orange - Blog Autonom","robots":{"index":"index","follow":"follow","max-snippet":"max-snippet:-1","max-image-preview":"max-image-preview:large","max-video-preview":"max-video-preview:-1"},"canonical":"https:\/\/www.autonom.ro\/blog\/programul-devino-autonom-se-afla-printre-proiectele-sustinute-de-fundatia-orange\/","og_locale":"ro_RO","og_type":"article","og_title":"Programul \u201cDevino Autonom\u201d se afl\u0103 printre proiectele sus\u021binute de Funda\u021bia Orange - Blog Autonom","og_description":"Proiectul Devino Autonom, dezvoltat de Funda\u021bia Autonom, este sprijinit anul acesta de Funda\u021bia Orange, prin programul \u00a0Sus\u021bine un ONG, ini\u021biativa prin care angaja\u021bii Orange se implic\u0103 activ \u00een ac\u021biuni de voluntariat \u0219i de sprijinire a comunit\u0103\u021bilor. Programul implementat de Funda\u021bia Autonom are scopul de a contribui la formarea de caractere puternice, integre \u0219i empatice. Prin [&hellip;]","og_url":"https:\/\/www.autonom.ro\/blog\/programul-devino-autonom-se-afla-printre-proiectele-sustinute-de-fundatia-orange\/","og_site_name":"Blog Autonom","article_publisher":"https:\/\/www.facebook.com\/AutonomRomania\/","article_published_time":"2024-11-14T11:54:32+00:00","article_modified_time":"2024-11-14T11:55:59+00:00","og_image":[{"width":1600,"height":1131,"url":"https:\/\/www.autonom.ro\/blog\/wp-content\/uploads\/2024\/11\/Orange.jpeg","type":"image\/jpeg"}],"author":"ejumpadmin","twitter_card":"summary_large_image","twitter_misc":{"Scris de":"ejumpadmin","Timp estimat pentru citire":"3 minute"},"schema":{"@context":"https:\/\/schema.org","@graph":[{"@type":"Article","@id":"https:\/\/www.autonom.ro\/blog\/programul-devino-autonom-se-afla-printre-proiectele-sustinute-de-fundatia-orange\/#article","isPartOf":{"@id":"https:\/\/www.autonom.ro\/blog\/programul-devino-autonom-se-afla-printre-proiectele-sustinute-de-fundatia-orange\/"},"author":{"name":"ejumpadmin","@id":"https:\/\/www.autonom.ro\/blog\/#\/schema\/person\/f1fb1363348130209d6874b844b15eb6"},"headline":"Programul \u201cDevino Autonom\u201d se afl\u0103 printre proiectele sus\u021binute de Funda\u021bia Orange","datePublished":"2024-11-14T11:54:32+00:00","dateModified":"2024-11-14T11:55:59+00:00","mainEntityOfPage":{"@id":"https:\/\/www.autonom.ro\/blog\/programul-devino-autonom-se-afla-printre-proiectele-sustinute-de-fundatia-orange\/"},"wordCount":509,"publisher":{"@id":"https:\/\/www.autonom.ro\/blog\/#organization"},"image":{"@id":"https:\/\/www.autonom.ro\/blog\/programul-devino-autonom-se-afla-printre-proiectele-sustinute-de-fundatia-orange\/#primaryimage"},"thumbnailUrl":"https:\/\/www.autonom.ro\/blog\/wp-content\/uploads\/2024\/11\/Orange.jpeg","articleSection":["Diverse","Evoluam in fiecare zi"],"inLanguage":"ro-RO"},{"@type":"WebPage","@id":"https:\/\/www.autonom.ro\/blog\/programul-devino-autonom-se-afla-printre-proiectele-sustinute-de-fundatia-orange\/","url":"https:\/\/www.autonom.ro\/blog\/programul-devino-autonom-se-afla-printre-proiectele-sustinute-de-fundatia-orange\/","name":"Programul \u201cDevino Autonom\u201d se afl\u0103 printre proiectele sus\u021binute de Funda\u021bia Orange - Blog Autonom","isPartOf":{"@id":"https:\/\/www.autonom.ro\/blog\/#website"},"primaryImageOfPage":{"@id":"https:\/\/www.autonom.ro\/blog\/programul-devino-autonom-se-afla-printre-proiectele-sustinute-de-fundatia-orange\/#primaryimage"},"image":{"@id":"https:\/\/www.autonom.ro\/blog\/programul-devino-autonom-se-afla-printre-proiectele-sustinute-de-fundatia-orange\/#primaryimage"},"thumbnailUrl":"https:\/\/www.autonom.ro\/blog\/wp-content\/uploads\/2024\/11\/Orange.jpeg","datePublished":"2024-11-14T11:54:32+00:00","dateModified":"2024-11-14T11:55:59+00:00","breadcrumb":{"@id":"https:\/\/www.autonom.ro\/blog\/programul-devino-autonom-se-afla-printre-proiectele-sustinute-de-fundatia-orange\/#breadcrumb"},"inLanguage":"ro-RO","potentialAction":[{"@type":"ReadAction","target":["https:\/\/www.autonom.ro\/blog\/programul-devino-autonom-se-afla-printre-proiectele-sustinute-de-fundatia-orange\/"]}]},{"@type":"ImageObject","inLanguage":"ro-RO","@id":"https:\/\/www.autonom.ro\/blog\/programul-devino-autonom-se-afla-printre-proiectele-sustinute-de-fundatia-orange\/#primaryimage","url":"https:\/\/www.autonom.ro\/blog\/wp-content\/uploads\/2024\/11\/Orange.jpeg","contentUrl":"https:\/\/www.autonom.ro\/blog\/wp-content\/uploads\/2024\/11\/Orange.jpeg","width":1600,"height":1131},{"@type":"BreadcrumbList","@id":"https:\/\/www.autonom.ro\/blog\/programul-devino-autonom-se-afla-printre-proiectele-sustinute-de-fundatia-orange\/#breadcrumb","itemListElement":[{"@type":"ListItem","position":1,"name":"Prima pagin\u0103","item":"https:\/\/www.autonom.ro\/blog\/"},{"@type":"ListItem","position":2,"name":"Programul \u201cDevino Autonom\u201d se afl\u0103 printre proiectele sus\u021binute de Funda\u021bia Orange"}]},{"@type":"WebSite","@id":"https:\/\/www.autonom.ro\/blog\/#website","url":"https:\/\/www.autonom.ro\/blog\/","name":"Blog Autonom","description":"","publisher":{"@id":"https:\/\/www.autonom.ro\/blog\/#organization"},"potentialAction":[{"@type":"SearchAction","target":{"@type":"EntryPoint","urlTemplate":"https:\/\/www.autonom.ro\/blog\/?s={search_term_string}"},"query-input":{"@type":"PropertyValueSpecification","valueRequired":true,"valueName":"search_term_string"}}],"inLanguage":"ro-RO"},{"@type":"Organization","@id":"https:\/\/www.autonom.ro\/blog\/#organization","name":"Blog Autonom","url":"https:\/\/www.autonom.ro\/blog\/","logo":{"@type":"ImageObject","inLanguage":"ro-RO","@id":"https:\/\/www.autonom.ro\/blog\/#\/schema\/logo\/image\/","url":"https:\/\/www.autonom.ro\/blog\/wp-content\/uploads\/2020\/10\/cropped-Autonom_Corporate-Logo-Color-Orizontal-RGB.png","contentUrl":"https:\/\/www.autonom.ro\/blog\/wp-content\/uploads\/2020\/10\/cropped-Autonom_Corporate-Logo-Color-Orizontal-RGB.png","width":724,"height":250,"caption":"Blog Autonom"},"image":{"@id":"https:\/\/www.autonom.ro\/blog\/#\/schema\/logo\/image\/"},"sameAs":["https:\/\/www.facebook.com\/AutonomRomania\/","http:\/\/www.instagram.com\/autonom.romania\/","https:\/\/www.linkedin.com\/company\/autonom-rent-a-car"]},{"@type":"Person","@id":"https:\/\/www.autonom.ro\/blog\/#\/schema\/person\/f1fb1363348130209d6874b844b15eb6","name":"ejumpadmin","image":{"@type":"ImageObject","inLanguage":"ro-RO","@id":"https:\/\/secure.gravatar.com\/avatar\/fada40facfde12e5447936e32aa16524a47a263ebad3418b2eeefd949036196c?s=96&d=mm&r=g","url":"https:\/\/secure.gravatar.com\/avatar\/fada40facfde12e5447936e32aa16524a47a263ebad3418b2eeefd949036196c?s=96&d=mm&r=g","contentUrl":"https:\/\/secure.gravatar.com\/avatar\/fada40facfde12e5447936e32aa16524a47a263ebad3418b2eeefd949036196c?s=96&d=mm&r=g","caption":"ejumpadmin"},"url":"https:\/\/www.autonom.ro\/blog\/author\/ejumpadmin\/"}]}},"_links":{"self":[{"href":"https:\/\/www.autonom.ro\/blog\/wp-json\/wp\/v2\/posts\/6999","targetHints":{"allow":["GET"]}}],"collection":[{"href":"https:\/\/www.autonom.ro\/blog\/wp-json\/wp\/v2\/posts"}],"about":[{"href":"https:\/\/www.autonom.ro\/blog\/wp-json\/wp\/v2\/types\/post"}],"author":[{"embeddable":true,"href":"https:\/\/www.autonom.ro\/blog\/wp-json\/wp\/v2\/users\/3"}],"replies":[{"embeddable":true,"href":"https:\/\/www.autonom.ro\/blog\/wp-json\/wp\/v2\/comments?post=6999"}],"version-history":[{"count":2,"href":"https:\/\/www.autonom.ro\/blog\/wp-json\/wp\/v2\/posts\/6999\/revisions"}],"predecessor-version":[{"id":7003,"href":"https:\/\/www.autonom.ro\/blog\/wp-json\/wp\/v2\/posts\/6999\/revisions\/7003"}],"wp:featuredmedia":[{"embeddable":true,"href":"https:\/\/www.autonom.ro\/blog\/wp-json\/wp\/v2\/media\/7001"}],"wp:attachment":[{"href":"https:\/\/www.autonom.ro\/blog\/wp-json\/wp\/v2\/media?parent=6999"}],"wp:term":[{"taxonomy":"category","embeddable":true,"href":"https:\/\/www.autonom.ro\/blog\/wp-json\/wp\/v2\/categories?post=6999"},{"taxonomy":"post_tag","embeddable":true,"href":"https:\/\/www.autonom.ro\/blog\/wp-json\/wp\/v2\/tags?post=6999"}],"curies":[{"name":"wp","href":"https:\/\/api.w.org\/{rel}","templated":true}]}}