{"id":7013,"date":"2024-12-12T16:11:33","date_gmt":"2024-12-12T13:11:33","guid":{"rendered":"https:\/\/www.autonom.ro\/blog\/?p=7013"},"modified":"2025-03-18T15:52:26","modified_gmt":"2025-03-18T12:52:26","slug":"inima-bucovinei-o-calatorie-spre-traditie-si-spiritualitate","status":"publish","type":"post","link":"https:\/\/www.autonom.ro\/blog\/inima-bucovinei-o-calatorie-spre-traditie-si-spiritualitate\/","title":{"rendered":"Inima Bucovinei: O c\u0103l\u0103torie spre tradi\u021bie \u0219i spiritualitate"},"content":{"rendered":"\n<p>Bucovina, acest col\u021b de rai al Rom\u00e2niei, este mai mult dec\u00e2t o destina\u021bie turistic\u0103 \u2013 este o invita\u021bie la lini\u0219te, contemplare \u0219i descoperire. Cu bisericile \u0219i m\u0103n\u0103stirile sale unice, incluse \u00een Patrimoniul UNESCO, \u0219i peisajele naturale care \u00ee\u021bi taie respira\u021bia, aceast\u0103 regiune \u00eembin\u0103 spiritualitatea cu frumuse\u021bea pur\u0103. Iar acum, te po\u021bi bucura de tot ce are de oferit Bucovina, f\u0103r\u0103 stresul condusului, cu <strong>Autonom Drive<\/strong>, serviciul nostru de transfer cu \u0219ofer.<\/p>\n\n\n<figure class=\"wp-block-post-featured-image\"><img loading=\"lazy\" decoding=\"async\" width=\"2240\" height=\"1260\" src=\"https:\/\/www.autonom.ro\/blog\/wp-content\/uploads\/2024\/12\/Blog-banner-Autonom-Drive-Suceava-3.png\" class=\"attachment-post-thumbnail size-post-thumbnail wp-post-image\" alt=\"\" style=\"object-fit:cover;\" srcset=\"https:\/\/www.autonom.ro\/blog\/wp-content\/uploads\/2024\/12\/Blog-banner-Autonom-Drive-Suceava-3.png 2240w, https:\/\/www.autonom.ro\/blog\/wp-content\/uploads\/2024\/12\/Blog-banner-Autonom-Drive-Suceava-3-300x169.png 300w, https:\/\/www.autonom.ro\/blog\/wp-content\/uploads\/2024\/12\/Blog-banner-Autonom-Drive-Suceava-3-1024x576.png 1024w, https:\/\/www.autonom.ro\/blog\/wp-content\/uploads\/2024\/12\/Blog-banner-Autonom-Drive-Suceava-3-768x432.png 768w, https:\/\/www.autonom.ro\/blog\/wp-content\/uploads\/2024\/12\/Blog-banner-Autonom-Drive-Suceava-3-1536x864.png 1536w, https:\/\/www.autonom.ro\/blog\/wp-content\/uploads\/2024\/12\/Blog-banner-Autonom-Drive-Suceava-3-2048x1152.png 2048w\" sizes=\"auto, (max-width: 2240px) 100vw, 2240px\" \/><\/figure>\n\n\n<h2 class=\"wp-block-heading has-blue-one-color has-text-color has-link-color wp-elements-5bd06ab6e9146e6c8b8c4882ec074e7b\"><strong>Un tur de o zi prin inima Bucovinei<\/strong><\/h2>\n\n\n\n<p>Dac\u0103 ai doar o zi la dispozi\u021bie, nu \u00eenseamn\u0103 c\u0103 trebuie s\u0103 renun\u021bi la farmecul Bucovinei. Din Suceava, pornim \u00eentr-o c\u0103l\u0103torie ce dureaz\u0103 aproximativ 10 ore, trec\u00e2nd prin cele mai cunoscute m\u0103n\u0103stiri \u0219i biserici, fiecare cu povestea sa.<\/p>\n\n\n\n<p>Primul popas este la <strong>M\u0103n\u0103stirea Humor<\/strong>, unde frescele exterioare par a fi desprinse dintr-o alt\u0103 lume. Continu\u0103m cu <strong>M\u0103n\u0103stirea Vorone\u021b<\/strong>, faimoas\u0103 pentru \u201ealbastrul de Vorone\u021b,\u201d o nuan\u021b\u0103 at\u00e2t de unic\u0103 \u00eenc\u00e2t a devenit legend\u0103. De aici, drumul ne duce spre <strong>M\u0103n\u0103stirea Moldovi\u021ba<\/strong>, un loc unde istoria \u0219i credin\u021ba se \u00eempletesc armonios. Ne continu\u0103m traseul la <strong>M\u0103n\u0103stirea Sucevi\u021ba<\/strong>, ale c\u0103rei picturi exterioare spun pove\u0219ti biblice complexe, cu o m\u0103iestrie rar \u00eent\u00e2lnit\u0103.<\/p>\n\n\n\n<p>Unul dintre punctele culminante ale c\u0103l\u0103toriei este <strong>M\u0103n\u0103stirea Putna<\/strong>, locul de odihn\u0103 al lui \u0218tefan cel Mare, unde istoria \u0219i spiritualitatea se simt la fiecare pas. Iar pentru o not\u0103 de autenticitate, vizit\u0103m \u0219i <strong>Biserica de lemn din Putna<\/strong>, care dateaz\u0103 din 1353, \u0219i <strong>Chilia lui Daniil Sihastrul<\/strong>, o grot\u0103 s\u0103pat\u0103 \u00een st\u00e2nc\u0103. \u00cencheiem ziua cu o vizit\u0103 la <strong>M\u0103n\u0103stirea Bogdana<\/strong>, cea mai veche biseric\u0103 de piatr\u0103 din Moldova, \u00eenainte de a ne \u00eentoarce la Suceava.<\/p>\n\n\n\n<div class=\"wp-block-columns is-layout-flex wp-container-core-columns-is-layout-9d6595d7 wp-block-columns-is-layout-flex\">\n<div class=\"wp-block-column is-vertically-aligned-stretch has-white-color has-blue-one-background-color has-text-color has-background has-link-color wp-elements-97b9f4f8bf11ee844c3b840dfe50b07e is-layout-flow wp-block-column-is-layout-flow\">\n<h3 class=\"wp-block-heading has-text-align-center has-white-color has-text-color has-link-color wp-elements-0d6890f8e75022ddf790d6d3f819e117\"><strong>Transfer 1 zi (1-4 persoane)<\/strong><\/h3>\n\n\n\n<div class=\"wp-block-group\"><div class=\"wp-block-group__inner-container is-layout-constrained wp-block-group-is-layout-constrained\">\n<p class=\"has-text-align-center\">\u00cenchiriere autovehicul din clasa Standard<\/p>\n\n\n\n<p class=\"has-text-align-center\">\u0218ofer experimentat<\/p>\n\n\n\n<p class=\"has-text-align-center\">Durat\u0103: 10h<\/p>\n\n\n\n<h3 class=\"wp-block-heading has-text-align-center\"><strong>150 \u20ac \/ zi<\/strong><\/h3>\n<\/div><\/div>\n<\/div>\n\n\n\n<div class=\"wp-block-column is-vertically-aligned-stretch has-white-color has-blue-one-background-color has-text-color has-background has-link-color wp-elements-d7dbd2d44eb7339b0fcf64d0e29fb656 is-layout-flow wp-block-column-is-layout-flow\">\n<h3 class=\"wp-block-heading has-text-align-center\"><strong>Transfer 1 zi (5-8 persoane)<\/strong><\/h3>\n\n\n\n<p class=\"has-text-align-center\">\u00cenchiriere autovehicul din clasa VAN 8+1, ideal pentru familii sau grupuri de prieteni.<\/p>\n\n\n\n<p class=\"has-text-align-center\">\u0218ofer experimentat<\/p>\n\n\n\n<p class=\"has-text-align-center\">Durat\u0103: 10h<\/p>\n\n\n\n<h3 class=\"wp-block-heading has-text-align-center\"><strong>250 \u20ac \/ zi<\/strong><\/h3>\n<\/div>\n<\/div>\n\n\n\n<h2 class=\"wp-block-heading has-blue-one-color has-text-color has-link-color wp-elements-087a9b6cd59addbc2a5db21d9724c26f\"><strong>O experien\u021b\u0103 de dou\u0103 zile pentru cei care vor s\u0103 descopere totul<\/strong><\/h2>\n\n\n\n<p>Pentru cei care doresc s\u0103 aprofundeze magia Bucovinei, turul nostru de dou\u0103 zile ofer\u0103 ocazia de a explora \u0219i mai multe locuri speciale, \u00een ritm relaxat.<\/p>\n\n\n\n<p>\u00cen prima zi, dup\u0103 vizitele la <strong>M\u0103n\u0103stirile Humor<\/strong> \u0219i <strong>Vorone\u021b<\/strong>, ne \u00eendrept\u0103m c\u0103tre <strong>Lacul Iezerul Sadovei<\/strong>, o oaz\u0103 de lini\u0219te \u00een mijlocul naturii. Urmeaz\u0103 <strong>Pasul Palma<\/strong>, unde priveli\u0219tea spectaculoas\u0103 asupra mun\u021bilor Bucovinei este completat\u0103 de cea mai lung\u0103 tirolian\u0103 din Rom\u00e2nia, de 1.000 de metri. Seara, poposim \u00een <strong>Sucevi\u021ba<\/strong>, unde ne caz\u0103m.<\/p>\n\n\n\n<p>A doua zi \u00eencepe cu vizita la <strong>M\u0103n\u0103stirea Sucevi\u021ba<\/strong>, urmat\u0103 de <strong>M\u0103n\u0103stirea Putna<\/strong> \u0219i celelalte obiective din zon\u0103, precum <strong>Chilia lui Daniil Sihastrul<\/strong>. Traseul se \u00eencheie cu <strong>M\u0103n\u0103stirea Dragomirna<\/strong>, impresionant\u0103 prin arhitectura sa zvelt\u0103 \u0219i detaliile sculptate cu migal\u0103.<\/p>\n\n\n\n<div class=\"wp-block-columns is-layout-flex wp-container-core-columns-is-layout-9d6595d7 wp-block-columns-is-layout-flex\">\n<div class=\"wp-block-column has-white-color has-blue-one-background-color has-text-color has-background has-link-color wp-elements-70145088080e94b64ca2c5bd0977db99 is-layout-flow wp-block-column-is-layout-flow\">\n<h3 class=\"wp-block-heading has-text-align-center has-white-color has-text-color has-link-color wp-elements-4447ccdff8188adb714fb6a8ce577264\"><strong>Transfer 2 zile (1-4 persoane)<\/strong><\/h3>\n\n\n\n<p class=\"has-text-align-center\">\u00cenchiriere autovehicul din clasa Standard<\/p>\n\n\n\n<p class=\"has-text-align-center\">\u0218ofer experimentat<\/p>\n\n\n\n<p class=\"has-text-align-center\">Durat\u0103: 2 zile<\/p>\n\n\n\n<h3 class=\"wp-block-heading has-text-align-center\"><strong>250 \u20ac \/ zi<\/strong><\/h3>\n<\/div>\n\n\n\n<div class=\"wp-block-column has-white-color has-blue-one-background-color has-text-color has-background has-link-color wp-elements-58dd9faca23c9f2de867856ed99f746e is-layout-flow wp-block-column-is-layout-flow\">\n<h3 class=\"wp-block-heading has-text-align-center\"><strong>Transfer 2 zile (5-8 persoane)<\/strong><\/h3>\n\n\n\n<p class=\"has-text-align-center\">\u00cenchiriere autovehicul din clasa VAN 8+1, ideal pentru familii sau grupuri de prieteni.<\/p>\n\n\n\n<p class=\"has-text-align-center\">\u0218ofer experimentat<\/p>\n\n\n\n<p class=\"has-text-align-center\">Durat\u0103: 2 zile<\/p>\n\n\n\n<h3 class=\"wp-block-heading has-text-align-center\"><strong>350 \u20ac \/ zi<\/strong><\/h3>\n<\/div>\n<\/div>\n\n\n\n<p><em>*Tarifele nu includ cazarea, mesele sau taxele de acces la obiectivele turistice.<\/em><\/p>\n\n\n\n<h2 class=\"wp-block-heading has-blue-one-color has-text-color has-link-color wp-elements-91d0fd015b910665f781e8e803365afc\"><strong>De ce s\u0103 alegi serviciul nostru?<\/strong><\/h2>\n\n\n\n<p>Alege s\u0103 te bucuri de c\u0103l\u0103torie, l\u0103s\u00e2nd \u0219oferii no\u0219tri s\u0103 se ocupe de toate detaliile. Vehiculele noastre moderne \u00ee\u021bi asigur\u0103 confortul, iar experien\u021ba \u0219oferilor no\u0219tri garanteaz\u0103 un drum sigur \u0219i pl\u0103cut. Tot ce \u00ee\u021bi r\u0103m\u00e2ne este s\u0103 te bucura\u021bi de frumuse\u021bea Bucovinei.<\/p>\n\n\n\n<h2 class=\"wp-block-heading has-blue-one-color has-text-color has-link-color wp-elements-93843ab87a2bbb7b1755c8f21b3d2890\"><strong>Rezerv\u0103ri \u0219i informa\u021bii<\/strong><\/h2>\n\n\n\n<p>Pentru mai multe detalii sau pentru a rezerva un transfer, ne po\u021bi contacta prin e-mail, pe adresa <strong><a href=\"mailto:suceava@autonom.com\">suceava@autonom.com<\/a><\/strong>, telefonic, la num\u0103rul <strong>+40 748 29 56 60<\/strong> sau la sediul nostru din <strong>Calea Unirii, nr. 17, Suceava<\/strong>.<\/p>\n\n\n\n<div class=\"wp-block-buttons is-content-justification-center is-layout-flex wp-container-core-buttons-is-layout-16018d1d wp-block-buttons-is-layout-flex\">\n<div class=\"wp-block-button is-style-fill\"><a class=\"wp-block-button__link has-white-color has-blue-one-background-color has-text-color has-background has-link-color has-text-align-center wp-element-button\" href=\"mailto:suceava@autonom.com?subject=Rezervare transfer Bucovina\" style=\"border-radius:8px\">Rezerv\u0103 acum \u0219i descoper\u0103 comorile Bucovinei!<\/a><\/div>\n<\/div>\n","protected":false},"excerpt":{"rendered":"<p>Bucovina, acest col\u021b de rai al Rom\u00e2niei, este mai mult dec\u00e2t o destina\u021bie turistic\u0103 \u2013 este o invita\u021bie la lini\u0219te, contemplare \u0219i descoperire. Cu bisericile \u0219i m\u0103n\u0103stirile sale unice, incluse \u00een Patrimoniul UNESCO, \u0219i peisajele naturale care \u00ee\u021bi taie respira\u021bia, aceast\u0103 regiune \u00eembin\u0103 spiritualitatea cu frumuse\u021bea pur\u0103. Iar acum, te po\u021bi bucura de tot ce [&hellip;]<\/p>\n","protected":false},"author":2,"featured_media":7045,"comment_status":"closed","ping_status":"closed","sticky":false,"template":"","format":"standard","meta":{"inline_featured_image":false,"footnotes":""},"categories":[1911,1916],"tags":[],"class_list":["post-7013","post","type-post","status-publish","format-standard","has-post-thumbnail","hentry","category-rent-travel","category-solutiile-autonom"],"yoast_head":"<!-- This site is optimized with the Yoast SEO plugin v27.3 - https:\/\/yoast.com\/product\/yoast-seo-wordpress\/ -->\n<title>Inima Bucovinei: O c\u0103l\u0103torie spre tradi\u021bie \u0219i spiritualitate - Blog Autonom<\/title>\n<meta name=\"description\" content=\"Cu Autonom Drive, serviciul de transfer cu \u0219ofer, te po\u021bi bucura de tot ce are de oferit Bucovina, f\u0103r\u0103 stresul condusului,\" \/>\n<meta name=\"robots\" content=\"index, follow, max-snippet:-1, max-image-preview:large, max-video-preview:-1\" \/>\n<link rel=\"canonical\" href=\"https:\/\/www.autonom.ro\/blog\/inima-bucovinei-o-calatorie-spre-traditie-si-spiritualitate\/\" \/>\n<meta property=\"og:locale\" content=\"ro_RO\" \/>\n<meta property=\"og:type\" content=\"article\" \/>\n<meta property=\"og:title\" content=\"Inima Bucovinei: O c\u0103l\u0103torie spre tradi\u021bie \u0219i spiritualitate - Blog Autonom\" \/>\n<meta property=\"og:description\" content=\"Cu Autonom Drive, serviciul de transfer cu \u0219ofer, te po\u021bi bucura de tot ce are de oferit Bucovina, f\u0103r\u0103 stresul condusului,\" \/>\n<meta property=\"og:url\" content=\"https:\/\/www.autonom.ro\/blog\/inima-bucovinei-o-calatorie-spre-traditie-si-spiritualitate\/\" \/>\n<meta property=\"og:site_name\" content=\"Blog Autonom\" \/>\n<meta property=\"article:publisher\" content=\"https:\/\/www.facebook.com\/AutonomRomania\/\" \/>\n<meta property=\"article:published_time\" content=\"2024-12-12T13:11:33+00:00\" \/>\n<meta property=\"article:modified_time\" content=\"2025-03-18T12:52:26+00:00\" \/>\n<meta property=\"og:image\" content=\"https:\/\/www.autonom.ro\/blog\/wp-content\/uploads\/2024\/12\/Blog-banner-Autonom-Drive-Suceava-3-1024x576.png\" \/>\n\t<meta property=\"og:image:width\" content=\"1024\" \/>\n\t<meta property=\"og:image:height\" content=\"576\" \/>\n\t<meta property=\"og:image:type\" content=\"image\/png\" \/>\n<meta name=\"author\" content=\"Autonom\" \/>\n<meta name=\"twitter:card\" content=\"summary_large_image\" \/>\n<meta name=\"twitter:label1\" content=\"Scris de\" \/>\n\t<meta name=\"twitter:data1\" content=\"Autonom\" \/>\n\t<meta name=\"twitter:label2\" content=\"Timp estimat pentru citire\" \/>\n\t<meta name=\"twitter:data2\" content=\"4 minute\" \/>\n<script type=\"application\/ld+json\" class=\"yoast-schema-graph\">{\"@context\":\"https:\\\/\\\/schema.org\",\"@graph\":[{\"@type\":\"Article\",\"@id\":\"https:\\\/\\\/www.autonom.ro\\\/blog\\\/inima-bucovinei-o-calatorie-spre-traditie-si-spiritualitate\\\/#article\",\"isPartOf\":{\"@id\":\"https:\\\/\\\/www.autonom.ro\\\/blog\\\/inima-bucovinei-o-calatorie-spre-traditie-si-spiritualitate\\\/\"},\"author\":{\"name\":\"Autonom\",\"@id\":\"https:\\\/\\\/www.autonom.ro\\\/blog\\\/#\\\/schema\\\/person\\\/ea5961c2ebc8070c672571e6d52b8a78\"},\"headline\":\"Inima Bucovinei: O c\u0103l\u0103torie spre tradi\u021bie \u0219i spiritualitate\",\"datePublished\":\"2024-12-12T13:11:33+00:00\",\"dateModified\":\"2025-03-18T12:52:26+00:00\",\"mainEntityOfPage\":{\"@id\":\"https:\\\/\\\/www.autonom.ro\\\/blog\\\/inima-bucovinei-o-calatorie-spre-traditie-si-spiritualitate\\\/\"},\"wordCount\":649,\"publisher\":{\"@id\":\"https:\\\/\\\/www.autonom.ro\\\/blog\\\/#organization\"},\"image\":{\"@id\":\"https:\\\/\\\/www.autonom.ro\\\/blog\\\/inima-bucovinei-o-calatorie-spre-traditie-si-spiritualitate\\\/#primaryimage\"},\"thumbnailUrl\":\"https:\\\/\\\/www.autonom.ro\\\/blog\\\/wp-content\\\/uploads\\\/2024\\\/12\\\/Blog-banner-Autonom-Drive-Suceava-3.png\",\"articleSection\":[\"Rent &amp; Travel\",\"Solutiile Autonom\"],\"inLanguage\":\"ro-RO\"},{\"@type\":\"WebPage\",\"@id\":\"https:\\\/\\\/www.autonom.ro\\\/blog\\\/inima-bucovinei-o-calatorie-spre-traditie-si-spiritualitate\\\/\",\"url\":\"https:\\\/\\\/www.autonom.ro\\\/blog\\\/inima-bucovinei-o-calatorie-spre-traditie-si-spiritualitate\\\/\",\"name\":\"Inima Bucovinei: O c\u0103l\u0103torie spre tradi\u021bie \u0219i spiritualitate - Blog Autonom\",\"isPartOf\":{\"@id\":\"https:\\\/\\\/www.autonom.ro\\\/blog\\\/#website\"},\"primaryImageOfPage\":{\"@id\":\"https:\\\/\\\/www.autonom.ro\\\/blog\\\/inima-bucovinei-o-calatorie-spre-traditie-si-spiritualitate\\\/#primaryimage\"},\"image\":{\"@id\":\"https:\\\/\\\/www.autonom.ro\\\/blog\\\/inima-bucovinei-o-calatorie-spre-traditie-si-spiritualitate\\\/#primaryimage\"},\"thumbnailUrl\":\"https:\\\/\\\/www.autonom.ro\\\/blog\\\/wp-content\\\/uploads\\\/2024\\\/12\\\/Blog-banner-Autonom-Drive-Suceava-3.png\",\"datePublished\":\"2024-12-12T13:11:33+00:00\",\"dateModified\":\"2025-03-18T12:52:26+00:00\",\"description\":\"Cu Autonom Drive, serviciul de transfer cu \u0219ofer, te po\u021bi bucura de tot ce are de oferit Bucovina, f\u0103r\u0103 stresul condusului,\",\"breadcrumb\":{\"@id\":\"https:\\\/\\\/www.autonom.ro\\\/blog\\\/inima-bucovinei-o-calatorie-spre-traditie-si-spiritualitate\\\/#breadcrumb\"},\"inLanguage\":\"ro-RO\",\"potentialAction\":[{\"@type\":\"ReadAction\",\"target\":[\"https:\\\/\\\/www.autonom.ro\\\/blog\\\/inima-bucovinei-o-calatorie-spre-traditie-si-spiritualitate\\\/\"]}]},{\"@type\":\"ImageObject\",\"inLanguage\":\"ro-RO\",\"@id\":\"https:\\\/\\\/www.autonom.ro\\\/blog\\\/inima-bucovinei-o-calatorie-spre-traditie-si-spiritualitate\\\/#primaryimage\",\"url\":\"https:\\\/\\\/www.autonom.ro\\\/blog\\\/wp-content\\\/uploads\\\/2024\\\/12\\\/Blog-banner-Autonom-Drive-Suceava-3.png\",\"contentUrl\":\"https:\\\/\\\/www.autonom.ro\\\/blog\\\/wp-content\\\/uploads\\\/2024\\\/12\\\/Blog-banner-Autonom-Drive-Suceava-3.png\",\"width\":2240,\"height\":1260},{\"@type\":\"BreadcrumbList\",\"@id\":\"https:\\\/\\\/www.autonom.ro\\\/blog\\\/inima-bucovinei-o-calatorie-spre-traditie-si-spiritualitate\\\/#breadcrumb\",\"itemListElement\":[{\"@type\":\"ListItem\",\"position\":1,\"name\":\"Prima pagin\u0103\",\"item\":\"https:\\\/\\\/www.autonom.ro\\\/blog\\\/\"},{\"@type\":\"ListItem\",\"position\":2,\"name\":\"Inima Bucovinei: O c\u0103l\u0103torie spre tradi\u021bie \u0219i spiritualitate\"}]},{\"@type\":\"WebSite\",\"@id\":\"https:\\\/\\\/www.autonom.ro\\\/blog\\\/#website\",\"url\":\"https:\\\/\\\/www.autonom.ro\\\/blog\\\/\",\"name\":\"Blog Autonom\",\"description\":\"\",\"publisher\":{\"@id\":\"https:\\\/\\\/www.autonom.ro\\\/blog\\\/#organization\"},\"potentialAction\":[{\"@type\":\"SearchAction\",\"target\":{\"@type\":\"EntryPoint\",\"urlTemplate\":\"https:\\\/\\\/www.autonom.ro\\\/blog\\\/?s={search_term_string}\"},\"query-input\":{\"@type\":\"PropertyValueSpecification\",\"valueRequired\":true,\"valueName\":\"search_term_string\"}}],\"inLanguage\":\"ro-RO\"},{\"@type\":\"Organization\",\"@id\":\"https:\\\/\\\/www.autonom.ro\\\/blog\\\/#organization\",\"name\":\"Blog Autonom\",\"url\":\"https:\\\/\\\/www.autonom.ro\\\/blog\\\/\",\"logo\":{\"@type\":\"ImageObject\",\"inLanguage\":\"ro-RO\",\"@id\":\"https:\\\/\\\/www.autonom.ro\\\/blog\\\/#\\\/schema\\\/logo\\\/image\\\/\",\"url\":\"https:\\\/\\\/www.autonom.ro\\\/blog\\\/wp-content\\\/uploads\\\/2020\\\/10\\\/cropped-Autonom_Corporate-Logo-Color-Orizontal-RGB.png\",\"contentUrl\":\"https:\\\/\\\/www.autonom.ro\\\/blog\\\/wp-content\\\/uploads\\\/2020\\\/10\\\/cropped-Autonom_Corporate-Logo-Color-Orizontal-RGB.png\",\"width\":724,\"height\":250,\"caption\":\"Blog Autonom\"},\"image\":{\"@id\":\"https:\\\/\\\/www.autonom.ro\\\/blog\\\/#\\\/schema\\\/logo\\\/image\\\/\"},\"sameAs\":[\"https:\\\/\\\/www.facebook.com\\\/AutonomRomania\\\/\",\"http:\\\/\\\/www.instagram.com\\\/autonom.romania\\\/\",\"https:\\\/\\\/www.linkedin.com\\\/company\\\/autonom-rent-a-car\"]},{\"@type\":\"Person\",\"@id\":\"https:\\\/\\\/www.autonom.ro\\\/blog\\\/#\\\/schema\\\/person\\\/ea5961c2ebc8070c672571e6d52b8a78\",\"name\":\"Autonom\",\"image\":{\"@type\":\"ImageObject\",\"inLanguage\":\"ro-RO\",\"@id\":\"https:\\\/\\\/secure.gravatar.com\\\/avatar\\\/bd0293e675420709298b7e1b87e42729832f151e0bf4555fdbb0e351104e17ba?s=96&d=mm&r=g\",\"url\":\"https:\\\/\\\/secure.gravatar.com\\\/avatar\\\/bd0293e675420709298b7e1b87e42729832f151e0bf4555fdbb0e351104e17ba?s=96&d=mm&r=g\",\"contentUrl\":\"https:\\\/\\\/secure.gravatar.com\\\/avatar\\\/bd0293e675420709298b7e1b87e42729832f151e0bf4555fdbb0e351104e17ba?s=96&d=mm&r=g\",\"caption\":\"Autonom\"},\"url\":\"https:\\\/\\\/www.autonom.ro\\\/blog\\\/author\\\/autonom\\\/\"}]}<\/script>\n<!-- \/ Yoast SEO plugin. -->","yoast_head_json":{"title":"Inima Bucovinei: O c\u0103l\u0103torie spre tradi\u021bie \u0219i spiritualitate - Blog Autonom","description":"Cu Autonom Drive, serviciul de transfer cu \u0219ofer, te po\u021bi bucura de tot ce are de oferit Bucovina, f\u0103r\u0103 stresul condusului,","robots":{"index":"index","follow":"follow","max-snippet":"max-snippet:-1","max-image-preview":"max-image-preview:large","max-video-preview":"max-video-preview:-1"},"canonical":"https:\/\/www.autonom.ro\/blog\/inima-bucovinei-o-calatorie-spre-traditie-si-spiritualitate\/","og_locale":"ro_RO","og_type":"article","og_title":"Inima Bucovinei: O c\u0103l\u0103torie spre tradi\u021bie \u0219i spiritualitate - Blog Autonom","og_description":"Cu Autonom Drive, serviciul de transfer cu \u0219ofer, te po\u021bi bucura de tot ce are de oferit Bucovina, f\u0103r\u0103 stresul condusului,","og_url":"https:\/\/www.autonom.ro\/blog\/inima-bucovinei-o-calatorie-spre-traditie-si-spiritualitate\/","og_site_name":"Blog Autonom","article_publisher":"https:\/\/www.facebook.com\/AutonomRomania\/","article_published_time":"2024-12-12T13:11:33+00:00","article_modified_time":"2025-03-18T12:52:26+00:00","og_image":[{"width":1024,"height":576,"url":"https:\/\/www.autonom.ro\/blog\/wp-content\/uploads\/2024\/12\/Blog-banner-Autonom-Drive-Suceava-3-1024x576.png","type":"image\/png"}],"author":"Autonom","twitter_card":"summary_large_image","twitter_misc":{"Scris de":"Autonom","Timp estimat pentru citire":"4 minute"},"schema":{"@context":"https:\/\/schema.org","@graph":[{"@type":"Article","@id":"https:\/\/www.autonom.ro\/blog\/inima-bucovinei-o-calatorie-spre-traditie-si-spiritualitate\/#article","isPartOf":{"@id":"https:\/\/www.autonom.ro\/blog\/inima-bucovinei-o-calatorie-spre-traditie-si-spiritualitate\/"},"author":{"name":"Autonom","@id":"https:\/\/www.autonom.ro\/blog\/#\/schema\/person\/ea5961c2ebc8070c672571e6d52b8a78"},"headline":"Inima Bucovinei: O c\u0103l\u0103torie spre tradi\u021bie \u0219i spiritualitate","datePublished":"2024-12-12T13:11:33+00:00","dateModified":"2025-03-18T12:52:26+00:00","mainEntityOfPage":{"@id":"https:\/\/www.autonom.ro\/blog\/inima-bucovinei-o-calatorie-spre-traditie-si-spiritualitate\/"},"wordCount":649,"publisher":{"@id":"https:\/\/www.autonom.ro\/blog\/#organization"},"image":{"@id":"https:\/\/www.autonom.ro\/blog\/inima-bucovinei-o-calatorie-spre-traditie-si-spiritualitate\/#primaryimage"},"thumbnailUrl":"https:\/\/www.autonom.ro\/blog\/wp-content\/uploads\/2024\/12\/Blog-banner-Autonom-Drive-Suceava-3.png","articleSection":["Rent &amp; Travel","Solutiile Autonom"],"inLanguage":"ro-RO"},{"@type":"WebPage","@id":"https:\/\/www.autonom.ro\/blog\/inima-bucovinei-o-calatorie-spre-traditie-si-spiritualitate\/","url":"https:\/\/www.autonom.ro\/blog\/inima-bucovinei-o-calatorie-spre-traditie-si-spiritualitate\/","name":"Inima Bucovinei: O c\u0103l\u0103torie spre tradi\u021bie \u0219i spiritualitate - Blog Autonom","isPartOf":{"@id":"https:\/\/www.autonom.ro\/blog\/#website"},"primaryImageOfPage":{"@id":"https:\/\/www.autonom.ro\/blog\/inima-bucovinei-o-calatorie-spre-traditie-si-spiritualitate\/#primaryimage"},"image":{"@id":"https:\/\/www.autonom.ro\/blog\/inima-bucovinei-o-calatorie-spre-traditie-si-spiritualitate\/#primaryimage"},"thumbnailUrl":"https:\/\/www.autonom.ro\/blog\/wp-content\/uploads\/2024\/12\/Blog-banner-Autonom-Drive-Suceava-3.png","datePublished":"2024-12-12T13:11:33+00:00","dateModified":"2025-03-18T12:52:26+00:00","description":"Cu Autonom Drive, serviciul de transfer cu \u0219ofer, te po\u021bi bucura de tot ce are de oferit Bucovina, f\u0103r\u0103 stresul condusului,","breadcrumb":{"@id":"https:\/\/www.autonom.ro\/blog\/inima-bucovinei-o-calatorie-spre-traditie-si-spiritualitate\/#breadcrumb"},"inLanguage":"ro-RO","potentialAction":[{"@type":"ReadAction","target":["https:\/\/www.autonom.ro\/blog\/inima-bucovinei-o-calatorie-spre-traditie-si-spiritualitate\/"]}]},{"@type":"ImageObject","inLanguage":"ro-RO","@id":"https:\/\/www.autonom.ro\/blog\/inima-bucovinei-o-calatorie-spre-traditie-si-spiritualitate\/#primaryimage","url":"https:\/\/www.autonom.ro\/blog\/wp-content\/uploads\/2024\/12\/Blog-banner-Autonom-Drive-Suceava-3.png","contentUrl":"https:\/\/www.autonom.ro\/blog\/wp-content\/uploads\/2024\/12\/Blog-banner-Autonom-Drive-Suceava-3.png","width":2240,"height":1260},{"@type":"BreadcrumbList","@id":"https:\/\/www.autonom.ro\/blog\/inima-bucovinei-o-calatorie-spre-traditie-si-spiritualitate\/#breadcrumb","itemListElement":[{"@type":"ListItem","position":1,"name":"Prima pagin\u0103","item":"https:\/\/www.autonom.ro\/blog\/"},{"@type":"ListItem","position":2,"name":"Inima Bucovinei: O c\u0103l\u0103torie spre tradi\u021bie \u0219i spiritualitate"}]},{"@type":"WebSite","@id":"https:\/\/www.autonom.ro\/blog\/#website","url":"https:\/\/www.autonom.ro\/blog\/","name":"Blog Autonom","description":"","publisher":{"@id":"https:\/\/www.autonom.ro\/blog\/#organization"},"potentialAction":[{"@type":"SearchAction","target":{"@type":"EntryPoint","urlTemplate":"https:\/\/www.autonom.ro\/blog\/?s={search_term_string}"},"query-input":{"@type":"PropertyValueSpecification","valueRequired":true,"valueName":"search_term_string"}}],"inLanguage":"ro-RO"},{"@type":"Organization","@id":"https:\/\/www.autonom.ro\/blog\/#organization","name":"Blog Autonom","url":"https:\/\/www.autonom.ro\/blog\/","logo":{"@type":"ImageObject","inLanguage":"ro-RO","@id":"https:\/\/www.autonom.ro\/blog\/#\/schema\/logo\/image\/","url":"https:\/\/www.autonom.ro\/blog\/wp-content\/uploads\/2020\/10\/cropped-Autonom_Corporate-Logo-Color-Orizontal-RGB.png","contentUrl":"https:\/\/www.autonom.ro\/blog\/wp-content\/uploads\/2020\/10\/cropped-Autonom_Corporate-Logo-Color-Orizontal-RGB.png","width":724,"height":250,"caption":"Blog Autonom"},"image":{"@id":"https:\/\/www.autonom.ro\/blog\/#\/schema\/logo\/image\/"},"sameAs":["https:\/\/www.facebook.com\/AutonomRomania\/","http:\/\/www.instagram.com\/autonom.romania\/","https:\/\/www.linkedin.com\/company\/autonom-rent-a-car"]},{"@type":"Person","@id":"https:\/\/www.autonom.ro\/blog\/#\/schema\/person\/ea5961c2ebc8070c672571e6d52b8a78","name":"Autonom","image":{"@type":"ImageObject","inLanguage":"ro-RO","@id":"https:\/\/secure.gravatar.com\/avatar\/bd0293e675420709298b7e1b87e42729832f151e0bf4555fdbb0e351104e17ba?s=96&d=mm&r=g","url":"https:\/\/secure.gravatar.com\/avatar\/bd0293e675420709298b7e1b87e42729832f151e0bf4555fdbb0e351104e17ba?s=96&d=mm&r=g","contentUrl":"https:\/\/secure.gravatar.com\/avatar\/bd0293e675420709298b7e1b87e42729832f151e0bf4555fdbb0e351104e17ba?s=96&d=mm&r=g","caption":"Autonom"},"url":"https:\/\/www.autonom.ro\/blog\/author\/autonom\/"}]}},"_links":{"self":[{"href":"https:\/\/www.autonom.ro\/blog\/wp-json\/wp\/v2\/posts\/7013","targetHints":{"allow":["GET"]}}],"collection":[{"href":"https:\/\/www.autonom.ro\/blog\/wp-json\/wp\/v2\/posts"}],"about":[{"href":"https:\/\/www.autonom.ro\/blog\/wp-json\/wp\/v2\/types\/post"}],"author":[{"embeddable":true,"href":"https:\/\/www.autonom.ro\/blog\/wp-json\/wp\/v2\/users\/2"}],"replies":[{"embeddable":true,"href":"https:\/\/www.autonom.ro\/blog\/wp-json\/wp\/v2\/comments?post=7013"}],"version-history":[{"count":15,"href":"https:\/\/www.autonom.ro\/blog\/wp-json\/wp\/v2\/posts\/7013\/revisions"}],"predecessor-version":[{"id":7041,"href":"https:\/\/www.autonom.ro\/blog\/wp-json\/wp\/v2\/posts\/7013\/revisions\/7041"}],"wp:featuredmedia":[{"embeddable":true,"href":"https:\/\/www.autonom.ro\/blog\/wp-json\/wp\/v2\/media\/7045"}],"wp:attachment":[{"href":"https:\/\/www.autonom.ro\/blog\/wp-json\/wp\/v2\/media?parent=7013"}],"wp:term":[{"taxonomy":"category","embeddable":true,"href":"https:\/\/www.autonom.ro\/blog\/wp-json\/wp\/v2\/categories?post=7013"},{"taxonomy":"post_tag","embeddable":true,"href":"https:\/\/www.autonom.ro\/blog\/wp-json\/wp\/v2\/tags?post=7013"}],"curies":[{"name":"wp","href":"https:\/\/api.w.org\/{rel}","templated":true}]}}