{"id":7085,"date":"2025-07-28T10:50:52","date_gmt":"2025-07-28T07:50:52","guid":{"rendered":"https:\/\/www.autonom.ro\/blog\/?p=7085"},"modified":"2025-07-28T10:53:21","modified_gmt":"2025-07-28T07:53:21","slug":"autonom-si-fan-courier-marcheaza-inceputul-unui-parteneriat-strategic-prima-externalizare-in-leasing-operational-pentru-liderul-serviciilor-de-curierat-din-romania","status":"publish","type":"post","link":"https:\/\/www.autonom.ro\/blog\/autonom-si-fan-courier-marcheaza-inceputul-unui-parteneriat-strategic-prima-externalizare-in-leasing-operational-pentru-liderul-serviciilor-de-curierat-din-romania\/","title":{"rendered":"Autonom \u0219i FAN Courier marcheaz\u0103 \u00eenceputul unui parteneriat strategic: prima externalizare \u00een leasing opera\u021bional pentru liderul serviciilor de curierat din Rom\u00e2nia"},"content":{"rendered":"\n<p><strong>Autonom, furnizor integrat de solu\u021bii de mobilitate \u0219i finan\u021bare, anun\u021b\u0103 \u00eenceputul unui parteneriat cu FAN Courier, liderul serviciilor de curierat din Rom\u00e2nia, prin livrarea primului lot de autovehicule \u00een regim de leasing opera\u021bional.<\/strong><\/p>\n\n\n\n<figure class=\"wp-block-image size-large\"><img loading=\"lazy\" decoding=\"async\" width=\"1024\" height=\"768\" src=\"https:\/\/www.autonom.ro\/blog\/wp-content\/uploads\/2025\/07\/Autonom-x-Fan-Courier-1-1-1024x768.jpg\" alt=\"\" class=\"wp-image-7089\" srcset=\"https:\/\/www.autonom.ro\/blog\/wp-content\/uploads\/2025\/07\/Autonom-x-Fan-Courier-1-1-1024x768.jpg 1024w, https:\/\/www.autonom.ro\/blog\/wp-content\/uploads\/2025\/07\/Autonom-x-Fan-Courier-1-1-300x225.jpg 300w, https:\/\/www.autonom.ro\/blog\/wp-content\/uploads\/2025\/07\/Autonom-x-Fan-Courier-1-1-768x576.jpg 768w, https:\/\/www.autonom.ro\/blog\/wp-content\/uploads\/2025\/07\/Autonom-x-Fan-Courier-1-1-1536x1152.jpg 1536w, https:\/\/www.autonom.ro\/blog\/wp-content\/uploads\/2025\/07\/Autonom-x-Fan-Courier-1-1.jpg 1600w\" sizes=\"auto, (max-width: 1024px) 100vw, 1024px\" \/><\/figure>\n\n\n\n<p>Colaborarea debuteaz\u0103 cu un lot de 20 de unit\u0103\u021bi Ford Transit, carosate special pentru activitatea de curierat. Este pentru prima dat\u0103 c\u00e2nd FAN Courier alege modelul leasingului opera\u021bional, compania achizi\u021bion\u00e2nd p\u00e2n\u0103 \u00een prezent \u00eentreaga flot\u0103 de aproximativ 5000 de autovehicule, exclusiv din surse proprii.<\/p>\n\n\n\n<blockquote class=\"wp-block-quote is-style-default is-layout-flow wp-block-quote-is-layout-flow\">\n<p>\u201e<em>Aceast\u0103 colaborare are o \u00eensemn\u0103tate aparte pentru noi, nu doar pentru c\u0103 deschide un drum nou \u00een administrarea flotei FAN Courier, ci \u0219i pentru c\u0103 este rezultatul unui efort comun \u00eentre dou\u0103 companii antreprenoriale rom\u00e2ne\u0219ti. Am construit aceast\u0103 solu\u021bie \u00eempreun\u0103, pornind de la o \u00een\u021belegere profund\u0103 a modului lor specific de utilizare \u0219i am personalizat \u00eentregul pachet de mentenan\u021b\u0103 pentru a r\u0103spunde nevoilor reale din teren<\/em>\u201d, a declarat Dan \u0218tefan, co-fondator Autonom.<\/p>\n<\/blockquote>\n\n\n\n<p>Solu\u021bia tehnic\u0103 \u0219i opera\u021bional\u0103 include elemente esen\u021biale pentru eficien\u021ba zilnic\u0103 a activit\u0103\u021bii, cum ar fi integrarea unor service-uri de proximitate \u0219i definirea unui flux de lucru optimizat, menit s\u0103 sus\u021bin\u0103 continuitatea opera\u021biunilor \u0219i s\u0103 reduc\u0103 timpii de nefunc\u021bionare.<\/p>\n\n\n\n<blockquote class=\"wp-block-quote is-layout-flow wp-block-quote-is-layout-flow\">\n<p>\u201e<em>Parteneriatul cu Autonom marcheaz\u0103 un pas important \u00een strategia noastr\u0103 de modernizare \u0219i eficientizare a flotei. Alegerea leasingului opera\u021bional ne ofer\u0103 flexibilitatea de care avem nevoie pentru a sus\u021bine ritmul accelerat al opera\u021biunilor \u0219i pentru a continua s\u0103 livr\u0103m servicii de curierat la cel mai \u00eenalt nivel din Rom\u00e2nia<\/em>.\u201d, a declarat Adrian Mihai, CEO FAN Courier.<\/p>\n<\/blockquote>\n\n\n\n<p>Acest parteneriat a fost posibil datorit\u0103 implic\u0103rii \u0219i colabor\u0103rii str\u00e2nse dintre echipele celor dou\u0103 companii. Din partea Autonom, proiectul a fost coordonat de Valentin Coca \u2013 Director Na\u021bional de V\u00e2nz\u0103ri, Robert Rotaru \u2013 Director Regional V\u00e2nz\u0103ri \u0219i Marina Anu\u021boiu \u2013 Coordonator V\u00e2nz\u0103ri. Din partea FAN Courier, parteneriatul a fost dezvoltat al\u0103turi de Cristina P\u0103tr\u0103\u0219canu &#8211; Strategic Investment Manager, Dan Tincu &#8211; Chief Financial Officer \u0219i Adrian \u021aig\u0103nu\u0219 \u2013 Fleet Director.<\/p>\n\n\n\n<p>Aceast\u0103 prim\u0103 livrare marcheaz\u0103 un pas important \u00een modernizarea \u0219i flexibilizarea flotei FAN Courier, p\u0103str\u00e2nd \u00een acela\u0219i timp controlul asupra performan\u021bei opera\u021bionale. Este o dovad\u0103 de \u00eencredere reciproc\u0103 \u0219i de deschidere c\u0103tre solu\u021bii inteligente care sus\u021bin cre\u0219terea sustenabil\u0103 pe termen lung.<\/p>\n\n\n\n<figure class=\"wp-block-image size-large\"><img loading=\"lazy\" decoding=\"async\" width=\"1024\" height=\"768\" src=\"https:\/\/www.autonom.ro\/blog\/wp-content\/uploads\/2025\/07\/Autonom-x-Fan-Courier-2-1024x768.jpg\" alt=\"\" class=\"wp-image-7087\" srcset=\"https:\/\/www.autonom.ro\/blog\/wp-content\/uploads\/2025\/07\/Autonom-x-Fan-Courier-2-1024x768.jpg 1024w, https:\/\/www.autonom.ro\/blog\/wp-content\/uploads\/2025\/07\/Autonom-x-Fan-Courier-2-300x225.jpg 300w, https:\/\/www.autonom.ro\/blog\/wp-content\/uploads\/2025\/07\/Autonom-x-Fan-Courier-2-768x576.jpg 768w, https:\/\/www.autonom.ro\/blog\/wp-content\/uploads\/2025\/07\/Autonom-x-Fan-Courier-2-1536x1152.jpg 1536w, https:\/\/www.autonom.ro\/blog\/wp-content\/uploads\/2025\/07\/Autonom-x-Fan-Courier-2.jpg 1600w\" sizes=\"auto, (max-width: 1024px) 100vw, 1024px\" \/><\/figure>\n\n\n\n<p><strong>Despre Autonom<\/strong><\/p>\n\n\n\n<p>Autonom este o companie cu capital 100% rom\u00e2nesc, pornit\u0103 \u00een 2006, \u00een Piatra Neam\u021b \u0219i este un juc\u0103tor \u00een top 5, dup\u0103 cifra de afaceri, \u00een sectoarele principale de activitate: leasing opera\u021bional \u0219i \u00eenchirieri auto.<\/p>\n\n\n\n<p>Compania ofer\u0103 solu\u021bii moderne de mobilitate \u0219i finan\u021bare precum: \u00eenchirieri pe termen scurt \u0219i mediu, leasing opera\u021bional, v\u00e2nz\u0103ri ma\u0219ini rulate, transferuri cu \u0219ofer, \u00eenchirierea temporar\u0103 de flote, servicii de fleet management, asisten\u021b\u0103 rutier\u0103, servicii de sp\u0103l\u0103torie auto \u0219i \u00eenchiriere de echipamente. Acestea sunt furnizate printr-o re\u021bea na\u021bional\u0103 unic\u0103, prezent\u0103 \u00een peste 30 de ora\u0219e din Rom\u00e2nia \u0219i Ungaria, iar compania opereaz\u0103 o flot\u0103 de peste 16.500 de ma\u0219ini.<\/p>\n\n\n\n<p><strong>Despre FAN Courier<\/strong><\/p>\n\n\n\n<p>FAN Courier este o companie cu capital integral rom\u00e2nesc, fondat\u0103 \u00een 1998 de Felix P\u0103tr\u0103\u0219canu, Adrian Mihai \u0219i Neculai Mihai. FAN Courier a devenit, \u00een 2006, liderul pie\u021bei rom\u00e2ne\u0219ti de curierat, pozi\u021bie consolidat\u0103 constant datorit\u0103 investi\u021biilor \u0219i serviciilor cu valoare ad\u0103ugat\u0103 noi, introduse permanent.<\/p>\n\n\n\n<p>FAN Courier deserve\u0219te cei peste 65.000 de clien\u021bi, majoritatea persoane juridice, cu ajutorul unei echipe formate din peste 8.500 de angaja\u021bi \u0219i colaboratori.<\/p>\n\n\n\n<p>Serviciile FAN Courier de expediere \u0219i livrare sunt disponibile at\u00e2t la nivel na\u021bional, c\u00e2t \u0219i la nivel interna\u021bional, prin parteneriate solide.<\/p>\n\n\n\n<p><\/p>\n","protected":false},"excerpt":{"rendered":"<p>Autonom, furnizor integrat de solu\u021bii de mobilitate \u0219i finan\u021bare, anun\u021b\u0103 \u00eenceputul unui parteneriat cu FAN Courier, liderul serviciilor de curierat din Rom\u00e2nia, prin livrarea primului lot de autovehicule \u00een regim de leasing opera\u021bional. Colaborarea debuteaz\u0103 cu un lot de 20 de unit\u0103\u021bi Ford Transit, carosate special pentru activitatea de curierat. Este pentru prima dat\u0103 c\u00e2nd [&hellip;]<\/p>\n","protected":false},"author":3,"featured_media":7086,"comment_status":"closed","ping_status":"closed","sticky":false,"template":"","format":"standard","meta":{"inline_featured_image":false,"footnotes":""},"categories":[1920,1908],"tags":[],"class_list":["post-7085","post","type-post","status-publish","format-standard","has-post-thumbnail","hentry","category-autonom-in-presa","category-autonom-news"],"yoast_head":"<!-- This site is optimized with the Yoast SEO plugin v27.3 - https:\/\/yoast.com\/product\/yoast-seo-wordpress\/ -->\n<title>Autonom \u0219i FAN Courier marcheaz\u0103 \u00eenceputul unui parteneriat strategic: prima externalizare \u00een leasing opera\u021bional pentru liderul serviciilor de curierat din Rom\u00e2nia - Blog Autonom<\/title>\n<meta name=\"robots\" content=\"index, follow, max-snippet:-1, max-image-preview:large, max-video-preview:-1\" \/>\n<link rel=\"canonical\" href=\"https:\/\/www.autonom.ro\/blog\/autonom-si-fan-courier-marcheaza-inceputul-unui-parteneriat-strategic-prima-externalizare-in-leasing-operational-pentru-liderul-serviciilor-de-curierat-din-romania\/\" \/>\n<meta property=\"og:locale\" content=\"ro_RO\" \/>\n<meta property=\"og:type\" content=\"article\" \/>\n<meta property=\"og:title\" content=\"Autonom \u0219i FAN Courier marcheaz\u0103 \u00eenceputul unui parteneriat strategic: prima externalizare \u00een leasing opera\u021bional pentru liderul serviciilor de curierat din Rom\u00e2nia - Blog Autonom\" \/>\n<meta property=\"og:description\" content=\"Autonom, furnizor integrat de solu\u021bii de mobilitate \u0219i finan\u021bare, anun\u021b\u0103 \u00eenceputul unui parteneriat cu FAN Courier, liderul serviciilor de curierat din Rom\u00e2nia, prin livrarea primului lot de autovehicule \u00een regim de leasing opera\u021bional. Colaborarea debuteaz\u0103 cu un lot de 20 de unit\u0103\u021bi Ford Transit, carosate special pentru activitatea de curierat. Este pentru prima dat\u0103 c\u00e2nd [&hellip;]\" \/>\n<meta property=\"og:url\" content=\"https:\/\/www.autonom.ro\/blog\/autonom-si-fan-courier-marcheaza-inceputul-unui-parteneriat-strategic-prima-externalizare-in-leasing-operational-pentru-liderul-serviciilor-de-curierat-din-romania\/\" \/>\n<meta property=\"og:site_name\" content=\"Blog Autonom\" \/>\n<meta property=\"article:publisher\" content=\"https:\/\/www.facebook.com\/AutonomRomania\/\" \/>\n<meta property=\"article:published_time\" content=\"2025-07-28T07:50:52+00:00\" \/>\n<meta property=\"article:modified_time\" content=\"2025-07-28T07:53:21+00:00\" \/>\n<meta property=\"og:image\" content=\"https:\/\/www.autonom.ro\/blog\/wp-content\/uploads\/2025\/07\/Autonom-x-Fan-Courier-1.jpg\" \/>\n\t<meta property=\"og:image:width\" content=\"1600\" \/>\n\t<meta property=\"og:image:height\" content=\"1200\" \/>\n\t<meta property=\"og:image:type\" content=\"image\/jpeg\" \/>\n<meta name=\"author\" content=\"ejumpadmin\" \/>\n<meta name=\"twitter:card\" content=\"summary_large_image\" \/>\n<meta name=\"twitter:label1\" content=\"Scris de\" \/>\n\t<meta name=\"twitter:data1\" content=\"ejumpadmin\" \/>\n\t<meta name=\"twitter:label2\" content=\"Timp estimat pentru citire\" \/>\n\t<meta name=\"twitter:data2\" content=\"3 minute\" \/>\n<script type=\"application\/ld+json\" class=\"yoast-schema-graph\">{\"@context\":\"https:\\\/\\\/schema.org\",\"@graph\":[{\"@type\":\"Article\",\"@id\":\"https:\\\/\\\/www.autonom.ro\\\/blog\\\/autonom-si-fan-courier-marcheaza-inceputul-unui-parteneriat-strategic-prima-externalizare-in-leasing-operational-pentru-liderul-serviciilor-de-curierat-din-romania\\\/#article\",\"isPartOf\":{\"@id\":\"https:\\\/\\\/www.autonom.ro\\\/blog\\\/autonom-si-fan-courier-marcheaza-inceputul-unui-parteneriat-strategic-prima-externalizare-in-leasing-operational-pentru-liderul-serviciilor-de-curierat-din-romania\\\/\"},\"author\":{\"name\":\"ejumpadmin\",\"@id\":\"https:\\\/\\\/www.autonom.ro\\\/blog\\\/#\\\/schema\\\/person\\\/f1fb1363348130209d6874b844b15eb6\"},\"headline\":\"Autonom \u0219i FAN Courier marcheaz\u0103 \u00eenceputul unui parteneriat strategic: prima externalizare \u00een leasing opera\u021bional pentru liderul serviciilor de curierat din Rom\u00e2nia\",\"datePublished\":\"2025-07-28T07:50:52+00:00\",\"dateModified\":\"2025-07-28T07:53:21+00:00\",\"mainEntityOfPage\":{\"@id\":\"https:\\\/\\\/www.autonom.ro\\\/blog\\\/autonom-si-fan-courier-marcheaza-inceputul-unui-parteneriat-strategic-prima-externalizare-in-leasing-operational-pentru-liderul-serviciilor-de-curierat-din-romania\\\/\"},\"wordCount\":643,\"publisher\":{\"@id\":\"https:\\\/\\\/www.autonom.ro\\\/blog\\\/#organization\"},\"image\":{\"@id\":\"https:\\\/\\\/www.autonom.ro\\\/blog\\\/autonom-si-fan-courier-marcheaza-inceputul-unui-parteneriat-strategic-prima-externalizare-in-leasing-operational-pentru-liderul-serviciilor-de-curierat-din-romania\\\/#primaryimage\"},\"thumbnailUrl\":\"https:\\\/\\\/www.autonom.ro\\\/blog\\\/wp-content\\\/uploads\\\/2025\\\/07\\\/Autonom-x-Fan-Courier-1.jpg\",\"articleSection\":[\"Autonom in presa\",\"Noutati Autonom\"],\"inLanguage\":\"ro-RO\"},{\"@type\":\"WebPage\",\"@id\":\"https:\\\/\\\/www.autonom.ro\\\/blog\\\/autonom-si-fan-courier-marcheaza-inceputul-unui-parteneriat-strategic-prima-externalizare-in-leasing-operational-pentru-liderul-serviciilor-de-curierat-din-romania\\\/\",\"url\":\"https:\\\/\\\/www.autonom.ro\\\/blog\\\/autonom-si-fan-courier-marcheaza-inceputul-unui-parteneriat-strategic-prima-externalizare-in-leasing-operational-pentru-liderul-serviciilor-de-curierat-din-romania\\\/\",\"name\":\"Autonom \u0219i FAN Courier marcheaz\u0103 \u00eenceputul unui parteneriat strategic: prima externalizare \u00een leasing opera\u021bional pentru liderul serviciilor de curierat din Rom\u00e2nia - Blog Autonom\",\"isPartOf\":{\"@id\":\"https:\\\/\\\/www.autonom.ro\\\/blog\\\/#website\"},\"primaryImageOfPage\":{\"@id\":\"https:\\\/\\\/www.autonom.ro\\\/blog\\\/autonom-si-fan-courier-marcheaza-inceputul-unui-parteneriat-strategic-prima-externalizare-in-leasing-operational-pentru-liderul-serviciilor-de-curierat-din-romania\\\/#primaryimage\"},\"image\":{\"@id\":\"https:\\\/\\\/www.autonom.ro\\\/blog\\\/autonom-si-fan-courier-marcheaza-inceputul-unui-parteneriat-strategic-prima-externalizare-in-leasing-operational-pentru-liderul-serviciilor-de-curierat-din-romania\\\/#primaryimage\"},\"thumbnailUrl\":\"https:\\\/\\\/www.autonom.ro\\\/blog\\\/wp-content\\\/uploads\\\/2025\\\/07\\\/Autonom-x-Fan-Courier-1.jpg\",\"datePublished\":\"2025-07-28T07:50:52+00:00\",\"dateModified\":\"2025-07-28T07:53:21+00:00\",\"breadcrumb\":{\"@id\":\"https:\\\/\\\/www.autonom.ro\\\/blog\\\/autonom-si-fan-courier-marcheaza-inceputul-unui-parteneriat-strategic-prima-externalizare-in-leasing-operational-pentru-liderul-serviciilor-de-curierat-din-romania\\\/#breadcrumb\"},\"inLanguage\":\"ro-RO\",\"potentialAction\":[{\"@type\":\"ReadAction\",\"target\":[\"https:\\\/\\\/www.autonom.ro\\\/blog\\\/autonom-si-fan-courier-marcheaza-inceputul-unui-parteneriat-strategic-prima-externalizare-in-leasing-operational-pentru-liderul-serviciilor-de-curierat-din-romania\\\/\"]}]},{\"@type\":\"ImageObject\",\"inLanguage\":\"ro-RO\",\"@id\":\"https:\\\/\\\/www.autonom.ro\\\/blog\\\/autonom-si-fan-courier-marcheaza-inceputul-unui-parteneriat-strategic-prima-externalizare-in-leasing-operational-pentru-liderul-serviciilor-de-curierat-din-romania\\\/#primaryimage\",\"url\":\"https:\\\/\\\/www.autonom.ro\\\/blog\\\/wp-content\\\/uploads\\\/2025\\\/07\\\/Autonom-x-Fan-Courier-1.jpg\",\"contentUrl\":\"https:\\\/\\\/www.autonom.ro\\\/blog\\\/wp-content\\\/uploads\\\/2025\\\/07\\\/Autonom-x-Fan-Courier-1.jpg\",\"width\":1600,\"height\":1200},{\"@type\":\"BreadcrumbList\",\"@id\":\"https:\\\/\\\/www.autonom.ro\\\/blog\\\/autonom-si-fan-courier-marcheaza-inceputul-unui-parteneriat-strategic-prima-externalizare-in-leasing-operational-pentru-liderul-serviciilor-de-curierat-din-romania\\\/#breadcrumb\",\"itemListElement\":[{\"@type\":\"ListItem\",\"position\":1,\"name\":\"Prima pagin\u0103\",\"item\":\"https:\\\/\\\/www.autonom.ro\\\/blog\\\/\"},{\"@type\":\"ListItem\",\"position\":2,\"name\":\"Autonom \u0219i FAN Courier marcheaz\u0103 \u00eenceputul unui parteneriat strategic: prima externalizare \u00een leasing opera\u021bional pentru liderul serviciilor de curierat din Rom\u00e2nia\"}]},{\"@type\":\"WebSite\",\"@id\":\"https:\\\/\\\/www.autonom.ro\\\/blog\\\/#website\",\"url\":\"https:\\\/\\\/www.autonom.ro\\\/blog\\\/\",\"name\":\"Blog Autonom\",\"description\":\"\",\"publisher\":{\"@id\":\"https:\\\/\\\/www.autonom.ro\\\/blog\\\/#organization\"},\"potentialAction\":[{\"@type\":\"SearchAction\",\"target\":{\"@type\":\"EntryPoint\",\"urlTemplate\":\"https:\\\/\\\/www.autonom.ro\\\/blog\\\/?s={search_term_string}\"},\"query-input\":{\"@type\":\"PropertyValueSpecification\",\"valueRequired\":true,\"valueName\":\"search_term_string\"}}],\"inLanguage\":\"ro-RO\"},{\"@type\":\"Organization\",\"@id\":\"https:\\\/\\\/www.autonom.ro\\\/blog\\\/#organization\",\"name\":\"Blog Autonom\",\"url\":\"https:\\\/\\\/www.autonom.ro\\\/blog\\\/\",\"logo\":{\"@type\":\"ImageObject\",\"inLanguage\":\"ro-RO\",\"@id\":\"https:\\\/\\\/www.autonom.ro\\\/blog\\\/#\\\/schema\\\/logo\\\/image\\\/\",\"url\":\"https:\\\/\\\/www.autonom.ro\\\/blog\\\/wp-content\\\/uploads\\\/2020\\\/10\\\/cropped-Autonom_Corporate-Logo-Color-Orizontal-RGB.png\",\"contentUrl\":\"https:\\\/\\\/www.autonom.ro\\\/blog\\\/wp-content\\\/uploads\\\/2020\\\/10\\\/cropped-Autonom_Corporate-Logo-Color-Orizontal-RGB.png\",\"width\":724,\"height\":250,\"caption\":\"Blog Autonom\"},\"image\":{\"@id\":\"https:\\\/\\\/www.autonom.ro\\\/blog\\\/#\\\/schema\\\/logo\\\/image\\\/\"},\"sameAs\":[\"https:\\\/\\\/www.facebook.com\\\/AutonomRomania\\\/\",\"http:\\\/\\\/www.instagram.com\\\/autonom.romania\\\/\",\"https:\\\/\\\/www.linkedin.com\\\/company\\\/autonom-rent-a-car\"]},{\"@type\":\"Person\",\"@id\":\"https:\\\/\\\/www.autonom.ro\\\/blog\\\/#\\\/schema\\\/person\\\/f1fb1363348130209d6874b844b15eb6\",\"name\":\"ejumpadmin\",\"image\":{\"@type\":\"ImageObject\",\"inLanguage\":\"ro-RO\",\"@id\":\"https:\\\/\\\/secure.gravatar.com\\\/avatar\\\/fada40facfde12e5447936e32aa16524a47a263ebad3418b2eeefd949036196c?s=96&d=mm&r=g\",\"url\":\"https:\\\/\\\/secure.gravatar.com\\\/avatar\\\/fada40facfde12e5447936e32aa16524a47a263ebad3418b2eeefd949036196c?s=96&d=mm&r=g\",\"contentUrl\":\"https:\\\/\\\/secure.gravatar.com\\\/avatar\\\/fada40facfde12e5447936e32aa16524a47a263ebad3418b2eeefd949036196c?s=96&d=mm&r=g\",\"caption\":\"ejumpadmin\"},\"url\":\"https:\\\/\\\/www.autonom.ro\\\/blog\\\/author\\\/ejumpadmin\\\/\"}]}<\/script>\n<!-- \/ Yoast SEO plugin. -->","yoast_head_json":{"title":"Autonom \u0219i FAN Courier marcheaz\u0103 \u00eenceputul unui parteneriat strategic: prima externalizare \u00een leasing opera\u021bional pentru liderul serviciilor de curierat din Rom\u00e2nia - Blog Autonom","robots":{"index":"index","follow":"follow","max-snippet":"max-snippet:-1","max-image-preview":"max-image-preview:large","max-video-preview":"max-video-preview:-1"},"canonical":"https:\/\/www.autonom.ro\/blog\/autonom-si-fan-courier-marcheaza-inceputul-unui-parteneriat-strategic-prima-externalizare-in-leasing-operational-pentru-liderul-serviciilor-de-curierat-din-romania\/","og_locale":"ro_RO","og_type":"article","og_title":"Autonom \u0219i FAN Courier marcheaz\u0103 \u00eenceputul unui parteneriat strategic: prima externalizare \u00een leasing opera\u021bional pentru liderul serviciilor de curierat din Rom\u00e2nia - Blog Autonom","og_description":"Autonom, furnizor integrat de solu\u021bii de mobilitate \u0219i finan\u021bare, anun\u021b\u0103 \u00eenceputul unui parteneriat cu FAN Courier, liderul serviciilor de curierat din Rom\u00e2nia, prin livrarea primului lot de autovehicule \u00een regim de leasing opera\u021bional. Colaborarea debuteaz\u0103 cu un lot de 20 de unit\u0103\u021bi Ford Transit, carosate special pentru activitatea de curierat. Este pentru prima dat\u0103 c\u00e2nd [&hellip;]","og_url":"https:\/\/www.autonom.ro\/blog\/autonom-si-fan-courier-marcheaza-inceputul-unui-parteneriat-strategic-prima-externalizare-in-leasing-operational-pentru-liderul-serviciilor-de-curierat-din-romania\/","og_site_name":"Blog Autonom","article_publisher":"https:\/\/www.facebook.com\/AutonomRomania\/","article_published_time":"2025-07-28T07:50:52+00:00","article_modified_time":"2025-07-28T07:53:21+00:00","og_image":[{"width":1600,"height":1200,"url":"https:\/\/www.autonom.ro\/blog\/wp-content\/uploads\/2025\/07\/Autonom-x-Fan-Courier-1.jpg","type":"image\/jpeg"}],"author":"ejumpadmin","twitter_card":"summary_large_image","twitter_misc":{"Scris de":"ejumpadmin","Timp estimat pentru citire":"3 minute"},"schema":{"@context":"https:\/\/schema.org","@graph":[{"@type":"Article","@id":"https:\/\/www.autonom.ro\/blog\/autonom-si-fan-courier-marcheaza-inceputul-unui-parteneriat-strategic-prima-externalizare-in-leasing-operational-pentru-liderul-serviciilor-de-curierat-din-romania\/#article","isPartOf":{"@id":"https:\/\/www.autonom.ro\/blog\/autonom-si-fan-courier-marcheaza-inceputul-unui-parteneriat-strategic-prima-externalizare-in-leasing-operational-pentru-liderul-serviciilor-de-curierat-din-romania\/"},"author":{"name":"ejumpadmin","@id":"https:\/\/www.autonom.ro\/blog\/#\/schema\/person\/f1fb1363348130209d6874b844b15eb6"},"headline":"Autonom \u0219i FAN Courier marcheaz\u0103 \u00eenceputul unui parteneriat strategic: prima externalizare \u00een leasing opera\u021bional pentru liderul serviciilor de curierat din Rom\u00e2nia","datePublished":"2025-07-28T07:50:52+00:00","dateModified":"2025-07-28T07:53:21+00:00","mainEntityOfPage":{"@id":"https:\/\/www.autonom.ro\/blog\/autonom-si-fan-courier-marcheaza-inceputul-unui-parteneriat-strategic-prima-externalizare-in-leasing-operational-pentru-liderul-serviciilor-de-curierat-din-romania\/"},"wordCount":643,"publisher":{"@id":"https:\/\/www.autonom.ro\/blog\/#organization"},"image":{"@id":"https:\/\/www.autonom.ro\/blog\/autonom-si-fan-courier-marcheaza-inceputul-unui-parteneriat-strategic-prima-externalizare-in-leasing-operational-pentru-liderul-serviciilor-de-curierat-din-romania\/#primaryimage"},"thumbnailUrl":"https:\/\/www.autonom.ro\/blog\/wp-content\/uploads\/2025\/07\/Autonom-x-Fan-Courier-1.jpg","articleSection":["Autonom in presa","Noutati Autonom"],"inLanguage":"ro-RO"},{"@type":"WebPage","@id":"https:\/\/www.autonom.ro\/blog\/autonom-si-fan-courier-marcheaza-inceputul-unui-parteneriat-strategic-prima-externalizare-in-leasing-operational-pentru-liderul-serviciilor-de-curierat-din-romania\/","url":"https:\/\/www.autonom.ro\/blog\/autonom-si-fan-courier-marcheaza-inceputul-unui-parteneriat-strategic-prima-externalizare-in-leasing-operational-pentru-liderul-serviciilor-de-curierat-din-romania\/","name":"Autonom \u0219i FAN Courier marcheaz\u0103 \u00eenceputul unui parteneriat strategic: prima externalizare \u00een leasing opera\u021bional pentru liderul serviciilor de curierat din Rom\u00e2nia - Blog Autonom","isPartOf":{"@id":"https:\/\/www.autonom.ro\/blog\/#website"},"primaryImageOfPage":{"@id":"https:\/\/www.autonom.ro\/blog\/autonom-si-fan-courier-marcheaza-inceputul-unui-parteneriat-strategic-prima-externalizare-in-leasing-operational-pentru-liderul-serviciilor-de-curierat-din-romania\/#primaryimage"},"image":{"@id":"https:\/\/www.autonom.ro\/blog\/autonom-si-fan-courier-marcheaza-inceputul-unui-parteneriat-strategic-prima-externalizare-in-leasing-operational-pentru-liderul-serviciilor-de-curierat-din-romania\/#primaryimage"},"thumbnailUrl":"https:\/\/www.autonom.ro\/blog\/wp-content\/uploads\/2025\/07\/Autonom-x-Fan-Courier-1.jpg","datePublished":"2025-07-28T07:50:52+00:00","dateModified":"2025-07-28T07:53:21+00:00","breadcrumb":{"@id":"https:\/\/www.autonom.ro\/blog\/autonom-si-fan-courier-marcheaza-inceputul-unui-parteneriat-strategic-prima-externalizare-in-leasing-operational-pentru-liderul-serviciilor-de-curierat-din-romania\/#breadcrumb"},"inLanguage":"ro-RO","potentialAction":[{"@type":"ReadAction","target":["https:\/\/www.autonom.ro\/blog\/autonom-si-fan-courier-marcheaza-inceputul-unui-parteneriat-strategic-prima-externalizare-in-leasing-operational-pentru-liderul-serviciilor-de-curierat-din-romania\/"]}]},{"@type":"ImageObject","inLanguage":"ro-RO","@id":"https:\/\/www.autonom.ro\/blog\/autonom-si-fan-courier-marcheaza-inceputul-unui-parteneriat-strategic-prima-externalizare-in-leasing-operational-pentru-liderul-serviciilor-de-curierat-din-romania\/#primaryimage","url":"https:\/\/www.autonom.ro\/blog\/wp-content\/uploads\/2025\/07\/Autonom-x-Fan-Courier-1.jpg","contentUrl":"https:\/\/www.autonom.ro\/blog\/wp-content\/uploads\/2025\/07\/Autonom-x-Fan-Courier-1.jpg","width":1600,"height":1200},{"@type":"BreadcrumbList","@id":"https:\/\/www.autonom.ro\/blog\/autonom-si-fan-courier-marcheaza-inceputul-unui-parteneriat-strategic-prima-externalizare-in-leasing-operational-pentru-liderul-serviciilor-de-curierat-din-romania\/#breadcrumb","itemListElement":[{"@type":"ListItem","position":1,"name":"Prima pagin\u0103","item":"https:\/\/www.autonom.ro\/blog\/"},{"@type":"ListItem","position":2,"name":"Autonom \u0219i FAN Courier marcheaz\u0103 \u00eenceputul unui parteneriat strategic: prima externalizare \u00een leasing opera\u021bional pentru liderul serviciilor de curierat din Rom\u00e2nia"}]},{"@type":"WebSite","@id":"https:\/\/www.autonom.ro\/blog\/#website","url":"https:\/\/www.autonom.ro\/blog\/","name":"Blog Autonom","description":"","publisher":{"@id":"https:\/\/www.autonom.ro\/blog\/#organization"},"potentialAction":[{"@type":"SearchAction","target":{"@type":"EntryPoint","urlTemplate":"https:\/\/www.autonom.ro\/blog\/?s={search_term_string}"},"query-input":{"@type":"PropertyValueSpecification","valueRequired":true,"valueName":"search_term_string"}}],"inLanguage":"ro-RO"},{"@type":"Organization","@id":"https:\/\/www.autonom.ro\/blog\/#organization","name":"Blog Autonom","url":"https:\/\/www.autonom.ro\/blog\/","logo":{"@type":"ImageObject","inLanguage":"ro-RO","@id":"https:\/\/www.autonom.ro\/blog\/#\/schema\/logo\/image\/","url":"https:\/\/www.autonom.ro\/blog\/wp-content\/uploads\/2020\/10\/cropped-Autonom_Corporate-Logo-Color-Orizontal-RGB.png","contentUrl":"https:\/\/www.autonom.ro\/blog\/wp-content\/uploads\/2020\/10\/cropped-Autonom_Corporate-Logo-Color-Orizontal-RGB.png","width":724,"height":250,"caption":"Blog Autonom"},"image":{"@id":"https:\/\/www.autonom.ro\/blog\/#\/schema\/logo\/image\/"},"sameAs":["https:\/\/www.facebook.com\/AutonomRomania\/","http:\/\/www.instagram.com\/autonom.romania\/","https:\/\/www.linkedin.com\/company\/autonom-rent-a-car"]},{"@type":"Person","@id":"https:\/\/www.autonom.ro\/blog\/#\/schema\/person\/f1fb1363348130209d6874b844b15eb6","name":"ejumpadmin","image":{"@type":"ImageObject","inLanguage":"ro-RO","@id":"https:\/\/secure.gravatar.com\/avatar\/fada40facfde12e5447936e32aa16524a47a263ebad3418b2eeefd949036196c?s=96&d=mm&r=g","url":"https:\/\/secure.gravatar.com\/avatar\/fada40facfde12e5447936e32aa16524a47a263ebad3418b2eeefd949036196c?s=96&d=mm&r=g","contentUrl":"https:\/\/secure.gravatar.com\/avatar\/fada40facfde12e5447936e32aa16524a47a263ebad3418b2eeefd949036196c?s=96&d=mm&r=g","caption":"ejumpadmin"},"url":"https:\/\/www.autonom.ro\/blog\/author\/ejumpadmin\/"}]}},"_links":{"self":[{"href":"https:\/\/www.autonom.ro\/blog\/wp-json\/wp\/v2\/posts\/7085","targetHints":{"allow":["GET"]}}],"collection":[{"href":"https:\/\/www.autonom.ro\/blog\/wp-json\/wp\/v2\/posts"}],"about":[{"href":"https:\/\/www.autonom.ro\/blog\/wp-json\/wp\/v2\/types\/post"}],"author":[{"embeddable":true,"href":"https:\/\/www.autonom.ro\/blog\/wp-json\/wp\/v2\/users\/3"}],"replies":[{"embeddable":true,"href":"https:\/\/www.autonom.ro\/blog\/wp-json\/wp\/v2\/comments?post=7085"}],"version-history":[{"count":4,"href":"https:\/\/www.autonom.ro\/blog\/wp-json\/wp\/v2\/posts\/7085\/revisions"}],"predecessor-version":[{"id":7093,"href":"https:\/\/www.autonom.ro\/blog\/wp-json\/wp\/v2\/posts\/7085\/revisions\/7093"}],"wp:featuredmedia":[{"embeddable":true,"href":"https:\/\/www.autonom.ro\/blog\/wp-json\/wp\/v2\/media\/7086"}],"wp:attachment":[{"href":"https:\/\/www.autonom.ro\/blog\/wp-json\/wp\/v2\/media?parent=7085"}],"wp:term":[{"taxonomy":"category","embeddable":true,"href":"https:\/\/www.autonom.ro\/blog\/wp-json\/wp\/v2\/categories?post=7085"},{"taxonomy":"post_tag","embeddable":true,"href":"https:\/\/www.autonom.ro\/blog\/wp-json\/wp\/v2\/tags?post=7085"}],"curies":[{"name":"wp","href":"https:\/\/api.w.org\/{rel}","templated":true}]}}