{"id":7186,"date":"2025-09-26T13:47:46","date_gmt":"2025-09-26T10:47:46","guid":{"rendered":"https:\/\/www.autonom.ro\/blog\/?p=7186"},"modified":"2025-09-26T13:47:47","modified_gmt":"2025-09-26T10:47:47","slug":"leadership-si-siguranta-emotionala-dincolo-de-task-uri-si-kpis","status":"publish","type":"post","link":"https:\/\/www.autonom.ro\/blog\/leadership-si-siguranta-emotionala-dincolo-de-task-uri-si-kpis\/","title":{"rendered":"Leadership \u0219i siguran\u021b\u0103 emo\u021bional\u0103: dincolo de task-uri \u0219i KPIs"},"content":{"rendered":"\n<h2 class=\"wp-block-heading\">Salutare,<\/h2>\n\n\n\n<p>Te-ai \u00eentrebat vreodat\u0103 c\u00e2t din dinamica rela\u021biilor de la birou vine, de fapt, din stilurile noastre de <strong>ata\u0219ament<\/strong> \u0219i nu doar din sarcinile de zi cu zi?<\/p>\n\n\n\n<p>Probabil c\u0103 teme ca ata\u0219amentul sau instabilitatea emo\u021bional\u0103 \u00ee\u021bi par la prima vedere de domeniul terapiei.&nbsp;Dar ele se manifest\u0103 zi de zi, nu doar \u00een rela\u021biile private, ci \u0219i la birou, \u0219edin\u021be \u0219i \u00een rela\u021biile dintre lideri \u0219i echipe. Nu venim la munc\u0103 doar cu task-uri \u00een agend\u0103, ci \u0219i cu stilul nostru de rela\u021bionare.&nbsp;<\/p>\n\n\n<div class=\"wp-block-image\">\n<figure class=\"aligncenter size-full is-resized\"><img loading=\"lazy\" decoding=\"async\" width=\"176\" height=\"176\" src=\"https:\/\/www.autonom.ro\/blog\/wp-content\/uploads\/2025\/09\/Emo-Reaction-GIF-by-MOODMAN.gif\" alt=\"\" class=\"wp-image-7187\" style=\"width:354px;height:auto\"\/><\/figure>\n<\/div>\n\n\n<p>Uite <strong>3 idei cheie<\/strong> dintr-un studiu recent despre stilul de ata\u0219ament la locul de munc\u0103:&nbsp;<\/p>\n\n\n\n<ol class=\"wp-block-list\">\n<li><strong>Ata\u0219amentul anxios + lider cu stil emo\u021bional instabil = rela\u021bia devine o surs\u0103 de stres cronic.<\/strong>\u00a0Angaja\u021bii cu ata\u0219ament anxios au nevoie de confirm\u0103ri frecvente. Dac\u0103 liderul este azi prietenos, m\u00e2ine rece \u0219i distant, angajatul tr\u0103ie\u0219te confuzie: \u201eOare azi sunt apreciat?\u201d\u00a0<\/li>\n\n\n\n<li><strong>Ata\u0219amentul evitant + lider instabil = accentuarea lipsei de \u00eencredere<\/strong>.\u00a0 Cei cu ata\u0219ament evitant par independen\u021bi \u0219i rezerva\u021bi, prefer\u0103 s\u0103 nu cear\u0103 ajutor \u0219i s\u0103-\u0219i gestioneze singuri provoc\u0103rile. Liderul instabil le confirm\u0103 \u0219i accentueaz\u0103 credin\u021ba c\u0103 oamenii nu sunt de \u00eencredere.\u00a0<\/li>\n\n\n\n<li><strong>Liderul cu tensiuni nevrotice <\/strong>(anxietate, reactivitate emo\u021bional\u0103, instabilitate) <strong>poate amplifica percep\u021bia de nesiguran\u021b\u0103 <\/strong>\u00een r\u00e2ndul angaja\u021bilor.<\/li>\n<\/ol>\n\n\n\n<h2 class=\"wp-block-heading\">#DozaDeLectur\u0103&nbsp;<\/h2>\n\n\n\n<p>Pentru explorarea subiectului de ast\u0103zi, recomand\u0103m cartea \u201e<a href=\"https:\/\/www.goodreads.com\/book\/show\/13839150-care-to-dare\">Care to Dare: Unleashing Astonishing Potential through Secure Base Leadership<\/a>\u201d. Aceasta este o lectur\u0103 care traduce <strong>teoria ata\u0219amentului<\/strong> \u00een limbaj organiza\u021bional, cu aplica\u021bii directe pentru leadership, echipe \u0219i cultura organiza\u021bional\u0103.&nbsp;<\/p>\n\n\n\n<p>Uite <strong>3 idei-cheie<\/strong> din carte care te vor face s\u0103 nu o la\u0219i din m\u00e2n\u0103:&nbsp;<\/p>\n\n\n\n<ol class=\"wp-block-list\">\n<li><strong>\u201eSecure base leadership\u201d<\/strong>\u202fofer\u0103 dou\u0103 lucruri simultan:\u00a0<strong>siguran\u021b\u0103 emo\u021bional\u0103<\/strong> (e\u0219ti sus\u021binut, nu vei fi abandonat)\u00a0\u0219i <strong>provocare<\/strong> (po\u021bi mai mult \u0219i am \u00eencredere c\u0103 vei reu\u0219i);\u00a0<\/li>\n\n\n\n<li><strong>F\u0103r\u0103 leg\u0103tur\u0103 emo\u021bional\u0103, leadershipul este doar o func\u021bie opera\u021bional\u0103.<\/strong>\u00a0Angaja\u021bii care nu se simt \u201ev\u0103zu\u021bi\u201d sau \u00een siguran\u021b\u0103, evit\u0103 riscurile, ascund gre\u0219elile \u0219i livreaz\u0103 la limit\u0103, chiar dac\u0103 au poten\u021bial peste medie.\u00a0<\/li>\n\n\n\n<li>Rela\u021bia securizant\u0103 implic\u0103 chiar \u0219i <strong>discu\u021biile dificile<\/strong>, care sunt abordate tocmai pentru c\u0103 liderului \u00eei pas\u0103<strong>.<\/strong>\u202f\u00a0<\/li>\n<\/ol>\n\n\n\n<h2 class=\"wp-block-heading\">#DeAscultat&nbsp;<\/h2>\n\n\n\n<p>\u00cen acest episod, <strong>Adam Grant<\/strong> exploreaz\u0103 ideea c\u0103 performan\u021ba individual\u0103 <strong>nu e suficient\u0103<\/strong> dac\u0103 rela\u021biile din echip\u0103 <strong>nu sunt s\u0103n\u0103toase<\/strong>.&nbsp;S\u0103 creezi siguran\u021b\u0103 emo\u021bional\u0103 \u0219i consecven\u021b\u0103 \u00een comportamente este <strong>mai valoros<\/strong> dec\u00e2t s\u0103 aduni talente individuale excep\u021bionale.&nbsp;<\/p>\n\n\n\n<p>Vezi aici videoclipul recomandat: <a href=\"https:\/\/www.youtube.com\/watch?v=iZ3j5AVbbao\" target=\"_blank\" rel=\"noreferrer noopener\">https:\/\/www.youtube.com\/watch?v=iZ3j5AVbbao<\/a><\/p>\n\n\n\n<p id=\"ember436\">Pentru mai mult con\u021binut interesant \u0219i divers, te invit\u0103m s\u0103 dai un check \u0219i pe pagina noastr\u0103 de <a href=\"https:\/\/www.linkedin.com\/company\/autonom-group\/?viewAsMember=true\">LinkedIn<\/a>!<\/p>\n\n\n\n<h3 class=\"wp-block-heading\" id=\"ember437\">Mul\u021bumim c\u0103 ne cite\u0219ti \u0219i ne revedem \u00een episodul urm\u0103tor, de acum doar pe LinkedIn \u0219i blog!<\/h3>\n","protected":false},"excerpt":{"rendered":"<p>Salutare, Te-ai \u00eentrebat vreodat\u0103 c\u00e2t din dinamica rela\u021biilor de la birou vine, de fapt, din stilurile noastre de ata\u0219ament \u0219i nu doar din sarcinile de zi cu zi? Probabil c\u0103 teme ca ata\u0219amentul sau instabilitatea emo\u021bional\u0103 \u00ee\u021bi par la prima vedere de domeniul terapiei.&nbsp;Dar ele se manifest\u0103 zi de zi, nu doar \u00een rela\u021biile private, [&hellip;]<\/p>\n","protected":false},"author":3,"featured_media":7177,"comment_status":"closed","ping_status":"closed","sticky":false,"template":"","format":"standard","meta":{"inline_featured_image":false,"footnotes":""},"categories":[1923],"tags":[],"class_list":["post-7186","post","type-post","status-publish","format-standard","has-post-thumbnail","hentry","category-learning-tip-of-the-week"],"yoast_head":"<!-- This site is optimized with the Yoast SEO plugin v27.3 - https:\/\/yoast.com\/product\/yoast-seo-wordpress\/ -->\n<title>Leadership \u0219i siguran\u021b\u0103 emo\u021bional\u0103: dincolo de task-uri \u0219i KPIs - Blog Autonom<\/title>\n<meta name=\"robots\" content=\"index, follow, max-snippet:-1, max-image-preview:large, max-video-preview:-1\" \/>\n<link rel=\"canonical\" href=\"https:\/\/www.autonom.ro\/blog\/leadership-si-siguranta-emotionala-dincolo-de-task-uri-si-kpis\/\" \/>\n<meta property=\"og:locale\" content=\"ro_RO\" \/>\n<meta property=\"og:type\" content=\"article\" \/>\n<meta property=\"og:title\" content=\"Leadership \u0219i siguran\u021b\u0103 emo\u021bional\u0103: dincolo de task-uri \u0219i KPIs - Blog Autonom\" \/>\n<meta property=\"og:description\" content=\"Salutare, Te-ai \u00eentrebat vreodat\u0103 c\u00e2t din dinamica rela\u021biilor de la birou vine, de fapt, din stilurile noastre de ata\u0219ament \u0219i nu doar din sarcinile de zi cu zi? Probabil c\u0103 teme ca ata\u0219amentul sau instabilitatea emo\u021bional\u0103 \u00ee\u021bi par la prima vedere de domeniul terapiei.&nbsp;Dar ele se manifest\u0103 zi de zi, nu doar \u00een rela\u021biile private, [&hellip;]\" \/>\n<meta property=\"og:url\" content=\"https:\/\/www.autonom.ro\/blog\/leadership-si-siguranta-emotionala-dincolo-de-task-uri-si-kpis\/\" \/>\n<meta property=\"og:site_name\" content=\"Blog Autonom\" \/>\n<meta property=\"article:publisher\" content=\"https:\/\/www.facebook.com\/AutonomRomania\/\" \/>\n<meta property=\"article:published_time\" content=\"2025-09-26T10:47:46+00:00\" \/>\n<meta property=\"article:modified_time\" content=\"2025-09-26T10:47:47+00:00\" \/>\n<meta property=\"og:image\" content=\"https:\/\/www.autonom.ro\/blog\/wp-content\/uploads\/2025\/09\/LinkedIn-Header-1.jpg\" \/>\n\t<meta property=\"og:image:width\" content=\"1280\" \/>\n\t<meta property=\"og:image:height\" content=\"720\" \/>\n\t<meta property=\"og:image:type\" content=\"image\/jpeg\" \/>\n<meta name=\"author\" content=\"ejumpadmin\" \/>\n<meta name=\"twitter:card\" content=\"summary_large_image\" \/>\n<meta name=\"twitter:label1\" content=\"Scris de\" \/>\n\t<meta name=\"twitter:data1\" content=\"ejumpadmin\" \/>\n\t<meta name=\"twitter:label2\" content=\"Timp estimat pentru citire\" \/>\n\t<meta name=\"twitter:data2\" content=\"3 minute\" \/>\n<script type=\"application\/ld+json\" class=\"yoast-schema-graph\">{\"@context\":\"https:\\\/\\\/schema.org\",\"@graph\":[{\"@type\":\"Article\",\"@id\":\"https:\\\/\\\/www.autonom.ro\\\/blog\\\/leadership-si-siguranta-emotionala-dincolo-de-task-uri-si-kpis\\\/#article\",\"isPartOf\":{\"@id\":\"https:\\\/\\\/www.autonom.ro\\\/blog\\\/leadership-si-siguranta-emotionala-dincolo-de-task-uri-si-kpis\\\/\"},\"author\":{\"name\":\"ejumpadmin\",\"@id\":\"https:\\\/\\\/www.autonom.ro\\\/blog\\\/#\\\/schema\\\/person\\\/f1fb1363348130209d6874b844b15eb6\"},\"headline\":\"Leadership \u0219i siguran\u021b\u0103 emo\u021bional\u0103: dincolo de task-uri \u0219i KPIs\",\"datePublished\":\"2025-09-26T10:47:46+00:00\",\"dateModified\":\"2025-09-26T10:47:47+00:00\",\"mainEntityOfPage\":{\"@id\":\"https:\\\/\\\/www.autonom.ro\\\/blog\\\/leadership-si-siguranta-emotionala-dincolo-de-task-uri-si-kpis\\\/\"},\"wordCount\":492,\"publisher\":{\"@id\":\"https:\\\/\\\/www.autonom.ro\\\/blog\\\/#organization\"},\"image\":{\"@id\":\"https:\\\/\\\/www.autonom.ro\\\/blog\\\/leadership-si-siguranta-emotionala-dincolo-de-task-uri-si-kpis\\\/#primaryimage\"},\"thumbnailUrl\":\"https:\\\/\\\/www.autonom.ro\\\/blog\\\/wp-content\\\/uploads\\\/2025\\\/09\\\/LinkedIn-Header-1.jpg\",\"articleSection\":[\"Learning Tip of the Week\"],\"inLanguage\":\"ro-RO\"},{\"@type\":\"WebPage\",\"@id\":\"https:\\\/\\\/www.autonom.ro\\\/blog\\\/leadership-si-siguranta-emotionala-dincolo-de-task-uri-si-kpis\\\/\",\"url\":\"https:\\\/\\\/www.autonom.ro\\\/blog\\\/leadership-si-siguranta-emotionala-dincolo-de-task-uri-si-kpis\\\/\",\"name\":\"Leadership \u0219i siguran\u021b\u0103 emo\u021bional\u0103: dincolo de task-uri \u0219i KPIs - Blog Autonom\",\"isPartOf\":{\"@id\":\"https:\\\/\\\/www.autonom.ro\\\/blog\\\/#website\"},\"primaryImageOfPage\":{\"@id\":\"https:\\\/\\\/www.autonom.ro\\\/blog\\\/leadership-si-siguranta-emotionala-dincolo-de-task-uri-si-kpis\\\/#primaryimage\"},\"image\":{\"@id\":\"https:\\\/\\\/www.autonom.ro\\\/blog\\\/leadership-si-siguranta-emotionala-dincolo-de-task-uri-si-kpis\\\/#primaryimage\"},\"thumbnailUrl\":\"https:\\\/\\\/www.autonom.ro\\\/blog\\\/wp-content\\\/uploads\\\/2025\\\/09\\\/LinkedIn-Header-1.jpg\",\"datePublished\":\"2025-09-26T10:47:46+00:00\",\"dateModified\":\"2025-09-26T10:47:47+00:00\",\"breadcrumb\":{\"@id\":\"https:\\\/\\\/www.autonom.ro\\\/blog\\\/leadership-si-siguranta-emotionala-dincolo-de-task-uri-si-kpis\\\/#breadcrumb\"},\"inLanguage\":\"ro-RO\",\"potentialAction\":[{\"@type\":\"ReadAction\",\"target\":[\"https:\\\/\\\/www.autonom.ro\\\/blog\\\/leadership-si-siguranta-emotionala-dincolo-de-task-uri-si-kpis\\\/\"]}]},{\"@type\":\"ImageObject\",\"inLanguage\":\"ro-RO\",\"@id\":\"https:\\\/\\\/www.autonom.ro\\\/blog\\\/leadership-si-siguranta-emotionala-dincolo-de-task-uri-si-kpis\\\/#primaryimage\",\"url\":\"https:\\\/\\\/www.autonom.ro\\\/blog\\\/wp-content\\\/uploads\\\/2025\\\/09\\\/LinkedIn-Header-1.jpg\",\"contentUrl\":\"https:\\\/\\\/www.autonom.ro\\\/blog\\\/wp-content\\\/uploads\\\/2025\\\/09\\\/LinkedIn-Header-1.jpg\",\"width\":1280,\"height\":720},{\"@type\":\"BreadcrumbList\",\"@id\":\"https:\\\/\\\/www.autonom.ro\\\/blog\\\/leadership-si-siguranta-emotionala-dincolo-de-task-uri-si-kpis\\\/#breadcrumb\",\"itemListElement\":[{\"@type\":\"ListItem\",\"position\":1,\"name\":\"Prima pagin\u0103\",\"item\":\"https:\\\/\\\/www.autonom.ro\\\/blog\\\/\"},{\"@type\":\"ListItem\",\"position\":2,\"name\":\"Leadership \u0219i siguran\u021b\u0103 emo\u021bional\u0103: dincolo de task-uri \u0219i KPIs\"}]},{\"@type\":\"WebSite\",\"@id\":\"https:\\\/\\\/www.autonom.ro\\\/blog\\\/#website\",\"url\":\"https:\\\/\\\/www.autonom.ro\\\/blog\\\/\",\"name\":\"Blog Autonom\",\"description\":\"\",\"publisher\":{\"@id\":\"https:\\\/\\\/www.autonom.ro\\\/blog\\\/#organization\"},\"potentialAction\":[{\"@type\":\"SearchAction\",\"target\":{\"@type\":\"EntryPoint\",\"urlTemplate\":\"https:\\\/\\\/www.autonom.ro\\\/blog\\\/?s={search_term_string}\"},\"query-input\":{\"@type\":\"PropertyValueSpecification\",\"valueRequired\":true,\"valueName\":\"search_term_string\"}}],\"inLanguage\":\"ro-RO\"},{\"@type\":\"Organization\",\"@id\":\"https:\\\/\\\/www.autonom.ro\\\/blog\\\/#organization\",\"name\":\"Blog Autonom\",\"url\":\"https:\\\/\\\/www.autonom.ro\\\/blog\\\/\",\"logo\":{\"@type\":\"ImageObject\",\"inLanguage\":\"ro-RO\",\"@id\":\"https:\\\/\\\/www.autonom.ro\\\/blog\\\/#\\\/schema\\\/logo\\\/image\\\/\",\"url\":\"https:\\\/\\\/www.autonom.ro\\\/blog\\\/wp-content\\\/uploads\\\/2020\\\/10\\\/cropped-Autonom_Corporate-Logo-Color-Orizontal-RGB.png\",\"contentUrl\":\"https:\\\/\\\/www.autonom.ro\\\/blog\\\/wp-content\\\/uploads\\\/2020\\\/10\\\/cropped-Autonom_Corporate-Logo-Color-Orizontal-RGB.png\",\"width\":724,\"height\":250,\"caption\":\"Blog Autonom\"},\"image\":{\"@id\":\"https:\\\/\\\/www.autonom.ro\\\/blog\\\/#\\\/schema\\\/logo\\\/image\\\/\"},\"sameAs\":[\"https:\\\/\\\/www.facebook.com\\\/AutonomRomania\\\/\",\"http:\\\/\\\/www.instagram.com\\\/autonom.romania\\\/\",\"https:\\\/\\\/www.linkedin.com\\\/company\\\/autonom-rent-a-car\"]},{\"@type\":\"Person\",\"@id\":\"https:\\\/\\\/www.autonom.ro\\\/blog\\\/#\\\/schema\\\/person\\\/f1fb1363348130209d6874b844b15eb6\",\"name\":\"ejumpadmin\",\"image\":{\"@type\":\"ImageObject\",\"inLanguage\":\"ro-RO\",\"@id\":\"https:\\\/\\\/secure.gravatar.com\\\/avatar\\\/fada40facfde12e5447936e32aa16524a47a263ebad3418b2eeefd949036196c?s=96&d=mm&r=g\",\"url\":\"https:\\\/\\\/secure.gravatar.com\\\/avatar\\\/fada40facfde12e5447936e32aa16524a47a263ebad3418b2eeefd949036196c?s=96&d=mm&r=g\",\"contentUrl\":\"https:\\\/\\\/secure.gravatar.com\\\/avatar\\\/fada40facfde12e5447936e32aa16524a47a263ebad3418b2eeefd949036196c?s=96&d=mm&r=g\",\"caption\":\"ejumpadmin\"},\"url\":\"https:\\\/\\\/www.autonom.ro\\\/blog\\\/author\\\/ejumpadmin\\\/\"}]}<\/script>\n<!-- \/ Yoast SEO plugin. -->","yoast_head_json":{"title":"Leadership \u0219i siguran\u021b\u0103 emo\u021bional\u0103: dincolo de task-uri \u0219i KPIs - Blog Autonom","robots":{"index":"index","follow":"follow","max-snippet":"max-snippet:-1","max-image-preview":"max-image-preview:large","max-video-preview":"max-video-preview:-1"},"canonical":"https:\/\/www.autonom.ro\/blog\/leadership-si-siguranta-emotionala-dincolo-de-task-uri-si-kpis\/","og_locale":"ro_RO","og_type":"article","og_title":"Leadership \u0219i siguran\u021b\u0103 emo\u021bional\u0103: dincolo de task-uri \u0219i KPIs - Blog Autonom","og_description":"Salutare, Te-ai \u00eentrebat vreodat\u0103 c\u00e2t din dinamica rela\u021biilor de la birou vine, de fapt, din stilurile noastre de ata\u0219ament \u0219i nu doar din sarcinile de zi cu zi? Probabil c\u0103 teme ca ata\u0219amentul sau instabilitatea emo\u021bional\u0103 \u00ee\u021bi par la prima vedere de domeniul terapiei.&nbsp;Dar ele se manifest\u0103 zi de zi, nu doar \u00een rela\u021biile private, [&hellip;]","og_url":"https:\/\/www.autonom.ro\/blog\/leadership-si-siguranta-emotionala-dincolo-de-task-uri-si-kpis\/","og_site_name":"Blog Autonom","article_publisher":"https:\/\/www.facebook.com\/AutonomRomania\/","article_published_time":"2025-09-26T10:47:46+00:00","article_modified_time":"2025-09-26T10:47:47+00:00","og_image":[{"width":1280,"height":720,"url":"https:\/\/www.autonom.ro\/blog\/wp-content\/uploads\/2025\/09\/LinkedIn-Header-1.jpg","type":"image\/jpeg"}],"author":"ejumpadmin","twitter_card":"summary_large_image","twitter_misc":{"Scris de":"ejumpadmin","Timp estimat pentru citire":"3 minute"},"schema":{"@context":"https:\/\/schema.org","@graph":[{"@type":"Article","@id":"https:\/\/www.autonom.ro\/blog\/leadership-si-siguranta-emotionala-dincolo-de-task-uri-si-kpis\/#article","isPartOf":{"@id":"https:\/\/www.autonom.ro\/blog\/leadership-si-siguranta-emotionala-dincolo-de-task-uri-si-kpis\/"},"author":{"name":"ejumpadmin","@id":"https:\/\/www.autonom.ro\/blog\/#\/schema\/person\/f1fb1363348130209d6874b844b15eb6"},"headline":"Leadership \u0219i siguran\u021b\u0103 emo\u021bional\u0103: dincolo de task-uri \u0219i KPIs","datePublished":"2025-09-26T10:47:46+00:00","dateModified":"2025-09-26T10:47:47+00:00","mainEntityOfPage":{"@id":"https:\/\/www.autonom.ro\/blog\/leadership-si-siguranta-emotionala-dincolo-de-task-uri-si-kpis\/"},"wordCount":492,"publisher":{"@id":"https:\/\/www.autonom.ro\/blog\/#organization"},"image":{"@id":"https:\/\/www.autonom.ro\/blog\/leadership-si-siguranta-emotionala-dincolo-de-task-uri-si-kpis\/#primaryimage"},"thumbnailUrl":"https:\/\/www.autonom.ro\/blog\/wp-content\/uploads\/2025\/09\/LinkedIn-Header-1.jpg","articleSection":["Learning Tip of the Week"],"inLanguage":"ro-RO"},{"@type":"WebPage","@id":"https:\/\/www.autonom.ro\/blog\/leadership-si-siguranta-emotionala-dincolo-de-task-uri-si-kpis\/","url":"https:\/\/www.autonom.ro\/blog\/leadership-si-siguranta-emotionala-dincolo-de-task-uri-si-kpis\/","name":"Leadership \u0219i siguran\u021b\u0103 emo\u021bional\u0103: dincolo de task-uri \u0219i KPIs - Blog Autonom","isPartOf":{"@id":"https:\/\/www.autonom.ro\/blog\/#website"},"primaryImageOfPage":{"@id":"https:\/\/www.autonom.ro\/blog\/leadership-si-siguranta-emotionala-dincolo-de-task-uri-si-kpis\/#primaryimage"},"image":{"@id":"https:\/\/www.autonom.ro\/blog\/leadership-si-siguranta-emotionala-dincolo-de-task-uri-si-kpis\/#primaryimage"},"thumbnailUrl":"https:\/\/www.autonom.ro\/blog\/wp-content\/uploads\/2025\/09\/LinkedIn-Header-1.jpg","datePublished":"2025-09-26T10:47:46+00:00","dateModified":"2025-09-26T10:47:47+00:00","breadcrumb":{"@id":"https:\/\/www.autonom.ro\/blog\/leadership-si-siguranta-emotionala-dincolo-de-task-uri-si-kpis\/#breadcrumb"},"inLanguage":"ro-RO","potentialAction":[{"@type":"ReadAction","target":["https:\/\/www.autonom.ro\/blog\/leadership-si-siguranta-emotionala-dincolo-de-task-uri-si-kpis\/"]}]},{"@type":"ImageObject","inLanguage":"ro-RO","@id":"https:\/\/www.autonom.ro\/blog\/leadership-si-siguranta-emotionala-dincolo-de-task-uri-si-kpis\/#primaryimage","url":"https:\/\/www.autonom.ro\/blog\/wp-content\/uploads\/2025\/09\/LinkedIn-Header-1.jpg","contentUrl":"https:\/\/www.autonom.ro\/blog\/wp-content\/uploads\/2025\/09\/LinkedIn-Header-1.jpg","width":1280,"height":720},{"@type":"BreadcrumbList","@id":"https:\/\/www.autonom.ro\/blog\/leadership-si-siguranta-emotionala-dincolo-de-task-uri-si-kpis\/#breadcrumb","itemListElement":[{"@type":"ListItem","position":1,"name":"Prima pagin\u0103","item":"https:\/\/www.autonom.ro\/blog\/"},{"@type":"ListItem","position":2,"name":"Leadership \u0219i siguran\u021b\u0103 emo\u021bional\u0103: dincolo de task-uri \u0219i KPIs"}]},{"@type":"WebSite","@id":"https:\/\/www.autonom.ro\/blog\/#website","url":"https:\/\/www.autonom.ro\/blog\/","name":"Blog Autonom","description":"","publisher":{"@id":"https:\/\/www.autonom.ro\/blog\/#organization"},"potentialAction":[{"@type":"SearchAction","target":{"@type":"EntryPoint","urlTemplate":"https:\/\/www.autonom.ro\/blog\/?s={search_term_string}"},"query-input":{"@type":"PropertyValueSpecification","valueRequired":true,"valueName":"search_term_string"}}],"inLanguage":"ro-RO"},{"@type":"Organization","@id":"https:\/\/www.autonom.ro\/blog\/#organization","name":"Blog Autonom","url":"https:\/\/www.autonom.ro\/blog\/","logo":{"@type":"ImageObject","inLanguage":"ro-RO","@id":"https:\/\/www.autonom.ro\/blog\/#\/schema\/logo\/image\/","url":"https:\/\/www.autonom.ro\/blog\/wp-content\/uploads\/2020\/10\/cropped-Autonom_Corporate-Logo-Color-Orizontal-RGB.png","contentUrl":"https:\/\/www.autonom.ro\/blog\/wp-content\/uploads\/2020\/10\/cropped-Autonom_Corporate-Logo-Color-Orizontal-RGB.png","width":724,"height":250,"caption":"Blog Autonom"},"image":{"@id":"https:\/\/www.autonom.ro\/blog\/#\/schema\/logo\/image\/"},"sameAs":["https:\/\/www.facebook.com\/AutonomRomania\/","http:\/\/www.instagram.com\/autonom.romania\/","https:\/\/www.linkedin.com\/company\/autonom-rent-a-car"]},{"@type":"Person","@id":"https:\/\/www.autonom.ro\/blog\/#\/schema\/person\/f1fb1363348130209d6874b844b15eb6","name":"ejumpadmin","image":{"@type":"ImageObject","inLanguage":"ro-RO","@id":"https:\/\/secure.gravatar.com\/avatar\/fada40facfde12e5447936e32aa16524a47a263ebad3418b2eeefd949036196c?s=96&d=mm&r=g","url":"https:\/\/secure.gravatar.com\/avatar\/fada40facfde12e5447936e32aa16524a47a263ebad3418b2eeefd949036196c?s=96&d=mm&r=g","contentUrl":"https:\/\/secure.gravatar.com\/avatar\/fada40facfde12e5447936e32aa16524a47a263ebad3418b2eeefd949036196c?s=96&d=mm&r=g","caption":"ejumpadmin"},"url":"https:\/\/www.autonom.ro\/blog\/author\/ejumpadmin\/"}]}},"_links":{"self":[{"href":"https:\/\/www.autonom.ro\/blog\/wp-json\/wp\/v2\/posts\/7186","targetHints":{"allow":["GET"]}}],"collection":[{"href":"https:\/\/www.autonom.ro\/blog\/wp-json\/wp\/v2\/posts"}],"about":[{"href":"https:\/\/www.autonom.ro\/blog\/wp-json\/wp\/v2\/types\/post"}],"author":[{"embeddable":true,"href":"https:\/\/www.autonom.ro\/blog\/wp-json\/wp\/v2\/users\/3"}],"replies":[{"embeddable":true,"href":"https:\/\/www.autonom.ro\/blog\/wp-json\/wp\/v2\/comments?post=7186"}],"version-history":[{"count":1,"href":"https:\/\/www.autonom.ro\/blog\/wp-json\/wp\/v2\/posts\/7186\/revisions"}],"predecessor-version":[{"id":7188,"href":"https:\/\/www.autonom.ro\/blog\/wp-json\/wp\/v2\/posts\/7186\/revisions\/7188"}],"wp:featuredmedia":[{"embeddable":true,"href":"https:\/\/www.autonom.ro\/blog\/wp-json\/wp\/v2\/media\/7177"}],"wp:attachment":[{"href":"https:\/\/www.autonom.ro\/blog\/wp-json\/wp\/v2\/media?parent=7186"}],"wp:term":[{"taxonomy":"category","embeddable":true,"href":"https:\/\/www.autonom.ro\/blog\/wp-json\/wp\/v2\/categories?post=7186"},{"taxonomy":"post_tag","embeddable":true,"href":"https:\/\/www.autonom.ro\/blog\/wp-json\/wp\/v2\/tags?post=7186"}],"curies":[{"name":"wp","href":"https:\/\/api.w.org\/{rel}","templated":true}]}}