{"id":7221,"date":"2025-10-29T14:55:35","date_gmt":"2025-10-29T11:55:35","guid":{"rendered":"https:\/\/www.autonom.ro\/blog\/?p=7221"},"modified":"2025-10-29T14:55:36","modified_gmt":"2025-10-29T11:55:36","slug":"autonom-lider-al-mediului-de-afaceri-din-judetul-neamt-pentru-al-treilea-an-consecutiv-conform-rezultatelor-din-2024","status":"publish","type":"post","link":"https:\/\/www.autonom.ro\/blog\/autonom-lider-al-mediului-de-afaceri-din-judetul-neamt-pentru-al-treilea-an-consecutiv-conform-rezultatelor-din-2024\/","title":{"rendered":"Autonom, lider al mediului de afaceri din jude\u021bul Neam\u021b pentru al treilea an consecutiv, conform rezultatelor din 2024"},"content":{"rendered":"\n<p><strong>Piatra Neam\u021b, 28 octombrie 2025<\/strong> \u2013 Autonom Services SA, cea mai mare re\u021bea de mobilitate din Rom\u00e2nia \u0219i parte a grupului Autonom, ocup\u0103 pentru al treilea an consecutiv \u00een 2024 <strong>prima pozi\u021bie \u00een clasamentul celor mai mari companii din jude\u021bul Neam\u021b<\/strong>, consolid\u00e2ndu-\u0219i statutul de lider al mediului de afaceri local.<\/p>\n\n\n\n<p>\u00cen 2024, compania a \u00eenregistrat o <strong>cifr\u0103 de afaceri de 818,2 milioane de lei<\/strong>, \u00een cre\u0219tere cu <strong>14%<\/strong> fa\u021b\u0103 de anul precedent, \u0219i un <strong>profit net de 59,2 milioane de lei<\/strong>, aproape dublu (+97%) comparativ cu 2023. Totodat\u0103, num\u0103rul de angaja\u021bi a crescut la <strong>545<\/strong>, cu 9% mai mult fa\u021b\u0103 de anul anterior, confirm\u00e2nd dinamica pozitiv\u0103 a companiei \u0219i contribu\u021bia sa la dezvoltarea economic\u0103 a jude\u021bului Neam\u021b.<\/p>\n\n\n<div class=\"wp-block-image\">\n<figure class=\"aligncenter size-full is-resized\"><img loading=\"lazy\" decoding=\"async\" width=\"763\" height=\"597\" src=\"https:\/\/www.autonom.ro\/blog\/wp-content\/uploads\/2025\/10\/image.png\" alt=\"\" class=\"wp-image-7222\" style=\"width:528px;height:auto\" srcset=\"https:\/\/www.autonom.ro\/blog\/wp-content\/uploads\/2025\/10\/image.png 763w, https:\/\/www.autonom.ro\/blog\/wp-content\/uploads\/2025\/10\/image-300x235.png 300w\" sizes=\"auto, (max-width: 763px) 100vw, 763px\" \/><\/figure>\n<\/div>\n\n\n<p>Autonom a intrat pentru prima dat\u0103 \u00een top zece companii din jude\u021b \u00een anul <strong>2018<\/strong>, iar \u00een doar c\u00e2\u021biva ani a reu\u0219it s\u0103 ajung\u0103 pe primul loc, dep\u0103\u0219ind companii consacrate din regiune. Pozi\u021bia de lider, men\u021binut\u0103 timp de trei ani consecutiv, reflect\u0103 <strong>for\u021ba modelului de business, orientarea pe termen lung \u0219i adaptabilitatea<\/strong> companiei \u00eentr-un mediu economic aflat \u00een continu\u0103 transformare.<\/p>\n\n\n\n<p>Performan\u021ba Autonom vine \u00eentr-un context \u00een care doar o parte dintre companiile prezente \u00een topul din 2008 se mai reg\u0103sesc ast\u0103zi \u00een primele zece. Evolu\u021bia ascendent\u0103 a companiei demonstreaz\u0103 capacitatea sa de a cre\u0219te sustenabil, prin investi\u021bii constante \u00een digitalizare, dezvoltarea serviciilor de mobilitate \u0219i consolidarea unei culturi organiza\u021bionale bazate pe \u00eenv\u0103\u021bare continu\u0103 \u0219i responsabilitate.<\/p>\n\n\n\n<figure class=\"wp-block-image size-large\"><img loading=\"lazy\" decoding=\"async\" width=\"1024\" height=\"683\" src=\"https:\/\/www.autonom.ro\/blog\/wp-content\/uploads\/2025\/10\/2Z7V8vcF-1-1-1024x683.jpg\" alt=\"\" class=\"wp-image-7227\" srcset=\"https:\/\/www.autonom.ro\/blog\/wp-content\/uploads\/2025\/10\/2Z7V8vcF-1-1-1024x683.jpg 1024w, https:\/\/www.autonom.ro\/blog\/wp-content\/uploads\/2025\/10\/2Z7V8vcF-1-1-300x200.jpg 300w, https:\/\/www.autonom.ro\/blog\/wp-content\/uploads\/2025\/10\/2Z7V8vcF-1-1-768x512.jpg 768w, https:\/\/www.autonom.ro\/blog\/wp-content\/uploads\/2025\/10\/2Z7V8vcF-1-1-1536x1024.jpg 1536w, https:\/\/www.autonom.ro\/blog\/wp-content\/uploads\/2025\/10\/2Z7V8vcF-1-1-2048x1365.jpg 2048w\" sizes=\"auto, (max-width: 1024px) 100vw, 1024px\" \/><\/figure>\n\n\n\n<p>Mai multe detalii despre evolu\u021bia mediului de afaceri din jude\u021bul Neam\u021b \u00een perioada 2008\u20132024 pot fi g\u0103site \u00een articolul celor de la <a href=\"https:\/\/termene.ro\/articole\/top-50-companii-din-neamt-autonom-pe-primul-loc-pentru-al-treilea-an-consecutiv-dupa-ce-a-intrat-abia-in-2018-in-primele-zece-cum-s-a-schimbat-varful-clasamentului-in-perioada-2008-2024-timeline\">Termene.ro<\/a>. <\/p>\n\n\n\n<p><strong>Despre Autonom<br><\/strong>Autonom este o companie cu capital 100% rom\u00e2nesc, fondat\u0103 \u00een 2006, \u00een Piatra Neam\u021b, \u0219i este unul dintre cei mai importan\u021bi juc\u0103tori independen\u021bi de pe pie\u021bele de leasing opera\u021bional \u0219i rent-a-car din Rom\u00e2nia. Compania ofer\u0103 solu\u021bii moderne de mobilitate \u0219i finan\u021bare, printre care: \u00eenchirieri auto pe termen scurt \u0219i lung, leasing opera\u021bional, transferuri cu \u0219ofer, servicii de fleet management, asisten\u021b\u0103 rutier\u0103 \u0219i \u00eenchiriere de echipamente.<\/p>\n\n\n\n<p>Re\u021beaua Autonom este prezent\u0103 \u00een 38 de ora\u0219e din Rom\u00e2nia \u0219i opereaz\u0103 o flot\u0103 de peste 15.000 de vehicule. Compania are listate la Bursa de Valori Bucure\u0219ti dou\u0103 emisiuni de obliga\u021biuni, una scadent\u0103 \u00een 2024 \u0219i alta \u00een 2026.<br><\/p>\n","protected":false},"excerpt":{"rendered":"<p>Piatra Neam\u021b, 28 octombrie 2025 \u2013 Autonom Services SA, cea mai mare re\u021bea de mobilitate din Rom\u00e2nia \u0219i parte a grupului Autonom, ocup\u0103 pentru al treilea an consecutiv \u00een 2024 prima pozi\u021bie \u00een clasamentul celor mai mari companii din jude\u021bul Neam\u021b, consolid\u00e2ndu-\u0219i statutul de lider al mediului de afaceri local. \u00cen 2024, compania a \u00eenregistrat [&hellip;]<\/p>\n","protected":false},"author":3,"featured_media":7224,"comment_status":"closed","ping_status":"closed","sticky":false,"template":"","format":"standard","meta":{"inline_featured_image":false,"footnotes":""},"categories":[1920,1908],"tags":[],"class_list":["post-7221","post","type-post","status-publish","format-standard","has-post-thumbnail","hentry","category-autonom-in-presa","category-autonom-news"],"yoast_head":"<!-- This site is optimized with the Yoast SEO plugin v27.3 - https:\/\/yoast.com\/product\/yoast-seo-wordpress\/ -->\n<title>Autonom, lider al mediului de afaceri din jude\u021bul Neam\u021b pentru al treilea an consecutiv, conform rezultatelor din 2024 - Blog Autonom<\/title>\n<meta name=\"robots\" content=\"index, follow, max-snippet:-1, max-image-preview:large, max-video-preview:-1\" \/>\n<link rel=\"canonical\" href=\"https:\/\/www.autonom.ro\/blog\/autonom-lider-al-mediului-de-afaceri-din-judetul-neamt-pentru-al-treilea-an-consecutiv-conform-rezultatelor-din-2024\/\" \/>\n<meta property=\"og:locale\" content=\"ro_RO\" \/>\n<meta property=\"og:type\" content=\"article\" \/>\n<meta property=\"og:title\" content=\"Autonom, lider al mediului de afaceri din jude\u021bul Neam\u021b pentru al treilea an consecutiv, conform rezultatelor din 2024 - Blog Autonom\" \/>\n<meta property=\"og:description\" content=\"Piatra Neam\u021b, 28 octombrie 2025 \u2013 Autonom Services SA, cea mai mare re\u021bea de mobilitate din Rom\u00e2nia \u0219i parte a grupului Autonom, ocup\u0103 pentru al treilea an consecutiv \u00een 2024 prima pozi\u021bie \u00een clasamentul celor mai mari companii din jude\u021bul Neam\u021b, consolid\u00e2ndu-\u0219i statutul de lider al mediului de afaceri local. \u00cen 2024, compania a \u00eenregistrat [&hellip;]\" \/>\n<meta property=\"og:url\" content=\"https:\/\/www.autonom.ro\/blog\/autonom-lider-al-mediului-de-afaceri-din-judetul-neamt-pentru-al-treilea-an-consecutiv-conform-rezultatelor-din-2024\/\" \/>\n<meta property=\"og:site_name\" content=\"Blog Autonom\" \/>\n<meta property=\"article:publisher\" content=\"https:\/\/www.facebook.com\/AutonomRomania\/\" \/>\n<meta property=\"article:published_time\" content=\"2025-10-29T11:55:35+00:00\" \/>\n<meta property=\"article:modified_time\" content=\"2025-10-29T11:55:36+00:00\" \/>\n<meta property=\"og:image\" content=\"https:\/\/www.autonom.ro\/blog\/wp-content\/uploads\/2025\/10\/Autonom-0003-1024x683.jpg\" \/>\n\t<meta property=\"og:image:width\" content=\"1024\" \/>\n\t<meta property=\"og:image:height\" content=\"683\" \/>\n\t<meta property=\"og:image:type\" content=\"image\/jpeg\" \/>\n<meta name=\"author\" content=\"ejumpadmin\" \/>\n<meta name=\"twitter:card\" content=\"summary_large_image\" \/>\n<meta name=\"twitter:label1\" content=\"Scris de\" \/>\n\t<meta name=\"twitter:data1\" content=\"ejumpadmin\" \/>\n\t<meta name=\"twitter:label2\" content=\"Timp estimat pentru citire\" \/>\n\t<meta name=\"twitter:data2\" content=\"3 minute\" \/>\n<script type=\"application\/ld+json\" class=\"yoast-schema-graph\">{\"@context\":\"https:\\\/\\\/schema.org\",\"@graph\":[{\"@type\":\"Article\",\"@id\":\"https:\\\/\\\/www.autonom.ro\\\/blog\\\/autonom-lider-al-mediului-de-afaceri-din-judetul-neamt-pentru-al-treilea-an-consecutiv-conform-rezultatelor-din-2024\\\/#article\",\"isPartOf\":{\"@id\":\"https:\\\/\\\/www.autonom.ro\\\/blog\\\/autonom-lider-al-mediului-de-afaceri-din-judetul-neamt-pentru-al-treilea-an-consecutiv-conform-rezultatelor-din-2024\\\/\"},\"author\":{\"name\":\"ejumpadmin\",\"@id\":\"https:\\\/\\\/www.autonom.ro\\\/blog\\\/#\\\/schema\\\/person\\\/f1fb1363348130209d6874b844b15eb6\"},\"headline\":\"Autonom, lider al mediului de afaceri din jude\u021bul Neam\u021b pentru al treilea an consecutiv, conform rezultatelor din 2024\",\"datePublished\":\"2025-10-29T11:55:35+00:00\",\"dateModified\":\"2025-10-29T11:55:36+00:00\",\"mainEntityOfPage\":{\"@id\":\"https:\\\/\\\/www.autonom.ro\\\/blog\\\/autonom-lider-al-mediului-de-afaceri-din-judetul-neamt-pentru-al-treilea-an-consecutiv-conform-rezultatelor-din-2024\\\/\"},\"wordCount\":403,\"publisher\":{\"@id\":\"https:\\\/\\\/www.autonom.ro\\\/blog\\\/#organization\"},\"image\":{\"@id\":\"https:\\\/\\\/www.autonom.ro\\\/blog\\\/autonom-lider-al-mediului-de-afaceri-din-judetul-neamt-pentru-al-treilea-an-consecutiv-conform-rezultatelor-din-2024\\\/#primaryimage\"},\"thumbnailUrl\":\"https:\\\/\\\/www.autonom.ro\\\/blog\\\/wp-content\\\/uploads\\\/2025\\\/10\\\/Autonom-0003.jpg\",\"articleSection\":[\"Autonom in presa\",\"Noutati Autonom\"],\"inLanguage\":\"ro-RO\"},{\"@type\":\"WebPage\",\"@id\":\"https:\\\/\\\/www.autonom.ro\\\/blog\\\/autonom-lider-al-mediului-de-afaceri-din-judetul-neamt-pentru-al-treilea-an-consecutiv-conform-rezultatelor-din-2024\\\/\",\"url\":\"https:\\\/\\\/www.autonom.ro\\\/blog\\\/autonom-lider-al-mediului-de-afaceri-din-judetul-neamt-pentru-al-treilea-an-consecutiv-conform-rezultatelor-din-2024\\\/\",\"name\":\"Autonom, lider al mediului de afaceri din jude\u021bul Neam\u021b pentru al treilea an consecutiv, conform rezultatelor din 2024 - Blog Autonom\",\"isPartOf\":{\"@id\":\"https:\\\/\\\/www.autonom.ro\\\/blog\\\/#website\"},\"primaryImageOfPage\":{\"@id\":\"https:\\\/\\\/www.autonom.ro\\\/blog\\\/autonom-lider-al-mediului-de-afaceri-din-judetul-neamt-pentru-al-treilea-an-consecutiv-conform-rezultatelor-din-2024\\\/#primaryimage\"},\"image\":{\"@id\":\"https:\\\/\\\/www.autonom.ro\\\/blog\\\/autonom-lider-al-mediului-de-afaceri-din-judetul-neamt-pentru-al-treilea-an-consecutiv-conform-rezultatelor-din-2024\\\/#primaryimage\"},\"thumbnailUrl\":\"https:\\\/\\\/www.autonom.ro\\\/blog\\\/wp-content\\\/uploads\\\/2025\\\/10\\\/Autonom-0003.jpg\",\"datePublished\":\"2025-10-29T11:55:35+00:00\",\"dateModified\":\"2025-10-29T11:55:36+00:00\",\"breadcrumb\":{\"@id\":\"https:\\\/\\\/www.autonom.ro\\\/blog\\\/autonom-lider-al-mediului-de-afaceri-din-judetul-neamt-pentru-al-treilea-an-consecutiv-conform-rezultatelor-din-2024\\\/#breadcrumb\"},\"inLanguage\":\"ro-RO\",\"potentialAction\":[{\"@type\":\"ReadAction\",\"target\":[\"https:\\\/\\\/www.autonom.ro\\\/blog\\\/autonom-lider-al-mediului-de-afaceri-din-judetul-neamt-pentru-al-treilea-an-consecutiv-conform-rezultatelor-din-2024\\\/\"]}]},{\"@type\":\"ImageObject\",\"inLanguage\":\"ro-RO\",\"@id\":\"https:\\\/\\\/www.autonom.ro\\\/blog\\\/autonom-lider-al-mediului-de-afaceri-din-judetul-neamt-pentru-al-treilea-an-consecutiv-conform-rezultatelor-din-2024\\\/#primaryimage\",\"url\":\"https:\\\/\\\/www.autonom.ro\\\/blog\\\/wp-content\\\/uploads\\\/2025\\\/10\\\/Autonom-0003.jpg\",\"contentUrl\":\"https:\\\/\\\/www.autonom.ro\\\/blog\\\/wp-content\\\/uploads\\\/2025\\\/10\\\/Autonom-0003.jpg\",\"width\":2048,\"height\":1365},{\"@type\":\"BreadcrumbList\",\"@id\":\"https:\\\/\\\/www.autonom.ro\\\/blog\\\/autonom-lider-al-mediului-de-afaceri-din-judetul-neamt-pentru-al-treilea-an-consecutiv-conform-rezultatelor-din-2024\\\/#breadcrumb\",\"itemListElement\":[{\"@type\":\"ListItem\",\"position\":1,\"name\":\"Prima pagin\u0103\",\"item\":\"https:\\\/\\\/www.autonom.ro\\\/blog\\\/\"},{\"@type\":\"ListItem\",\"position\":2,\"name\":\"Autonom, lider al mediului de afaceri din jude\u021bul Neam\u021b pentru al treilea an consecutiv, conform rezultatelor din 2024\"}]},{\"@type\":\"WebSite\",\"@id\":\"https:\\\/\\\/www.autonom.ro\\\/blog\\\/#website\",\"url\":\"https:\\\/\\\/www.autonom.ro\\\/blog\\\/\",\"name\":\"Blog Autonom\",\"description\":\"\",\"publisher\":{\"@id\":\"https:\\\/\\\/www.autonom.ro\\\/blog\\\/#organization\"},\"potentialAction\":[{\"@type\":\"SearchAction\",\"target\":{\"@type\":\"EntryPoint\",\"urlTemplate\":\"https:\\\/\\\/www.autonom.ro\\\/blog\\\/?s={search_term_string}\"},\"query-input\":{\"@type\":\"PropertyValueSpecification\",\"valueRequired\":true,\"valueName\":\"search_term_string\"}}],\"inLanguage\":\"ro-RO\"},{\"@type\":\"Organization\",\"@id\":\"https:\\\/\\\/www.autonom.ro\\\/blog\\\/#organization\",\"name\":\"Blog Autonom\",\"url\":\"https:\\\/\\\/www.autonom.ro\\\/blog\\\/\",\"logo\":{\"@type\":\"ImageObject\",\"inLanguage\":\"ro-RO\",\"@id\":\"https:\\\/\\\/www.autonom.ro\\\/blog\\\/#\\\/schema\\\/logo\\\/image\\\/\",\"url\":\"https:\\\/\\\/www.autonom.ro\\\/blog\\\/wp-content\\\/uploads\\\/2020\\\/10\\\/cropped-Autonom_Corporate-Logo-Color-Orizontal-RGB.png\",\"contentUrl\":\"https:\\\/\\\/www.autonom.ro\\\/blog\\\/wp-content\\\/uploads\\\/2020\\\/10\\\/cropped-Autonom_Corporate-Logo-Color-Orizontal-RGB.png\",\"width\":724,\"height\":250,\"caption\":\"Blog Autonom\"},\"image\":{\"@id\":\"https:\\\/\\\/www.autonom.ro\\\/blog\\\/#\\\/schema\\\/logo\\\/image\\\/\"},\"sameAs\":[\"https:\\\/\\\/www.facebook.com\\\/AutonomRomania\\\/\",\"http:\\\/\\\/www.instagram.com\\\/autonom.romania\\\/\",\"https:\\\/\\\/www.linkedin.com\\\/company\\\/autonom-rent-a-car\"]},{\"@type\":\"Person\",\"@id\":\"https:\\\/\\\/www.autonom.ro\\\/blog\\\/#\\\/schema\\\/person\\\/f1fb1363348130209d6874b844b15eb6\",\"name\":\"ejumpadmin\",\"image\":{\"@type\":\"ImageObject\",\"inLanguage\":\"ro-RO\",\"@id\":\"https:\\\/\\\/secure.gravatar.com\\\/avatar\\\/fada40facfde12e5447936e32aa16524a47a263ebad3418b2eeefd949036196c?s=96&d=mm&r=g\",\"url\":\"https:\\\/\\\/secure.gravatar.com\\\/avatar\\\/fada40facfde12e5447936e32aa16524a47a263ebad3418b2eeefd949036196c?s=96&d=mm&r=g\",\"contentUrl\":\"https:\\\/\\\/secure.gravatar.com\\\/avatar\\\/fada40facfde12e5447936e32aa16524a47a263ebad3418b2eeefd949036196c?s=96&d=mm&r=g\",\"caption\":\"ejumpadmin\"},\"url\":\"https:\\\/\\\/www.autonom.ro\\\/blog\\\/author\\\/ejumpadmin\\\/\"}]}<\/script>\n<!-- \/ Yoast SEO plugin. -->","yoast_head_json":{"title":"Autonom, lider al mediului de afaceri din jude\u021bul Neam\u021b pentru al treilea an consecutiv, conform rezultatelor din 2024 - Blog Autonom","robots":{"index":"index","follow":"follow","max-snippet":"max-snippet:-1","max-image-preview":"max-image-preview:large","max-video-preview":"max-video-preview:-1"},"canonical":"https:\/\/www.autonom.ro\/blog\/autonom-lider-al-mediului-de-afaceri-din-judetul-neamt-pentru-al-treilea-an-consecutiv-conform-rezultatelor-din-2024\/","og_locale":"ro_RO","og_type":"article","og_title":"Autonom, lider al mediului de afaceri din jude\u021bul Neam\u021b pentru al treilea an consecutiv, conform rezultatelor din 2024 - Blog Autonom","og_description":"Piatra Neam\u021b, 28 octombrie 2025 \u2013 Autonom Services SA, cea mai mare re\u021bea de mobilitate din Rom\u00e2nia \u0219i parte a grupului Autonom, ocup\u0103 pentru al treilea an consecutiv \u00een 2024 prima pozi\u021bie \u00een clasamentul celor mai mari companii din jude\u021bul Neam\u021b, consolid\u00e2ndu-\u0219i statutul de lider al mediului de afaceri local. \u00cen 2024, compania a \u00eenregistrat [&hellip;]","og_url":"https:\/\/www.autonom.ro\/blog\/autonom-lider-al-mediului-de-afaceri-din-judetul-neamt-pentru-al-treilea-an-consecutiv-conform-rezultatelor-din-2024\/","og_site_name":"Blog Autonom","article_publisher":"https:\/\/www.facebook.com\/AutonomRomania\/","article_published_time":"2025-10-29T11:55:35+00:00","article_modified_time":"2025-10-29T11:55:36+00:00","og_image":[{"width":1024,"height":683,"url":"https:\/\/www.autonom.ro\/blog\/wp-content\/uploads\/2025\/10\/Autonom-0003-1024x683.jpg","type":"image\/jpeg"}],"author":"ejumpadmin","twitter_card":"summary_large_image","twitter_misc":{"Scris de":"ejumpadmin","Timp estimat pentru citire":"3 minute"},"schema":{"@context":"https:\/\/schema.org","@graph":[{"@type":"Article","@id":"https:\/\/www.autonom.ro\/blog\/autonom-lider-al-mediului-de-afaceri-din-judetul-neamt-pentru-al-treilea-an-consecutiv-conform-rezultatelor-din-2024\/#article","isPartOf":{"@id":"https:\/\/www.autonom.ro\/blog\/autonom-lider-al-mediului-de-afaceri-din-judetul-neamt-pentru-al-treilea-an-consecutiv-conform-rezultatelor-din-2024\/"},"author":{"name":"ejumpadmin","@id":"https:\/\/www.autonom.ro\/blog\/#\/schema\/person\/f1fb1363348130209d6874b844b15eb6"},"headline":"Autonom, lider al mediului de afaceri din jude\u021bul Neam\u021b pentru al treilea an consecutiv, conform rezultatelor din 2024","datePublished":"2025-10-29T11:55:35+00:00","dateModified":"2025-10-29T11:55:36+00:00","mainEntityOfPage":{"@id":"https:\/\/www.autonom.ro\/blog\/autonom-lider-al-mediului-de-afaceri-din-judetul-neamt-pentru-al-treilea-an-consecutiv-conform-rezultatelor-din-2024\/"},"wordCount":403,"publisher":{"@id":"https:\/\/www.autonom.ro\/blog\/#organization"},"image":{"@id":"https:\/\/www.autonom.ro\/blog\/autonom-lider-al-mediului-de-afaceri-din-judetul-neamt-pentru-al-treilea-an-consecutiv-conform-rezultatelor-din-2024\/#primaryimage"},"thumbnailUrl":"https:\/\/www.autonom.ro\/blog\/wp-content\/uploads\/2025\/10\/Autonom-0003.jpg","articleSection":["Autonom in presa","Noutati Autonom"],"inLanguage":"ro-RO"},{"@type":"WebPage","@id":"https:\/\/www.autonom.ro\/blog\/autonom-lider-al-mediului-de-afaceri-din-judetul-neamt-pentru-al-treilea-an-consecutiv-conform-rezultatelor-din-2024\/","url":"https:\/\/www.autonom.ro\/blog\/autonom-lider-al-mediului-de-afaceri-din-judetul-neamt-pentru-al-treilea-an-consecutiv-conform-rezultatelor-din-2024\/","name":"Autonom, lider al mediului de afaceri din jude\u021bul Neam\u021b pentru al treilea an consecutiv, conform rezultatelor din 2024 - Blog Autonom","isPartOf":{"@id":"https:\/\/www.autonom.ro\/blog\/#website"},"primaryImageOfPage":{"@id":"https:\/\/www.autonom.ro\/blog\/autonom-lider-al-mediului-de-afaceri-din-judetul-neamt-pentru-al-treilea-an-consecutiv-conform-rezultatelor-din-2024\/#primaryimage"},"image":{"@id":"https:\/\/www.autonom.ro\/blog\/autonom-lider-al-mediului-de-afaceri-din-judetul-neamt-pentru-al-treilea-an-consecutiv-conform-rezultatelor-din-2024\/#primaryimage"},"thumbnailUrl":"https:\/\/www.autonom.ro\/blog\/wp-content\/uploads\/2025\/10\/Autonom-0003.jpg","datePublished":"2025-10-29T11:55:35+00:00","dateModified":"2025-10-29T11:55:36+00:00","breadcrumb":{"@id":"https:\/\/www.autonom.ro\/blog\/autonom-lider-al-mediului-de-afaceri-din-judetul-neamt-pentru-al-treilea-an-consecutiv-conform-rezultatelor-din-2024\/#breadcrumb"},"inLanguage":"ro-RO","potentialAction":[{"@type":"ReadAction","target":["https:\/\/www.autonom.ro\/blog\/autonom-lider-al-mediului-de-afaceri-din-judetul-neamt-pentru-al-treilea-an-consecutiv-conform-rezultatelor-din-2024\/"]}]},{"@type":"ImageObject","inLanguage":"ro-RO","@id":"https:\/\/www.autonom.ro\/blog\/autonom-lider-al-mediului-de-afaceri-din-judetul-neamt-pentru-al-treilea-an-consecutiv-conform-rezultatelor-din-2024\/#primaryimage","url":"https:\/\/www.autonom.ro\/blog\/wp-content\/uploads\/2025\/10\/Autonom-0003.jpg","contentUrl":"https:\/\/www.autonom.ro\/blog\/wp-content\/uploads\/2025\/10\/Autonom-0003.jpg","width":2048,"height":1365},{"@type":"BreadcrumbList","@id":"https:\/\/www.autonom.ro\/blog\/autonom-lider-al-mediului-de-afaceri-din-judetul-neamt-pentru-al-treilea-an-consecutiv-conform-rezultatelor-din-2024\/#breadcrumb","itemListElement":[{"@type":"ListItem","position":1,"name":"Prima pagin\u0103","item":"https:\/\/www.autonom.ro\/blog\/"},{"@type":"ListItem","position":2,"name":"Autonom, lider al mediului de afaceri din jude\u021bul Neam\u021b pentru al treilea an consecutiv, conform rezultatelor din 2024"}]},{"@type":"WebSite","@id":"https:\/\/www.autonom.ro\/blog\/#website","url":"https:\/\/www.autonom.ro\/blog\/","name":"Blog Autonom","description":"","publisher":{"@id":"https:\/\/www.autonom.ro\/blog\/#organization"},"potentialAction":[{"@type":"SearchAction","target":{"@type":"EntryPoint","urlTemplate":"https:\/\/www.autonom.ro\/blog\/?s={search_term_string}"},"query-input":{"@type":"PropertyValueSpecification","valueRequired":true,"valueName":"search_term_string"}}],"inLanguage":"ro-RO"},{"@type":"Organization","@id":"https:\/\/www.autonom.ro\/blog\/#organization","name":"Blog Autonom","url":"https:\/\/www.autonom.ro\/blog\/","logo":{"@type":"ImageObject","inLanguage":"ro-RO","@id":"https:\/\/www.autonom.ro\/blog\/#\/schema\/logo\/image\/","url":"https:\/\/www.autonom.ro\/blog\/wp-content\/uploads\/2020\/10\/cropped-Autonom_Corporate-Logo-Color-Orizontal-RGB.png","contentUrl":"https:\/\/www.autonom.ro\/blog\/wp-content\/uploads\/2020\/10\/cropped-Autonom_Corporate-Logo-Color-Orizontal-RGB.png","width":724,"height":250,"caption":"Blog Autonom"},"image":{"@id":"https:\/\/www.autonom.ro\/blog\/#\/schema\/logo\/image\/"},"sameAs":["https:\/\/www.facebook.com\/AutonomRomania\/","http:\/\/www.instagram.com\/autonom.romania\/","https:\/\/www.linkedin.com\/company\/autonom-rent-a-car"]},{"@type":"Person","@id":"https:\/\/www.autonom.ro\/blog\/#\/schema\/person\/f1fb1363348130209d6874b844b15eb6","name":"ejumpadmin","image":{"@type":"ImageObject","inLanguage":"ro-RO","@id":"https:\/\/secure.gravatar.com\/avatar\/fada40facfde12e5447936e32aa16524a47a263ebad3418b2eeefd949036196c?s=96&d=mm&r=g","url":"https:\/\/secure.gravatar.com\/avatar\/fada40facfde12e5447936e32aa16524a47a263ebad3418b2eeefd949036196c?s=96&d=mm&r=g","contentUrl":"https:\/\/secure.gravatar.com\/avatar\/fada40facfde12e5447936e32aa16524a47a263ebad3418b2eeefd949036196c?s=96&d=mm&r=g","caption":"ejumpadmin"},"url":"https:\/\/www.autonom.ro\/blog\/author\/ejumpadmin\/"}]}},"_links":{"self":[{"href":"https:\/\/www.autonom.ro\/blog\/wp-json\/wp\/v2\/posts\/7221","targetHints":{"allow":["GET"]}}],"collection":[{"href":"https:\/\/www.autonom.ro\/blog\/wp-json\/wp\/v2\/posts"}],"about":[{"href":"https:\/\/www.autonom.ro\/blog\/wp-json\/wp\/v2\/types\/post"}],"author":[{"embeddable":true,"href":"https:\/\/www.autonom.ro\/blog\/wp-json\/wp\/v2\/users\/3"}],"replies":[{"embeddable":true,"href":"https:\/\/www.autonom.ro\/blog\/wp-json\/wp\/v2\/comments?post=7221"}],"version-history":[{"count":3,"href":"https:\/\/www.autonom.ro\/blog\/wp-json\/wp\/v2\/posts\/7221\/revisions"}],"predecessor-version":[{"id":7228,"href":"https:\/\/www.autonom.ro\/blog\/wp-json\/wp\/v2\/posts\/7221\/revisions\/7228"}],"wp:featuredmedia":[{"embeddable":true,"href":"https:\/\/www.autonom.ro\/blog\/wp-json\/wp\/v2\/media\/7224"}],"wp:attachment":[{"href":"https:\/\/www.autonom.ro\/blog\/wp-json\/wp\/v2\/media?parent=7221"}],"wp:term":[{"taxonomy":"category","embeddable":true,"href":"https:\/\/www.autonom.ro\/blog\/wp-json\/wp\/v2\/categories?post=7221"},{"taxonomy":"post_tag","embeddable":true,"href":"https:\/\/www.autonom.ro\/blog\/wp-json\/wp\/v2\/tags?post=7221"}],"curies":[{"name":"wp","href":"https:\/\/api.w.org\/{rel}","templated":true}]}}