{"id":7243,"date":"2025-11-21T11:59:12","date_gmt":"2025-11-21T08:59:12","guid":{"rendered":"https:\/\/www.autonom.ro\/blog\/?p=7243"},"modified":"2025-11-27T13:12:24","modified_gmt":"2025-11-27T10:12:24","slug":"identitatea-noastra-intre-sinele-real-si-imaginea-din-ochii-altora","status":"publish","type":"post","link":"https:\/\/www.autonom.ro\/blog\/identitatea-noastra-intre-sinele-real-si-imaginea-din-ochii-altora\/","title":{"rendered":"Identitatea noastr\u0103: \u00eentre sinele real \u0219i imaginea din ochii altora"},"content":{"rendered":"\n<p>Te-ai g\u00e2ndit vreodat\u0103 c\u00e2te versiuni ale tale exist\u0103?<\/p>\n\n\n\n<p>Poate pare o idee banal\u0103 la \u00eenceput, dar merit\u0103 s\u0103 z\u0103bove\u0219ti pu\u021bin asupra ei: c\u00e2te \u201etu\u201d-uri circul\u0103 prin lume, \u00een ochii celor care te \u00eent\u00e2lnesc? \u0218i dac\u0103 fiecare \u021bi-ar face un portret, c\u00e2te dintre ele s-ar suprapune cu adev\u0103rat?<\/p>\n\n\n<div class=\"wp-block-image\">\n<figure class=\"aligncenter size-full\"><img loading=\"lazy\" decoding=\"async\" width=\"480\" height=\"268\" src=\"https:\/\/www.autonom.ro\/blog\/wp-content\/uploads\/2025\/11\/image-2.gif\" alt=\"\" class=\"wp-image-7244\"\/><\/figure>\n<\/div>\n\n\n<p>Teorii ale sinelui ne zic c\u0103 ar exista <strong>trei<\/strong> umbrele mari ale <strong>Eului<\/strong>:&nbsp;<\/p>\n\n\n\n<ol class=\"wp-block-list\">\n<li><strong>Eul autentic<\/strong> \u2013 e\u0219ti tu a\u0219a cum e\u0219ti c\u00e2nd nu te str\u0103duie\u0219ti s\u0103 pari \u00eentr-un fel. C\u00e2nd nu ai nevoie s\u0103 convingi, s\u0103 te conformezi sau s\u0103 impresionezi.&nbsp;<\/li>\n\n\n\n<li><strong>Eul tactic <\/strong>\u2013 partea din tine care se adapteaz\u0103 <em>strategic<\/em>. \u00cen func\u021bie de context alegi alte tactici, alt ton, alte cuvinte, alte reac\u021bii. Nu este falsitate, ci mai degrab\u0103 o form\u0103 de inteligen\u021b\u0103 adaptabil\u0103.&nbsp;&nbsp;<\/li>\n\n\n\n<li><strong>Eul aspira\u021bional <\/strong>\u2013 este versiunea ta pe care \u021bi-o imaginezi c\u0103 ar putea fi mai bun\u0103. E \u00een egal\u0103 m\u0103sur\u0103 despre ce admiri la al\u021bii \u0219i ce \u00ee\u021bi dore\u0219ti pentru tine. Ignorarea Eului aspira\u021bional duce la stagnare, dar for\u021barea acestuia aduce cu sine poate prea mult\u0103 presiune.&nbsp;&nbsp;<\/li>\n<\/ol>\n\n\n\n<p>Poate data viitoare c\u00e2nd sim\u021bi c\u0103 \u201enu mai e\u0219ti tu\u201d, merit\u0103 s\u0103 te \u00eentrebi \u201ecare parte din mine vorbe\u0219te acum?\u201d.&nbsp;<\/p>\n\n\n\n<h2 class=\"wp-block-heading\">#DozaDeLectur\u0103&nbsp;<\/h2>\n\n\n\n<p>Dac\u0103 vrei s\u0103 duci exerci\u021biul la nivelul urm\u0103tor, \u00ee\u021bi recomand\u0103m cartea \u201e<a href=\"https:\/\/www.goodreads.com\/book\/show\/12117.One_No_One_and_One_Hundred_Thousand\"><strong>Unul, niciunul \u0219i o sut\u0103 de mii<\/strong><\/a>\u201d de <strong>Luigi Pirandello<\/strong>.&nbsp;&nbsp;<\/p>\n\n\n\n<p>Uite c\u00e2teva momente cheie pentru care merit\u0103 s\u0103 cite\u0219ti aceast\u0103 lectur\u0103:<\/p>\n\n\n\n<ul class=\"wp-block-list\">\n<li>Protagonistul, <strong>Vitangelo Moscarda<\/strong>, descoper\u0103 \u00eent\u00e2mpl\u0103tor c\u0103 ceilal\u021bi \u00eel v\u0103d \u00eentr-un mod diferit fa\u021b\u0103 de cum se percepe el \u00eensu\u0219i. Aceast\u0103 revela\u021bie \u00eel zdruncin\u0103: \u00ee\u0219i d\u0103 seama c\u0103 nu este \u201eunul\u201d (adic\u0103 o identitate coerent\u0103), ci \u201eo sut\u0103 de mii\u201d (at\u00e2tea c\u00e2te persoane \u00eel privesc), \u0219i \u00een acela\u0219i timp \u201enimeni\u201d (pentru c\u0103 nu are un sine autentic, stabil);&nbsp;<\/li>\n\n\n\n<li>Din acest moment \u00eencepe un proces de deconstruc\u021bie a propriei identit\u0103\u021bi, care \u00eel va duce s\u0103 resping\u0103 rolurile sociale \u0219i s\u0103 caute o eliberare interioar\u0103, p\u00e2n\u0103 va ajunge la o existen\u021b\u0103 \u00een afara conven\u021biilor, tr\u0103it\u0103 doar \u00een prezent;<\/li>\n\n\n\n<li>\u201eEu m\u0103 vedeam \u00eentotdeauna din interior, nu-mi trecuse niciodat\u0103 prin minte c\u0103 ceilal\u021bi m\u0103 vedeau din exterior.\u201d&nbsp;&nbsp;<\/li>\n<\/ul>\n\n\n\n<h2 class=\"wp-block-heading\">#DeAscultat&nbsp;<\/h2>\n\n\n\n<p><strong>Erving Goffman<\/strong>, un sociolog canadian, a dezvoltat teoria \u201eManagementului Impresiei\u201d, procesul prin care \u00eencerc\u0103m s\u0103 control\u0103m cum ne percep ceilal\u021bi.&nbsp;&nbsp;<\/p>\n\n\n\n<p>\u00cen acest <a href=\"https:\/\/www.youtube.com\/watch?v=uDsLm3O-4GI\">video <\/a>vei \u00eenv\u0103\u021ba despre teoria lui Goffman bazat\u0103 pe metafora vie\u021bii ca o scen\u0103 de teatru, cu ale sale culise de rigoare \u0219i cu mai multe \u201efe\u021be\u201d (m\u0103\u0219ti) purtate \u00een func\u021bie de context.<\/p>\n\n\n<div class=\"wp-block-image\">\n<figure class=\"aligncenter size-full\"><img loading=\"lazy\" decoding=\"async\" width=\"480\" height=\"270\" src=\"https:\/\/www.autonom.ro\/blog\/wp-content\/uploads\/2025\/11\/snooze-you-lose-episode-4-GIF-by-SpongeBob-SquarePants.gif\" alt=\"\" class=\"wp-image-7245\"\/><\/figure>\n<\/div>\n\n\n<p>Pentru mai mult con\u021binut interesant \u0219i divers, te invit\u0103m s\u0103 dai un check \u0219i pe pagina noastr\u0103 de&nbsp;<a href=\"https:\/\/www.linkedin.com\/company\/autonom-group\/?viewAsMember=true\">LinkedIn<\/a>!<\/p>\n\n\n\n<h3 class=\"wp-block-heading\">Mul\u021bumim c\u0103 ne cite\u0219ti \u0219i ne revedem \u00een episodul urm\u0103tor, de acum doar pe LinkedIn \u0219i blog!<\/h3>\n","protected":false},"excerpt":{"rendered":"<p>Te-ai g\u00e2ndit vreodat\u0103 c\u00e2te versiuni ale tale exist\u0103? Poate pare o idee banal\u0103 la \u00eenceput, dar merit\u0103 s\u0103 z\u0103bove\u0219ti pu\u021bin asupra ei: c\u00e2te \u201etu\u201d-uri circul\u0103 prin lume, \u00een ochii celor care te \u00eent\u00e2lnesc? \u0218i dac\u0103 fiecare \u021bi-ar face un portret, c\u00e2te dintre ele s-ar suprapune cu adev\u0103rat? Teorii ale sinelui ne zic c\u0103 ar exista [&hellip;]<\/p>\n","protected":false},"author":3,"featured_media":7167,"comment_status":"closed","ping_status":"closed","sticky":false,"template":"","format":"standard","meta":{"inline_featured_image":false,"footnotes":""},"categories":[1923],"tags":[],"class_list":["post-7243","post","type-post","status-publish","format-standard","has-post-thumbnail","hentry","category-learning-tip-of-the-week"],"yoast_head":"<!-- This site is optimized with the Yoast SEO plugin v27.3 - https:\/\/yoast.com\/product\/yoast-seo-wordpress\/ -->\n<title>Identitatea noastr\u0103: \u00eentre sinele real \u0219i imaginea din ochii altora - Blog Autonom<\/title>\n<meta name=\"robots\" content=\"index, follow, max-snippet:-1, max-image-preview:large, max-video-preview:-1\" \/>\n<link rel=\"canonical\" href=\"https:\/\/www.autonom.ro\/blog\/identitatea-noastra-intre-sinele-real-si-imaginea-din-ochii-altora\/\" \/>\n<meta property=\"og:locale\" content=\"ro_RO\" \/>\n<meta property=\"og:type\" content=\"article\" \/>\n<meta property=\"og:title\" content=\"Identitatea noastr\u0103: \u00eentre sinele real \u0219i imaginea din ochii altora - Blog Autonom\" \/>\n<meta property=\"og:description\" content=\"Te-ai g\u00e2ndit vreodat\u0103 c\u00e2te versiuni ale tale exist\u0103? Poate pare o idee banal\u0103 la \u00eenceput, dar merit\u0103 s\u0103 z\u0103bove\u0219ti pu\u021bin asupra ei: c\u00e2te \u201etu\u201d-uri circul\u0103 prin lume, \u00een ochii celor care te \u00eent\u00e2lnesc? \u0218i dac\u0103 fiecare \u021bi-ar face un portret, c\u00e2te dintre ele s-ar suprapune cu adev\u0103rat? Teorii ale sinelui ne zic c\u0103 ar exista [&hellip;]\" \/>\n<meta property=\"og:url\" content=\"https:\/\/www.autonom.ro\/blog\/identitatea-noastra-intre-sinele-real-si-imaginea-din-ochii-altora\/\" \/>\n<meta property=\"og:site_name\" content=\"Blog Autonom\" \/>\n<meta property=\"article:publisher\" content=\"https:\/\/www.facebook.com\/AutonomRomania\/\" \/>\n<meta property=\"article:published_time\" content=\"2025-11-21T08:59:12+00:00\" \/>\n<meta property=\"article:modified_time\" content=\"2025-11-27T10:12:24+00:00\" \/>\n<meta property=\"og:image\" content=\"https:\/\/www.autonom.ro\/blog\/wp-content\/uploads\/2025\/09\/LinkedIn-Header.jpg\" \/>\n\t<meta property=\"og:image:width\" content=\"1280\" \/>\n\t<meta property=\"og:image:height\" content=\"720\" \/>\n\t<meta property=\"og:image:type\" content=\"image\/jpeg\" \/>\n<meta name=\"author\" content=\"ejumpadmin\" \/>\n<meta name=\"twitter:card\" content=\"summary_large_image\" \/>\n<meta name=\"twitter:label1\" content=\"Scris de\" \/>\n\t<meta name=\"twitter:data1\" content=\"ejumpadmin\" \/>\n\t<meta name=\"twitter:label2\" content=\"Timp estimat pentru citire\" \/>\n\t<meta name=\"twitter:data2\" content=\"3 minute\" \/>\n<script type=\"application\/ld+json\" class=\"yoast-schema-graph\">{\"@context\":\"https:\\\/\\\/schema.org\",\"@graph\":[{\"@type\":\"Article\",\"@id\":\"https:\\\/\\\/www.autonom.ro\\\/blog\\\/identitatea-noastra-intre-sinele-real-si-imaginea-din-ochii-altora\\\/#article\",\"isPartOf\":{\"@id\":\"https:\\\/\\\/www.autonom.ro\\\/blog\\\/identitatea-noastra-intre-sinele-real-si-imaginea-din-ochii-altora\\\/\"},\"author\":{\"name\":\"ejumpadmin\",\"@id\":\"https:\\\/\\\/www.autonom.ro\\\/blog\\\/#\\\/schema\\\/person\\\/f1fb1363348130209d6874b844b15eb6\"},\"headline\":\"Identitatea noastr\u0103: \u00eentre sinele real \u0219i imaginea din ochii altora\",\"datePublished\":\"2025-11-21T08:59:12+00:00\",\"dateModified\":\"2025-11-27T10:12:24+00:00\",\"mainEntityOfPage\":{\"@id\":\"https:\\\/\\\/www.autonom.ro\\\/blog\\\/identitatea-noastra-intre-sinele-real-si-imaginea-din-ochii-altora\\\/\"},\"wordCount\":512,\"publisher\":{\"@id\":\"https:\\\/\\\/www.autonom.ro\\\/blog\\\/#organization\"},\"image\":{\"@id\":\"https:\\\/\\\/www.autonom.ro\\\/blog\\\/identitatea-noastra-intre-sinele-real-si-imaginea-din-ochii-altora\\\/#primaryimage\"},\"thumbnailUrl\":\"https:\\\/\\\/www.autonom.ro\\\/blog\\\/wp-content\\\/uploads\\\/2025\\\/09\\\/LinkedIn-Header.jpg\",\"articleSection\":[\"Learning Tip of the Week\"],\"inLanguage\":\"ro-RO\"},{\"@type\":\"WebPage\",\"@id\":\"https:\\\/\\\/www.autonom.ro\\\/blog\\\/identitatea-noastra-intre-sinele-real-si-imaginea-din-ochii-altora\\\/\",\"url\":\"https:\\\/\\\/www.autonom.ro\\\/blog\\\/identitatea-noastra-intre-sinele-real-si-imaginea-din-ochii-altora\\\/\",\"name\":\"Identitatea noastr\u0103: \u00eentre sinele real \u0219i imaginea din ochii altora - Blog Autonom\",\"isPartOf\":{\"@id\":\"https:\\\/\\\/www.autonom.ro\\\/blog\\\/#website\"},\"primaryImageOfPage\":{\"@id\":\"https:\\\/\\\/www.autonom.ro\\\/blog\\\/identitatea-noastra-intre-sinele-real-si-imaginea-din-ochii-altora\\\/#primaryimage\"},\"image\":{\"@id\":\"https:\\\/\\\/www.autonom.ro\\\/blog\\\/identitatea-noastra-intre-sinele-real-si-imaginea-din-ochii-altora\\\/#primaryimage\"},\"thumbnailUrl\":\"https:\\\/\\\/www.autonom.ro\\\/blog\\\/wp-content\\\/uploads\\\/2025\\\/09\\\/LinkedIn-Header.jpg\",\"datePublished\":\"2025-11-21T08:59:12+00:00\",\"dateModified\":\"2025-11-27T10:12:24+00:00\",\"breadcrumb\":{\"@id\":\"https:\\\/\\\/www.autonom.ro\\\/blog\\\/identitatea-noastra-intre-sinele-real-si-imaginea-din-ochii-altora\\\/#breadcrumb\"},\"inLanguage\":\"ro-RO\",\"potentialAction\":[{\"@type\":\"ReadAction\",\"target\":[\"https:\\\/\\\/www.autonom.ro\\\/blog\\\/identitatea-noastra-intre-sinele-real-si-imaginea-din-ochii-altora\\\/\"]}]},{\"@type\":\"ImageObject\",\"inLanguage\":\"ro-RO\",\"@id\":\"https:\\\/\\\/www.autonom.ro\\\/blog\\\/identitatea-noastra-intre-sinele-real-si-imaginea-din-ochii-altora\\\/#primaryimage\",\"url\":\"https:\\\/\\\/www.autonom.ro\\\/blog\\\/wp-content\\\/uploads\\\/2025\\\/09\\\/LinkedIn-Header.jpg\",\"contentUrl\":\"https:\\\/\\\/www.autonom.ro\\\/blog\\\/wp-content\\\/uploads\\\/2025\\\/09\\\/LinkedIn-Header.jpg\",\"width\":1280,\"height\":720},{\"@type\":\"BreadcrumbList\",\"@id\":\"https:\\\/\\\/www.autonom.ro\\\/blog\\\/identitatea-noastra-intre-sinele-real-si-imaginea-din-ochii-altora\\\/#breadcrumb\",\"itemListElement\":[{\"@type\":\"ListItem\",\"position\":1,\"name\":\"Prima pagin\u0103\",\"item\":\"https:\\\/\\\/www.autonom.ro\\\/blog\\\/\"},{\"@type\":\"ListItem\",\"position\":2,\"name\":\"Identitatea noastr\u0103: \u00eentre sinele real \u0219i imaginea din ochii altora\"}]},{\"@type\":\"WebSite\",\"@id\":\"https:\\\/\\\/www.autonom.ro\\\/blog\\\/#website\",\"url\":\"https:\\\/\\\/www.autonom.ro\\\/blog\\\/\",\"name\":\"Blog Autonom\",\"description\":\"\",\"publisher\":{\"@id\":\"https:\\\/\\\/www.autonom.ro\\\/blog\\\/#organization\"},\"potentialAction\":[{\"@type\":\"SearchAction\",\"target\":{\"@type\":\"EntryPoint\",\"urlTemplate\":\"https:\\\/\\\/www.autonom.ro\\\/blog\\\/?s={search_term_string}\"},\"query-input\":{\"@type\":\"PropertyValueSpecification\",\"valueRequired\":true,\"valueName\":\"search_term_string\"}}],\"inLanguage\":\"ro-RO\"},{\"@type\":\"Organization\",\"@id\":\"https:\\\/\\\/www.autonom.ro\\\/blog\\\/#organization\",\"name\":\"Blog Autonom\",\"url\":\"https:\\\/\\\/www.autonom.ro\\\/blog\\\/\",\"logo\":{\"@type\":\"ImageObject\",\"inLanguage\":\"ro-RO\",\"@id\":\"https:\\\/\\\/www.autonom.ro\\\/blog\\\/#\\\/schema\\\/logo\\\/image\\\/\",\"url\":\"https:\\\/\\\/www.autonom.ro\\\/blog\\\/wp-content\\\/uploads\\\/2020\\\/10\\\/cropped-Autonom_Corporate-Logo-Color-Orizontal-RGB.png\",\"contentUrl\":\"https:\\\/\\\/www.autonom.ro\\\/blog\\\/wp-content\\\/uploads\\\/2020\\\/10\\\/cropped-Autonom_Corporate-Logo-Color-Orizontal-RGB.png\",\"width\":724,\"height\":250,\"caption\":\"Blog Autonom\"},\"image\":{\"@id\":\"https:\\\/\\\/www.autonom.ro\\\/blog\\\/#\\\/schema\\\/logo\\\/image\\\/\"},\"sameAs\":[\"https:\\\/\\\/www.facebook.com\\\/AutonomRomania\\\/\",\"http:\\\/\\\/www.instagram.com\\\/autonom.romania\\\/\",\"https:\\\/\\\/www.linkedin.com\\\/company\\\/autonom-rent-a-car\"]},{\"@type\":\"Person\",\"@id\":\"https:\\\/\\\/www.autonom.ro\\\/blog\\\/#\\\/schema\\\/person\\\/f1fb1363348130209d6874b844b15eb6\",\"name\":\"ejumpadmin\",\"image\":{\"@type\":\"ImageObject\",\"inLanguage\":\"ro-RO\",\"@id\":\"https:\\\/\\\/secure.gravatar.com\\\/avatar\\\/fada40facfde12e5447936e32aa16524a47a263ebad3418b2eeefd949036196c?s=96&d=mm&r=g\",\"url\":\"https:\\\/\\\/secure.gravatar.com\\\/avatar\\\/fada40facfde12e5447936e32aa16524a47a263ebad3418b2eeefd949036196c?s=96&d=mm&r=g\",\"contentUrl\":\"https:\\\/\\\/secure.gravatar.com\\\/avatar\\\/fada40facfde12e5447936e32aa16524a47a263ebad3418b2eeefd949036196c?s=96&d=mm&r=g\",\"caption\":\"ejumpadmin\"},\"url\":\"https:\\\/\\\/www.autonom.ro\\\/blog\\\/author\\\/ejumpadmin\\\/\"}]}<\/script>\n<!-- \/ Yoast SEO plugin. -->","yoast_head_json":{"title":"Identitatea noastr\u0103: \u00eentre sinele real \u0219i imaginea din ochii altora - Blog Autonom","robots":{"index":"index","follow":"follow","max-snippet":"max-snippet:-1","max-image-preview":"max-image-preview:large","max-video-preview":"max-video-preview:-1"},"canonical":"https:\/\/www.autonom.ro\/blog\/identitatea-noastra-intre-sinele-real-si-imaginea-din-ochii-altora\/","og_locale":"ro_RO","og_type":"article","og_title":"Identitatea noastr\u0103: \u00eentre sinele real \u0219i imaginea din ochii altora - Blog Autonom","og_description":"Te-ai g\u00e2ndit vreodat\u0103 c\u00e2te versiuni ale tale exist\u0103? Poate pare o idee banal\u0103 la \u00eenceput, dar merit\u0103 s\u0103 z\u0103bove\u0219ti pu\u021bin asupra ei: c\u00e2te \u201etu\u201d-uri circul\u0103 prin lume, \u00een ochii celor care te \u00eent\u00e2lnesc? \u0218i dac\u0103 fiecare \u021bi-ar face un portret, c\u00e2te dintre ele s-ar suprapune cu adev\u0103rat? Teorii ale sinelui ne zic c\u0103 ar exista [&hellip;]","og_url":"https:\/\/www.autonom.ro\/blog\/identitatea-noastra-intre-sinele-real-si-imaginea-din-ochii-altora\/","og_site_name":"Blog Autonom","article_publisher":"https:\/\/www.facebook.com\/AutonomRomania\/","article_published_time":"2025-11-21T08:59:12+00:00","article_modified_time":"2025-11-27T10:12:24+00:00","og_image":[{"width":1280,"height":720,"url":"https:\/\/www.autonom.ro\/blog\/wp-content\/uploads\/2025\/09\/LinkedIn-Header.jpg","type":"image\/jpeg"}],"author":"ejumpadmin","twitter_card":"summary_large_image","twitter_misc":{"Scris de":"ejumpadmin","Timp estimat pentru citire":"3 minute"},"schema":{"@context":"https:\/\/schema.org","@graph":[{"@type":"Article","@id":"https:\/\/www.autonom.ro\/blog\/identitatea-noastra-intre-sinele-real-si-imaginea-din-ochii-altora\/#article","isPartOf":{"@id":"https:\/\/www.autonom.ro\/blog\/identitatea-noastra-intre-sinele-real-si-imaginea-din-ochii-altora\/"},"author":{"name":"ejumpadmin","@id":"https:\/\/www.autonom.ro\/blog\/#\/schema\/person\/f1fb1363348130209d6874b844b15eb6"},"headline":"Identitatea noastr\u0103: \u00eentre sinele real \u0219i imaginea din ochii altora","datePublished":"2025-11-21T08:59:12+00:00","dateModified":"2025-11-27T10:12:24+00:00","mainEntityOfPage":{"@id":"https:\/\/www.autonom.ro\/blog\/identitatea-noastra-intre-sinele-real-si-imaginea-din-ochii-altora\/"},"wordCount":512,"publisher":{"@id":"https:\/\/www.autonom.ro\/blog\/#organization"},"image":{"@id":"https:\/\/www.autonom.ro\/blog\/identitatea-noastra-intre-sinele-real-si-imaginea-din-ochii-altora\/#primaryimage"},"thumbnailUrl":"https:\/\/www.autonom.ro\/blog\/wp-content\/uploads\/2025\/09\/LinkedIn-Header.jpg","articleSection":["Learning Tip of the Week"],"inLanguage":"ro-RO"},{"@type":"WebPage","@id":"https:\/\/www.autonom.ro\/blog\/identitatea-noastra-intre-sinele-real-si-imaginea-din-ochii-altora\/","url":"https:\/\/www.autonom.ro\/blog\/identitatea-noastra-intre-sinele-real-si-imaginea-din-ochii-altora\/","name":"Identitatea noastr\u0103: \u00eentre sinele real \u0219i imaginea din ochii altora - Blog Autonom","isPartOf":{"@id":"https:\/\/www.autonom.ro\/blog\/#website"},"primaryImageOfPage":{"@id":"https:\/\/www.autonom.ro\/blog\/identitatea-noastra-intre-sinele-real-si-imaginea-din-ochii-altora\/#primaryimage"},"image":{"@id":"https:\/\/www.autonom.ro\/blog\/identitatea-noastra-intre-sinele-real-si-imaginea-din-ochii-altora\/#primaryimage"},"thumbnailUrl":"https:\/\/www.autonom.ro\/blog\/wp-content\/uploads\/2025\/09\/LinkedIn-Header.jpg","datePublished":"2025-11-21T08:59:12+00:00","dateModified":"2025-11-27T10:12:24+00:00","breadcrumb":{"@id":"https:\/\/www.autonom.ro\/blog\/identitatea-noastra-intre-sinele-real-si-imaginea-din-ochii-altora\/#breadcrumb"},"inLanguage":"ro-RO","potentialAction":[{"@type":"ReadAction","target":["https:\/\/www.autonom.ro\/blog\/identitatea-noastra-intre-sinele-real-si-imaginea-din-ochii-altora\/"]}]},{"@type":"ImageObject","inLanguage":"ro-RO","@id":"https:\/\/www.autonom.ro\/blog\/identitatea-noastra-intre-sinele-real-si-imaginea-din-ochii-altora\/#primaryimage","url":"https:\/\/www.autonom.ro\/blog\/wp-content\/uploads\/2025\/09\/LinkedIn-Header.jpg","contentUrl":"https:\/\/www.autonom.ro\/blog\/wp-content\/uploads\/2025\/09\/LinkedIn-Header.jpg","width":1280,"height":720},{"@type":"BreadcrumbList","@id":"https:\/\/www.autonom.ro\/blog\/identitatea-noastra-intre-sinele-real-si-imaginea-din-ochii-altora\/#breadcrumb","itemListElement":[{"@type":"ListItem","position":1,"name":"Prima pagin\u0103","item":"https:\/\/www.autonom.ro\/blog\/"},{"@type":"ListItem","position":2,"name":"Identitatea noastr\u0103: \u00eentre sinele real \u0219i imaginea din ochii altora"}]},{"@type":"WebSite","@id":"https:\/\/www.autonom.ro\/blog\/#website","url":"https:\/\/www.autonom.ro\/blog\/","name":"Blog Autonom","description":"","publisher":{"@id":"https:\/\/www.autonom.ro\/blog\/#organization"},"potentialAction":[{"@type":"SearchAction","target":{"@type":"EntryPoint","urlTemplate":"https:\/\/www.autonom.ro\/blog\/?s={search_term_string}"},"query-input":{"@type":"PropertyValueSpecification","valueRequired":true,"valueName":"search_term_string"}}],"inLanguage":"ro-RO"},{"@type":"Organization","@id":"https:\/\/www.autonom.ro\/blog\/#organization","name":"Blog Autonom","url":"https:\/\/www.autonom.ro\/blog\/","logo":{"@type":"ImageObject","inLanguage":"ro-RO","@id":"https:\/\/www.autonom.ro\/blog\/#\/schema\/logo\/image\/","url":"https:\/\/www.autonom.ro\/blog\/wp-content\/uploads\/2020\/10\/cropped-Autonom_Corporate-Logo-Color-Orizontal-RGB.png","contentUrl":"https:\/\/www.autonom.ro\/blog\/wp-content\/uploads\/2020\/10\/cropped-Autonom_Corporate-Logo-Color-Orizontal-RGB.png","width":724,"height":250,"caption":"Blog Autonom"},"image":{"@id":"https:\/\/www.autonom.ro\/blog\/#\/schema\/logo\/image\/"},"sameAs":["https:\/\/www.facebook.com\/AutonomRomania\/","http:\/\/www.instagram.com\/autonom.romania\/","https:\/\/www.linkedin.com\/company\/autonom-rent-a-car"]},{"@type":"Person","@id":"https:\/\/www.autonom.ro\/blog\/#\/schema\/person\/f1fb1363348130209d6874b844b15eb6","name":"ejumpadmin","image":{"@type":"ImageObject","inLanguage":"ro-RO","@id":"https:\/\/secure.gravatar.com\/avatar\/fada40facfde12e5447936e32aa16524a47a263ebad3418b2eeefd949036196c?s=96&d=mm&r=g","url":"https:\/\/secure.gravatar.com\/avatar\/fada40facfde12e5447936e32aa16524a47a263ebad3418b2eeefd949036196c?s=96&d=mm&r=g","contentUrl":"https:\/\/secure.gravatar.com\/avatar\/fada40facfde12e5447936e32aa16524a47a263ebad3418b2eeefd949036196c?s=96&d=mm&r=g","caption":"ejumpadmin"},"url":"https:\/\/www.autonom.ro\/blog\/author\/ejumpadmin\/"}]}},"_links":{"self":[{"href":"https:\/\/www.autonom.ro\/blog\/wp-json\/wp\/v2\/posts\/7243","targetHints":{"allow":["GET"]}}],"collection":[{"href":"https:\/\/www.autonom.ro\/blog\/wp-json\/wp\/v2\/posts"}],"about":[{"href":"https:\/\/www.autonom.ro\/blog\/wp-json\/wp\/v2\/types\/post"}],"author":[{"embeddable":true,"href":"https:\/\/www.autonom.ro\/blog\/wp-json\/wp\/v2\/users\/3"}],"replies":[{"embeddable":true,"href":"https:\/\/www.autonom.ro\/blog\/wp-json\/wp\/v2\/comments?post=7243"}],"version-history":[{"count":3,"href":"https:\/\/www.autonom.ro\/blog\/wp-json\/wp\/v2\/posts\/7243\/revisions"}],"predecessor-version":[{"id":7258,"href":"https:\/\/www.autonom.ro\/blog\/wp-json\/wp\/v2\/posts\/7243\/revisions\/7258"}],"wp:featuredmedia":[{"embeddable":true,"href":"https:\/\/www.autonom.ro\/blog\/wp-json\/wp\/v2\/media\/7167"}],"wp:attachment":[{"href":"https:\/\/www.autonom.ro\/blog\/wp-json\/wp\/v2\/media?parent=7243"}],"wp:term":[{"taxonomy":"category","embeddable":true,"href":"https:\/\/www.autonom.ro\/blog\/wp-json\/wp\/v2\/categories?post=7243"},{"taxonomy":"post_tag","embeddable":true,"href":"https:\/\/www.autonom.ro\/blog\/wp-json\/wp\/v2\/tags?post=7243"}],"curies":[{"name":"wp","href":"https:\/\/api.w.org\/{rel}","templated":true}]}}