{"id":7271,"date":"2025-12-12T17:28:59","date_gmt":"2025-12-12T14:28:59","guid":{"rendered":"https:\/\/www.autonom.ro\/blog\/?p=7271"},"modified":"2025-12-12T17:29:00","modified_gmt":"2025-12-12T14:29:00","slug":"de-ce-incluziunea-este-un-pilon-al-sigurantei-psihologice","status":"publish","type":"post","link":"https:\/\/www.autonom.ro\/blog\/de-ce-incluziunea-este-un-pilon-al-sigurantei-psihologice\/","title":{"rendered":"De ce incluziunea este un pilon al siguran\u021bei psihologice"},"content":{"rendered":"\n<p>Te-ai g\u00e2ndit vreodat\u0103 c\u0103 diversitatea \u0219i incluziunea nu sunt doar subiecte de HR, ci \u021bin de fiecare dintre noi \u0219i pornesc de la siguran\u021ba psihologic\u0103?<\/p>\n\n\n\n<ol class=\"wp-block-list\">\n<li><strong>Siguran\u021ba psihologic\u0103<\/strong> este convingerea c\u0103 po\u021bi exprima idei, \u00eentreb\u0103ri, preocup\u0103ri sau gre\u0219eli f\u0103r\u0103 teama de a fi pedepsit sau umilit, iar echipa este un spa\u021biu sigur pentru a-\u021bi asuma riscuri interpersonale \u2014 a\u0219a define\u0219te conceptul <strong>Amy Edmondson<\/strong>.<\/li>\n\n\n\n<li>Unul din <strong>pilonii<\/strong> siguran\u021bei psihologice este chiar cel de <strong>incluziune<\/strong> \u0219i <strong>diversitate<\/strong>: Amy ne zice c\u0103 diversitatea f\u0103r\u0103 incluziune este ca \u0219i cum ai invita pe toat\u0103 lumea la o petrecere dar nu-i la\u0219i pe to\u021bi s\u0103 danseze. Incluziunea \u00eenseamn\u0103 nu doar c\u0103 toate vocile sunt prezente, ci \u0219i c\u0103 sunt respectate \u0219i luate \u00een considerare.\u00a0<\/li>\n\n\n\n<li>Astfel, lipsa de incluziune poate \u00eensemna spre exemplu c\u0103 nu toate genera\u021biile se simt ascultate \u0219i integrate. Sau c\u0103 se fac multe glumi\u021be despre cei cu preferin\u021be dietetice diferite fa\u021b\u0103 de norm\u0103. Ori glumele \u00een general, poate cele bazate pe origini. \u0218i lista continu\u0103, dar esen\u021ba este clar\u0103: diversitate \u0219i incluziune nu \u00eenseamn\u0103 doar s\u0103 incluzi minorit\u0103\u021bi \u00een echip\u0103.\u00a0<\/li>\n<\/ol>\n\n\n<div class=\"wp-block-image\">\n<figure class=\"aligncenter size-full is-resized\"><img loading=\"lazy\" decoding=\"async\" width=\"480\" height=\"270\" src=\"https:\/\/www.autonom.ro\/blog\/wp-content\/uploads\/2025\/12\/Season-1-Dancing-GIF-by-FlirtyDanceFOX.gif\" alt=\"\" class=\"wp-image-7272\" style=\"width:558px;height:auto\"\/><\/figure>\n<\/div>\n\n\n<h2 class=\"wp-block-heading\">#DozaDeLectur\u0103&nbsp;<\/h2>\n\n\n\n<p>Incluziunea cere efort inten\u021bionat, iar despre ce putem face concret ne poveste\u0219te <strong>Ruchika Tulshyan<\/strong> \u00een cartea \u201e<a href=\"https:\/\/www.goodreads.com\/book\/show\/58064702-inclusion-on-purpose\">Inclusion on purpose<\/a>\u201d. Uite 3 idei cheie:&nbsp;&nbsp;<\/p>\n\n\n\n<ol class=\"wp-block-list\">\n<li><strong>Incluziunea nu se \u00eent\u00e2mpl\u0103 de la sine, ci trebuie construit\u0103 cu inten\u021bie<\/strong>. Convingerile bine inten\u021bionate nu sunt suficiente dac\u0103 nu sunt \u00eenso\u021bite de practici reale \u0219i vizibile.\u00a0<\/li>\n\n\n\n<li><strong>F\u0103r\u0103 o abordare intersec\u021bional\u0103 (care recunoa\u0219te formarea identit\u0103\u021bii prin multiple dimensiuni), incluziunea r\u0103m\u00e2ne incomplet\u0103<\/strong>. Tulshyan subliniaz\u0103 c\u0103 suntem influen\u021ba\u021bi simultan de gen, ras\u0103, clas\u0103, dizabilitate, v\u00e2rst\u0103 etc. A ignora aceste suprapuneri \u00eenseamn\u0103 a perpetua inechitatea.\u00a0<\/li>\n\n\n\n<li><strong>Liderii trebuie s\u0103-\u0219i asume disconfortul ca parte a procesului<\/strong>. Nu exist\u0103 progres f\u0103r\u0103 conversa\u021bii dificile.\u00a0\u00a0<\/li>\n<\/ol>\n\n\n\n<h2 class=\"wp-block-heading\">#DeAscultat&nbsp;<\/h2>\n\n\n\n<p><strong>Simon Sinek<\/strong> vorbe\u0219te \u00een acest <a href=\"https:\/\/www.youtube.com\/watch?v=XisFCRrQivU\">videoclip<\/a> dintr-o perspectiv\u0103 fresh despre diversitate \u0219i incluziune, subliniind cum diversitatea poate conduce la \u0219i mai multe bisericu\u021be dac\u0103 nu exist\u0103 valori \u0219i viziune \u00eemp\u0103rt\u0103\u0219ite.<\/p>\n\n\n\n<p>Ce faci tu, concret, pentru ca oamenii din jurul t\u0103u s\u0103 se simt\u0103 \u00een siguran\u021b\u0103 s\u0103 fie ei \u00een\u0219i\u0219i?<\/p>\n\n\n<div class=\"wp-block-image\">\n<figure class=\"aligncenter size-full\"><img loading=\"lazy\" decoding=\"async\" width=\"480\" height=\"360\" src=\"https:\/\/www.autonom.ro\/blog\/wp-content\/uploads\/2025\/12\/The-Simpsons-Hello-GIF.gif\" alt=\"\" class=\"wp-image-7273\"\/><\/figure>\n<\/div>","protected":false},"excerpt":{"rendered":"<p>Te-ai g\u00e2ndit vreodat\u0103 c\u0103 diversitatea \u0219i incluziunea nu sunt doar subiecte de HR, ci \u021bin de fiecare dintre noi \u0219i pornesc de la siguran\u021ba psihologic\u0103? #DozaDeLectur\u0103&nbsp; Incluziunea cere efort inten\u021bionat, iar despre ce putem face concret ne poveste\u0219te Ruchika Tulshyan \u00een cartea \u201eInclusion on purpose\u201d. Uite 3 idei cheie:&nbsp;&nbsp; #DeAscultat&nbsp; Simon Sinek vorbe\u0219te \u00een acest [&hellip;]<\/p>\n","protected":false},"author":3,"featured_media":7177,"comment_status":"closed","ping_status":"closed","sticky":false,"template":"","format":"standard","meta":{"inline_featured_image":false,"footnotes":""},"categories":[1923],"tags":[],"class_list":["post-7271","post","type-post","status-publish","format-standard","has-post-thumbnail","hentry","category-learning-tip-of-the-week"],"yoast_head":"<!-- This site is optimized with the Yoast SEO plugin v27.3 - https:\/\/yoast.com\/product\/yoast-seo-wordpress\/ -->\n<title>De ce incluziunea este un pilon al siguran\u021bei psihologice - Blog Autonom<\/title>\n<meta name=\"robots\" content=\"index, follow, max-snippet:-1, max-image-preview:large, max-video-preview:-1\" \/>\n<link rel=\"canonical\" href=\"https:\/\/www.autonom.ro\/blog\/de-ce-incluziunea-este-un-pilon-al-sigurantei-psihologice\/\" \/>\n<meta property=\"og:locale\" content=\"ro_RO\" \/>\n<meta property=\"og:type\" content=\"article\" \/>\n<meta property=\"og:title\" content=\"De ce incluziunea este un pilon al siguran\u021bei psihologice - Blog Autonom\" \/>\n<meta property=\"og:description\" content=\"Te-ai g\u00e2ndit vreodat\u0103 c\u0103 diversitatea \u0219i incluziunea nu sunt doar subiecte de HR, ci \u021bin de fiecare dintre noi \u0219i pornesc de la siguran\u021ba psihologic\u0103? #DozaDeLectur\u0103&nbsp; Incluziunea cere efort inten\u021bionat, iar despre ce putem face concret ne poveste\u0219te Ruchika Tulshyan \u00een cartea \u201eInclusion on purpose\u201d. Uite 3 idei cheie:&nbsp;&nbsp; #DeAscultat&nbsp; Simon Sinek vorbe\u0219te \u00een acest [&hellip;]\" \/>\n<meta property=\"og:url\" content=\"https:\/\/www.autonom.ro\/blog\/de-ce-incluziunea-este-un-pilon-al-sigurantei-psihologice\/\" \/>\n<meta property=\"og:site_name\" content=\"Blog Autonom\" \/>\n<meta property=\"article:publisher\" content=\"https:\/\/www.facebook.com\/AutonomRomania\/\" \/>\n<meta property=\"article:published_time\" content=\"2025-12-12T14:28:59+00:00\" \/>\n<meta property=\"article:modified_time\" content=\"2025-12-12T14:29:00+00:00\" \/>\n<meta property=\"og:image\" content=\"https:\/\/www.autonom.ro\/blog\/wp-content\/uploads\/2025\/09\/LinkedIn-Header-1.jpg\" \/>\n\t<meta property=\"og:image:width\" content=\"1280\" \/>\n\t<meta property=\"og:image:height\" content=\"720\" \/>\n\t<meta property=\"og:image:type\" content=\"image\/jpeg\" \/>\n<meta name=\"author\" content=\"ejumpadmin\" \/>\n<meta name=\"twitter:card\" content=\"summary_large_image\" \/>\n<meta name=\"twitter:label1\" content=\"Scris de\" \/>\n\t<meta name=\"twitter:data1\" content=\"ejumpadmin\" \/>\n\t<meta name=\"twitter:label2\" content=\"Timp estimat pentru citire\" \/>\n\t<meta name=\"twitter:data2\" content=\"3 minute\" \/>\n<script type=\"application\/ld+json\" class=\"yoast-schema-graph\">{\"@context\":\"https:\\\/\\\/schema.org\",\"@graph\":[{\"@type\":\"Article\",\"@id\":\"https:\\\/\\\/www.autonom.ro\\\/blog\\\/de-ce-incluziunea-este-un-pilon-al-sigurantei-psihologice\\\/#article\",\"isPartOf\":{\"@id\":\"https:\\\/\\\/www.autonom.ro\\\/blog\\\/de-ce-incluziunea-este-un-pilon-al-sigurantei-psihologice\\\/\"},\"author\":{\"name\":\"ejumpadmin\",\"@id\":\"https:\\\/\\\/www.autonom.ro\\\/blog\\\/#\\\/schema\\\/person\\\/f1fb1363348130209d6874b844b15eb6\"},\"headline\":\"De ce incluziunea este un pilon al siguran\u021bei psihologice\",\"datePublished\":\"2025-12-12T14:28:59+00:00\",\"dateModified\":\"2025-12-12T14:29:00+00:00\",\"mainEntityOfPage\":{\"@id\":\"https:\\\/\\\/www.autonom.ro\\\/blog\\\/de-ce-incluziunea-este-un-pilon-al-sigurantei-psihologice\\\/\"},\"wordCount\":387,\"publisher\":{\"@id\":\"https:\\\/\\\/www.autonom.ro\\\/blog\\\/#organization\"},\"image\":{\"@id\":\"https:\\\/\\\/www.autonom.ro\\\/blog\\\/de-ce-incluziunea-este-un-pilon-al-sigurantei-psihologice\\\/#primaryimage\"},\"thumbnailUrl\":\"https:\\\/\\\/www.autonom.ro\\\/blog\\\/wp-content\\\/uploads\\\/2025\\\/09\\\/LinkedIn-Header-1.jpg\",\"articleSection\":[\"Learning Tip of the Week\"],\"inLanguage\":\"ro-RO\"},{\"@type\":\"WebPage\",\"@id\":\"https:\\\/\\\/www.autonom.ro\\\/blog\\\/de-ce-incluziunea-este-un-pilon-al-sigurantei-psihologice\\\/\",\"url\":\"https:\\\/\\\/www.autonom.ro\\\/blog\\\/de-ce-incluziunea-este-un-pilon-al-sigurantei-psihologice\\\/\",\"name\":\"De ce incluziunea este un pilon al siguran\u021bei psihologice - Blog Autonom\",\"isPartOf\":{\"@id\":\"https:\\\/\\\/www.autonom.ro\\\/blog\\\/#website\"},\"primaryImageOfPage\":{\"@id\":\"https:\\\/\\\/www.autonom.ro\\\/blog\\\/de-ce-incluziunea-este-un-pilon-al-sigurantei-psihologice\\\/#primaryimage\"},\"image\":{\"@id\":\"https:\\\/\\\/www.autonom.ro\\\/blog\\\/de-ce-incluziunea-este-un-pilon-al-sigurantei-psihologice\\\/#primaryimage\"},\"thumbnailUrl\":\"https:\\\/\\\/www.autonom.ro\\\/blog\\\/wp-content\\\/uploads\\\/2025\\\/09\\\/LinkedIn-Header-1.jpg\",\"datePublished\":\"2025-12-12T14:28:59+00:00\",\"dateModified\":\"2025-12-12T14:29:00+00:00\",\"breadcrumb\":{\"@id\":\"https:\\\/\\\/www.autonom.ro\\\/blog\\\/de-ce-incluziunea-este-un-pilon-al-sigurantei-psihologice\\\/#breadcrumb\"},\"inLanguage\":\"ro-RO\",\"potentialAction\":[{\"@type\":\"ReadAction\",\"target\":[\"https:\\\/\\\/www.autonom.ro\\\/blog\\\/de-ce-incluziunea-este-un-pilon-al-sigurantei-psihologice\\\/\"]}]},{\"@type\":\"ImageObject\",\"inLanguage\":\"ro-RO\",\"@id\":\"https:\\\/\\\/www.autonom.ro\\\/blog\\\/de-ce-incluziunea-este-un-pilon-al-sigurantei-psihologice\\\/#primaryimage\",\"url\":\"https:\\\/\\\/www.autonom.ro\\\/blog\\\/wp-content\\\/uploads\\\/2025\\\/09\\\/LinkedIn-Header-1.jpg\",\"contentUrl\":\"https:\\\/\\\/www.autonom.ro\\\/blog\\\/wp-content\\\/uploads\\\/2025\\\/09\\\/LinkedIn-Header-1.jpg\",\"width\":1280,\"height\":720},{\"@type\":\"BreadcrumbList\",\"@id\":\"https:\\\/\\\/www.autonom.ro\\\/blog\\\/de-ce-incluziunea-este-un-pilon-al-sigurantei-psihologice\\\/#breadcrumb\",\"itemListElement\":[{\"@type\":\"ListItem\",\"position\":1,\"name\":\"Prima pagin\u0103\",\"item\":\"https:\\\/\\\/www.autonom.ro\\\/blog\\\/\"},{\"@type\":\"ListItem\",\"position\":2,\"name\":\"De ce incluziunea este un pilon al siguran\u021bei psihologice\"}]},{\"@type\":\"WebSite\",\"@id\":\"https:\\\/\\\/www.autonom.ro\\\/blog\\\/#website\",\"url\":\"https:\\\/\\\/www.autonom.ro\\\/blog\\\/\",\"name\":\"Blog Autonom\",\"description\":\"\",\"publisher\":{\"@id\":\"https:\\\/\\\/www.autonom.ro\\\/blog\\\/#organization\"},\"potentialAction\":[{\"@type\":\"SearchAction\",\"target\":{\"@type\":\"EntryPoint\",\"urlTemplate\":\"https:\\\/\\\/www.autonom.ro\\\/blog\\\/?s={search_term_string}\"},\"query-input\":{\"@type\":\"PropertyValueSpecification\",\"valueRequired\":true,\"valueName\":\"search_term_string\"}}],\"inLanguage\":\"ro-RO\"},{\"@type\":\"Organization\",\"@id\":\"https:\\\/\\\/www.autonom.ro\\\/blog\\\/#organization\",\"name\":\"Blog Autonom\",\"url\":\"https:\\\/\\\/www.autonom.ro\\\/blog\\\/\",\"logo\":{\"@type\":\"ImageObject\",\"inLanguage\":\"ro-RO\",\"@id\":\"https:\\\/\\\/www.autonom.ro\\\/blog\\\/#\\\/schema\\\/logo\\\/image\\\/\",\"url\":\"https:\\\/\\\/www.autonom.ro\\\/blog\\\/wp-content\\\/uploads\\\/2020\\\/10\\\/cropped-Autonom_Corporate-Logo-Color-Orizontal-RGB.png\",\"contentUrl\":\"https:\\\/\\\/www.autonom.ro\\\/blog\\\/wp-content\\\/uploads\\\/2020\\\/10\\\/cropped-Autonom_Corporate-Logo-Color-Orizontal-RGB.png\",\"width\":724,\"height\":250,\"caption\":\"Blog Autonom\"},\"image\":{\"@id\":\"https:\\\/\\\/www.autonom.ro\\\/blog\\\/#\\\/schema\\\/logo\\\/image\\\/\"},\"sameAs\":[\"https:\\\/\\\/www.facebook.com\\\/AutonomRomania\\\/\",\"http:\\\/\\\/www.instagram.com\\\/autonom.romania\\\/\",\"https:\\\/\\\/www.linkedin.com\\\/company\\\/autonom-rent-a-car\"]},{\"@type\":\"Person\",\"@id\":\"https:\\\/\\\/www.autonom.ro\\\/blog\\\/#\\\/schema\\\/person\\\/f1fb1363348130209d6874b844b15eb6\",\"name\":\"ejumpadmin\",\"image\":{\"@type\":\"ImageObject\",\"inLanguage\":\"ro-RO\",\"@id\":\"https:\\\/\\\/secure.gravatar.com\\\/avatar\\\/fada40facfde12e5447936e32aa16524a47a263ebad3418b2eeefd949036196c?s=96&d=mm&r=g\",\"url\":\"https:\\\/\\\/secure.gravatar.com\\\/avatar\\\/fada40facfde12e5447936e32aa16524a47a263ebad3418b2eeefd949036196c?s=96&d=mm&r=g\",\"contentUrl\":\"https:\\\/\\\/secure.gravatar.com\\\/avatar\\\/fada40facfde12e5447936e32aa16524a47a263ebad3418b2eeefd949036196c?s=96&d=mm&r=g\",\"caption\":\"ejumpadmin\"},\"url\":\"https:\\\/\\\/www.autonom.ro\\\/blog\\\/author\\\/ejumpadmin\\\/\"}]}<\/script>\n<!-- \/ Yoast SEO plugin. -->","yoast_head_json":{"title":"De ce incluziunea este un pilon al siguran\u021bei psihologice - Blog Autonom","robots":{"index":"index","follow":"follow","max-snippet":"max-snippet:-1","max-image-preview":"max-image-preview:large","max-video-preview":"max-video-preview:-1"},"canonical":"https:\/\/www.autonom.ro\/blog\/de-ce-incluziunea-este-un-pilon-al-sigurantei-psihologice\/","og_locale":"ro_RO","og_type":"article","og_title":"De ce incluziunea este un pilon al siguran\u021bei psihologice - Blog Autonom","og_description":"Te-ai g\u00e2ndit vreodat\u0103 c\u0103 diversitatea \u0219i incluziunea nu sunt doar subiecte de HR, ci \u021bin de fiecare dintre noi \u0219i pornesc de la siguran\u021ba psihologic\u0103? #DozaDeLectur\u0103&nbsp; Incluziunea cere efort inten\u021bionat, iar despre ce putem face concret ne poveste\u0219te Ruchika Tulshyan \u00een cartea \u201eInclusion on purpose\u201d. Uite 3 idei cheie:&nbsp;&nbsp; #DeAscultat&nbsp; Simon Sinek vorbe\u0219te \u00een acest [&hellip;]","og_url":"https:\/\/www.autonom.ro\/blog\/de-ce-incluziunea-este-un-pilon-al-sigurantei-psihologice\/","og_site_name":"Blog Autonom","article_publisher":"https:\/\/www.facebook.com\/AutonomRomania\/","article_published_time":"2025-12-12T14:28:59+00:00","article_modified_time":"2025-12-12T14:29:00+00:00","og_image":[{"width":1280,"height":720,"url":"https:\/\/www.autonom.ro\/blog\/wp-content\/uploads\/2025\/09\/LinkedIn-Header-1.jpg","type":"image\/jpeg"}],"author":"ejumpadmin","twitter_card":"summary_large_image","twitter_misc":{"Scris de":"ejumpadmin","Timp estimat pentru citire":"3 minute"},"schema":{"@context":"https:\/\/schema.org","@graph":[{"@type":"Article","@id":"https:\/\/www.autonom.ro\/blog\/de-ce-incluziunea-este-un-pilon-al-sigurantei-psihologice\/#article","isPartOf":{"@id":"https:\/\/www.autonom.ro\/blog\/de-ce-incluziunea-este-un-pilon-al-sigurantei-psihologice\/"},"author":{"name":"ejumpadmin","@id":"https:\/\/www.autonom.ro\/blog\/#\/schema\/person\/f1fb1363348130209d6874b844b15eb6"},"headline":"De ce incluziunea este un pilon al siguran\u021bei psihologice","datePublished":"2025-12-12T14:28:59+00:00","dateModified":"2025-12-12T14:29:00+00:00","mainEntityOfPage":{"@id":"https:\/\/www.autonom.ro\/blog\/de-ce-incluziunea-este-un-pilon-al-sigurantei-psihologice\/"},"wordCount":387,"publisher":{"@id":"https:\/\/www.autonom.ro\/blog\/#organization"},"image":{"@id":"https:\/\/www.autonom.ro\/blog\/de-ce-incluziunea-este-un-pilon-al-sigurantei-psihologice\/#primaryimage"},"thumbnailUrl":"https:\/\/www.autonom.ro\/blog\/wp-content\/uploads\/2025\/09\/LinkedIn-Header-1.jpg","articleSection":["Learning Tip of the Week"],"inLanguage":"ro-RO"},{"@type":"WebPage","@id":"https:\/\/www.autonom.ro\/blog\/de-ce-incluziunea-este-un-pilon-al-sigurantei-psihologice\/","url":"https:\/\/www.autonom.ro\/blog\/de-ce-incluziunea-este-un-pilon-al-sigurantei-psihologice\/","name":"De ce incluziunea este un pilon al siguran\u021bei psihologice - Blog Autonom","isPartOf":{"@id":"https:\/\/www.autonom.ro\/blog\/#website"},"primaryImageOfPage":{"@id":"https:\/\/www.autonom.ro\/blog\/de-ce-incluziunea-este-un-pilon-al-sigurantei-psihologice\/#primaryimage"},"image":{"@id":"https:\/\/www.autonom.ro\/blog\/de-ce-incluziunea-este-un-pilon-al-sigurantei-psihologice\/#primaryimage"},"thumbnailUrl":"https:\/\/www.autonom.ro\/blog\/wp-content\/uploads\/2025\/09\/LinkedIn-Header-1.jpg","datePublished":"2025-12-12T14:28:59+00:00","dateModified":"2025-12-12T14:29:00+00:00","breadcrumb":{"@id":"https:\/\/www.autonom.ro\/blog\/de-ce-incluziunea-este-un-pilon-al-sigurantei-psihologice\/#breadcrumb"},"inLanguage":"ro-RO","potentialAction":[{"@type":"ReadAction","target":["https:\/\/www.autonom.ro\/blog\/de-ce-incluziunea-este-un-pilon-al-sigurantei-psihologice\/"]}]},{"@type":"ImageObject","inLanguage":"ro-RO","@id":"https:\/\/www.autonom.ro\/blog\/de-ce-incluziunea-este-un-pilon-al-sigurantei-psihologice\/#primaryimage","url":"https:\/\/www.autonom.ro\/blog\/wp-content\/uploads\/2025\/09\/LinkedIn-Header-1.jpg","contentUrl":"https:\/\/www.autonom.ro\/blog\/wp-content\/uploads\/2025\/09\/LinkedIn-Header-1.jpg","width":1280,"height":720},{"@type":"BreadcrumbList","@id":"https:\/\/www.autonom.ro\/blog\/de-ce-incluziunea-este-un-pilon-al-sigurantei-psihologice\/#breadcrumb","itemListElement":[{"@type":"ListItem","position":1,"name":"Prima pagin\u0103","item":"https:\/\/www.autonom.ro\/blog\/"},{"@type":"ListItem","position":2,"name":"De ce incluziunea este un pilon al siguran\u021bei psihologice"}]},{"@type":"WebSite","@id":"https:\/\/www.autonom.ro\/blog\/#website","url":"https:\/\/www.autonom.ro\/blog\/","name":"Blog Autonom","description":"","publisher":{"@id":"https:\/\/www.autonom.ro\/blog\/#organization"},"potentialAction":[{"@type":"SearchAction","target":{"@type":"EntryPoint","urlTemplate":"https:\/\/www.autonom.ro\/blog\/?s={search_term_string}"},"query-input":{"@type":"PropertyValueSpecification","valueRequired":true,"valueName":"search_term_string"}}],"inLanguage":"ro-RO"},{"@type":"Organization","@id":"https:\/\/www.autonom.ro\/blog\/#organization","name":"Blog Autonom","url":"https:\/\/www.autonom.ro\/blog\/","logo":{"@type":"ImageObject","inLanguage":"ro-RO","@id":"https:\/\/www.autonom.ro\/blog\/#\/schema\/logo\/image\/","url":"https:\/\/www.autonom.ro\/blog\/wp-content\/uploads\/2020\/10\/cropped-Autonom_Corporate-Logo-Color-Orizontal-RGB.png","contentUrl":"https:\/\/www.autonom.ro\/blog\/wp-content\/uploads\/2020\/10\/cropped-Autonom_Corporate-Logo-Color-Orizontal-RGB.png","width":724,"height":250,"caption":"Blog Autonom"},"image":{"@id":"https:\/\/www.autonom.ro\/blog\/#\/schema\/logo\/image\/"},"sameAs":["https:\/\/www.facebook.com\/AutonomRomania\/","http:\/\/www.instagram.com\/autonom.romania\/","https:\/\/www.linkedin.com\/company\/autonom-rent-a-car"]},{"@type":"Person","@id":"https:\/\/www.autonom.ro\/blog\/#\/schema\/person\/f1fb1363348130209d6874b844b15eb6","name":"ejumpadmin","image":{"@type":"ImageObject","inLanguage":"ro-RO","@id":"https:\/\/secure.gravatar.com\/avatar\/fada40facfde12e5447936e32aa16524a47a263ebad3418b2eeefd949036196c?s=96&d=mm&r=g","url":"https:\/\/secure.gravatar.com\/avatar\/fada40facfde12e5447936e32aa16524a47a263ebad3418b2eeefd949036196c?s=96&d=mm&r=g","contentUrl":"https:\/\/secure.gravatar.com\/avatar\/fada40facfde12e5447936e32aa16524a47a263ebad3418b2eeefd949036196c?s=96&d=mm&r=g","caption":"ejumpadmin"},"url":"https:\/\/www.autonom.ro\/blog\/author\/ejumpadmin\/"}]}},"_links":{"self":[{"href":"https:\/\/www.autonom.ro\/blog\/wp-json\/wp\/v2\/posts\/7271","targetHints":{"allow":["GET"]}}],"collection":[{"href":"https:\/\/www.autonom.ro\/blog\/wp-json\/wp\/v2\/posts"}],"about":[{"href":"https:\/\/www.autonom.ro\/blog\/wp-json\/wp\/v2\/types\/post"}],"author":[{"embeddable":true,"href":"https:\/\/www.autonom.ro\/blog\/wp-json\/wp\/v2\/users\/3"}],"replies":[{"embeddable":true,"href":"https:\/\/www.autonom.ro\/blog\/wp-json\/wp\/v2\/comments?post=7271"}],"version-history":[{"count":1,"href":"https:\/\/www.autonom.ro\/blog\/wp-json\/wp\/v2\/posts\/7271\/revisions"}],"predecessor-version":[{"id":7274,"href":"https:\/\/www.autonom.ro\/blog\/wp-json\/wp\/v2\/posts\/7271\/revisions\/7274"}],"wp:featuredmedia":[{"embeddable":true,"href":"https:\/\/www.autonom.ro\/blog\/wp-json\/wp\/v2\/media\/7177"}],"wp:attachment":[{"href":"https:\/\/www.autonom.ro\/blog\/wp-json\/wp\/v2\/media?parent=7271"}],"wp:term":[{"taxonomy":"category","embeddable":true,"href":"https:\/\/www.autonom.ro\/blog\/wp-json\/wp\/v2\/categories?post=7271"},{"taxonomy":"post_tag","embeddable":true,"href":"https:\/\/www.autonom.ro\/blog\/wp-json\/wp\/v2\/tags?post=7271"}],"curies":[{"name":"wp","href":"https:\/\/api.w.org\/{rel}","templated":true}]}}