{"id":146,"date":"2022-01-25T16:13:00","date_gmt":"2022-01-25T16:13:00","guid":{"rendered":"https:\/\/emilgiurca.dev.ascensys.ro\/autonom-investors\/?p=146"},"modified":"2023-01-30T18:05:56","modified_gmt":"2023-01-30T18:05:56","slug":"autonom-va-achizitiona-tiriac-operating-lease","status":"publish","type":"post","link":"https:\/\/www.autonom.ro\/investitori\/autonom-va-achizitiona-tiriac-operating-lease\/","title":{"rendered":"Autonom va achizi\u021biona \u021airiac Operating Lease, divizia de leasing opera\u021bional a Grupului \u021airiac"},"content":{"rendered":"\n<p>Autonom \u0219i Grupul \u021airiac au semnat un acord pentru achizi\u021bia <strong><mark style=\"background-color:rgba(0, 0, 0, 0)\" class=\"has-inline-color has-blue-color\">\u021airiac Operating Lease<\/mark><\/strong> (Premium Leasing SRL) &#8211; un business cu <strong><mark style=\"background-color:rgba(0, 0, 0, 0)\" class=\"has-inline-color has-blue-color\">venituri anuale de peste 80 de milioane de lei \u0219i active \u00een valoare de peste 200 milioane de lei<\/mark><\/strong>. Astfel, dou\u0103 dintre cele mai importante companii cu capital integral rom\u00e2nesc din pia\u021ba serviciilor de leasing opera\u021bional, cu viziuni compatibile \u00een ceea ce prive\u0219te centrarea pe clien\u021bi, avanseaz\u0103 spre o nou\u0103 etap\u0103 \u00een construc\u021bia unui business mai puternic \u00een sectorul mobilit\u0103\u021bii.<\/p>\n\n\n\n<p>\u021airiac Operating Lease (cu denumirea comercial\u0103 \u00eenregistrat\u0103 Premium Leasing SRL) activeaz\u0103 pe pia\u021ba local\u0103 \u00eencep\u00e2nd din anul 2003, derul\u00e2nd de-a lungul timpului activitatea de leasing opera\u021bional \u0219i management de flote \u00een cadrul Grupului \u021airiac, \u00een peste 4.500 de contracte \u0219i respectiv, pentru aproximativ 9.000 de autovehicule.<\/p>\n\n\n\n<blockquote class=\"wp-block-quote is-layout-flow wp-block-quote-is-layout-flow\">\n<p>\u201cPia\u021ba global\u0103 de mobilitate se schimb\u0103 accelerat, inclusiv prin consolidare. <strong><mark style=\"background-color:rgba(0, 0, 0, 0)\" class=\"has-inline-color has-blue-color\">Credem c\u0103 viitorul mobilit\u0103\u021bii va fi definit de companiile integrate, agile \u0219i sustenabile<\/mark>.<\/strong> \u021airiac Operating Lease este o companie cu o viziune similar\u0103 cu a noastr\u0103: s\u0103 oferim clien\u021bilor din Rom\u00e2nia servicii personalizate \u0219i flexibile, care ajut\u0103 la optimizarea afacerilor \u00eentr-un context tot mai volatil. Prin noul parteneriat, clien\u021bii \u021airiac Operating Lease vor avea acces la o gam\u0103 extins\u0103 de servicii de mobilitate, la nivel na\u021bional. \u00cen acela\u0219i timp, avem \u00een vedere ca \u00eempreun\u0103 cu celelalte companii din cadrul Grupului \u021airiac \u2013 importatori, dealeri auto \u0219i service-uri autorizate \u2013 s\u0103 construim un parteneriat comercial pe termen lung, cu sinergii benefice pentru clien\u021bii locali.\u201d<\/p>\n<cite>Dan \u0218tefan, co-fondator Autonom Group<\/cite><\/blockquote>\n\n\n\n<p>Prin acest pas, Autonom \u00ee\u0219i \u00eent\u0103re\u0219te pozi\u021bia pe pia\u021ba de leasing opera\u021bional din Rom\u00e2nia \u0219i <strong><mark style=\"background-color:rgba(0, 0, 0, 0)\" class=\"has-inline-color has-blue-color\">dep\u0103\u0219e\u0219te semnificativ pragul de 10.000 de ma\u0219ini.<\/mark><\/strong><\/p>\n\n\n\n<blockquote class=\"wp-block-quote is-layout-flow wp-block-quote-is-layout-flow\">\n<p>\u201cO prioritate pentru Autonom, angajat\u0103 pentru urm\u0103torii ani prin strategia de sustenabilitate a Grupului, o reprezint\u0103 <strong><mark style=\"background-color:rgba(0, 0, 0, 0)\" class=\"has-inline-color has-blue-color\">transformarea companiei \u00eentr-un business mai adaptabil schimb\u0103rilor \u0219i mai responsabil fa\u021b\u0103 de mediu<\/mark><\/strong>. Prin integrarea \u021airiac Operating Lease, consider\u0103m c\u0103 avem o nou\u0103 oportunitate de a ne spori impactul pozitiv pe care \u00eel avem \u00een mediu, \u00een comunitate \u0219i \u00een via\u021ba colegilor no\u0219tri.\u201d<\/p>\n<cite>Marius \u0218tefan, co-fondator Autonom<\/cite><\/blockquote>\n\n\n\n<blockquote class=\"wp-block-quote is-layout-flow wp-block-quote-is-layout-flow\">\n<p>\u201cTranzac\u021biile \u00een care s-a implicat recent Grupul \u021airiac s-au bazat pe analiza \u00een profunzime a gradului de maturitate atins de companiile noastre de leasing. \u00cen paralel cu aceste tranzac\u021bii, Grupul \u021airiac \u00ee\u0219i continu\u0103 politica de investi\u021bii \u00een noi domenii de activitate cu poten\u021bial de cre\u0219tere pe termen mediu \u0219i lung, dar \u0219i \u00een industriile \u00een care activeaz\u0103 curent prin companiile sale.\u201d<\/p>\n<cite>Petru V\u0103duva, CEO al Grupului \u021airiac<\/cite><\/blockquote>\n\n\n\n<p>Autonom a mai achizi\u021bionat, \u00een iulie 2018, divizia de leasing opera\u021bional din cadrul B\u0103ncii Transilvania, pun\u00e2nd totodat\u0103 bazele unui parteneriat de distribu\u021bie prin care clien\u021bii b\u0103ncii pot avea acces la serviciile de mobilitate furnizate de companiile din Grupul Autonom.<\/p>\n\n\n\n<p>Tranzac\u021bia va fi finalizat\u0103 \u00een prima parte a acestui an, dup\u0103 primirea aprob\u0103rii Consiliului Concuren\u021bei. Consultan\u021bii implica\u021bi au fost <mark style=\"background-color:rgba(0, 0, 0, 0)\" class=\"has-inline-color has-blue-color\"><strong>RTPR<\/strong> <\/mark>\u0219i <strong><mark style=\"background-color:rgba(0, 0, 0, 0)\" class=\"has-inline-color has-blue-color\">Taxhouse<\/mark><\/strong> pentru Autonom, respectiv <strong><mark style=\"background-color:rgba(0, 0, 0, 0)\" class=\"has-inline-color has-blue-color\">Filip &amp; Company<\/mark><\/strong> pentru Grupul \u021airiac.<\/p>\n\n\n\n<h2 class=\"wp-block-heading\"><strong><mark style=\"background-color:rgba(0, 0, 0, 0)\" class=\"has-inline-color has-blue-color\">Descrierea companiilor<\/mark><\/strong><\/h2>\n\n\n\n<h3 class=\"wp-block-heading\"><strong><mark style=\"background-color:rgba(0, 0, 0, 0)\" class=\"has-inline-color has-blue-light-color\">Despre Autonom<\/mark><\/strong><\/h3>\n\n\n\n<p>Autonom este o companie cu capital 100% rom\u00e2nesc, pornit\u0103 \u00een 2006, \u00een Piatra Neam\u021b \u0219i este una din cele mai mari firme, dup\u0103 cifra de afaceri, \u00een sectoarele sale principale de activitate: leasing opera\u021bional \u0219i \u00eenchirieri auto;<\/p>\n\n\n\n<p>Compania ofer\u0103 solu\u021bii moderne de mobilitate \u0219i finan\u021bare precum: \u00eenchirieri pe termen scurt \u0219i mediu, leasing opera\u021bional, transferuri cu \u0219ofer, \u00eenchirierea temporar\u0103 de flote, servicii de fleet management, corporate car sharing, asisten\u021b\u0103 rutier\u0103, abonamente de sp\u0103l\u0103torie auto \u0219i \u00eenchiriere de echipamente. Acestea sunt furnizate printr-o re\u021bea na\u021bional\u0103 unic\u0103, prezent\u0103 \u00een 33 de ora\u0219e din Rom\u00e2nia. Autonom este prezent \u0219i \u00een Ungaria \u0219i Serbia.&nbsp;<\/p>\n\n\n\n<h2 class=\"wp-block-heading\"><strong><mark style=\"background-color:rgba(0, 0, 0, 0)\" class=\"has-inline-color has-blue-light-color\">Despre \u021airiac Operating Lease<\/mark><\/strong><\/h2>\n\n\n\n<p>\u021airiac Operating Lease, furnizor de servicii de leasing opera\u021bional cu 19 ani de experien\u021b\u0103 pe pia\u021ba din Rom\u00e2nia, este o companie 100% antreprenorial\u0103, caracterizat\u0103 prin flexibilitate \u0219i vitez\u0103 de reac\u021bie. Compania ofer\u0103 servicii de mobilitate pentru clien\u021bi corporate, IMM-uri, profesii liberale \u0219i persoane fizice autorizate, asigur\u00e2nd consiliere \u00een alegerea vehiculelor potrivite celor mai diverse \u0219i exigente solicit\u0103ri \u0219i gestion\u00e2nd toate serviciile necesare unei exploat\u0103ri f\u0103r\u0103 griji a vehiculelor contractate.<br>\u00cenfiin\u021bat\u0103 \u00een anul 2003 sub numele Premium Leasing, compania a trecut printr-un proces de rebranding \u00een anul 2017, prelu\u00e2nd indicatorul \u021airiac \u00een scopul eviden\u021bierii apartenen\u021bei la Grupul local.<\/p>\n","protected":false},"excerpt":{"rendered":"<p>Autonom \u0219i Grupul \u021airiac au semnat un acord pentru achizi\u021bia \u021airiac Operating Lease (Premium Leasing SRL) &#8211; un business cu venituri anuale de peste 80 de milioane de lei \u0219i active \u00een valoare de peste 200 milioane de lei. Astfel, dou\u0103 dintre cele mai importante companii cu capital integral rom\u00e2nesc din pia\u021ba serviciilor de leasing [&hellip;]<\/p>\n","protected":false},"author":1,"featured_media":0,"comment_status":"closed","ping_status":"closed","sticky":false,"template":"","format":"standard","meta":{"footnotes":""},"categories":[53],"tags":[],"class_list":["post-146","post","type-post","status-publish","format-standard","hentry","category-comunicate"],"yoast_head":"<!-- This site is optimized with the Yoast SEO plugin v20.7 - https:\/\/yoast.com\/wordpress\/plugins\/seo\/ -->\n<title>Autonom va achizi\u021biona \u021airiac Operating Lease, divizia de leasing opera\u021bional a Grupului \u021airiac - Autonom Investitori<\/title>\n<meta name=\"robots\" content=\"index, follow, max-snippet:-1, max-image-preview:large, max-video-preview:-1\" \/>\n<link rel=\"canonical\" href=\"https:\/\/www.autonom.ro\/investitori\/autonom-va-achizitiona-tiriac-operating-lease\/\" \/>\n<meta property=\"og:locale\" content=\"ro_RO\" \/>\n<meta property=\"og:type\" content=\"article\" \/>\n<meta property=\"og:title\" content=\"Autonom va achizi\u021biona \u021airiac Operating Lease, divizia de leasing opera\u021bional a Grupului \u021airiac - Autonom Investitori\" \/>\n<meta property=\"og:description\" content=\"Autonom \u0219i Grupul \u021airiac au semnat un acord pentru achizi\u021bia \u021airiac Operating Lease (Premium Leasing SRL) &#8211; un business cu venituri anuale de peste 80 de milioane de lei \u0219i active \u00een valoare de peste 200 milioane de lei. Astfel, dou\u0103 dintre cele mai importante companii cu capital integral rom\u00e2nesc din pia\u021ba serviciilor de leasing [&hellip;]\" \/>\n<meta property=\"og:url\" content=\"https:\/\/www.autonom.ro\/investitori\/autonom-va-achizitiona-tiriac-operating-lease\/\" \/>\n<meta property=\"og:site_name\" content=\"Autonom Investitori\" \/>\n<meta property=\"article:publisher\" content=\"https:\/\/www.facebook.com\/AutonomRomania\/\" \/>\n<meta property=\"article:published_time\" content=\"2022-01-25T16:13:00+00:00\" \/>\n<meta property=\"article:modified_time\" content=\"2023-01-30T18:05:56+00:00\" \/>\n<meta name=\"author\" content=\"admin\" \/>\n<meta name=\"twitter:card\" content=\"summary_large_image\" \/>\n<meta name=\"twitter:label1\" content=\"Scris de\" \/>\n\t<meta name=\"twitter:data1\" content=\"admin\" \/>\n\t<meta name=\"twitter:label2\" content=\"Timp estimat pentru citire\" \/>\n\t<meta name=\"twitter:data2\" content=\"4 minute\" \/>\n<script type=\"application\/ld+json\" class=\"yoast-schema-graph\">{\"@context\":\"https:\/\/schema.org\",\"@graph\":[{\"@type\":\"Article\",\"@id\":\"https:\/\/www.autonom.ro\/investitori\/autonom-va-achizitiona-tiriac-operating-lease\/#article\",\"isPartOf\":{\"@id\":\"https:\/\/www.autonom.ro\/investitori\/autonom-va-achizitiona-tiriac-operating-lease\/\"},\"author\":{\"name\":\"admin\",\"@id\":\"https:\/\/www.autonom.ro\/investitori\/#\/schema\/person\/0c6b96be97aa9e5ee07cd7b06a3a57ae\"},\"headline\":\"Autonom va achizi\u021biona \u021airiac Operating Lease, divizia de leasing opera\u021bional a Grupului \u021airiac\",\"datePublished\":\"2022-01-25T16:13:00+00:00\",\"dateModified\":\"2023-01-30T18:05:56+00:00\",\"mainEntityOfPage\":{\"@id\":\"https:\/\/www.autonom.ro\/investitori\/autonom-va-achizitiona-tiriac-operating-lease\/\"},\"wordCount\":748,\"publisher\":{\"@id\":\"https:\/\/www.autonom.ro\/investitori\/#organization\"},\"articleSection\":[\"Comunicate\"],\"inLanguage\":\"ro-RO\"},{\"@type\":\"WebPage\",\"@id\":\"https:\/\/www.autonom.ro\/investitori\/autonom-va-achizitiona-tiriac-operating-lease\/\",\"url\":\"https:\/\/www.autonom.ro\/investitori\/autonom-va-achizitiona-tiriac-operating-lease\/\",\"name\":\"Autonom va achizi\u021biona \u021airiac Operating Lease, divizia de leasing opera\u021bional a Grupului \u021airiac - Autonom Investitori\",\"isPartOf\":{\"@id\":\"https:\/\/www.autonom.ro\/investitori\/#website\"},\"datePublished\":\"2022-01-25T16:13:00+00:00\",\"dateModified\":\"2023-01-30T18:05:56+00:00\",\"breadcrumb\":{\"@id\":\"https:\/\/www.autonom.ro\/investitori\/autonom-va-achizitiona-tiriac-operating-lease\/#breadcrumb\"},\"inLanguage\":\"ro-RO\",\"potentialAction\":[{\"@type\":\"ReadAction\",\"target\":[\"https:\/\/www.autonom.ro\/investitori\/autonom-va-achizitiona-tiriac-operating-lease\/\"]}]},{\"@type\":\"BreadcrumbList\",\"@id\":\"https:\/\/www.autonom.ro\/investitori\/autonom-va-achizitiona-tiriac-operating-lease\/#breadcrumb\",\"itemListElement\":[{\"@type\":\"ListItem\",\"position\":1,\"name\":\"Home\",\"item\":\"https:\/\/www.autonom.ro\/investitori\/\"},{\"@type\":\"ListItem\",\"position\":2,\"name\":\"Autonom va achizi\u021biona \u021airiac Operating Lease, divizia de leasing opera\u021bional a Grupului \u021airiac\"}]},{\"@type\":\"WebSite\",\"@id\":\"https:\/\/www.autonom.ro\/investitori\/#website\",\"url\":\"https:\/\/www.autonom.ro\/investitori\/\",\"name\":\"Autonom Investitori\",\"description\":\"Autonom Investitori\",\"publisher\":{\"@id\":\"https:\/\/www.autonom.ro\/investitori\/#organization\"},\"potentialAction\":[{\"@type\":\"SearchAction\",\"target\":{\"@type\":\"EntryPoint\",\"urlTemplate\":\"https:\/\/www.autonom.ro\/investitori\/?s={search_term_string}\"},\"query-input\":\"required name=search_term_string\"}],\"inLanguage\":\"ro-RO\"},{\"@type\":\"Organization\",\"@id\":\"https:\/\/www.autonom.ro\/investitori\/#organization\",\"name\":\"Autonom\",\"url\":\"https:\/\/www.autonom.ro\/investitori\/\",\"logo\":{\"@type\":\"ImageObject\",\"inLanguage\":\"ro-RO\",\"@id\":\"https:\/\/www.autonom.ro\/investitori\/#\/schema\/logo\/image\/\",\"url\":\"https:\/\/www.autonom.ro\/investitori\/wp-content\/uploads\/2022\/10\/icon-autonom.png\",\"contentUrl\":\"https:\/\/www.autonom.ro\/investitori\/wp-content\/uploads\/2022\/10\/icon-autonom.png\",\"width\":160,\"height\":160,\"caption\":\"Autonom\"},\"image\":{\"@id\":\"https:\/\/www.autonom.ro\/investitori\/#\/schema\/logo\/image\/\"},\"sameAs\":[\"https:\/\/www.facebook.com\/AutonomRomania\/\",\"http:\/\/www.instagram.com\/autonom.romania\/\",\"https:\/\/www.linkedin.com\/company\/autonom-rent-a-car\"]},{\"@type\":\"Person\",\"@id\":\"https:\/\/www.autonom.ro\/investitori\/#\/schema\/person\/0c6b96be97aa9e5ee07cd7b06a3a57ae\",\"name\":\"admin\",\"image\":{\"@type\":\"ImageObject\",\"inLanguage\":\"ro-RO\",\"@id\":\"https:\/\/www.autonom.ro\/investitori\/#\/schema\/person\/image\/\",\"url\":\"https:\/\/secure.gravatar.com\/avatar\/cbd99a90bb1b5dd3d7efe79c0c2c6739b0267c7f02034bf98d4e093dc757a9cb?s=96&d=mm&r=g\",\"contentUrl\":\"https:\/\/secure.gravatar.com\/avatar\/cbd99a90bb1b5dd3d7efe79c0c2c6739b0267c7f02034bf98d4e093dc757a9cb?s=96&d=mm&r=g\",\"caption\":\"admin\"},\"sameAs\":[\"https:\/\/www.autonom.ro\/investitori\"]}]}<\/script>\n<!-- \/ Yoast SEO plugin. -->","yoast_head_json":{"title":"Autonom va achizi\u021biona \u021airiac Operating Lease, divizia de leasing opera\u021bional a Grupului \u021airiac - Autonom Investitori","robots":{"index":"index","follow":"follow","max-snippet":"max-snippet:-1","max-image-preview":"max-image-preview:large","max-video-preview":"max-video-preview:-1"},"canonical":"https:\/\/www.autonom.ro\/investitori\/autonom-va-achizitiona-tiriac-operating-lease\/","og_locale":"ro_RO","og_type":"article","og_title":"Autonom va achizi\u021biona \u021airiac Operating Lease, divizia de leasing opera\u021bional a Grupului \u021airiac - Autonom Investitori","og_description":"Autonom \u0219i Grupul \u021airiac au semnat un acord pentru achizi\u021bia \u021airiac Operating Lease (Premium Leasing SRL) &#8211; un business cu venituri anuale de peste 80 de milioane de lei \u0219i active \u00een valoare de peste 200 milioane de lei. Astfel, dou\u0103 dintre cele mai importante companii cu capital integral rom\u00e2nesc din pia\u021ba serviciilor de leasing [&hellip;]","og_url":"https:\/\/www.autonom.ro\/investitori\/autonom-va-achizitiona-tiriac-operating-lease\/","og_site_name":"Autonom Investitori","article_publisher":"https:\/\/www.facebook.com\/AutonomRomania\/","article_published_time":"2022-01-25T16:13:00+00:00","article_modified_time":"2023-01-30T18:05:56+00:00","author":"admin","twitter_card":"summary_large_image","twitter_misc":{"Scris de":"admin","Timp estimat pentru citire":"4 minute"},"schema":{"@context":"https:\/\/schema.org","@graph":[{"@type":"Article","@id":"https:\/\/www.autonom.ro\/investitori\/autonom-va-achizitiona-tiriac-operating-lease\/#article","isPartOf":{"@id":"https:\/\/www.autonom.ro\/investitori\/autonom-va-achizitiona-tiriac-operating-lease\/"},"author":{"name":"admin","@id":"https:\/\/www.autonom.ro\/investitori\/#\/schema\/person\/0c6b96be97aa9e5ee07cd7b06a3a57ae"},"headline":"Autonom va achizi\u021biona \u021airiac Operating Lease, divizia de leasing opera\u021bional a Grupului \u021airiac","datePublished":"2022-01-25T16:13:00+00:00","dateModified":"2023-01-30T18:05:56+00:00","mainEntityOfPage":{"@id":"https:\/\/www.autonom.ro\/investitori\/autonom-va-achizitiona-tiriac-operating-lease\/"},"wordCount":748,"publisher":{"@id":"https:\/\/www.autonom.ro\/investitori\/#organization"},"articleSection":["Comunicate"],"inLanguage":"ro-RO"},{"@type":"WebPage","@id":"https:\/\/www.autonom.ro\/investitori\/autonom-va-achizitiona-tiriac-operating-lease\/","url":"https:\/\/www.autonom.ro\/investitori\/autonom-va-achizitiona-tiriac-operating-lease\/","name":"Autonom va achizi\u021biona \u021airiac Operating Lease, divizia de leasing opera\u021bional a Grupului \u021airiac - Autonom Investitori","isPartOf":{"@id":"https:\/\/www.autonom.ro\/investitori\/#website"},"datePublished":"2022-01-25T16:13:00+00:00","dateModified":"2023-01-30T18:05:56+00:00","breadcrumb":{"@id":"https:\/\/www.autonom.ro\/investitori\/autonom-va-achizitiona-tiriac-operating-lease\/#breadcrumb"},"inLanguage":"ro-RO","potentialAction":[{"@type":"ReadAction","target":["https:\/\/www.autonom.ro\/investitori\/autonom-va-achizitiona-tiriac-operating-lease\/"]}]},{"@type":"BreadcrumbList","@id":"https:\/\/www.autonom.ro\/investitori\/autonom-va-achizitiona-tiriac-operating-lease\/#breadcrumb","itemListElement":[{"@type":"ListItem","position":1,"name":"Home","item":"https:\/\/www.autonom.ro\/investitori\/"},{"@type":"ListItem","position":2,"name":"Autonom va achizi\u021biona \u021airiac Operating Lease, divizia de leasing opera\u021bional a Grupului \u021airiac"}]},{"@type":"WebSite","@id":"https:\/\/www.autonom.ro\/investitori\/#website","url":"https:\/\/www.autonom.ro\/investitori\/","name":"Autonom Investitori","description":"Autonom Investitori","publisher":{"@id":"https:\/\/www.autonom.ro\/investitori\/#organization"},"potentialAction":[{"@type":"SearchAction","target":{"@type":"EntryPoint","urlTemplate":"https:\/\/www.autonom.ro\/investitori\/?s={search_term_string}"},"query-input":"required name=search_term_string"}],"inLanguage":"ro-RO"},{"@type":"Organization","@id":"https:\/\/www.autonom.ro\/investitori\/#organization","name":"Autonom","url":"https:\/\/www.autonom.ro\/investitori\/","logo":{"@type":"ImageObject","inLanguage":"ro-RO","@id":"https:\/\/www.autonom.ro\/investitori\/#\/schema\/logo\/image\/","url":"https:\/\/www.autonom.ro\/investitori\/wp-content\/uploads\/2022\/10\/icon-autonom.png","contentUrl":"https:\/\/www.autonom.ro\/investitori\/wp-content\/uploads\/2022\/10\/icon-autonom.png","width":160,"height":160,"caption":"Autonom"},"image":{"@id":"https:\/\/www.autonom.ro\/investitori\/#\/schema\/logo\/image\/"},"sameAs":["https:\/\/www.facebook.com\/AutonomRomania\/","http:\/\/www.instagram.com\/autonom.romania\/","https:\/\/www.linkedin.com\/company\/autonom-rent-a-car"]},{"@type":"Person","@id":"https:\/\/www.autonom.ro\/investitori\/#\/schema\/person\/0c6b96be97aa9e5ee07cd7b06a3a57ae","name":"admin","image":{"@type":"ImageObject","inLanguage":"ro-RO","@id":"https:\/\/www.autonom.ro\/investitori\/#\/schema\/person\/image\/","url":"https:\/\/secure.gravatar.com\/avatar\/cbd99a90bb1b5dd3d7efe79c0c2c6739b0267c7f02034bf98d4e093dc757a9cb?s=96&d=mm&r=g","contentUrl":"https:\/\/secure.gravatar.com\/avatar\/cbd99a90bb1b5dd3d7efe79c0c2c6739b0267c7f02034bf98d4e093dc757a9cb?s=96&d=mm&r=g","caption":"admin"},"sameAs":["https:\/\/www.autonom.ro\/investitori"]}]}},"_links":{"self":[{"href":"https:\/\/www.autonom.ro\/investitori\/wp-json\/wp\/v2\/posts\/146","targetHints":{"allow":["GET"]}}],"collection":[{"href":"https:\/\/www.autonom.ro\/investitori\/wp-json\/wp\/v2\/posts"}],"about":[{"href":"https:\/\/www.autonom.ro\/investitori\/wp-json\/wp\/v2\/types\/post"}],"author":[{"embeddable":true,"href":"https:\/\/www.autonom.ro\/investitori\/wp-json\/wp\/v2\/users\/1"}],"replies":[{"embeddable":true,"href":"https:\/\/www.autonom.ro\/investitori\/wp-json\/wp\/v2\/comments?post=146"}],"version-history":[{"count":23,"href":"https:\/\/www.autonom.ro\/investitori\/wp-json\/wp\/v2\/posts\/146\/revisions"}],"predecessor-version":[{"id":530,"href":"https:\/\/www.autonom.ro\/investitori\/wp-json\/wp\/v2\/posts\/146\/revisions\/530"}],"wp:attachment":[{"href":"https:\/\/www.autonom.ro\/investitori\/wp-json\/wp\/v2\/media?parent=146"}],"wp:term":[{"taxonomy":"category","embeddable":true,"href":"https:\/\/www.autonom.ro\/investitori\/wp-json\/wp\/v2\/categories?post=146"},{"taxonomy":"post_tag","embeddable":true,"href":"https:\/\/www.autonom.ro\/investitori\/wp-json\/wp\/v2\/tags?post=146"}],"curies":[{"name":"wp","href":"https:\/\/api.w.org\/{rel}","templated":true}]}}