{"id":546,"date":"2022-08-09T18:16:00","date_gmt":"2022-08-09T18:16:00","guid":{"rendered":"https:\/\/emilgiurca.dev.ascensys.ro\/autonom-investors\/?p=546"},"modified":"2023-01-30T18:19:25","modified_gmt":"2023-01-30T18:19:25","slug":"autonom-un-global-compact","status":"publish","type":"post","link":"https:\/\/www.autonom.ro\/investitori\/autonom-un-global-compact\/","title":{"rendered":"Autonom, primul furnizor integrat de servicii de mobilitate rom\u00e2n care se al\u0103tur\u0103, la nivel interna\u021bional, la UN Global Compact"},"content":{"rendered":"\n<p>Autonom se al\u0103tur\u0103 ini\u021biativei UN Global Compact, cea mai ampl\u0103 ini\u021biativ\u0103 global\u0103 pentru sustenabilitate, strategia de sustenabilitate a companiei sus\u021bin\u00e2nd Obiectivele de Dezvoltare Durabil\u0103 (SDGs) ale Na\u021biunilor Unite.<\/p>\n\n\n\n<p>Pozi\u021bia onorant\u0103 \u00een care ne afl\u0103m ast\u0103zi va permite politicii grupului nostru s\u0103 devin\u0103 relevant\u0103 \u0219i la nivel mondial. Strategia noastr\u0103 de sustenabilitate, parte a planului de dezvoltare a afacerii, demonstreaz\u0103 angajamentul organiza\u021biei noastre c\u0103tre o dezvoltare durabil\u0103. Acceptarea noastr\u0103 \u00een master planul UN Global Compact este o recunoa\u0219tere a resposabilit\u0103\u021bii asumate de Autonom fa\u021b\u0103 de societate \u0219i de mediul \u00eenconjur\u0103tor, ac\u021biuni care au fost, de la \u00eenfiin\u021barea companiei, priorit\u0103\u021bi pentru care am avut o preocupare constant\u0103.<\/p>\n\n\n\n<p>UN Global Compact a fost fondat\u0103 \u00een anul 2000 \u0219i este considerat\u0103 cea mai ampl\u0103 \u0219i mai important\u0103 ini\u021biativ\u0103 \u00een domeniul sustenabilit\u0103\u021bii din lume. Peste 16.000 de companii din peste 161 de \u021b\u0103ri s-au angajat s\u0103 \u00eentreprind\u0103 ac\u021biuni de business responsabile \u0219i sustenabile. Misiunea declarat\u0103 a organiza\u021biei: un apel c\u0103tre societatea civil\u0103 \u0219i de afaceri s\u0103-\u0219i armonizeze viziunile \u0219i strategiile opera\u021bionale \u00een prezervarea drepturilor fundamentale ale omului, aplicarea condi\u021biilor de munc\u0103 echitabile \u0219i corecte cu respectarea s\u0103n\u0103t\u0103\u021bii, securit\u0103\u021bii \u0219i demnit\u0103\u021bii sale, rezultatul demersurilor comune fiind crearea unei lumi mai bune.<\/p>\n\n\n\n<p>Compania Autonom \u0219i-a luat angajamentul la nivel de grup, de a \u00eendeplini obiectivele United National Global Compact 9UNGC) \u0219i a semnat \u0219i un acord \u00een acest sens. Astfel, compania a aderat, la cele 10 principii de sustenabilitate ale Na\u021biunilor Unite \u00een domeniile drepturilor omului, standardelor sociale, mediului \u0219i c ombaterii corup\u021biei, pun\u00e2nd \u00een mod transparent la dispozi\u021bia clien\u021bilor \u00eentreaga experien\u021b\u0103 a re\u021belei na\u021bionale de mobilitate. Analizele exigente oferite de partenerii no\u0219tri standardul dup\u0103 care ne ghid\u0103m ac\u021biunile curente oblig\u00e2ndu-ne astfel s\u0103 evolu\u0103m zilnic, oameni \u0219i servicii, \u0219i s\u0103 devenim cea mai bun\u0103 versiune a noastr\u0103. Competen\u021bele noastre sunt utilizate, \u00eentr-un ciclu permanent de dezvoltare \u0219i obliga\u021bii reciproc respectate, pentru implementarea viziunii UN Global Compact.<\/p>\n\n\n\n<blockquote class=\"wp-block-quote is-layout-flow wp-block-quote-is-layout-flow\">\n<p>\u201dNe al\u0103tur\u0103m cu inima \u0219i mintea deschise, cu experien\u021ba \u0219i resursele noastre umane \u0219i materiale acestui efort colosal la nivel global pentru c\u0103 ne dorim s\u0103 contribuim la cea mai ampl\u0103 initia\u021biv\u0103 interna\u021bional\u0103 \u00een domeniul sustenabilit\u0103\u021bii. Este necesar s\u0103 adres\u0103m la r\u00e2ndul nostru principalele provoc\u0103ri cu care se confrunt\u0103 societatea \u0219i s\u0103 intensific\u0103m impactul \u00een zona noastr\u0103 de business pentru c\u0103 ne dorim s\u0103 fim un model de \u201cbest practice\u201d la toate nivelurile de reprezentare \u0219i s\u0103 promov\u0103m principii sustenabile de dezvoltare a afacerii. Preocup\u0103rile tot mai accentuate la nivel global legate ne oblig\u0103 la ac\u021biune, ne oblig\u0103 s\u0103 ne \u00eendeplinim obiectivele amibi\u021bioase deja stabilite pentru acest domeniu. \u00cen\u021belegem impactul pe care compania noastr\u0103 o are asupra mediului \u0219i comunit\u0103\u021bii \u00een general. Este responsabilitatea noastr\u0103, individ sau companie, s\u0103 contribuim la crearea \u0219i prezervarea unei lumi mai sigure \u0219i a unei planete curate. Realizarea angajamentelor asumate este o promisiune f\u0103cut\u0103 nou\u0103 \u00een\u0219ine \u0219i asum\u00e2ndu-ne \u00een mod proactiv principii s\u0103n\u0103toase de sustenabilitate, Autonom devine un sus\u021bin\u0103tor al binelui comun.\u201d<\/p>\n<cite>Magdalena Caramilea, director de sustenabilitate Autonom.<\/cite><\/blockquote>\n\n\n\n<p>Activ\u00e2nd \u00eentr-un sector sensibil, precum cel al mobilit\u0103\u021bii, suntem con\u0219tien\u021bi de impactul generat prin serviciile oferite \u0219i ca urmare, vedem esen\u021bial\u0103 dezvoltarea sustenabil\u0103 a afacerii, f\u0103r\u0103 a afecta mediul \u00eenconjur\u0103tor, cre\u00e2nd un impact pozitiv \u00een comunitate. Astfel, pe termen lung, compania \u0219i-a luat angajamentul de a-\u0219i m\u0103sura contribu\u021bia la atingerea Obiectivelor de Dezvoltare Durabil\u0103 \u0219i a construit o Strategie de sustenabilitate \u00een jurul a 3 piloni: \u201emediul \u00eenconjur\u0103tor\u201d, \u201eoamenii \u0219i comunitatea\u201d \u0219i \u201eafacere \u0219i guvernan\u021b\u0103 sustenabile\u201d, cu obiective foarte clare \u0219i orizont de implementare pentru 2030.<br>De\u0219i rezultatele ini\u021biale au ar\u0103tat c\u0103 99% din emisiile totale ale companiei sunt indirecte, generate de flota opera\u021bional\u0103 prin kilometrii parcur\u0219i de clien\u021bii no\u0219tri, am decis s\u0103 ac\u021bion\u0103m \u00eentr-un mod preventiv \u0219i s\u0103 ne asum\u0103m \u00eencurajarea unui consum responsabil, cre\u0219terea ponderii de ma\u0219ini Green \u00een flota opera\u021bional\u0103 \u0219i promovarea unor autovehicule c\u00e2t mai prietenoase cu mediul. Astfel, ne-am setat ca obiective pe termen mediu &#8211; reducerea emisiilor medii de CO2 ale flotei opera\u021bionale a companiei cu 25% p\u00e2n\u0103 \u00een 2025 \u0219i pe termen lung &#8211; reducerea cu 51% p\u00e2n\u0103 \u00een 2030.<\/p>\n\n\n\n<p>\u00cen continuare, aten\u021bia noastr\u0103 se va \u00eendrepta c\u0103tre dezvoltarea oamenilor din echipa noastr\u0103 \u0219i c\u0103tre alocarea de timp \u0219i resurse pentru a sus\u021bine nevoile comunit\u0103\u021bilor \u00een care suntem prezen\u021bi, urm\u0103rind direc\u021bionarea a minimum 2% din profitul net \u0219i vom dezvolta proiecte educa\u021bionale cu impact ridicat.<br>De asemenea, vom oferi clien\u021bilor no\u0219tri solu\u021bii de mobilitate aflate \u00een armonie cu mediul \u00eenconjur\u0103tor, vom pune accentul pe crearea de parteneriate durabile, transparen\u021b\u0103 \u00een raportare \u0219i comunicare, vom urm\u0103ri s\u0103 men\u021binem un standard ridicat \u00een ce prive\u0219te satisfac\u021bia clien\u021bilor \u0219i calitatea serviciilor oferite, monitorizat printr-un scor NPS cu obiectiv &gt;80 \u0219i vom cre\u0219te anual ponderea digitaliz\u0103rii \u00een procesele interne.<\/p>\n\n\n\n<p>Rezultatele primului nostru Raport de sustenabilitate, publicat \u00een luna aprilie a acestui an, ne-a ar\u0103tat c\u0103 am reu\u0219it s\u0103 ne apropiem de \u021bintele propuse \u00een aspectele legate de mediu \u0219i \u00een societate. Acesta poate fi citit integral aici.<\/p>\n\n\n\n<p>\u00centreaga noastr\u0103 organiza\u021bie, aflat\u0103 \u00eentr-o continu\u0103 dezvoltare a angaja\u021bilor \u0219i a politicilor de afaceri, investind constant \u00een acest domeniu, ofer\u0103 suportul necondi\u021bionat pentru principiile UN Global Compact \u0219i \u00eent\u0103re\u0219te \u00eenc\u0103 o data angajamentul Autonom fa\u021b\u0103 de sustenabilitate.<\/p>\n\n\n\n<h2 class=\"wp-block-heading\"><mark style=\"background-color:rgba(0, 0, 0, 0)\" class=\"has-inline-color has-blue-light-color\">Despre Autonom<\/mark><\/h2>\n\n\n\n<p>Autonom este o companie cu capital 100% rom\u00e2nesc, pornit\u0103 \u00een 2006, \u00een Piatra Neam\u021b \u0219i este un juc\u0103tor \u00een top 5, dup\u0103 cifra de afaceri, \u00een sectoarele principale de activitate: leasing opera\u021bional \u0219i \u00eenchirieri auto.<br>Compania ofer\u0103 solu\u021bii moderne de mobilitate \u0219i finan\u021bare precum: \u00eenchirieri pe termen scurt \u0219i mediu, leasing opera\u021bional, transferuri cu \u0219ofer, \u00eenchirierea temporar\u0103 de flote, servicii de fleet management, asisten\u021b\u0103 rutier\u0103, servicii de sp\u0103l\u0103torie auto \u0219i \u00eenchiriere de echipamente. Acestea sunt furnizate printr-o re\u021bea na\u021bional\u0103 unic\u0103, prezent\u0103 \u00een 36 de ora\u0219e din Rom\u00e2nia, iar companiaopereaz\u0103 o flot\u0103 de peste 12.000 de ma\u0219ini.<\/p>\n","protected":false},"excerpt":{"rendered":"<p>Autonom se al\u0103tur\u0103 ini\u021biativei UN Global Compact, cea mai ampl\u0103 ini\u021biativ\u0103 global\u0103 pentru sustenabilitate, strategia de sustenabilitate a companiei sus\u021bin\u00e2nd Obiectivele de Dezvoltare Durabil\u0103 (SDGs) ale Na\u021biunilor Unite. Pozi\u021bia onorant\u0103 \u00een care ne afl\u0103m ast\u0103zi va permite politicii grupului nostru s\u0103 devin\u0103 relevant\u0103 \u0219i la nivel mondial. Strategia noastr\u0103 de sustenabilitate, parte a planului de [&hellip;]<\/p>\n","protected":false},"author":1,"featured_media":0,"comment_status":"closed","ping_status":"closed","sticky":false,"template":"","format":"standard","meta":{"footnotes":""},"categories":[53],"tags":[],"class_list":["post-546","post","type-post","status-publish","format-standard","hentry","category-comunicate"],"yoast_head":"<!-- This site is optimized with the Yoast SEO plugin v20.7 - https:\/\/yoast.com\/wordpress\/plugins\/seo\/ -->\n<title>Autonom, primul furnizor integrat de servicii de mobilitate rom\u00e2n care se al\u0103tur\u0103, la nivel interna\u021bional, la UN Global Compact - Autonom Investitori<\/title>\n<meta name=\"robots\" content=\"index, follow, max-snippet:-1, max-image-preview:large, max-video-preview:-1\" \/>\n<link rel=\"canonical\" href=\"https:\/\/www.autonom.ro\/investitori\/autonom-un-global-compact\/\" \/>\n<meta property=\"og:locale\" content=\"ro_RO\" \/>\n<meta property=\"og:type\" content=\"article\" \/>\n<meta property=\"og:title\" content=\"Autonom, primul furnizor integrat de servicii de mobilitate rom\u00e2n care se al\u0103tur\u0103, la nivel interna\u021bional, la UN Global Compact - Autonom Investitori\" \/>\n<meta property=\"og:description\" content=\"Autonom se al\u0103tur\u0103 ini\u021biativei UN Global Compact, cea mai ampl\u0103 ini\u021biativ\u0103 global\u0103 pentru sustenabilitate, strategia de sustenabilitate a companiei sus\u021bin\u00e2nd Obiectivele de Dezvoltare Durabil\u0103 (SDGs) ale Na\u021biunilor Unite. Pozi\u021bia onorant\u0103 \u00een care ne afl\u0103m ast\u0103zi va permite politicii grupului nostru s\u0103 devin\u0103 relevant\u0103 \u0219i la nivel mondial. Strategia noastr\u0103 de sustenabilitate, parte a planului de [&hellip;]\" \/>\n<meta property=\"og:url\" content=\"https:\/\/www.autonom.ro\/investitori\/autonom-un-global-compact\/\" \/>\n<meta property=\"og:site_name\" content=\"Autonom Investitori\" \/>\n<meta property=\"article:publisher\" content=\"https:\/\/www.facebook.com\/AutonomRomania\/\" \/>\n<meta property=\"article:published_time\" content=\"2022-08-09T18:16:00+00:00\" \/>\n<meta property=\"article:modified_time\" content=\"2023-01-30T18:19:25+00:00\" \/>\n<meta name=\"author\" content=\"admin\" \/>\n<meta name=\"twitter:card\" content=\"summary_large_image\" \/>\n<meta name=\"twitter:label1\" content=\"Scris de\" \/>\n\t<meta name=\"twitter:data1\" content=\"admin\" \/>\n\t<meta name=\"twitter:label2\" content=\"Timp estimat pentru citire\" \/>\n\t<meta name=\"twitter:data2\" content=\"5 minute\" \/>\n<script type=\"application\/ld+json\" class=\"yoast-schema-graph\">{\"@context\":\"https:\/\/schema.org\",\"@graph\":[{\"@type\":\"Article\",\"@id\":\"https:\/\/www.autonom.ro\/investitori\/autonom-un-global-compact\/#article\",\"isPartOf\":{\"@id\":\"https:\/\/www.autonom.ro\/investitori\/autonom-un-global-compact\/\"},\"author\":{\"name\":\"admin\",\"@id\":\"https:\/\/www.autonom.ro\/investitori\/#\/schema\/person\/0c6b96be97aa9e5ee07cd7b06a3a57ae\"},\"headline\":\"Autonom, primul furnizor integrat de servicii de mobilitate rom\u00e2n care se al\u0103tur\u0103, la nivel interna\u021bional, la UN Global Compact\",\"datePublished\":\"2022-08-09T18:16:00+00:00\",\"dateModified\":\"2023-01-30T18:19:25+00:00\",\"mainEntityOfPage\":{\"@id\":\"https:\/\/www.autonom.ro\/investitori\/autonom-un-global-compact\/\"},\"wordCount\":1080,\"publisher\":{\"@id\":\"https:\/\/www.autonom.ro\/investitori\/#organization\"},\"articleSection\":[\"Comunicate\"],\"inLanguage\":\"ro-RO\"},{\"@type\":\"WebPage\",\"@id\":\"https:\/\/www.autonom.ro\/investitori\/autonom-un-global-compact\/\",\"url\":\"https:\/\/www.autonom.ro\/investitori\/autonom-un-global-compact\/\",\"name\":\"Autonom, primul furnizor integrat de servicii de mobilitate rom\u00e2n care se al\u0103tur\u0103, la nivel interna\u021bional, la UN Global Compact - Autonom Investitori\",\"isPartOf\":{\"@id\":\"https:\/\/www.autonom.ro\/investitori\/#website\"},\"datePublished\":\"2022-08-09T18:16:00+00:00\",\"dateModified\":\"2023-01-30T18:19:25+00:00\",\"breadcrumb\":{\"@id\":\"https:\/\/www.autonom.ro\/investitori\/autonom-un-global-compact\/#breadcrumb\"},\"inLanguage\":\"ro-RO\",\"potentialAction\":[{\"@type\":\"ReadAction\",\"target\":[\"https:\/\/www.autonom.ro\/investitori\/autonom-un-global-compact\/\"]}]},{\"@type\":\"BreadcrumbList\",\"@id\":\"https:\/\/www.autonom.ro\/investitori\/autonom-un-global-compact\/#breadcrumb\",\"itemListElement\":[{\"@type\":\"ListItem\",\"position\":1,\"name\":\"Home\",\"item\":\"https:\/\/www.autonom.ro\/investitori\/\"},{\"@type\":\"ListItem\",\"position\":2,\"name\":\"Autonom, primul furnizor integrat de servicii de mobilitate rom\u00e2n care se al\u0103tur\u0103, la nivel interna\u021bional, la UN Global Compact\"}]},{\"@type\":\"WebSite\",\"@id\":\"https:\/\/www.autonom.ro\/investitori\/#website\",\"url\":\"https:\/\/www.autonom.ro\/investitori\/\",\"name\":\"Autonom Investitori\",\"description\":\"Autonom Investitori\",\"publisher\":{\"@id\":\"https:\/\/www.autonom.ro\/investitori\/#organization\"},\"potentialAction\":[{\"@type\":\"SearchAction\",\"target\":{\"@type\":\"EntryPoint\",\"urlTemplate\":\"https:\/\/www.autonom.ro\/investitori\/?s={search_term_string}\"},\"query-input\":\"required name=search_term_string\"}],\"inLanguage\":\"ro-RO\"},{\"@type\":\"Organization\",\"@id\":\"https:\/\/www.autonom.ro\/investitori\/#organization\",\"name\":\"Autonom\",\"url\":\"https:\/\/www.autonom.ro\/investitori\/\",\"logo\":{\"@type\":\"ImageObject\",\"inLanguage\":\"ro-RO\",\"@id\":\"https:\/\/www.autonom.ro\/investitori\/#\/schema\/logo\/image\/\",\"url\":\"https:\/\/www.autonom.ro\/investitori\/wp-content\/uploads\/2022\/10\/icon-autonom.png\",\"contentUrl\":\"https:\/\/www.autonom.ro\/investitori\/wp-content\/uploads\/2022\/10\/icon-autonom.png\",\"width\":160,\"height\":160,\"caption\":\"Autonom\"},\"image\":{\"@id\":\"https:\/\/www.autonom.ro\/investitori\/#\/schema\/logo\/image\/\"},\"sameAs\":[\"https:\/\/www.facebook.com\/AutonomRomania\/\",\"http:\/\/www.instagram.com\/autonom.romania\/\",\"https:\/\/www.linkedin.com\/company\/autonom-rent-a-car\"]},{\"@type\":\"Person\",\"@id\":\"https:\/\/www.autonom.ro\/investitori\/#\/schema\/person\/0c6b96be97aa9e5ee07cd7b06a3a57ae\",\"name\":\"admin\",\"image\":{\"@type\":\"ImageObject\",\"inLanguage\":\"ro-RO\",\"@id\":\"https:\/\/www.autonom.ro\/investitori\/#\/schema\/person\/image\/\",\"url\":\"https:\/\/secure.gravatar.com\/avatar\/cbd99a90bb1b5dd3d7efe79c0c2c6739b0267c7f02034bf98d4e093dc757a9cb?s=96&d=mm&r=g\",\"contentUrl\":\"https:\/\/secure.gravatar.com\/avatar\/cbd99a90bb1b5dd3d7efe79c0c2c6739b0267c7f02034bf98d4e093dc757a9cb?s=96&d=mm&r=g\",\"caption\":\"admin\"},\"sameAs\":[\"https:\/\/www.autonom.ro\/investitori\"]}]}<\/script>\n<!-- \/ Yoast SEO plugin. -->","yoast_head_json":{"title":"Autonom, primul furnizor integrat de servicii de mobilitate rom\u00e2n care se al\u0103tur\u0103, la nivel interna\u021bional, la UN Global Compact - Autonom Investitori","robots":{"index":"index","follow":"follow","max-snippet":"max-snippet:-1","max-image-preview":"max-image-preview:large","max-video-preview":"max-video-preview:-1"},"canonical":"https:\/\/www.autonom.ro\/investitori\/autonom-un-global-compact\/","og_locale":"ro_RO","og_type":"article","og_title":"Autonom, primul furnizor integrat de servicii de mobilitate rom\u00e2n care se al\u0103tur\u0103, la nivel interna\u021bional, la UN Global Compact - Autonom Investitori","og_description":"Autonom se al\u0103tur\u0103 ini\u021biativei UN Global Compact, cea mai ampl\u0103 ini\u021biativ\u0103 global\u0103 pentru sustenabilitate, strategia de sustenabilitate a companiei sus\u021bin\u00e2nd Obiectivele de Dezvoltare Durabil\u0103 (SDGs) ale Na\u021biunilor Unite. Pozi\u021bia onorant\u0103 \u00een care ne afl\u0103m ast\u0103zi va permite politicii grupului nostru s\u0103 devin\u0103 relevant\u0103 \u0219i la nivel mondial. Strategia noastr\u0103 de sustenabilitate, parte a planului de [&hellip;]","og_url":"https:\/\/www.autonom.ro\/investitori\/autonom-un-global-compact\/","og_site_name":"Autonom Investitori","article_publisher":"https:\/\/www.facebook.com\/AutonomRomania\/","article_published_time":"2022-08-09T18:16:00+00:00","article_modified_time":"2023-01-30T18:19:25+00:00","author":"admin","twitter_card":"summary_large_image","twitter_misc":{"Scris de":"admin","Timp estimat pentru citire":"5 minute"},"schema":{"@context":"https:\/\/schema.org","@graph":[{"@type":"Article","@id":"https:\/\/www.autonom.ro\/investitori\/autonom-un-global-compact\/#article","isPartOf":{"@id":"https:\/\/www.autonom.ro\/investitori\/autonom-un-global-compact\/"},"author":{"name":"admin","@id":"https:\/\/www.autonom.ro\/investitori\/#\/schema\/person\/0c6b96be97aa9e5ee07cd7b06a3a57ae"},"headline":"Autonom, primul furnizor integrat de servicii de mobilitate rom\u00e2n care se al\u0103tur\u0103, la nivel interna\u021bional, la UN Global Compact","datePublished":"2022-08-09T18:16:00+00:00","dateModified":"2023-01-30T18:19:25+00:00","mainEntityOfPage":{"@id":"https:\/\/www.autonom.ro\/investitori\/autonom-un-global-compact\/"},"wordCount":1080,"publisher":{"@id":"https:\/\/www.autonom.ro\/investitori\/#organization"},"articleSection":["Comunicate"],"inLanguage":"ro-RO"},{"@type":"WebPage","@id":"https:\/\/www.autonom.ro\/investitori\/autonom-un-global-compact\/","url":"https:\/\/www.autonom.ro\/investitori\/autonom-un-global-compact\/","name":"Autonom, primul furnizor integrat de servicii de mobilitate rom\u00e2n care se al\u0103tur\u0103, la nivel interna\u021bional, la UN Global Compact - Autonom Investitori","isPartOf":{"@id":"https:\/\/www.autonom.ro\/investitori\/#website"},"datePublished":"2022-08-09T18:16:00+00:00","dateModified":"2023-01-30T18:19:25+00:00","breadcrumb":{"@id":"https:\/\/www.autonom.ro\/investitori\/autonom-un-global-compact\/#breadcrumb"},"inLanguage":"ro-RO","potentialAction":[{"@type":"ReadAction","target":["https:\/\/www.autonom.ro\/investitori\/autonom-un-global-compact\/"]}]},{"@type":"BreadcrumbList","@id":"https:\/\/www.autonom.ro\/investitori\/autonom-un-global-compact\/#breadcrumb","itemListElement":[{"@type":"ListItem","position":1,"name":"Home","item":"https:\/\/www.autonom.ro\/investitori\/"},{"@type":"ListItem","position":2,"name":"Autonom, primul furnizor integrat de servicii de mobilitate rom\u00e2n care se al\u0103tur\u0103, la nivel interna\u021bional, la UN Global Compact"}]},{"@type":"WebSite","@id":"https:\/\/www.autonom.ro\/investitori\/#website","url":"https:\/\/www.autonom.ro\/investitori\/","name":"Autonom Investitori","description":"Autonom Investitori","publisher":{"@id":"https:\/\/www.autonom.ro\/investitori\/#organization"},"potentialAction":[{"@type":"SearchAction","target":{"@type":"EntryPoint","urlTemplate":"https:\/\/www.autonom.ro\/investitori\/?s={search_term_string}"},"query-input":"required name=search_term_string"}],"inLanguage":"ro-RO"},{"@type":"Organization","@id":"https:\/\/www.autonom.ro\/investitori\/#organization","name":"Autonom","url":"https:\/\/www.autonom.ro\/investitori\/","logo":{"@type":"ImageObject","inLanguage":"ro-RO","@id":"https:\/\/www.autonom.ro\/investitori\/#\/schema\/logo\/image\/","url":"https:\/\/www.autonom.ro\/investitori\/wp-content\/uploads\/2022\/10\/icon-autonom.png","contentUrl":"https:\/\/www.autonom.ro\/investitori\/wp-content\/uploads\/2022\/10\/icon-autonom.png","width":160,"height":160,"caption":"Autonom"},"image":{"@id":"https:\/\/www.autonom.ro\/investitori\/#\/schema\/logo\/image\/"},"sameAs":["https:\/\/www.facebook.com\/AutonomRomania\/","http:\/\/www.instagram.com\/autonom.romania\/","https:\/\/www.linkedin.com\/company\/autonom-rent-a-car"]},{"@type":"Person","@id":"https:\/\/www.autonom.ro\/investitori\/#\/schema\/person\/0c6b96be97aa9e5ee07cd7b06a3a57ae","name":"admin","image":{"@type":"ImageObject","inLanguage":"ro-RO","@id":"https:\/\/www.autonom.ro\/investitori\/#\/schema\/person\/image\/","url":"https:\/\/secure.gravatar.com\/avatar\/cbd99a90bb1b5dd3d7efe79c0c2c6739b0267c7f02034bf98d4e093dc757a9cb?s=96&d=mm&r=g","contentUrl":"https:\/\/secure.gravatar.com\/avatar\/cbd99a90bb1b5dd3d7efe79c0c2c6739b0267c7f02034bf98d4e093dc757a9cb?s=96&d=mm&r=g","caption":"admin"},"sameAs":["https:\/\/www.autonom.ro\/investitori"]}]}},"_links":{"self":[{"href":"https:\/\/www.autonom.ro\/investitori\/wp-json\/wp\/v2\/posts\/546","targetHints":{"allow":["GET"]}}],"collection":[{"href":"https:\/\/www.autonom.ro\/investitori\/wp-json\/wp\/v2\/posts"}],"about":[{"href":"https:\/\/www.autonom.ro\/investitori\/wp-json\/wp\/v2\/types\/post"}],"author":[{"embeddable":true,"href":"https:\/\/www.autonom.ro\/investitori\/wp-json\/wp\/v2\/users\/1"}],"replies":[{"embeddable":true,"href":"https:\/\/www.autonom.ro\/investitori\/wp-json\/wp\/v2\/comments?post=546"}],"version-history":[{"count":2,"href":"https:\/\/www.autonom.ro\/investitori\/wp-json\/wp\/v2\/posts\/546\/revisions"}],"predecessor-version":[{"id":549,"href":"https:\/\/www.autonom.ro\/investitori\/wp-json\/wp\/v2\/posts\/546\/revisions\/549"}],"wp:attachment":[{"href":"https:\/\/www.autonom.ro\/investitori\/wp-json\/wp\/v2\/media?parent=546"}],"wp:term":[{"taxonomy":"category","embeddable":true,"href":"https:\/\/www.autonom.ro\/investitori\/wp-json\/wp\/v2\/categories?post=546"},{"taxonomy":"post_tag","embeddable":true,"href":"https:\/\/www.autonom.ro\/investitori\/wp-json\/wp\/v2\/tags?post=546"}],"curies":[{"name":"wp","href":"https:\/\/api.w.org\/{rel}","templated":true}]}}